{"id":25841,"date":"2014-07-31T23:57:22","date_gmt":"2014-08-01T02:57:22","guid":{"rendered":"http:\/\/www.adf.org.br\/home\/?p=25841"},"modified":"2014-07-31T23:57:22","modified_gmt":"2014-08-01T02:57:22","slug":"ameaca-a-cristandade-o-que-devemos-considerar-sobre-o-novo-lider-islamico","status":"publish","type":"post","link":"https:\/\/www.adf.org.br\/home\/ameaca-a-cristandade-o-que-devemos-considerar-sobre-o-novo-lider-islamico\/","title":{"rendered":"Amea\u00e7a \u00e0 Cristandade? O que devemos considerar sobre o novo l\u00edder isl\u00e2mico"},"content":{"rendered":"<p style=\"padding-left: 90px; text-align: center;\"><a href=\"http:\/\/www.adf.org.br\/home\/2014\/07\/ameaca-a-cristandade-o-que-devemos-considerar-sobre-o-novo-lider-islamico\/califado\/\" rel=\"attachment wp-att-25843\"><img loading=\"lazy\" class=\"aligncenter  wp-image-25843\" title=\"EIIL: violento grupo isl\u00e2mico jihadista\" src=\"http:\/\/www.adf.org.br\/home\/wp-content\/uploads\/2014\/07\/Califado.jpg\" alt=\"\" width=\"459\" height=\"306\" \/><\/a><\/p>\n<p style=\"padding-left: 90px;\"><span style=\"color: #800080; font-size: medium;\"><strong>Um grupo de jihadistas cuja base fica na S\u00edria invadiu recentemente a fronteira e irrompeu com f\u00faria pelo norte do Iraque, arruinando em apenas uma semana os anos de esfor\u00e7os que estavam finalmente conseguindo instaurar na regi\u00e3o uma relativa paz e estabilidade.<\/strong><\/span><\/p>\n<p>Quem s\u00e3o essas pessoas e o que elas realmente querem?<br \/>\nTrata-se de um grupo de extremistas que vem sendo chamado de <strong>Estado Isl\u00e2mico do Iraque e do Levante (EIIL) ou Estado Isl\u00e2mico do Iraque e da S\u00edria (EIIS).<\/strong><br \/>\nNo \u00faltimo domingo, 29 de junho, eles pr\u00f3prios come\u00e7aram a se chamar, por\u00e9m, de &#8220;O Estado Isl\u00e2mico&#8221; (EI), anunciando ao mesmo tempo a &#8220;restaura\u00e7\u00e3o do califado&#8221;.<br \/>\n<strong>Nem a imprensa nem os especialistas em terrorismo ratificaram ainda a exist\u00eancia de fato desse califado<\/strong>.<br \/>\nPor isso, vamos continuar nos referindo ao grupo como EIIL (alguns ve\u00edculos de m\u00eddia adotam a sigla ISIL, usada em ingl\u00eas).<\/p>\n<p style=\"padding-left: 60px;\"><strong><span style=\"color: #3366ff;\">\u00c9 crucial conhecermos melhor o EIIL, um grupo que apresenta uma combina\u00e7\u00e3o \u00fanica de selvageria e poderio t\u00e9cnico e que &#8220;envia recados&#8221; ao mundo usando tanto as m\u00eddias sociais quanto a crucifica\u00e7\u00e3o dos inimigos.<\/span><\/strong><\/p>\n<p><span style=\"color: #800080;\"><strong>1. Quem est\u00e1 no comando?<\/strong><\/span><br \/>\nEle nasceu como Ibrahim al-Badri, em Samarra, e estudou teologia em Bagd\u00e1. Adotou o nome de <strong>Abu Bakr al-Baghdadi<\/strong> e &#8220;saiu do anonimato para se tornar o temido l\u00edder do EIIL&#8221;, de acordo com a rede de TV Al Jazeera.<br \/>\nNo \u00faltimo domingo, Ibrahim al-Badri se proclamou Califa Ibrahim.<br \/>\n<span style=\"color: #800080;\"><strong>2. O que significam todas essas mudan\u00e7as do nome do grupo?<\/strong><\/span><br \/>\nAo excluir as palavras Iraque, S\u00edria e Levante do nome do grupo, eles pretendem dizer que o rec\u00e9m-proclamado &#8220;califa&#8221; est\u00e1 afirmando o seu poder temporal para al\u00e9m dos territ\u00f3rios desses pa\u00edses. Ou seja, para o mundo inteiro.<br \/>\n<span style=\"color: #800080;\"><strong>3. O que \u00e9 um califado?<\/strong><\/span><br \/>\nSimplificando, <strong>\u00e9 um governo chefiado por um \u201ccalifa\u201d, termo em \u00e1rabe que significa \u201csucessor\u201d.No caso, sucessor de ningu\u00e9m menos que o profeta Maom\u00e9.<\/strong><\/p>\n<p style=\"padding-left: 60px;\"><span style=\"color: #3366ff;\"><strong>Portanto, Ibrahim afirma ser o l\u00edder religioso e pol\u00edtico mundial e supremo de absolutamente todos os mu\u00e7ulmanos do planeta, que somam cerca de 1,5 bilh\u00e3o de pessoas. O califa seria um l\u00edder a quem TODOS devem obedi\u00eancia.<\/strong><\/span><\/p>\n<p><span style=\"color: #800080;\"><strong><a href=\"http:\/\/www.medalhasaomiguel.com.br\/?origem=1\"><img loading=\"lazy\" class=\"alignleft size-full wp-image-25847\" title=\"Medalha de S\u00e3o Miguel Arcanjo\" src=\"http:\/\/www.adf.org.br\/home\/wp-content\/uploads\/2014\/07\/medalha-de-S\u00e3o-Miguel-Arcanjo1.jpg\" alt=\"\" width=\"131\" height=\"339\" \/><\/a>4. Al\u00e9m da tentativa de unificar todos os mu\u00e7ulmanos sob um mesmo l\u00edder, existe alguma outra raz\u00e3o para o estabelecimento deste califado?<\/strong><\/span><br \/>\nV\u00e1rias. Primeiro, Ibrahim provavelmente espera finalizar a conquista do Iraque mais r\u00e1pido convencendo todos os sunitas iraquianos a deporem as armas e se juntarem \u00e0 causa do Estado Isl\u00e2mico (EI).<br \/>\nUma recente mensagem do EI foi clara: <strong>&#8220;A legalidade de todos os emirados, grupos, estados e organiza\u00e7\u00f5es se torna nula com a expans\u00e3o da autoridade do califa e com a chegada das suas tropas \u00e0s suas \u00e1reas&#8221;<\/strong>, declarou o porta-voz do grupo, Abu Mohamed al-Adnani.<\/p>\n<p style=\"padding-left: 60px;\"><strong><span style=\"color: #3366ff;\">&#8220;Ou\u00e7am o seu califa e obede\u00e7am-no. Apoiem o seu estado, que cresce a cada dia&#8221;.<\/span><\/strong><\/p>\n<p>Segundo, <strong>um califado real, nos sonhos dos jihadistas, serviria como patrocinador do terrorismo<\/strong>, aproveitando-se de riquezas e de m\u00e3o-de-obra para travar a jihad global at\u00e9 que o mundo todo esteja convertido, morto ou pagando o jizya (tributos que protegem o pagante n\u00e3o mu\u00e7ulmano da morte).<br \/>\n&nbsp;<br \/>\n<span style=\"color: #800080;\"><strong>5. Qual \u00e9 a probabilidade de Ibrahim realizar o seu plano de hegemonia global?<\/strong><\/span><br \/>\nIndependentemente da lealdade que Ibrahim inspirou entre alguns jihadistas impacientes (inclusive nos Estados Unidos), <strong>o novo &#8220;califa&#8221; ter\u00e1 dificuldades para conquistar a fidelidade de 1,5 bilh\u00e3o de mu\u00e7ulmanos<\/strong>.<br \/>\nMesmo entre o pequeno grupo de mu\u00e7ulmanos sunitas que s\u00e3o jihadistas ou terroristas, o EIIL de Ibrahim foi firmemente condenado.<\/p>\n<p style=\"padding-left: 60px;\"><strong><span style=\"color: #3366ff;\">At\u00e9 a Al-Qaeda criticou publicamente o grupo pela &#8220;brutalidade e desejo de matar a todos, inclusive os sunitas que eles consideram traidores da sua religi\u00e3o&#8221;.<\/span><\/strong><\/p>\n<p><span style=\"color: #800080;\"><strong>6. O que as mulheres sob o regime do Califa Ibrahim podem esperar?<\/strong><\/span><br \/>\nO EIIL anunciou para a prov\u00edncia iraquiana de N\u00ednive um &#8220;Contrato com a Cidade&#8221;. Uma das 16 novas regras, traduzidas e parafraseadas pelo Washington Post, afirma:<\/p>\n<p style=\"padding-left: 60px;\"><strong><span style=\"color: #3366ff;\">&#8220;Deve-se dizer \u00e0s mulheres que a estabilidade est\u00e1 dentro de casa e que elas n\u00e3o devem sair a menos que seja necess\u00e1rio. Elas devem permanecer inteiramente cobertas pela veste isl\u00e2mica&#8221;.<\/span><\/strong><\/p>\n<p>Ficar dentro de casa \u00e9, sem d\u00favida, aconselh\u00e1vel, j\u00e1 que, sob o regime da Sharia, <strong>as mulheres podem ser apedrejadas por delitos como \u201cimpropriedade sexual\u201d e \u201ccomportamento ocidentalizado\u201d.<\/strong><br \/>\nEstima-se que aconte\u00e7am anualmente 5.000 crimes de honra, cometidos por homens ligados \u00e0s v\u00edtimas e \u201ccausados\u201d por comportamentos \u201cdesonrosos\u201d destas, como querer casar por amor em vez de submeter-se a casamentos arranjados com estranhos que podem ser d\u00e9cadas mais velhos e at\u00e9 j\u00e1 terem uma esposa ou tr\u00eas.<br \/>\n<span style=\"color: #800080;\"><strong>7. Como as pessoas podem saber se est\u00e3o infringindo alguma dessas leis?<\/strong><\/span><br \/>\nPrimeiro, <strong>voc\u00ea j\u00e1 est\u00e1 infringindo a lei se n\u00e3o der apoio incondicional ao EIIL<\/strong>.<br \/>\nAl\u00e9m do &#8220;Contrato com a Cidade&#8221;, que hoje governa a prov\u00edncia iraquiana de N\u00ednive, a CNN relata que &#8220;aparecem editos da noite para o dia, espalhados em panfletos que cont\u00eam advert\u00eancias terr\u00edveis, como, por exemplo, esta:<\/p>\n<p style=\"padding-left: 60px;\"><strong><span style=\"color: #3366ff;\">\u2018Todos os donos de lojas devem fechar as portas imediatamente ao soar o an\u00fancio da ora\u00e7\u00e3o e se dirigir \u00e0 mesquita. Todos os infratores, ap\u00f3s a emiss\u00e3o deste an\u00fancio, enfrentar\u00e3o as consequ\u00eancias\u2019\u201d.<\/span><\/strong><\/p>\n<p>H\u00e1 regras espec\u00edficas para os crist\u00e3os, como a que estipula um imposto (jizya) caso desejem continuar vivos.<\/p>\n<p style=\"padding-left: 60px;\"><strong><span style=\"color: #3366ff;\">Os crist\u00e3os n\u00e3o est\u00e3o autorizados a \u201cexpor cruzes, reparar igrejas ou recitar ora\u00e7\u00f5es na presen\u00e7a de mu\u00e7ulmanos\u201d, como informou em fevereiro o Observat\u00f3rio S\u00edrio dos Direitos Humanos.<\/span><\/strong><\/p>\n<p>Reproduzimos abaixo o restante das novas regras, com base na tradu\u00e7\u00e3o oferecida pelo Washington Post:<br \/>\n&#8211; Todos os mu\u00e7ulmanos ser\u00e3o bem tratados, a menos que se aliem aos opressores ou ajudem os criminosos.<br \/>\n&#8211; O dinheiro tirado do governo agora \u00e9 p\u00fablico. Quem o roubar enfrentar\u00e1 amputa\u00e7\u00f5es. Quem fizer amea\u00e7as ou chantagens enfrentar\u00e1 severas puni\u00e7\u00f5es (nesta parte, \u00e9 citada uma passagem do Alcor\u00e3o, Al-Ma&#8217;idah 33, que diz que os criminosos podem ser <strong>mortos ou crucificados<\/strong>).<br \/>\n&#8211; Todos os mu\u00e7ulmanos s\u00e3o incentivados a fazer as suas ora\u00e7\u00f5es com o grupo.<br \/>\n&#8211; Drogas, \u00e1lcool e cigarros est\u00e3o proibidos.<br \/>\n&#8211; <strong>Grupos pol\u00edticos ou armados rivais n\u00e3o ser\u00e3o tolerados.<\/strong><br \/>\n&#8211; A pol\u00edcia e os oficiais militares podem se arrepender, mas <strong>qualquer um que insistir na apostasia enfrentar\u00e1 a morte.<\/strong><br \/>\n&#8211; A Sharia est\u00e1 instaurada.<br \/>\n&#8211; T\u00famulos e santu\u00e1rios n\u00e3o s\u00e3o permitidos e ser\u00e3o destru\u00eddos.<br \/>\n&#8211; <strong>Seja feliz por viver em uma terra isl\u00e2mica.<\/strong><br \/>\nA \u00faltima lei parece bastante dif\u00edcil de ser aplicada.<br \/>\n<em>Fonte: aleteia.org<\/em><br \/>\n<figure id=\"attachment_25846\" aria-describedby=\"caption-attachment-25846\" style=\"width: 473px\" class=\"wp-caption aligncenter\"><a href=\"http:\/\/www.medalhasaomiguel.com.br\/?origem=1\"><img loading=\"lazy\" class=\"size-full wp-image-25846\" title=\"medalhas de s\u00e3o miguel arcanjo\" src=\"http:\/\/www.adf.org.br\/home\/wp-content\/uploads\/2014\/07\/medalhas-de-s\u00e3o-miguel-arcanjo2.jpg\" alt=\"\" width=\"473\" height=\"133\" \/><\/a><figcaption id=\"caption-attachment-25846\" class=\"wp-caption-text\">S\u00e3o Miguel Arcanjo defendei-nos contra a amea\u00e7a isl\u00e2mica!<\/figcaption><\/figure><\/p>\n","protected":false},"excerpt":{"rendered":"<p>Um grupo de jihadistas cuja base fica na S\u00edria invadiu recentemente a fronteira e irrompeu com f\u00faria pelo norte do Iraque, arruinando em apenas uma semana os anos de esfor\u00e7os que estavam finalmente conseguindo instaurar na regi\u00e3o uma relativa paz e estabilidade. Quem s\u00e3o essas pessoas e o que elas realmente querem? Trata-se de um [&hellip;]<\/p>\n","protected":false},"author":12,"featured_media":0,"comment_status":"open","ping_status":"open","sticky":false,"template":"","format":"standard","meta":[],"categories":[20],"tags":[1270,1271,516,1122,1272,32],"yoast_head":"<!-- This site is optimized with the Yoast SEO plugin v17.4 - https:\/\/yoast.com\/wordpress\/plugins\/seo\/ -->\n<title>Amea\u00e7a \u00e0 Cristandade? O que devemos considerar sobre o novo l\u00edder isl\u00e2mico - Associa\u00e7\u00e3o Devotos de F\u00e1tima<\/title>\n<meta name=\"robots\" content=\"index, follow, max-snippet:-1, max-image-preview:large, max-video-preview:-1\" \/>\n<link rel=\"canonical\" href=\"https:\/\/www.adf.org.br\/home\/ameaca-a-cristandade-o-que-devemos-considerar-sobre-o-novo-lider-islamico\/\" \/>\n<meta property=\"og:locale\" content=\"pt_BR\" \/>\n<meta property=\"og:type\" content=\"article\" \/>\n<meta property=\"og:title\" content=\"Amea\u00e7a \u00e0 Cristandade? O que devemos considerar sobre o novo l\u00edder isl\u00e2mico - Associa\u00e7\u00e3o Devotos de F\u00e1tima\" \/>\n<meta property=\"og:description\" content=\"Um grupo de jihadistas cuja base fica na S\u00edria invadiu recentemente a fronteira e irrompeu com f\u00faria pelo norte do Iraque, arruinando em apenas uma semana os anos de esfor\u00e7os que estavam finalmente conseguindo instaurar na regi\u00e3o uma relativa paz e estabilidade. Quem s\u00e3o essas pessoas e o que elas realmente querem? Trata-se de um [&hellip;]\" \/>\n<meta property=\"og:url\" content=\"https:\/\/www.adf.org.br\/home\/ameaca-a-cristandade-o-que-devemos-considerar-sobre-o-novo-lider-islamico\/\" \/>\n<meta property=\"og:site_name\" content=\"Associa\u00e7\u00e3o Devotos de F\u00e1tima\" \/>\n<meta property=\"article:published_time\" content=\"2014-08-01T02:57:22+00:00\" \/>\n<meta property=\"og:image\" content=\"http:\/\/www.adf.org.br\/home\/wp-content\/uploads\/2014\/07\/Califado.jpg\" \/>\n<meta name=\"twitter:card\" content=\"summary_large_image\" \/>\n<meta name=\"twitter:label1\" content=\"Escrito por\" \/>\n\t<meta name=\"twitter:data1\" content=\"luiz.fernando\" \/>\n\t<meta name=\"twitter:label2\" content=\"Est. tempo de leitura\" \/>\n\t<meta name=\"twitter:data2\" content=\"6 minutos\" \/>\n<script type=\"application\/ld+json\" class=\"yoast-schema-graph\">{\"@context\":\"https:\/\/schema.org\",\"@graph\":[{\"@type\":\"WebSite\",\"@id\":\"https:\/\/www.adf.org.br\/home\/#website\",\"url\":\"https:\/\/www.adf.org.br\/home\/\",\"name\":\"Associa\\u00e7\\u00e3o Devotos de F\\u00e1tima\",\"description\":\"Associa\\u00e7\\u00e3o Devotos de F\\u00e1tima\",\"potentialAction\":[{\"@type\":\"SearchAction\",\"target\":{\"@type\":\"EntryPoint\",\"urlTemplate\":\"https:\/\/www.adf.org.br\/home\/?s={search_term_string}\"},\"query-input\":\"required name=search_term_string\"}],\"inLanguage\":\"pt-BR\"},{\"@type\":\"ImageObject\",\"@id\":\"https:\/\/www.adf.org.br\/home\/ameaca-a-cristandade-o-que-devemos-considerar-sobre-o-novo-lider-islamico\/#primaryimage\",\"inLanguage\":\"pt-BR\",\"url\":\"http:\/\/www.adf.org.br\/home\/wp-content\/uploads\/2014\/07\/Califado.jpg\",\"contentUrl\":\"http:\/\/www.adf.org.br\/home\/wp-content\/uploads\/2014\/07\/Califado.jpg\"},{\"@type\":\"WebPage\",\"@id\":\"https:\/\/www.adf.org.br\/home\/ameaca-a-cristandade-o-que-devemos-considerar-sobre-o-novo-lider-islamico\/#webpage\",\"url\":\"https:\/\/www.adf.org.br\/home\/ameaca-a-cristandade-o-que-devemos-considerar-sobre-o-novo-lider-islamico\/\",\"name\":\"Amea\\u00e7a \\u00e0 Cristandade? O que devemos considerar sobre o novo l\\u00edder isl\\u00e2mico - Associa\\u00e7\\u00e3o Devotos de F\\u00e1tima\",\"isPartOf\":{\"@id\":\"https:\/\/www.adf.org.br\/home\/#website\"},\"primaryImageOfPage\":{\"@id\":\"https:\/\/www.adf.org.br\/home\/ameaca-a-cristandade-o-que-devemos-considerar-sobre-o-novo-lider-islamico\/#primaryimage\"},\"datePublished\":\"2014-08-01T02:57:22+00:00\",\"dateModified\":\"2014-08-01T02:57:22+00:00\",\"author\":{\"@id\":\"https:\/\/www.adf.org.br\/home\/#\/schema\/person\/4eb0499131c1962e974297eff367a715\"},\"breadcrumb\":{\"@id\":\"https:\/\/www.adf.org.br\/home\/ameaca-a-cristandade-o-que-devemos-considerar-sobre-o-novo-lider-islamico\/#breadcrumb\"},\"inLanguage\":\"pt-BR\",\"potentialAction\":[{\"@type\":\"ReadAction\",\"target\":[\"https:\/\/www.adf.org.br\/home\/ameaca-a-cristandade-o-que-devemos-considerar-sobre-o-novo-lider-islamico\/\"]}]},{\"@type\":\"BreadcrumbList\",\"@id\":\"https:\/\/www.adf.org.br\/home\/ameaca-a-cristandade-o-que-devemos-considerar-sobre-o-novo-lider-islamico\/#breadcrumb\",\"itemListElement\":[{\"@type\":\"ListItem\",\"position\":1,\"name\":\"Home\",\"item\":\"https:\/\/www.adf.org.br\/home\/\"},{\"@type\":\"ListItem\",\"position\":2,\"name\":\"Amea\\u00e7a \\u00e0 Cristandade? O que devemos considerar sobre o novo l\\u00edder isl\\u00e2mico\"}]},{\"@type\":\"Person\",\"@id\":\"https:\/\/www.adf.org.br\/home\/#\/schema\/person\/4eb0499131c1962e974297eff367a715\",\"name\":\"luiz.fernando\",\"image\":{\"@type\":\"ImageObject\",\"@id\":\"https:\/\/www.adf.org.br\/home\/#personlogo\",\"inLanguage\":\"pt-BR\",\"url\":\"https:\/\/secure.gravatar.com\/avatar\/4e9dcdc2a00e06e1d9189a84f6908f28?s=96&d=mm&r=g\",\"contentUrl\":\"https:\/\/secure.gravatar.com\/avatar\/4e9dcdc2a00e06e1d9189a84f6908f28?s=96&d=mm&r=g\",\"caption\":\"luiz.fernando\"},\"url\":\"https:\/\/www.adf.org.br\/home\/author\/luiz-fernando\/\"}]}<\/script>\n<!-- \/ Yoast SEO plugin. -->","yoast_head_json":{"title":"Amea\u00e7a \u00e0 Cristandade? O que devemos considerar sobre o novo l\u00edder isl\u00e2mico - Associa\u00e7\u00e3o Devotos de F\u00e1tima","robots":{"index":"index","follow":"follow","max-snippet":"max-snippet:-1","max-image-preview":"max-image-preview:large","max-video-preview":"max-video-preview:-1"},"canonical":"https:\/\/www.adf.org.br\/home\/ameaca-a-cristandade-o-que-devemos-considerar-sobre-o-novo-lider-islamico\/","og_locale":"pt_BR","og_type":"article","og_title":"Amea\u00e7a \u00e0 Cristandade? O que devemos considerar sobre o novo l\u00edder isl\u00e2mico - Associa\u00e7\u00e3o Devotos de F\u00e1tima","og_description":"Um grupo de jihadistas cuja base fica na S\u00edria invadiu recentemente a fronteira e irrompeu com f\u00faria pelo norte do Iraque, arruinando em apenas uma semana os anos de esfor\u00e7os que estavam finalmente conseguindo instaurar na regi\u00e3o uma relativa paz e estabilidade. Quem s\u00e3o essas pessoas e o que elas realmente querem? Trata-se de um [&hellip;]","og_url":"https:\/\/www.adf.org.br\/home\/ameaca-a-cristandade-o-que-devemos-considerar-sobre-o-novo-lider-islamico\/","og_site_name":"Associa\u00e7\u00e3o Devotos de F\u00e1tima","article_published_time":"2014-08-01T02:57:22+00:00","og_image":[{"url":"http:\/\/www.adf.org.br\/home\/wp-content\/uploads\/2014\/07\/Califado.jpg"}],"twitter_card":"summary_large_image","twitter_misc":{"Escrito por":"luiz.fernando","Est. tempo de leitura":"6 minutos"},"schema":{"@context":"https:\/\/schema.org","@graph":[{"@type":"WebSite","@id":"https:\/\/www.adf.org.br\/home\/#website","url":"https:\/\/www.adf.org.br\/home\/","name":"Associa\u00e7\u00e3o Devotos de F\u00e1tima","description":"Associa\u00e7\u00e3o Devotos de F\u00e1tima","potentialAction":[{"@type":"SearchAction","target":{"@type":"EntryPoint","urlTemplate":"https:\/\/www.adf.org.br\/home\/?s={search_term_string}"},"query-input":"required name=search_term_string"}],"inLanguage":"pt-BR"},{"@type":"ImageObject","@id":"https:\/\/www.adf.org.br\/home\/ameaca-a-cristandade-o-que-devemos-considerar-sobre-o-novo-lider-islamico\/#primaryimage","inLanguage":"pt-BR","url":"http:\/\/www.adf.org.br\/home\/wp-content\/uploads\/2014\/07\/Califado.jpg","contentUrl":"http:\/\/www.adf.org.br\/home\/wp-content\/uploads\/2014\/07\/Califado.jpg"},{"@type":"WebPage","@id":"https:\/\/www.adf.org.br\/home\/ameaca-a-cristandade-o-que-devemos-considerar-sobre-o-novo-lider-islamico\/#webpage","url":"https:\/\/www.adf.org.br\/home\/ameaca-a-cristandade-o-que-devemos-considerar-sobre-o-novo-lider-islamico\/","name":"Amea\u00e7a \u00e0 Cristandade? O que devemos considerar sobre o novo l\u00edder isl\u00e2mico - Associa\u00e7\u00e3o Devotos de F\u00e1tima","isPartOf":{"@id":"https:\/\/www.adf.org.br\/home\/#website"},"primaryImageOfPage":{"@id":"https:\/\/www.adf.org.br\/home\/ameaca-a-cristandade-o-que-devemos-considerar-sobre-o-novo-lider-islamico\/#primaryimage"},"datePublished":"2014-08-01T02:57:22+00:00","dateModified":"2014-08-01T02:57:22+00:00","author":{"@id":"https:\/\/www.adf.org.br\/home\/#\/schema\/person\/4eb0499131c1962e974297eff367a715"},"breadcrumb":{"@id":"https:\/\/www.adf.org.br\/home\/ameaca-a-cristandade-o-que-devemos-considerar-sobre-o-novo-lider-islamico\/#breadcrumb"},"inLanguage":"pt-BR","potentialAction":[{"@type":"ReadAction","target":["https:\/\/www.adf.org.br\/home\/ameaca-a-cristandade-o-que-devemos-considerar-sobre-o-novo-lider-islamico\/"]}]},{"@type":"BreadcrumbList","@id":"https:\/\/www.adf.org.br\/home\/ameaca-a-cristandade-o-que-devemos-considerar-sobre-o-novo-lider-islamico\/#breadcrumb","itemListElement":[{"@type":"ListItem","position":1,"name":"Home","item":"https:\/\/www.adf.org.br\/home\/"},{"@type":"ListItem","position":2,"name":"Amea\u00e7a \u00e0 Cristandade? O que devemos considerar sobre o novo l\u00edder isl\u00e2mico"}]},{"@type":"Person","@id":"https:\/\/www.adf.org.br\/home\/#\/schema\/person\/4eb0499131c1962e974297eff367a715","name":"luiz.fernando","image":{"@type":"ImageObject","@id":"https:\/\/www.adf.org.br\/home\/#personlogo","inLanguage":"pt-BR","url":"https:\/\/secure.gravatar.com\/avatar\/4e9dcdc2a00e06e1d9189a84f6908f28?s=96&d=mm&r=g","contentUrl":"https:\/\/secure.gravatar.com\/avatar\/4e9dcdc2a00e06e1d9189a84f6908f28?s=96&d=mm&r=g","caption":"luiz.fernando"},"url":"https:\/\/www.adf.org.br\/home\/author\/luiz-fernando\/"}]}},"_links":{"self":[{"href":"https:\/\/www.adf.org.br\/home\/wp-json\/wp\/v2\/posts\/25841"}],"collection":[{"href":"https:\/\/www.adf.org.br\/home\/wp-json\/wp\/v2\/posts"}],"about":[{"href":"https:\/\/www.adf.org.br\/home\/wp-json\/wp\/v2\/types\/post"}],"author":[{"embeddable":true,"href":"https:\/\/www.adf.org.br\/home\/wp-json\/wp\/v2\/users\/12"}],"replies":[{"embeddable":true,"href":"https:\/\/www.adf.org.br\/home\/wp-json\/wp\/v2\/comments?post=25841"}],"version-history":[{"count":0,"href":"https:\/\/www.adf.org.br\/home\/wp-json\/wp\/v2\/posts\/25841\/revisions"}],"wp:attachment":[{"href":"https:\/\/www.adf.org.br\/home\/wp-json\/wp\/v2\/media?parent=25841"}],"wp:term":[{"taxonomy":"category","embeddable":true,"href":"https:\/\/www.adf.org.br\/home\/wp-json\/wp\/v2\/categories?post=25841"},{"taxonomy":"post_tag","embeddable":true,"href":"https:\/\/www.adf.org.br\/home\/wp-json\/wp\/v2\/tags?post=25841"}],"curies":[{"name":"wp","href":"https:\/\/api.w.org\/{rel}","templated":true}]}}