{"id":25387,"date":"2014-07-29T23:59:51","date_gmt":"2014-07-30T02:59:51","guid":{"rendered":"http:\/\/www.adf.org.br\/home\/?p=25387"},"modified":"2014-07-29T23:59:51","modified_gmt":"2014-07-30T02:59:51","slug":"anjosvivememsociedade","status":"publish","type":"post","link":"https:\/\/www.adf.org.br\/home\/anjosvivememsociedade\/","title":{"rendered":"Muita gente pergunta. Muitos especulam. \u00c9 verdade que os Anjos vivem mesmo em SOCIEDADE?"},"content":{"rendered":"<p style=\"text-align: center;\">\n<p style=\"text-align: center;\"><a href=\"http:\/\/www.aliancadosanjos.com.br\/?origem=180\"><img loading=\"lazy\" class=\"aligncenter size-full wp-image-25639\" title=\"Alian\u00e7a dos Anjos\" src=\"http:\/\/www.adf.org.br\/home\/wp-content\/uploads\/2014\/07\/Testeira4.jpg\" alt=\"\" width=\"600\" height=\"105\" \/><\/a><\/p>\n<p><span style=\"font-size: xx-large;\"><strong><img loading=\"lazy\" class=\"alignleft size-medium wp-image-25534\" title=\"Hierarquia ang\u00e9lica\" src=\"http:\/\/www.adf.org.br\/home\/wp-content\/uploads\/2014\/07\/13855-angel-musicians-left-panel-hans-memling1-300x215.jpg\" alt=\"\" width=\"300\" height=\"215\" \/><\/strong><\/span><br \/>\n<span style=\"font-size: xx-large;\"><strong>\u00c9<\/strong><\/span> normal acharmos que os Anjos vivem em sociedade como a nossa.<br \/>\nAfinal, o par\u00e2metro que n\u00f3s temos, como humanos, \u00e9 esse.<br \/>\n<strong><span style=\"color: #000000;\">Os Anjos vivem como como n\u00f3s humanos, numa esp\u00e9cie de sociedade ang\u00e9lica.<\/span><\/strong><br \/>\nEles s\u00e3o divididos por hierarquias e cada um possui a sua fun\u00e7\u00e3o espec\u00edfica de acordo com as suas qualidades.<span style=\"color: #ffffff;\">.<\/span><br \/>\n<span style=\"color: #ffffff;\">.<\/span><\/p>\n<p style=\"text-align: center;\"><span style=\"color: #ffffff;\">.<\/span><strong><span style=\"color: #0000ff;\"><span style=\"text-decoration: underline;\"><span style=\"color: #000000; font-size: x-large; text-decoration: underline;\">Voc\u00ea sabia?<\/span><\/span><\/span><\/strong><\/p>\n<p><span style=\"color: #0000ff;\"><strong>Existem<span style=\"font-family: arial, helvetica, sans-serif; font-size: large;\"> 9<\/span> coros angelicais, separados em <span style=\"font-family: arial, helvetica, sans-serif; font-size: large;\">3<\/span> hierarquias de <span style=\"font-family: arial, helvetica, sans-serif; font-size: large;\">3<\/span> coros. Veja abaixo cada uma dessas hierarquias:<\/strong><\/span><br \/>\n&nbsp;<\/p>\n<blockquote><p><span style=\"font-size: large; color: #008000;\"><strong>Primeira Hierarquia Ang\u00e9lica<\/strong><\/span><br \/>\nA primeira hierarquia \u00e9 a dos Anjos superiores, come\u00e7ando pelos Serafins, seguidos pelos Querubins e Tronos.<br \/>\n<span style=\"font-size: medium; color: #008000;\"><strong>&#8211; Serafins<\/strong><\/span><br \/>\nOs Serafins se definem por uma pondera\u00e7\u00e3o amorosa e muito maravilhada das perfei\u00e7\u00f5es divinas.<br \/>\n<span style=\"font-size: medium; color: #008000;\"><strong>\u00a0&#8211; Querubins<\/strong><\/span><br \/>\nNos Querubins prevalece a percep\u00e7\u00e3o e o amor \u00e0 ordem l\u00f3gica.<br \/>\n<strong>Por isso, por n\u00e3o contemplar t\u00e3o profundamente a Deus como o Serafim, ele se utiliza mais da l\u00f3gica.<\/strong><br \/>\n<span style=\"font-size: medium; color: #008000;\"><strong>\u00a0&#8211; Tronos<\/strong><\/span><br \/>\nO coro dos Tronos \u00e9 aquele capaz de conhecer os inef\u00e1veis de Deus (n\u00e3o t\u00e3o profundamente quanto os dois coros superiores a ele) e torn\u00e1-los acess\u00edveis e apetec\u00edveis aos inferiores.<\/p><\/blockquote>\n<p>&nbsp;<br \/>\n<a href=\"http:\/\/www.aliancadosanjos.com.br\/?origem=180\"><img loading=\"lazy\" class=\"aligncenter size-full wp-image-25563\" title=\"Voc\u00ea n\u00e3o \u00e9 membro do Grupo Alian\u00e7a dos Anjos? Clique aqui\" src=\"http:\/\/www.adf.org.br\/home\/wp-content\/uploads\/2014\/07\/boxxxxxxx.jpg\" alt=\"\" width=\"577\" height=\"133\" \/><\/a><br \/>\n&nbsp;<br \/>\n&nbsp;<br \/>\n<img loading=\"lazy\" class=\"alignleft size-medium wp-image-25435\" title=\"A hierarquia dos Anjos\" src=\"http:\/\/www.adf.org.br\/home\/wp-content\/uploads\/2014\/07\/7annunc1-247x300.jpg\" alt=\"\" width=\"247\" height=\"300\" \/>Sendo assim, podemos dizer que os Serafins representam o amor, os Querubins representam a ci\u00eancia e os Tronos representam o poder da a\u00e7\u00e3o.<br \/>\n<strong>Em resumo, no primeiro coro ang\u00e9lico h\u00e1, cumulativamente:<\/strong><\/p>\n<p style=\"padding-left: 30px;\"><em>a) o amor \u00e0 sabedoria;<\/em><br \/>\n<em> b) o amor \u00e0 ci\u00eancia;<\/em><br \/>\n<em> c) o amor ao poder de Deus.<\/em><\/p>\n<p>O amor e tudo o que vem abaixo est\u00e1 nos Serafins.<br \/>\nAmor, em grau menor, mais um tanto da sabedoria e do poder de Deus est\u00e1 nos Querubins.<br \/>\nAmor e sabedoria, em graus menores, mais o poder de Deus est\u00e1 nos Tronos.<br \/>\n&nbsp;<br \/>\n&nbsp;<\/p>\n<blockquote><p><span style=\"font-size: large; color: #750f1f;\"><strong>Segunda Hierarquia Ang\u00e9lica<\/strong><\/span><br \/>\nA segunda hierarquia se comp\u00f5e das Domina\u00e7\u00f5es,\u00a0Virtudes e Potestades. A excel\u00eancia desta Hierarquia est\u00e1 na capacidade de conter e de assumir os que est\u00e3o abaixo. Por isso tem como atribui\u00e7\u00e3o o reinar e governar toda a ordem dos seres.<br \/>\n<span style=\"font-size: medium; color: #750f1f;\"><strong>&#8211; Domina\u00e7\u00f5es<\/strong><\/span><br \/>\nO pr\u00f3prio das Domina\u00e7\u00f5es \u00e9 governar os coros inferiores, estimulando neles as suas pr\u00f3prias qualidades e reprimindo aquilo que faria com que eles se desviem de sua finalidade.<br \/>\n<strong>As Domina\u00e7\u00f5es evitam, ao mesmo tempo, o relaxamento, o desinteresse e tamb\u00e9m o seu oposto, que \u00e9 a tirania. As Domina\u00e7\u00f5es modelam (d\u00e3o modos).<\/strong><br \/>\n<span style=\"font-size: medium; color: #750f1f;\"><strong>&#8211; Virtudes<\/strong><\/span><br \/>\nAs virtudes representam propriamente a for\u00e7a da vontade. \u00c9 o n\u00e3o deixar ceder ao medo e \u00e0 moleza. Dessa forma, os Anjos que pertencem ao coro da Virtude s\u00e3o ativos e cheios de iniciativa.<br \/>\n<span style=\"font-size: medium; color: #750f1f;\"><strong>&#8211; Potestades<\/strong><\/span><br \/>\nO coro das Potestades exerce o papel da temperan\u00e7a e da bondade. As Potestades t\u00eam uma virtude mais operativa do que as Domina\u00e7\u00f5es e as Virtudes.<\/p><\/blockquote>\n<p>&nbsp;<br \/>\n<a href=\"http:\/\/www.aliancadosanjos.com.br\/?origem=180\"><img loading=\"lazy\" class=\"aligncenter size-full wp-image-25585\" title=\"Clique aqui para saber como se tornar membro do Grupo Alian\u00e7a dos Anjos\" src=\"http:\/\/www.adf.org.br\/home\/wp-content\/uploads\/2014\/07\/Missa1.jpg\" alt=\"\" width=\"577\" height=\"133\" \/><\/a><br \/>\n&nbsp;<\/p>\n<blockquote><p><span style=\"color: #0000ff; font-size: large;\"><strong>Terceira Hierarquia Ang\u00e9lica<\/strong><\/span><br \/>\nA terceira hierarquia se comp\u00f5e do coro dos Principados, do coro dos Arcanjos e do coro dos Anjos.<br \/>\n<span style=\"font-size: medium; color: #0000ff;\"><strong>&#8211; Principados<\/strong><\/span><br \/>\nO nome de Principados conv\u00e9m muito aos anjos desta Hierarquia por ser ela a encarregada de comandar, uma vez que ela exerce uma hegemonia deificante sobre o resto da cria\u00e7\u00e3o.<br \/>\n<span style=\"font-size: medium; color: #0000ff;\"><strong>&#8211; Arcanjos<\/strong><\/span><br \/>\nOs Arcanjos ocupam uma situa\u00e7\u00e3o mediana na terceira Hierarquia ang\u00e9lica. Por isso, eles t\u00eam caracteres comuns ao mesmo tempo com os Principados e com os Anjos.<br \/>\n<span style=\"font-size: medium; color: #0000ff;\"><strong>&#8211; Os Anjos<\/strong><\/span><br \/>\nOs Anjos s\u00e3o aqueles aos quais cabe levar a mensagem de Deus dos confins do mundo ang\u00e9lico para esta terra. Esses anjos, de uma categoria menos elevada, terminam e contemplam a hierarquia ang\u00e9lica.<br \/>\n<strong>Em resumo: Cada ser superior cont\u00e9m, em si, todas as propriedades e perfei\u00e7\u00f5es dos seres inferiores. Mas, nos seres inferiores essas mesmas propriedades existem com maior destaque ou realce.<\/strong><\/p><\/blockquote>\n<p>&nbsp;<br \/>\n<strong>Como voc\u00ea p\u00f4de ler acima, esta \u00e9 a forma como a Hierarquia dos Anjos est\u00e1 dividida. Cada Anjo possui a sua fun\u00e7\u00e3o perante os olhos de Deus.<\/strong><br \/>\nE uma informa\u00e7\u00e3o interessante \u00e9 que os <span style=\"font-family: arial, helvetica, sans-serif; font-size: large;\">9<\/span> coros ang\u00e9licos s\u00e3o harm\u00f4nicos entre si. Assim como todas as outras criaturas de Deus, as hierarquias celestes s\u00e3o perfeitamente harm\u00f4nicas e, juntas, servem o prop\u00f3sito de honrar a Deus de todas as maneiras poss\u00edveis e ensinar os homens a fazerem o mesmo.<br \/>\n<span style=\"color: #ff0000;\">&#8211; &#8211; &#8211; &#8211; &#8211; &#8211; &#8211; &#8211; &#8211; &#8211; &#8211; &#8211; &#8211; &#8211; &#8211; &#8211; &#8211; &#8211; &#8211; &#8211; &#8211; &#8211; &#8211; &#8211; &#8211; &#8211; &#8211; &#8211; &#8211; &#8211; &#8211; &#8211; &#8211; &#8211; &#8211; &#8211; &#8211; &#8211; &#8211; &#8211; &#8211; &#8211; &#8211; &#8211; &#8211; &#8211; &#8211; &#8211; &#8211; &#8211; &#8211; &#8211; &#8211; &#8211; &#8211; &#8211; &#8211;<\/span><br \/>\n<span style=\"color: #ff0000;\">Se voc\u00ea N\u00c3O \u00e9 membro do\u00a0<strong>Grupo Alian\u00e7a dos Anjos<\/strong>\u00a0e, por esse motivo,\u00a0n\u00e3o tem o seu nome inclu\u00eddo em uma Missa semanal, em um ter\u00e7o rezado todos os dias e n\u00e3o possui o livro &#8220;O que s\u00e3o os Anjos&#8221;, acesse agora:\u00a0<\/span><br \/>\n<span style=\"color: #ffffff;\">. &#8230;. .. . . . \u00a0. . . . .\u00a0<\/span><span style=\"color: #ff0000; font-size: x-large;\"><a href=\"http:\/\/www.aliancadosanjos.com.br\/?origem=180\"><span style=\"color: #ff0000;\">www.aliancadosanjos.com.br<\/span><\/a><\/span><br \/>\n<span style=\"color: #ff0000;\">&#8211; &#8211; &#8211; &#8211; &#8211; &#8211; &#8211; &#8211; &#8211; &#8211; &#8211; &#8211; &#8211; &#8211; &#8211; &#8211; &#8211; &#8211; &#8211; &#8211; &#8211; &#8211; &#8211; &#8211; &#8211; &#8211; &#8211; &#8211; &#8211; &#8211; &#8211; &#8211; &#8211; &#8211; &#8211; &#8211; &#8211; &#8211; &#8211; &#8211; &#8211; &#8211; &#8211; &#8211; &#8211; &#8211; &#8211; &#8211; &#8211; &#8211; &#8211; &#8211; &#8211; &#8211; &#8211; &#8211; &#8211;<\/span><br \/>\n<span style=\"color: #ffffff;\">.<\/span><br \/>\n&nbsp;<\/p>\n","protected":false},"excerpt":{"rendered":"<p>\u00c9 normal acharmos que os Anjos vivem em sociedade como a nossa. Afinal, o par\u00e2metro que n\u00f3s temos, como humanos, \u00e9 esse. Os Anjos vivem como como n\u00f3s humanos, numa esp\u00e9cie de sociedade ang\u00e9lica. Eles s\u00e3o divididos por hierarquias e cada um possui a sua fun\u00e7\u00e3o espec\u00edfica de acordo com as suas qualidades.. . .Voc\u00ea [&hellip;]<\/p>\n","protected":false},"author":31,"featured_media":0,"comment_status":"closed","ping_status":"open","sticky":false,"template":"","format":"standard","meta":[],"categories":[20],"tags":[40,1260,1262,1264,1266],"yoast_head":"<!-- This site is optimized with the Yoast SEO plugin v17.4 - https:\/\/yoast.com\/wordpress\/plugins\/seo\/ -->\n<title>Muita gente pergunta. Muitos especulam. \u00c9 verdade que os Anjos vivem mesmo em SOCIEDADE? - Associa\u00e7\u00e3o Devotos de F\u00e1tima<\/title>\n<meta name=\"robots\" content=\"index, follow, max-snippet:-1, max-image-preview:large, max-video-preview:-1\" \/>\n<link rel=\"canonical\" href=\"https:\/\/www.adf.org.br\/home\/anjosvivememsociedade\/\" \/>\n<meta property=\"og:locale\" content=\"pt_BR\" \/>\n<meta property=\"og:type\" content=\"article\" \/>\n<meta property=\"og:title\" content=\"Muita gente pergunta. Muitos especulam. \u00c9 verdade que os Anjos vivem mesmo em SOCIEDADE? - Associa\u00e7\u00e3o Devotos de F\u00e1tima\" \/>\n<meta property=\"og:description\" content=\"\u00c9 normal acharmos que os Anjos vivem em sociedade como a nossa. Afinal, o par\u00e2metro que n\u00f3s temos, como humanos, \u00e9 esse. Os Anjos vivem como como n\u00f3s humanos, numa esp\u00e9cie de sociedade ang\u00e9lica. Eles s\u00e3o divididos por hierarquias e cada um possui a sua fun\u00e7\u00e3o espec\u00edfica de acordo com as suas qualidades.. . .Voc\u00ea [&hellip;]\" \/>\n<meta property=\"og:url\" content=\"https:\/\/www.adf.org.br\/home\/anjosvivememsociedade\/\" \/>\n<meta property=\"og:site_name\" content=\"Associa\u00e7\u00e3o Devotos de F\u00e1tima\" \/>\n<meta property=\"article:published_time\" content=\"2014-07-30T02:59:51+00:00\" \/>\n<meta property=\"og:image\" content=\"http:\/\/www.adf.org.br\/home\/wp-content\/uploads\/2014\/07\/Testeira4.jpg\" \/>\n<meta name=\"twitter:card\" content=\"summary_large_image\" \/>\n<meta name=\"twitter:label1\" content=\"Escrito por\" \/>\n\t<meta name=\"twitter:data1\" content=\"Gabriel Barbosa\" \/>\n\t<meta name=\"twitter:label2\" content=\"Est. tempo de leitura\" \/>\n\t<meta name=\"twitter:data2\" content=\"4 minutos\" \/>\n<script type=\"application\/ld+json\" class=\"yoast-schema-graph\">{\"@context\":\"https:\/\/schema.org\",\"@graph\":[{\"@type\":\"WebSite\",\"@id\":\"https:\/\/www.adf.org.br\/home\/#website\",\"url\":\"https:\/\/www.adf.org.br\/home\/\",\"name\":\"Associa\\u00e7\\u00e3o Devotos de F\\u00e1tima\",\"description\":\"Associa\\u00e7\\u00e3o Devotos de F\\u00e1tima\",\"potentialAction\":[{\"@type\":\"SearchAction\",\"target\":{\"@type\":\"EntryPoint\",\"urlTemplate\":\"https:\/\/www.adf.org.br\/home\/?s={search_term_string}\"},\"query-input\":\"required name=search_term_string\"}],\"inLanguage\":\"pt-BR\"},{\"@type\":\"ImageObject\",\"@id\":\"https:\/\/www.adf.org.br\/home\/anjosvivememsociedade\/#primaryimage\",\"inLanguage\":\"pt-BR\",\"url\":\"http:\/\/www.adf.org.br\/home\/wp-content\/uploads\/2014\/07\/Testeira4.jpg\",\"contentUrl\":\"http:\/\/www.adf.org.br\/home\/wp-content\/uploads\/2014\/07\/Testeira4.jpg\"},{\"@type\":\"WebPage\",\"@id\":\"https:\/\/www.adf.org.br\/home\/anjosvivememsociedade\/#webpage\",\"url\":\"https:\/\/www.adf.org.br\/home\/anjosvivememsociedade\/\",\"name\":\"Muita gente pergunta. Muitos especulam. \\u00c9 verdade que os Anjos vivem mesmo em SOCIEDADE? - Associa\\u00e7\\u00e3o Devotos de F\\u00e1tima\",\"isPartOf\":{\"@id\":\"https:\/\/www.adf.org.br\/home\/#website\"},\"primaryImageOfPage\":{\"@id\":\"https:\/\/www.adf.org.br\/home\/anjosvivememsociedade\/#primaryimage\"},\"datePublished\":\"2014-07-30T02:59:51+00:00\",\"dateModified\":\"2014-07-30T02:59:51+00:00\",\"author\":{\"@id\":\"https:\/\/www.adf.org.br\/home\/#\/schema\/person\/f35a5c5aa7728a3dedf4ea9aa1fc2753\"},\"breadcrumb\":{\"@id\":\"https:\/\/www.adf.org.br\/home\/anjosvivememsociedade\/#breadcrumb\"},\"inLanguage\":\"pt-BR\",\"potentialAction\":[{\"@type\":\"ReadAction\",\"target\":[\"https:\/\/www.adf.org.br\/home\/anjosvivememsociedade\/\"]}]},{\"@type\":\"BreadcrumbList\",\"@id\":\"https:\/\/www.adf.org.br\/home\/anjosvivememsociedade\/#breadcrumb\",\"itemListElement\":[{\"@type\":\"ListItem\",\"position\":1,\"name\":\"Home\",\"item\":\"https:\/\/www.adf.org.br\/home\/\"},{\"@type\":\"ListItem\",\"position\":2,\"name\":\"Muita gente pergunta. Muitos especulam. \\u00c9 verdade que os Anjos vivem mesmo em SOCIEDADE?\"}]},{\"@type\":\"Person\",\"@id\":\"https:\/\/www.adf.org.br\/home\/#\/schema\/person\/f35a5c5aa7728a3dedf4ea9aa1fc2753\",\"name\":\"Gabriel Barbosa\",\"image\":{\"@type\":\"ImageObject\",\"@id\":\"https:\/\/www.adf.org.br\/home\/#personlogo\",\"inLanguage\":\"pt-BR\",\"url\":\"https:\/\/secure.gravatar.com\/avatar\/2b2cb2f4637682c5605e8d36818f51ef?s=96&d=mm&r=g\",\"contentUrl\":\"https:\/\/secure.gravatar.com\/avatar\/2b2cb2f4637682c5605e8d36818f51ef?s=96&d=mm&r=g\",\"caption\":\"Gabriel Barbosa\"},\"url\":\"https:\/\/www.adf.org.br\/home\/author\/gabrielpmk-com-br\/\"}]}<\/script>\n<!-- \/ Yoast SEO plugin. -->","yoast_head_json":{"title":"Muita gente pergunta. Muitos especulam. \u00c9 verdade que os Anjos vivem mesmo em SOCIEDADE? - Associa\u00e7\u00e3o Devotos de F\u00e1tima","robots":{"index":"index","follow":"follow","max-snippet":"max-snippet:-1","max-image-preview":"max-image-preview:large","max-video-preview":"max-video-preview:-1"},"canonical":"https:\/\/www.adf.org.br\/home\/anjosvivememsociedade\/","og_locale":"pt_BR","og_type":"article","og_title":"Muita gente pergunta. Muitos especulam. \u00c9 verdade que os Anjos vivem mesmo em SOCIEDADE? - Associa\u00e7\u00e3o Devotos de F\u00e1tima","og_description":"\u00c9 normal acharmos que os Anjos vivem em sociedade como a nossa. Afinal, o par\u00e2metro que n\u00f3s temos, como humanos, \u00e9 esse. Os Anjos vivem como como n\u00f3s humanos, numa esp\u00e9cie de sociedade ang\u00e9lica. Eles s\u00e3o divididos por hierarquias e cada um possui a sua fun\u00e7\u00e3o espec\u00edfica de acordo com as suas qualidades.. . .Voc\u00ea [&hellip;]","og_url":"https:\/\/www.adf.org.br\/home\/anjosvivememsociedade\/","og_site_name":"Associa\u00e7\u00e3o Devotos de F\u00e1tima","article_published_time":"2014-07-30T02:59:51+00:00","og_image":[{"url":"http:\/\/www.adf.org.br\/home\/wp-content\/uploads\/2014\/07\/Testeira4.jpg"}],"twitter_card":"summary_large_image","twitter_misc":{"Escrito por":"Gabriel Barbosa","Est. tempo de leitura":"4 minutos"},"schema":{"@context":"https:\/\/schema.org","@graph":[{"@type":"WebSite","@id":"https:\/\/www.adf.org.br\/home\/#website","url":"https:\/\/www.adf.org.br\/home\/","name":"Associa\u00e7\u00e3o Devotos de F\u00e1tima","description":"Associa\u00e7\u00e3o Devotos de F\u00e1tima","potentialAction":[{"@type":"SearchAction","target":{"@type":"EntryPoint","urlTemplate":"https:\/\/www.adf.org.br\/home\/?s={search_term_string}"},"query-input":"required name=search_term_string"}],"inLanguage":"pt-BR"},{"@type":"ImageObject","@id":"https:\/\/www.adf.org.br\/home\/anjosvivememsociedade\/#primaryimage","inLanguage":"pt-BR","url":"http:\/\/www.adf.org.br\/home\/wp-content\/uploads\/2014\/07\/Testeira4.jpg","contentUrl":"http:\/\/www.adf.org.br\/home\/wp-content\/uploads\/2014\/07\/Testeira4.jpg"},{"@type":"WebPage","@id":"https:\/\/www.adf.org.br\/home\/anjosvivememsociedade\/#webpage","url":"https:\/\/www.adf.org.br\/home\/anjosvivememsociedade\/","name":"Muita gente pergunta. Muitos especulam. \u00c9 verdade que os Anjos vivem mesmo em SOCIEDADE? - Associa\u00e7\u00e3o Devotos de F\u00e1tima","isPartOf":{"@id":"https:\/\/www.adf.org.br\/home\/#website"},"primaryImageOfPage":{"@id":"https:\/\/www.adf.org.br\/home\/anjosvivememsociedade\/#primaryimage"},"datePublished":"2014-07-30T02:59:51+00:00","dateModified":"2014-07-30T02:59:51+00:00","author":{"@id":"https:\/\/www.adf.org.br\/home\/#\/schema\/person\/f35a5c5aa7728a3dedf4ea9aa1fc2753"},"breadcrumb":{"@id":"https:\/\/www.adf.org.br\/home\/anjosvivememsociedade\/#breadcrumb"},"inLanguage":"pt-BR","potentialAction":[{"@type":"ReadAction","target":["https:\/\/www.adf.org.br\/home\/anjosvivememsociedade\/"]}]},{"@type":"BreadcrumbList","@id":"https:\/\/www.adf.org.br\/home\/anjosvivememsociedade\/#breadcrumb","itemListElement":[{"@type":"ListItem","position":1,"name":"Home","item":"https:\/\/www.adf.org.br\/home\/"},{"@type":"ListItem","position":2,"name":"Muita gente pergunta. Muitos especulam. \u00c9 verdade que os Anjos vivem mesmo em SOCIEDADE?"}]},{"@type":"Person","@id":"https:\/\/www.adf.org.br\/home\/#\/schema\/person\/f35a5c5aa7728a3dedf4ea9aa1fc2753","name":"Gabriel Barbosa","image":{"@type":"ImageObject","@id":"https:\/\/www.adf.org.br\/home\/#personlogo","inLanguage":"pt-BR","url":"https:\/\/secure.gravatar.com\/avatar\/2b2cb2f4637682c5605e8d36818f51ef?s=96&d=mm&r=g","contentUrl":"https:\/\/secure.gravatar.com\/avatar\/2b2cb2f4637682c5605e8d36818f51ef?s=96&d=mm&r=g","caption":"Gabriel Barbosa"},"url":"https:\/\/www.adf.org.br\/home\/author\/gabrielpmk-com-br\/"}]}},"_links":{"self":[{"href":"https:\/\/www.adf.org.br\/home\/wp-json\/wp\/v2\/posts\/25387"}],"collection":[{"href":"https:\/\/www.adf.org.br\/home\/wp-json\/wp\/v2\/posts"}],"about":[{"href":"https:\/\/www.adf.org.br\/home\/wp-json\/wp\/v2\/types\/post"}],"author":[{"embeddable":true,"href":"https:\/\/www.adf.org.br\/home\/wp-json\/wp\/v2\/users\/31"}],"replies":[{"embeddable":true,"href":"https:\/\/www.adf.org.br\/home\/wp-json\/wp\/v2\/comments?post=25387"}],"version-history":[{"count":0,"href":"https:\/\/www.adf.org.br\/home\/wp-json\/wp\/v2\/posts\/25387\/revisions"}],"wp:attachment":[{"href":"https:\/\/www.adf.org.br\/home\/wp-json\/wp\/v2\/media?parent=25387"}],"wp:term":[{"taxonomy":"category","embeddable":true,"href":"https:\/\/www.adf.org.br\/home\/wp-json\/wp\/v2\/categories?post=25387"},{"taxonomy":"post_tag","embeddable":true,"href":"https:\/\/www.adf.org.br\/home\/wp-json\/wp\/v2\/tags?post=25387"}],"curies":[{"name":"wp","href":"https:\/\/api.w.org\/{rel}","templated":true}]}}