{"id":24707,"date":"2014-05-29T23:57:05","date_gmt":"2014-05-30T02:57:05","guid":{"rendered":"http:\/\/www.adf.org.br\/home\/?p=24707"},"modified":"2014-05-29T23:57:05","modified_gmt":"2014-05-30T02:57:05","slug":"o-fim-do-mes-de-maria","status":"publish","type":"post","link":"https:\/\/www.adf.org.br\/home\/o-fim-do-mes-de-maria\/","title":{"rendered":"O fim do m\u00eas de Maria"},"content":{"rendered":"<p style=\"padding-left: 60px;\"><span style=\"font-size: medium; color: #800080;\">N\u00e3o \u00e9 sem tristeza que sentimos aproximar-se o fim deste m\u00eas de Maria!<\/span><\/p>\n<p><a href=\"http:\/\/www.adf.org.br\/home\/wp-content\/uploads\/2014\/05\/estampa-nsra-de-f\u00e1tima.jpg\"><img loading=\"lazy\" class=\"alignleft size-full wp-image-24711\" title=\"estampa nsra de f\u00e1tima\" src=\"http:\/\/www.adf.org.br\/home\/wp-content\/uploads\/2014\/05\/estampa-nsra-de-f\u00e1tima.jpg\" alt=\"\" width=\"220\" height=\"300\" \/><\/a>Com efeito, durante o m\u00eas de maio sentimos uma prote\u00e7\u00e3o especial de Nossa Senhora estender-se sobre todos os fi\u00e9is, e a alegria que ilumina nossos cora\u00e7\u00f5es exprime a universal certeza dos cat\u00f3licos de que<span style=\"text-decoration: underline;\"><strong> o indispens\u00e1vel patroc\u00ednio de nossa M\u00e3e celestial se torna, durante o m\u00eas de maio, ainda mais sol\u00edcito, mais amoroso, mais cheio de vis\u00edvel miseric\u00f3rdia e exor\u00e1vel condescend\u00eancia.<\/strong><\/span><br \/>\nEntretanto, depois de cada m\u00eas de maio, alguma coisa fica, se tivermos sabido viver convenientemente estes trinta e um dias especialmente consagrados a Nossa Senhora.<br \/>\nO que nos fica \u00e9 uma devo\u00e7\u00e3o maior, uma confian\u00e7a mais especial, e, por assim dizer, uma intimidade t\u00e3o mais acentuada com Nossa Senhora, que em todas as vicissitudes da vida saberemos pedir com mais respeitosa insist\u00eancia, esperar com mais invenc\u00edvel confian\u00e7a, e agradecer com mais humilde carinho todo o bem que Ela nos fa\u00e7a.<br \/>\nNossa Senhora \u00e9 a Rainha do C\u00e9u e da Terra, e, ao mesmo tempo, nossa M\u00e3e. \u00c9 esta a convic\u00e7\u00e3o com que entramos sempre no m\u00eas de maio, e tal convic\u00e7\u00e3o se radica cada vez mais em n\u00f3s, lan\u00e7a claridades e fortaleza sempre maior, quando o m\u00eas de maio se encerra.<br \/>\n<strong>Maio nos ensina a amar a Maria Sant\u00edssima por sua pr\u00f3pria gl\u00f3ria<\/strong>, por tudo quanto Ela representa nos planos da Provid\u00eancia. E nos ensina tamb\u00e9m a viver de modo mais constante nossa vida de uni\u00e3o filial a Maria.<br \/>\nComo conclus\u00e3o deste m\u00eas de Maria, fa\u00e7amos nossas duas s\u00faplicas da ladainha das Roga\u00e7\u00f5es, referentes \u00e0s necessidades mundiais da Santa Madre Igreja:<\/p>\n<p style=\"padding-left: 90px;\"><em>&#8220;Para que vos digneis humilhar os inimigos da Santa Igreja, vos rogamos, Senhor!<\/em><\/p>\n<p style=\"padding-left: 90px;\"><em>\u201cPara que vos digneis exaltar a Santa Igreja, vos rogamos, Senhor!&#8221;<\/em><\/p>\n<p style=\"padding-left: 90px; text-align: center;\"><a href=\"http:\/\/www.adf.org.br\/virgem-de-fatima-pelo-brasil\/?origem=1\"><img loading=\"lazy\" class=\"aligncenter  wp-image-24712\" title=\"Estampa de Nossa Senhora de F\u00e1tima\" src=\"http:\/\/www.adf.org.br\/home\/wp-content\/uploads\/2014\/05\/1768-email-topo1.jpg\" alt=\"\" width=\"480\" height=\"240\" \/><\/a><\/p>\n<p><em>Fonte: Pl\u00ednio Corr\u00eaa de Oliveira, em Legion\u00e1rio N.o 563, 23 de maio de 1943 \u2013 Transcrito de: www.pliniocorreadeoliveira.info<\/em><\/p>\n","protected":false},"excerpt":{"rendered":"<p>N\u00e3o \u00e9 sem tristeza que sentimos aproximar-se o fim deste m\u00eas de Maria! Com efeito, durante o m\u00eas de maio sentimos uma prote\u00e7\u00e3o especial de Nossa Senhora estender-se sobre todos os fi\u00e9is, e a alegria que ilumina nossos cora\u00e7\u00f5es exprime a universal certeza dos cat\u00f3licos de que o indispens\u00e1vel patroc\u00ednio de nossa M\u00e3e celestial se [&hellip;]<\/p>\n","protected":false},"author":31,"featured_media":0,"comment_status":"open","ping_status":"open","sticky":false,"template":"","format":"standard","meta":[],"categories":[20],"tags":[972,161],"yoast_head":"<!-- This site is optimized with the Yoast SEO plugin v17.4 - https:\/\/yoast.com\/wordpress\/plugins\/seo\/ -->\n<title>O fim do m\u00eas de Maria - Associa\u00e7\u00e3o Devotos de F\u00e1tima<\/title>\n<meta name=\"robots\" content=\"index, follow, max-snippet:-1, max-image-preview:large, max-video-preview:-1\" \/>\n<link rel=\"canonical\" href=\"https:\/\/www.adf.org.br\/home\/o-fim-do-mes-de-maria\/\" \/>\n<meta property=\"og:locale\" content=\"pt_BR\" \/>\n<meta property=\"og:type\" content=\"article\" \/>\n<meta property=\"og:title\" content=\"O fim do m\u00eas de Maria - Associa\u00e7\u00e3o Devotos de F\u00e1tima\" \/>\n<meta property=\"og:description\" content=\"N\u00e3o \u00e9 sem tristeza que sentimos aproximar-se o fim deste m\u00eas de Maria! Com efeito, durante o m\u00eas de maio sentimos uma prote\u00e7\u00e3o especial de Nossa Senhora estender-se sobre todos os fi\u00e9is, e a alegria que ilumina nossos cora\u00e7\u00f5es exprime a universal certeza dos cat\u00f3licos de que o indispens\u00e1vel patroc\u00ednio de nossa M\u00e3e celestial se [&hellip;]\" \/>\n<meta property=\"og:url\" content=\"https:\/\/www.adf.org.br\/home\/o-fim-do-mes-de-maria\/\" \/>\n<meta property=\"og:site_name\" content=\"Associa\u00e7\u00e3o Devotos de F\u00e1tima\" \/>\n<meta property=\"article:published_time\" content=\"2014-05-30T02:57:05+00:00\" \/>\n<meta property=\"og:image\" content=\"http:\/\/www.adf.org.br\/home\/wp-content\/uploads\/2014\/05\/estampa-nsra-de-f\u00e1tima.jpg\" \/>\n<meta name=\"twitter:card\" content=\"summary_large_image\" \/>\n<meta name=\"twitter:label1\" content=\"Escrito por\" \/>\n\t<meta name=\"twitter:data1\" content=\"Gabriel Barbosa\" \/>\n\t<meta name=\"twitter:label2\" content=\"Est. tempo de leitura\" \/>\n\t<meta name=\"twitter:data2\" content=\"2 minutos\" \/>\n<script type=\"application\/ld+json\" class=\"yoast-schema-graph\">{\"@context\":\"https:\/\/schema.org\",\"@graph\":[{\"@type\":\"WebSite\",\"@id\":\"https:\/\/www.adf.org.br\/home\/#website\",\"url\":\"https:\/\/www.adf.org.br\/home\/\",\"name\":\"Associa\\u00e7\\u00e3o Devotos de F\\u00e1tima\",\"description\":\"Associa\\u00e7\\u00e3o Devotos de F\\u00e1tima\",\"potentialAction\":[{\"@type\":\"SearchAction\",\"target\":{\"@type\":\"EntryPoint\",\"urlTemplate\":\"https:\/\/www.adf.org.br\/home\/?s={search_term_string}\"},\"query-input\":\"required name=search_term_string\"}],\"inLanguage\":\"pt-BR\"},{\"@type\":\"ImageObject\",\"@id\":\"https:\/\/www.adf.org.br\/home\/o-fim-do-mes-de-maria\/#primaryimage\",\"inLanguage\":\"pt-BR\",\"url\":\"http:\/\/www.adf.org.br\/home\/wp-content\/uploads\/2014\/05\/estampa-nsra-de-f\\u00e1tima.jpg\",\"contentUrl\":\"http:\/\/www.adf.org.br\/home\/wp-content\/uploads\/2014\/05\/estampa-nsra-de-f\\u00e1tima.jpg\"},{\"@type\":\"WebPage\",\"@id\":\"https:\/\/www.adf.org.br\/home\/o-fim-do-mes-de-maria\/#webpage\",\"url\":\"https:\/\/www.adf.org.br\/home\/o-fim-do-mes-de-maria\/\",\"name\":\"O fim do m\\u00eas de Maria - Associa\\u00e7\\u00e3o Devotos de F\\u00e1tima\",\"isPartOf\":{\"@id\":\"https:\/\/www.adf.org.br\/home\/#website\"},\"primaryImageOfPage\":{\"@id\":\"https:\/\/www.adf.org.br\/home\/o-fim-do-mes-de-maria\/#primaryimage\"},\"datePublished\":\"2014-05-30T02:57:05+00:00\",\"dateModified\":\"2014-05-30T02:57:05+00:00\",\"author\":{\"@id\":\"https:\/\/www.adf.org.br\/home\/#\/schema\/person\/f35a5c5aa7728a3dedf4ea9aa1fc2753\"},\"breadcrumb\":{\"@id\":\"https:\/\/www.adf.org.br\/home\/o-fim-do-mes-de-maria\/#breadcrumb\"},\"inLanguage\":\"pt-BR\",\"potentialAction\":[{\"@type\":\"ReadAction\",\"target\":[\"https:\/\/www.adf.org.br\/home\/o-fim-do-mes-de-maria\/\"]}]},{\"@type\":\"BreadcrumbList\",\"@id\":\"https:\/\/www.adf.org.br\/home\/o-fim-do-mes-de-maria\/#breadcrumb\",\"itemListElement\":[{\"@type\":\"ListItem\",\"position\":1,\"name\":\"Home\",\"item\":\"https:\/\/www.adf.org.br\/home\/\"},{\"@type\":\"ListItem\",\"position\":2,\"name\":\"O fim do m\\u00eas de Maria\"}]},{\"@type\":\"Person\",\"@id\":\"https:\/\/www.adf.org.br\/home\/#\/schema\/person\/f35a5c5aa7728a3dedf4ea9aa1fc2753\",\"name\":\"Gabriel Barbosa\",\"image\":{\"@type\":\"ImageObject\",\"@id\":\"https:\/\/www.adf.org.br\/home\/#personlogo\",\"inLanguage\":\"pt-BR\",\"url\":\"https:\/\/secure.gravatar.com\/avatar\/2b2cb2f4637682c5605e8d36818f51ef?s=96&d=mm&r=g\",\"contentUrl\":\"https:\/\/secure.gravatar.com\/avatar\/2b2cb2f4637682c5605e8d36818f51ef?s=96&d=mm&r=g\",\"caption\":\"Gabriel Barbosa\"},\"url\":\"https:\/\/www.adf.org.br\/home\/author\/gabrielpmk-com-br\/\"}]}<\/script>\n<!-- \/ Yoast SEO plugin. -->","yoast_head_json":{"title":"O fim do m\u00eas de Maria - Associa\u00e7\u00e3o Devotos de F\u00e1tima","robots":{"index":"index","follow":"follow","max-snippet":"max-snippet:-1","max-image-preview":"max-image-preview:large","max-video-preview":"max-video-preview:-1"},"canonical":"https:\/\/www.adf.org.br\/home\/o-fim-do-mes-de-maria\/","og_locale":"pt_BR","og_type":"article","og_title":"O fim do m\u00eas de Maria - Associa\u00e7\u00e3o Devotos de F\u00e1tima","og_description":"N\u00e3o \u00e9 sem tristeza que sentimos aproximar-se o fim deste m\u00eas de Maria! Com efeito, durante o m\u00eas de maio sentimos uma prote\u00e7\u00e3o especial de Nossa Senhora estender-se sobre todos os fi\u00e9is, e a alegria que ilumina nossos cora\u00e7\u00f5es exprime a universal certeza dos cat\u00f3licos de que o indispens\u00e1vel patroc\u00ednio de nossa M\u00e3e celestial se [&hellip;]","og_url":"https:\/\/www.adf.org.br\/home\/o-fim-do-mes-de-maria\/","og_site_name":"Associa\u00e7\u00e3o Devotos de F\u00e1tima","article_published_time":"2014-05-30T02:57:05+00:00","og_image":[{"url":"http:\/\/www.adf.org.br\/home\/wp-content\/uploads\/2014\/05\/estampa-nsra-de-f\u00e1tima.jpg"}],"twitter_card":"summary_large_image","twitter_misc":{"Escrito por":"Gabriel Barbosa","Est. tempo de leitura":"2 minutos"},"schema":{"@context":"https:\/\/schema.org","@graph":[{"@type":"WebSite","@id":"https:\/\/www.adf.org.br\/home\/#website","url":"https:\/\/www.adf.org.br\/home\/","name":"Associa\u00e7\u00e3o Devotos de F\u00e1tima","description":"Associa\u00e7\u00e3o Devotos de F\u00e1tima","potentialAction":[{"@type":"SearchAction","target":{"@type":"EntryPoint","urlTemplate":"https:\/\/www.adf.org.br\/home\/?s={search_term_string}"},"query-input":"required name=search_term_string"}],"inLanguage":"pt-BR"},{"@type":"ImageObject","@id":"https:\/\/www.adf.org.br\/home\/o-fim-do-mes-de-maria\/#primaryimage","inLanguage":"pt-BR","url":"http:\/\/www.adf.org.br\/home\/wp-content\/uploads\/2014\/05\/estampa-nsra-de-f\u00e1tima.jpg","contentUrl":"http:\/\/www.adf.org.br\/home\/wp-content\/uploads\/2014\/05\/estampa-nsra-de-f\u00e1tima.jpg"},{"@type":"WebPage","@id":"https:\/\/www.adf.org.br\/home\/o-fim-do-mes-de-maria\/#webpage","url":"https:\/\/www.adf.org.br\/home\/o-fim-do-mes-de-maria\/","name":"O fim do m\u00eas de Maria - Associa\u00e7\u00e3o Devotos de F\u00e1tima","isPartOf":{"@id":"https:\/\/www.adf.org.br\/home\/#website"},"primaryImageOfPage":{"@id":"https:\/\/www.adf.org.br\/home\/o-fim-do-mes-de-maria\/#primaryimage"},"datePublished":"2014-05-30T02:57:05+00:00","dateModified":"2014-05-30T02:57:05+00:00","author":{"@id":"https:\/\/www.adf.org.br\/home\/#\/schema\/person\/f35a5c5aa7728a3dedf4ea9aa1fc2753"},"breadcrumb":{"@id":"https:\/\/www.adf.org.br\/home\/o-fim-do-mes-de-maria\/#breadcrumb"},"inLanguage":"pt-BR","potentialAction":[{"@type":"ReadAction","target":["https:\/\/www.adf.org.br\/home\/o-fim-do-mes-de-maria\/"]}]},{"@type":"BreadcrumbList","@id":"https:\/\/www.adf.org.br\/home\/o-fim-do-mes-de-maria\/#breadcrumb","itemListElement":[{"@type":"ListItem","position":1,"name":"Home","item":"https:\/\/www.adf.org.br\/home\/"},{"@type":"ListItem","position":2,"name":"O fim do m\u00eas de Maria"}]},{"@type":"Person","@id":"https:\/\/www.adf.org.br\/home\/#\/schema\/person\/f35a5c5aa7728a3dedf4ea9aa1fc2753","name":"Gabriel Barbosa","image":{"@type":"ImageObject","@id":"https:\/\/www.adf.org.br\/home\/#personlogo","inLanguage":"pt-BR","url":"https:\/\/secure.gravatar.com\/avatar\/2b2cb2f4637682c5605e8d36818f51ef?s=96&d=mm&r=g","contentUrl":"https:\/\/secure.gravatar.com\/avatar\/2b2cb2f4637682c5605e8d36818f51ef?s=96&d=mm&r=g","caption":"Gabriel Barbosa"},"url":"https:\/\/www.adf.org.br\/home\/author\/gabrielpmk-com-br\/"}]}},"_links":{"self":[{"href":"https:\/\/www.adf.org.br\/home\/wp-json\/wp\/v2\/posts\/24707"}],"collection":[{"href":"https:\/\/www.adf.org.br\/home\/wp-json\/wp\/v2\/posts"}],"about":[{"href":"https:\/\/www.adf.org.br\/home\/wp-json\/wp\/v2\/types\/post"}],"author":[{"embeddable":true,"href":"https:\/\/www.adf.org.br\/home\/wp-json\/wp\/v2\/users\/31"}],"replies":[{"embeddable":true,"href":"https:\/\/www.adf.org.br\/home\/wp-json\/wp\/v2\/comments?post=24707"}],"version-history":[{"count":0,"href":"https:\/\/www.adf.org.br\/home\/wp-json\/wp\/v2\/posts\/24707\/revisions"}],"wp:attachment":[{"href":"https:\/\/www.adf.org.br\/home\/wp-json\/wp\/v2\/media?parent=24707"}],"wp:term":[{"taxonomy":"category","embeddable":true,"href":"https:\/\/www.adf.org.br\/home\/wp-json\/wp\/v2\/categories?post=24707"},{"taxonomy":"post_tag","embeddable":true,"href":"https:\/\/www.adf.org.br\/home\/wp-json\/wp\/v2\/tags?post=24707"}],"curies":[{"name":"wp","href":"https:\/\/api.w.org\/{rel}","templated":true}]}}