{"id":24500,"date":"2018-04-24T00:00:55","date_gmt":"2018-04-24T03:00:55","guid":{"rendered":"http:\/\/www.adf.org.br\/home\/?p=24500"},"modified":"2018-04-24T00:00:55","modified_gmt":"2018-04-24T03:00:55","slug":"dos-mais-belos-ensinamentos-de-nosso-senhor","status":"publish","type":"post","link":"https:\/\/www.adf.org.br\/home\/dos-mais-belos-ensinamentos-de-nosso-senhor\/","title":{"rendered":"Um dos mais belos ensinamentos que Nosso Senhor Jesus Cristo nos trouxe  e como Maria o viveu durante a vida inteira. Veja."},"content":{"rendered":"<figure id=\"attachment_24505\" aria-describedby=\"caption-attachment-24505\" style=\"width: 365px\" class=\"wp-caption aligncenter\"><img loading=\"lazy\" class=\"wp-image-24505\" title=\"Cora\u00e7\u00f5es de Jesus e Maria\" src=\"http:\/\/www.adf.org.br\/home\/wp-content\/uploads\/2014\/05\/Cora\u00e7\u00f5es-de-Jesus-e-Maria.gif\" alt=\"Nossa Senhora e o Menino Jesus nosso Senhor\" width=\"365\" height=\"560\" \/><figcaption id=\"caption-attachment-24505\" class=\"wp-caption-text\">Sagrados Cora\u00e7\u00f5es de Jesus e Maria<\/figcaption><\/figure>\n<h5 style=\"padding-left: 90px;\"><span style=\"font-family: verdana, geneva, sans-serif; font-size: 12pt; color: #ffffff;\">.<\/span><br \/>\n<span style=\"color: #800080;\"><strong><span style=\"font-family: verdana, geneva, sans-serif; font-size: 12pt;\"><br \/>\nUm dos mais belos ensinamentos que nos trouxe Nosso Senhor Jesus Cristo a esta terra, foi o da paternidade divina a nosso respeito.<\/span><\/strong><\/span><\/h5>\n<div><span style=\"color: #ffffff; font-family: verdana, geneva, sans-serif; font-size: 12pt;\">.<\/span><\/div>\n<div><span style=\"font-family: verdana, geneva, sans-serif; font-size: 12pt; color: #000000;\"><br \/>\n<span style=\"font-size: 14pt;\"><strong>P<\/strong><\/span>ara os antigos, Deus era soberano, era juiz. O Divino Mestre no-Lo mostrou como nosso Pai.<\/span><\/div>\n<div><\/div>\n<div><span style=\"font-family: verdana, geneva, sans-serif; font-size: 12pt; color: #000000;\"> E ningu\u00e9m, melhor do que Maria, compreendeu esta sublime doutrina, ningu\u00e9m melhor do que ela penetrou no sentido profund\u00edssimo desta paternidade.<\/span><br \/>\n<span style=\"color: #ffffff; font-family: verdana, geneva, sans-serif; font-size: 12pt;\"> .<\/span><br \/>\n<span style=\"font-family: verdana, geneva, sans-serif; font-size: 12pt; color: #000000;\"> Eis por que exclamamos: alma do Pai Eterno! Pois ela soube, melhor do que ningu\u00e9m, dar a Deus este nome tern\u00edssimo de Pai.<\/span><\/div>\n<div><\/div>\n<div style=\"padding-left: 90px;\"><strong><span style=\"font-family: verdana, geneva, sans-serif; font-size: 12pt; color: #800080;\"><br \/>\nE como filha amant\u00edssima, ela viveu durante a vida inteira. Filha que serve, filha que obedece, filha que ama.<\/span><\/strong><\/div>\n<div><span style=\"color: #ffffff; font-family: verdana, geneva, sans-serif; font-size: 12pt;\">.<\/span><\/div>\n<div><span style=\"font-family: verdana, geneva, sans-serif; font-size: 12pt; color: #000000;\"><br \/>\nN\u00f3s podemos imaginar, de algum modo, que sentimentos de respeito, de adora\u00e7\u00e3o, de amor teria a Virgem Beat\u00edssima para com Aquele que era seu Pai e Pai de quem;<\/span><\/div>\n<div><\/div>\n<div><span style=\"font-family: verdana, geneva, sans-serif; font-size: 12pt; color: #000000;\">Por um mist\u00e9rio insond\u00e1vel, seria Filho seu.<\/span><\/div>\n<div><span style=\"color: #ffffff; font-family: verdana, geneva, sans-serif; font-size: 12pt;\">.<\/span><\/div>\n<div><span style=\"font-family: verdana, geneva, sans-serif; font-size: 12pt; color: #000000;\">E com que extremos de amor amava o Pai Eterno aquela que seria M\u00e3e de seu Unig\u00eanito. Com que liberalidade lhe ornava a alma!<\/span><\/div>\n<div><span style=\"color: #ffffff; font-family: verdana, geneva, sans-serif; font-size: 12pt;\">.<\/span><\/div>\n<div style=\"padding-left: 90px;\"><strong><span style=\"font-family: verdana, geneva, sans-serif; font-size: 12pt; color: #800080;\"><br \/>\nFoi neste amor rec\u00edproco e forte de Pai e de filha que se desenvolveu e cresceu a alma gloriosa de Maria.<\/span><\/strong><\/div>\n<div><\/div>\n<div><span style=\"font-family: verdana, geneva, sans-serif; font-size: 12pt; color: #000000;\"><br \/>\nDa\u00ed a sua obedi\u00eancia filial desde a sua concei\u00e7\u00e3o prodigiosa at\u00e9 \u00e0 sua morte bem-aventurada, obedi\u00eancia que, pela sua perfei\u00e7\u00e3o, se transformava continuamente em obla\u00e7\u00e3o e amor.<\/span><\/div>\n<div><span style=\"color: #ffffff; font-family: verdana, geneva, sans-serif; font-size: 12pt;\">.<\/span><\/div>\n<div><span style=\"font-family: verdana, geneva, sans-serif; font-size: 12pt; color: #000000;\">\u201c\u00c0 voz paterna de Deus \u2014 escreve Santo Afonso de Lig\u00f3rio \u2014 a alma da Virgem se liquefazia; e semelhante a um metal derretido;<\/span><\/div>\n<div><\/div>\n<div><span style=\"font-family: verdana, geneva, sans-serif; font-size: 12pt; color: #000000;\">Estava sempre disposta a tomar todas as formas que Ele lhe\u00a0quisesse\u00a0dar\u201d.<\/span><\/div>\n<div><span style=\"color: #ffffff; font-family: verdana, geneva, sans-serif; font-size: 12pt;\">.<\/span><\/div>\n<div style=\"padding-left: 90px;\"><strong><span style=\"font-family: verdana, geneva, sans-serif; font-size: 12pt; color: #800080;\"><br \/>\nE como filha que, conhecendo o amor de seu pai, confia nele\u00a0cegamente, assim Maria confiava cegamente na Providencia divina.<\/span><\/strong><\/div>\n<div><\/div>\n<div><span style=\"font-family: verdana, geneva, sans-serif; font-size: 12pt; color: #000000;\"><br \/>\nDescansava nos bra\u00e7os de seu Pai, quer no recolhimento do templo, quer aceitando a maternidade, quer fugindo para o Egito, quer acompanhando o Filho ao Calv\u00e1rio.<\/span><\/div>\n<div><span style=\"color: #ffffff; font-family: verdana, geneva, sans-serif; font-size: 12pt;\">.<\/span><\/div>\n<div><span style=\"font-family: verdana, geneva, sans-serif; font-size: 12pt; color: #000000;\">Em todas as circunst\u00e2ncias, nos dias alegres e nos dias tristes, era a Filha amorosa e confiante, que se deixa guiar pela m\u00e3o paterna de Deus.<\/span><\/div>\n<div><\/div>\n<div><span style=\"font-family: verdana, geneva, sans-serif; font-size: 12pt; color: #000000;\"> S\u00e3o Francisco de Sales conta que, andando ele, certo dia, por uma estrada, saiu-lhe ao encontro uma velhinha que em l\u00e1grimas lhe dizia: sr. Bispo, ensinai-me a rezar!<\/span><\/div>\n<div><span style=\"color: #ffffff; font-family: verdana, geneva, sans-serif; font-size: 12pt;\">.<\/span><\/div>\n<blockquote>\n<div style=\"padding-left: 60px;\"><span style=\"color: #000080; font-family: verdana, geneva, sans-serif; font-size: 12pt;\"><br \/>\n\u2014 Como, filha?! \u00c9s t\u00e3o velha j\u00e1 e n\u00e3o sabes rezar ainda?!<\/span><\/div>\n<div style=\"padding-left: 60px;\"><span style=\"color: #000080; font-family: verdana, geneva, sans-serif; font-size: 12pt;\">\u2014 \u00c9 que, sr. Bispo, quando come\u00e7o a rezar o Padre Nosso e me lembro de que Deus \u00e9 meu Pai, Pai de uma criaturinha t\u00e3o miser\u00e1vel como eu sou, ah! sr. Bispo, n\u00e3o sei, princ\u00edpio a chorar e n\u00e3o posso ir adiante, e fico sempre com a ora\u00e7\u00e3o por terminar&#8230;<\/span><\/div>\n<\/blockquote>\n<div><span style=\"color: #ffffff; font-family: verdana, geneva, sans-serif; font-size: 12pt;\">.<\/span><\/div>\n<div><span style=\"font-family: verdana, geneva, sans-serif; font-size: 12pt; color: #000000;\"><br \/>\nMas se esta velhinha assim falava, que diria a Virgem Santa ao lembrar-se da paternidade divina. Mist\u00e9rios, que s\u00f3 a vida futura no-los revelar\u00e1&#8230;<\/span><\/div>\n<div><span style=\"color: #ffffff; font-family: verdana, geneva, sans-serif; font-size: 12pt;\">.<\/span><\/div>\n<div><span style=\"font-family: verdana, geneva, sans-serif; font-size: 12pt; color: #000000;\">N\u00f3s somos\u00a0tamb\u00e9m\u00a0filhos de Deus. Deus \u00e9 nosso bom Pai! Mas qu\u00e3o pouco nos lembramos desta\u00a0verdade! Eis por que \u00e9 t\u00e3o fria e t\u00e3o convencional a nossa devo\u00e7\u00e3o.<\/span><\/div>\n<div><span style=\"color: #ffffff; font-family: verdana, geneva, sans-serif; font-size: 12pt;\">.<\/span><\/div>\n<div><span style=\"font-family: verdana, geneva, sans-serif; font-size: 12pt; color: #000000;\">Se nos lembr\u00e1ssemos sempre de que temos um Pai no c\u00e9u que vela sobre n\u00f3s e que s\u00f3 deseja o nosso bem porque muito nos ama, que confian\u00e7a e paz nasceriam em nossas almas!<\/span><\/div>\n<div><\/div>\n<div style=\"padding-left: 90px;\"><strong><span style=\"font-family: verdana, geneva, sans-serif; font-size: 12pt; color: #0000ff;\"><br \/>\nComo viver\u00eda<\/span><span style=\"font-family: verdana, geneva, sans-serif; font-size: 12pt; color: #000000;\"><span style=\"color: #0000ff;\">mos felizes sob sua m\u00e3o paterna e como se transformaria a nossa vida de ora\u00e7\u00e3o&#8230;<\/span> <\/span><\/strong><\/div>\n<div><\/div>\n<div><span style=\"font-family: verdana, geneva, sans-serif; font-size: 12pt; color: #000000;\"><br \/>\nQue obedi\u00eancia filial, que prontid\u00e3o, que amor!<\/span><\/div>\n<div><span style=\"font-family: verdana, geneva, sans-serif; font-size: 12pt; color: #000000;\">\u00a0<\/span><\/div>\n<div><span style=\"font-family: verdana, geneva, sans-serif; color: #000000; font-size: 12pt;\">Ent\u00e3o dir\u00edamos com o P. Faber: \u201cse trabalho ou sofro \u00e9 debaixo das vistas do bom Pai do c\u00e9u que me encoraja e conforta; se me divirto, o seu paternal sorriso incita a minha alegria\u201d.<\/span><\/div>\n<div><span style=\"color: #ffffff; font-family: verdana, geneva, sans-serif; font-size: 12pt;\">.<\/span><\/div>\n<div style=\"padding-left: 90px;\"><strong><span style=\"font-family: verdana, geneva, sans-serif; font-size: 12pt; color: #800080;\"><br \/>\nNa linda capela das Irm\u00e3s da Divina Provid\u00eancia, em Florian\u00f3polis, est\u00e1 gravada, em grandes letras, uma frase consoladora:<\/span><\/strong><\/div>\n<div><span style=\"color: #ffffff; font-family: verdana, geneva, sans-serif; font-size: 12pt;\">.<\/span><\/div>\n<div><span style=\"font-family: verdana, geneva, sans-serif; font-size: 12pt; color: #000000;\"><em><strong><br \/>\n\u201cA tua Provid\u00eancia, \u00f3 Pai, governa todas as coisas!\u201d<\/strong><\/em><\/span><\/div>\n<div><span style=\"color: #ffffff; font-family: verdana, geneva, sans-serif; font-size: 12pt;\">.<\/span><\/div>\n<div><span style=\"font-family: verdana, geneva, sans-serif; font-size: 12pt; color: #000000;\"><br \/>\nFeliz de quem l\u00ea esta mesma frase, com sentimento filial, em todos os acontecimentos da vida, pois ela est\u00e1 gravada, tamb\u00e9m, no grandioso templo deste mundo&#8230;<\/span><\/div>\n<div><span style=\"color: #ffffff; font-family: verdana, geneva, sans-serif; font-size: 12pt;\">.<\/span><\/div>\n<div><span style=\"font-family: verdana, geneva, sans-serif; font-size: 12pt; color: #000000;\">MARIA SSma., fazei que, cada vez mais, compreendamos que Deus \u00e9 nosso bom Pai e que, cada vez mais, vivamos segundo esta verdade suav\u00edssima. Assim seja!<\/span><\/div>\n<p><span style=\"color: #ffffff;\"><span style=\"font-family: verdana, geneva, sans-serif;\">.<br \/>\n<\/span>.<\/span><br \/>\n<span style=\"font-size: 10pt; color: #000000;\"><em>Fonte:\u00a0A Alma Gloriosa de Maria &#8211; Frei Henrique G. Trindade, O.F.M. &#8211; 1937 &#8211; segunda edi\u00e7\u00e3o<\/em><\/span><\/p>\n<p style=\"text-align: center;\"><span style=\"color: #ffffff;\">.<\/span><br \/>\n<span style=\"font-family: verdana, geneva, sans-serif; font-size: 12pt;\"><strong><span style=\"color: #000000;\">* \u00a0* \u00a0*<\/span><\/strong><\/span><\/p>\n<p style=\"text-align: center;\"><span style=\"color: #ffffff;\">.<\/span><br \/>\n<a href=\"https:\/\/adf.org.br\/minhaoferta\/?origem=6667\" target=\"_blank\" rel=\"noopener noreferrer\"><img loading=\"lazy\" class=\"aligncenter wp-image-46559 size-full\" title=\"bot\u00e3o sacolinha ADF\" src=\"http:\/\/www.adf.org.br\/home\/wp-content\/uploads\/2017\/03\/bt_oferta_ADF-1-1.png\" alt=\"bt_oferta_ADF-1 (1)\" width=\"600\" height=\"190\" \/><\/a><\/p>\n","protected":false},"excerpt":{"rendered":"<p>Um dos mais belos ensinamentos que nos trouxe Nosso Senhor Jesus Cristo a esta terra, foi o da paternidade divina a nosso respeito.<\/p>\n","protected":false},"author":31,"featured_media":46561,"comment_status":"open","ping_status":"open","sticky":false,"template":"","format":"standard","meta":[],"categories":[20],"tags":[1457,65],"yoast_head":"<!-- This site is optimized with the Yoast SEO plugin v17.4 - https:\/\/yoast.com\/wordpress\/plugins\/seo\/ -->\n<title>Um dos mais belos ensinamentos que Nosso Senhor nos deixou<\/title>\n<meta name=\"description\" content=\"Um dos mais belos ensinamentos que Nosso Senhor Jesus Cristo nos trouxe e como Maria o viveu durante a vida inteira. Veja.\" \/>\n<meta name=\"robots\" content=\"index, follow, max-snippet:-1, max-image-preview:large, max-video-preview:-1\" \/>\n<link rel=\"canonical\" href=\"https:\/\/www.adf.org.br\/home\/dos-mais-belos-ensinamentos-de-nosso-senhor\/\" \/>\n<meta property=\"og:locale\" content=\"pt_BR\" \/>\n<meta property=\"og:type\" content=\"article\" \/>\n<meta property=\"og:title\" content=\"Um dos mais belos ensinamentos que Nosso Senhor nos deixou\" \/>\n<meta property=\"og:description\" content=\"Um dos mais belos ensinamentos que Nosso Senhor Jesus Cristo nos trouxe e como Maria o viveu durante a vida inteira. Veja.\" \/>\n<meta property=\"og:url\" content=\"https:\/\/www.adf.org.br\/home\/dos-mais-belos-ensinamentos-de-nosso-senhor\/\" \/>\n<meta property=\"og:site_name\" content=\"Associa\u00e7\u00e3o Devotos de F\u00e1tima\" \/>\n<meta property=\"article:published_time\" content=\"2018-04-24T03:00:55+00:00\" \/>\n<meta name=\"twitter:card\" content=\"summary_large_image\" \/>\n<meta name=\"twitter:label1\" content=\"Escrito por\" \/>\n\t<meta name=\"twitter:data1\" content=\"Gabriel Barbosa\" \/>\n\t<meta name=\"twitter:label2\" content=\"Est. tempo de leitura\" \/>\n\t<meta name=\"twitter:data2\" content=\"4 minutos\" \/>\n<script type=\"application\/ld+json\" class=\"yoast-schema-graph\">{\"@context\":\"https:\/\/schema.org\",\"@graph\":[{\"@type\":\"WebSite\",\"@id\":\"https:\/\/www.adf.org.br\/home\/#website\",\"url\":\"https:\/\/www.adf.org.br\/home\/\",\"name\":\"Associa\\u00e7\\u00e3o Devotos de F\\u00e1tima\",\"description\":\"Associa\\u00e7\\u00e3o Devotos de F\\u00e1tima\",\"potentialAction\":[{\"@type\":\"SearchAction\",\"target\":{\"@type\":\"EntryPoint\",\"urlTemplate\":\"https:\/\/www.adf.org.br\/home\/?s={search_term_string}\"},\"query-input\":\"required name=search_term_string\"}],\"inLanguage\":\"pt-BR\"},{\"@type\":\"ImageObject\",\"@id\":\"https:\/\/www.adf.org.br\/home\/dos-mais-belos-ensinamentos-de-nosso-senhor\/#primaryimage\",\"inLanguage\":\"pt-BR\",\"url\":\"\",\"contentUrl\":\"\"},{\"@type\":\"WebPage\",\"@id\":\"https:\/\/www.adf.org.br\/home\/dos-mais-belos-ensinamentos-de-nosso-senhor\/#webpage\",\"url\":\"https:\/\/www.adf.org.br\/home\/dos-mais-belos-ensinamentos-de-nosso-senhor\/\",\"name\":\"Um dos mais belos ensinamentos que Nosso Senhor nos deixou\",\"isPartOf\":{\"@id\":\"https:\/\/www.adf.org.br\/home\/#website\"},\"primaryImageOfPage\":{\"@id\":\"https:\/\/www.adf.org.br\/home\/dos-mais-belos-ensinamentos-de-nosso-senhor\/#primaryimage\"},\"datePublished\":\"2018-04-24T03:00:55+00:00\",\"dateModified\":\"2018-04-24T03:00:55+00:00\",\"author\":{\"@id\":\"https:\/\/www.adf.org.br\/home\/#\/schema\/person\/f35a5c5aa7728a3dedf4ea9aa1fc2753\"},\"description\":\"Um dos mais belos ensinamentos que Nosso Senhor Jesus Cristo nos trouxe e como Maria o viveu durante a vida inteira. Veja.\",\"breadcrumb\":{\"@id\":\"https:\/\/www.adf.org.br\/home\/dos-mais-belos-ensinamentos-de-nosso-senhor\/#breadcrumb\"},\"inLanguage\":\"pt-BR\",\"potentialAction\":[{\"@type\":\"ReadAction\",\"target\":[\"https:\/\/www.adf.org.br\/home\/dos-mais-belos-ensinamentos-de-nosso-senhor\/\"]}]},{\"@type\":\"BreadcrumbList\",\"@id\":\"https:\/\/www.adf.org.br\/home\/dos-mais-belos-ensinamentos-de-nosso-senhor\/#breadcrumb\",\"itemListElement\":[{\"@type\":\"ListItem\",\"position\":1,\"name\":\"Home\",\"item\":\"https:\/\/www.adf.org.br\/home\/\"},{\"@type\":\"ListItem\",\"position\":2,\"name\":\"Um dos mais belos ensinamentos que Nosso Senhor Jesus Cristo nos trouxe e como Maria o viveu durante a vida inteira. Veja.\"}]},{\"@type\":\"Person\",\"@id\":\"https:\/\/www.adf.org.br\/home\/#\/schema\/person\/f35a5c5aa7728a3dedf4ea9aa1fc2753\",\"name\":\"Gabriel Barbosa\",\"image\":{\"@type\":\"ImageObject\",\"@id\":\"https:\/\/www.adf.org.br\/home\/#personlogo\",\"inLanguage\":\"pt-BR\",\"url\":\"https:\/\/secure.gravatar.com\/avatar\/2b2cb2f4637682c5605e8d36818f51ef?s=96&d=mm&r=g\",\"contentUrl\":\"https:\/\/secure.gravatar.com\/avatar\/2b2cb2f4637682c5605e8d36818f51ef?s=96&d=mm&r=g\",\"caption\":\"Gabriel Barbosa\"},\"url\":\"https:\/\/www.adf.org.br\/home\/author\/gabrielpmk-com-br\/\"}]}<\/script>\n<!-- \/ Yoast SEO plugin. -->","yoast_head_json":{"title":"Um dos mais belos ensinamentos que Nosso Senhor nos deixou","description":"Um dos mais belos ensinamentos que Nosso Senhor Jesus Cristo nos trouxe e como Maria o viveu durante a vida inteira. Veja.","robots":{"index":"index","follow":"follow","max-snippet":"max-snippet:-1","max-image-preview":"max-image-preview:large","max-video-preview":"max-video-preview:-1"},"canonical":"https:\/\/www.adf.org.br\/home\/dos-mais-belos-ensinamentos-de-nosso-senhor\/","og_locale":"pt_BR","og_type":"article","og_title":"Um dos mais belos ensinamentos que Nosso Senhor nos deixou","og_description":"Um dos mais belos ensinamentos que Nosso Senhor Jesus Cristo nos trouxe e como Maria o viveu durante a vida inteira. Veja.","og_url":"https:\/\/www.adf.org.br\/home\/dos-mais-belos-ensinamentos-de-nosso-senhor\/","og_site_name":"Associa\u00e7\u00e3o Devotos de F\u00e1tima","article_published_time":"2018-04-24T03:00:55+00:00","twitter_card":"summary_large_image","twitter_misc":{"Escrito por":"Gabriel Barbosa","Est. tempo de leitura":"4 minutos"},"schema":{"@context":"https:\/\/schema.org","@graph":[{"@type":"WebSite","@id":"https:\/\/www.adf.org.br\/home\/#website","url":"https:\/\/www.adf.org.br\/home\/","name":"Associa\u00e7\u00e3o Devotos de F\u00e1tima","description":"Associa\u00e7\u00e3o Devotos de F\u00e1tima","potentialAction":[{"@type":"SearchAction","target":{"@type":"EntryPoint","urlTemplate":"https:\/\/www.adf.org.br\/home\/?s={search_term_string}"},"query-input":"required name=search_term_string"}],"inLanguage":"pt-BR"},{"@type":"ImageObject","@id":"https:\/\/www.adf.org.br\/home\/dos-mais-belos-ensinamentos-de-nosso-senhor\/#primaryimage","inLanguage":"pt-BR","url":"","contentUrl":""},{"@type":"WebPage","@id":"https:\/\/www.adf.org.br\/home\/dos-mais-belos-ensinamentos-de-nosso-senhor\/#webpage","url":"https:\/\/www.adf.org.br\/home\/dos-mais-belos-ensinamentos-de-nosso-senhor\/","name":"Um dos mais belos ensinamentos que Nosso Senhor nos deixou","isPartOf":{"@id":"https:\/\/www.adf.org.br\/home\/#website"},"primaryImageOfPage":{"@id":"https:\/\/www.adf.org.br\/home\/dos-mais-belos-ensinamentos-de-nosso-senhor\/#primaryimage"},"datePublished":"2018-04-24T03:00:55+00:00","dateModified":"2018-04-24T03:00:55+00:00","author":{"@id":"https:\/\/www.adf.org.br\/home\/#\/schema\/person\/f35a5c5aa7728a3dedf4ea9aa1fc2753"},"description":"Um dos mais belos ensinamentos que Nosso Senhor Jesus Cristo nos trouxe e como Maria o viveu durante a vida inteira. Veja.","breadcrumb":{"@id":"https:\/\/www.adf.org.br\/home\/dos-mais-belos-ensinamentos-de-nosso-senhor\/#breadcrumb"},"inLanguage":"pt-BR","potentialAction":[{"@type":"ReadAction","target":["https:\/\/www.adf.org.br\/home\/dos-mais-belos-ensinamentos-de-nosso-senhor\/"]}]},{"@type":"BreadcrumbList","@id":"https:\/\/www.adf.org.br\/home\/dos-mais-belos-ensinamentos-de-nosso-senhor\/#breadcrumb","itemListElement":[{"@type":"ListItem","position":1,"name":"Home","item":"https:\/\/www.adf.org.br\/home\/"},{"@type":"ListItem","position":2,"name":"Um dos mais belos ensinamentos que Nosso Senhor Jesus Cristo nos trouxe e como Maria o viveu durante a vida inteira. Veja."}]},{"@type":"Person","@id":"https:\/\/www.adf.org.br\/home\/#\/schema\/person\/f35a5c5aa7728a3dedf4ea9aa1fc2753","name":"Gabriel Barbosa","image":{"@type":"ImageObject","@id":"https:\/\/www.adf.org.br\/home\/#personlogo","inLanguage":"pt-BR","url":"https:\/\/secure.gravatar.com\/avatar\/2b2cb2f4637682c5605e8d36818f51ef?s=96&d=mm&r=g","contentUrl":"https:\/\/secure.gravatar.com\/avatar\/2b2cb2f4637682c5605e8d36818f51ef?s=96&d=mm&r=g","caption":"Gabriel Barbosa"},"url":"https:\/\/www.adf.org.br\/home\/author\/gabrielpmk-com-br\/"}]}},"_links":{"self":[{"href":"https:\/\/www.adf.org.br\/home\/wp-json\/wp\/v2\/posts\/24500"}],"collection":[{"href":"https:\/\/www.adf.org.br\/home\/wp-json\/wp\/v2\/posts"}],"about":[{"href":"https:\/\/www.adf.org.br\/home\/wp-json\/wp\/v2\/types\/post"}],"author":[{"embeddable":true,"href":"https:\/\/www.adf.org.br\/home\/wp-json\/wp\/v2\/users\/31"}],"replies":[{"embeddable":true,"href":"https:\/\/www.adf.org.br\/home\/wp-json\/wp\/v2\/comments?post=24500"}],"version-history":[{"count":0,"href":"https:\/\/www.adf.org.br\/home\/wp-json\/wp\/v2\/posts\/24500\/revisions"}],"wp:featuredmedia":[{"embeddable":true,"href":"https:\/\/www.adf.org.br\/home\/wp-json\/wp\/v2\/media\/46561"}],"wp:attachment":[{"href":"https:\/\/www.adf.org.br\/home\/wp-json\/wp\/v2\/media?parent=24500"}],"wp:term":[{"taxonomy":"category","embeddable":true,"href":"https:\/\/www.adf.org.br\/home\/wp-json\/wp\/v2\/categories?post=24500"},{"taxonomy":"post_tag","embeddable":true,"href":"https:\/\/www.adf.org.br\/home\/wp-json\/wp\/v2\/tags?post=24500"}],"curies":[{"name":"wp","href":"https:\/\/api.w.org\/{rel}","templated":true}]}}