{"id":24333,"date":"2014-05-07T23:57:47","date_gmt":"2014-05-08T02:57:47","guid":{"rendered":"http:\/\/www.adf.org.br\/home\/?p=24333"},"modified":"2014-05-07T23:57:47","modified_gmt":"2014-05-08T02:57:47","slug":"vitoria-da-familia-na-guerra-contra-o-pne-vencida-a-batalha-contra-a-ideologia-de-genero","status":"publish","type":"post","link":"https:\/\/www.adf.org.br\/home\/vitoria-da-familia-na-guerra-contra-o-pne-vencida-a-batalha-contra-a-ideologia-de-genero\/","title":{"rendered":"Vit\u00f3ria da Fam\u00edlia! Na guerra contra o PNE, vencida a batalha contra a \u201cIdeologia de G\u00eanero\u201d"},"content":{"rendered":"<p><figure id=\"attachment_24340\" aria-describedby=\"caption-attachment-24340\" style=\"width: 491px\" class=\"wp-caption aligncenter\"><img loading=\"lazy\" class=\" wp-image-24340   \" title=\"aprova\u00e7\u00e3o do PLE\" src=\"http:\/\/www.adf.org.br\/home\/wp-content\/uploads\/2014\/05\/Blog-da-Familia-1.jpg\" alt=\"\" width=\"491\" height=\"322\" \/><figcaption id=\"caption-attachment-24340\" class=\"wp-caption-text\">No dia 6-4-14, sess\u00e3o da Comiss\u00e3o especial que aprovou o Plano Nacional de Educa\u00e7\u00e3o, sem men\u00e7\u00e3o a \u201cIdeologia de G\u00eanero\u201d \u2014 Foto: Lucio Bernardo Jr.\/C\u00e2mara dos Deputados<\/figcaption><\/figure><br \/>\n<strong>N<\/strong>esta ter\u00e7a-feira (6-4-14) transcorreu a vota\u00e7\u00e3o na comiss\u00e3o especial que analisa o\u00a0<em>Plano Nacional de Educa\u00e7\u00e3o<\/em>\u00a0(PNE). Este foi aprovado, mas sem a men\u00e7\u00e3o \u00e0 abomin\u00e1vel (e rid\u00edcula) express\u00e3o\u00a0<em><strong>\u201cIdeologia de G\u00eanero\u201d<\/strong><\/em>\u00a0\u2014 ideologia perversamente anti-fam\u00edlia. Se tal express\u00e3o n\u00e3o fosse exclu\u00edda do PNE, seria permitido nas escolas um ensino favor\u00e1vel ao homossexualismo, e outros tipos de \u201corienta\u00e7\u00f5es sexuais\u201d, \u00e0s nossas crian\u00e7as.<br \/>\nSegundo informa\u00e7\u00e3o da \u201cAgencia Brasil\u201d (6-4-14), o relat\u00f3rio anterior aprovava a<em><strong>&#8220;supera\u00e7\u00e3o das desigualdades educacionais, com \u00eanfase na promo\u00e7\u00e3o de igualdade racial, regional, de g\u00eanero e de orienta\u00e7\u00e3o sexual&#8221;.<\/strong><\/em>\u00a0A reda\u00e7\u00e3o final foi alterada para\u00a0<em><strong>&#8220;a erradica\u00e7\u00e3o de todas as formas de discrimina\u00e7\u00e3o&#8221;.<\/strong><\/em><\/p>\n<p style=\"padding-left: 90px;\"><strong><span style=\"color: #800080;\">Gra\u00e7as a Deus e aos esfor\u00e7os de muitos defensores da institui\u00e7\u00e3o familiar \u2014 com telefonemas, envios de e-mails, fax, contatos com parlamentares etc.\u00a0\u2014, tal express\u00e3o foi exclu\u00edda do PNE (PL 8035\/10), que h\u00e1 3 anos tramita no Congresso Nacional.<\/span><\/strong><\/p>\n<p>Surtiu um \u00f3timo efeito essa campanha de protestos enviados ao Congresso Nacional\u00a0\u2014\u00a0por parte de muitos que argutamente perceberam os graves riscos da aprova\u00e7\u00e3o do PNE com refer\u00eancias \u00e0 \u201cIdeologia de G\u00eanero\u201d\u00a0\u2014,\u00a0bem como de pedidos para que os deputados que aprovavam a retirada da malfada express\u00e3o estivessem presentes na vota\u00e7\u00e3o.<\/p>\n<p style=\"text-align: center;\"><img loading=\"lazy\" class=\"wp-image-24341 aligncenter\" title=\"Blog da Fam\u00edlia\" src=\"http:\/\/www.adf.org.br\/home\/wp-content\/uploads\/2014\/05\/Blog-da-Familia-3.jpg\" alt=\"\" width=\"461\" height=\"346\" \/><\/p>\n<p>Conforme not\u00edcia da \u201cAg\u00eancia Brasil\u201d (6-5-14), agora a expectativa \u00e9 que o PNE seja votado no Plen\u00e1rio dentro de 10 dias e siga para san\u00e7\u00e3o presidencial ainda neste m\u00eas.<br \/>\nMas a mobiliza\u00e7\u00e3o que se obteve contra o plano nefasto n\u00e3o pode baixar a guardar, pois sabemos que n\u00e3o cessar\u00e3o as investidas daqueles que promovem a desagrega\u00e7\u00e3o da fam\u00edlia tradicional, como estabelecida por Deus \u00a0\u2014\u00a0ou seja, constitu\u00edda com o matrim\u00f4nio monog\u00e2mico e indissol\u00favel, celebrado entre um homem e uma mulher, com vistas \u00e0 gera\u00e7\u00e3o e educa\u00e7\u00e3o da prole.<br \/>\nH\u00e1 outros projetos desagregadores da institui\u00e7\u00e3o familiar em pauta. Permane\u00e7amos, portanto, <strong>VIGILANTES<\/strong>! Que a Sagrada Fam\u00edlia \u2014 Jesus, Maria e Jos\u00e9 \u2014 aben\u00e7oem e recompensem abundantemente todos que participaram desta longa batalha.<br \/>\n<a href=\"http:\/\/www.adf.org.br\/virgem-de-fatima-pelo-brasil\/?&amp;oa=1\"><img loading=\"lazy\" class=\"aligncenter size-full wp-image-24345\" title=\"A M\u00e3e de Deus em seu lar\" src=\"http:\/\/www.adf.org.br\/home\/wp-content\/uploads\/2014\/05\/1768-email-topo.jpg\" alt=\"\" width=\"600\" height=\"300\" \/><\/a><\/p>\n<p style=\"text-align: center;\">\n<p><em>Fonte: Blog da Fam\u00edlia<\/em><\/p>\n","protected":false},"excerpt":{"rendered":"<p>Nesta ter\u00e7a-feira (6-4-14) transcorreu a vota\u00e7\u00e3o na comiss\u00e3o especial que analisa o\u00a0Plano Nacional de Educa\u00e7\u00e3o\u00a0(PNE). Este foi aprovado, mas sem a men\u00e7\u00e3o \u00e0 abomin\u00e1vel (e rid\u00edcula) express\u00e3o\u00a0\u201cIdeologia de G\u00eanero\u201d\u00a0\u2014 ideologia perversamente anti-fam\u00edlia. Se tal express\u00e3o n\u00e3o fosse exclu\u00edda do PNE, seria permitido nas escolas um ensino favor\u00e1vel ao homossexualismo, e outros tipos de \u201corienta\u00e7\u00f5es sexuais\u201d, [&hellip;]<\/p>\n","protected":false},"author":31,"featured_media":0,"comment_status":"open","ping_status":"open","sticky":false,"template":"","format":"standard","meta":[],"categories":[20],"tags":[882],"yoast_head":"<!-- This site is optimized with the Yoast SEO plugin v17.4 - https:\/\/yoast.com\/wordpress\/plugins\/seo\/ -->\n<title>Vit\u00f3ria da Fam\u00edlia! Na guerra contra o PNE, vencida a batalha contra a \u201cIdeologia de G\u00eanero\u201d - Associa\u00e7\u00e3o Devotos de F\u00e1tima<\/title>\n<meta name=\"robots\" content=\"index, follow, max-snippet:-1, max-image-preview:large, max-video-preview:-1\" \/>\n<link rel=\"canonical\" href=\"https:\/\/www.adf.org.br\/home\/vitoria-da-familia-na-guerra-contra-o-pne-vencida-a-batalha-contra-a-ideologia-de-genero\/\" \/>\n<meta property=\"og:locale\" content=\"pt_BR\" \/>\n<meta property=\"og:type\" content=\"article\" \/>\n<meta property=\"og:title\" content=\"Vit\u00f3ria da Fam\u00edlia! Na guerra contra o PNE, vencida a batalha contra a \u201cIdeologia de G\u00eanero\u201d - Associa\u00e7\u00e3o Devotos de F\u00e1tima\" \/>\n<meta property=\"og:description\" content=\"Nesta ter\u00e7a-feira (6-4-14) transcorreu a vota\u00e7\u00e3o na comiss\u00e3o especial que analisa o\u00a0Plano Nacional de Educa\u00e7\u00e3o\u00a0(PNE). Este foi aprovado, mas sem a men\u00e7\u00e3o \u00e0 abomin\u00e1vel (e rid\u00edcula) express\u00e3o\u00a0\u201cIdeologia de G\u00eanero\u201d\u00a0\u2014 ideologia perversamente anti-fam\u00edlia. Se tal express\u00e3o n\u00e3o fosse exclu\u00edda do PNE, seria permitido nas escolas um ensino favor\u00e1vel ao homossexualismo, e outros tipos de \u201corienta\u00e7\u00f5es sexuais\u201d, [&hellip;]\" \/>\n<meta property=\"og:url\" content=\"https:\/\/www.adf.org.br\/home\/vitoria-da-familia-na-guerra-contra-o-pne-vencida-a-batalha-contra-a-ideologia-de-genero\/\" \/>\n<meta property=\"og:site_name\" content=\"Associa\u00e7\u00e3o Devotos de F\u00e1tima\" \/>\n<meta property=\"article:published_time\" content=\"2014-05-08T02:57:47+00:00\" \/>\n<meta property=\"og:image\" content=\"http:\/\/www.adf.org.br\/home\/wp-content\/uploads\/2014\/05\/Blog-da-Familia-1.jpg\" \/>\n<meta name=\"twitter:card\" content=\"summary_large_image\" \/>\n<meta name=\"twitter:label1\" content=\"Escrito por\" \/>\n\t<meta name=\"twitter:data1\" content=\"Gabriel Barbosa\" \/>\n\t<meta name=\"twitter:label2\" content=\"Est. tempo de leitura\" \/>\n\t<meta name=\"twitter:data2\" content=\"2 minutos\" \/>\n<script type=\"application\/ld+json\" class=\"yoast-schema-graph\">{\"@context\":\"https:\/\/schema.org\",\"@graph\":[{\"@type\":\"WebSite\",\"@id\":\"https:\/\/www.adf.org.br\/home\/#website\",\"url\":\"https:\/\/www.adf.org.br\/home\/\",\"name\":\"Associa\\u00e7\\u00e3o Devotos de F\\u00e1tima\",\"description\":\"Associa\\u00e7\\u00e3o Devotos de F\\u00e1tima\",\"potentialAction\":[{\"@type\":\"SearchAction\",\"target\":{\"@type\":\"EntryPoint\",\"urlTemplate\":\"https:\/\/www.adf.org.br\/home\/?s={search_term_string}\"},\"query-input\":\"required name=search_term_string\"}],\"inLanguage\":\"pt-BR\"},{\"@type\":\"ImageObject\",\"@id\":\"https:\/\/www.adf.org.br\/home\/vitoria-da-familia-na-guerra-contra-o-pne-vencida-a-batalha-contra-a-ideologia-de-genero\/#primaryimage\",\"inLanguage\":\"pt-BR\",\"url\":\"http:\/\/www.adf.org.br\/home\/wp-content\/uploads\/2014\/05\/Blog-da-Familia-1.jpg\",\"contentUrl\":\"http:\/\/www.adf.org.br\/home\/wp-content\/uploads\/2014\/05\/Blog-da-Familia-1.jpg\"},{\"@type\":\"WebPage\",\"@id\":\"https:\/\/www.adf.org.br\/home\/vitoria-da-familia-na-guerra-contra-o-pne-vencida-a-batalha-contra-a-ideologia-de-genero\/#webpage\",\"url\":\"https:\/\/www.adf.org.br\/home\/vitoria-da-familia-na-guerra-contra-o-pne-vencida-a-batalha-contra-a-ideologia-de-genero\/\",\"name\":\"Vit\\u00f3ria da Fam\\u00edlia! Na guerra contra o PNE, vencida a batalha contra a \\u201cIdeologia de G\\u00eanero\\u201d - Associa\\u00e7\\u00e3o Devotos de F\\u00e1tima\",\"isPartOf\":{\"@id\":\"https:\/\/www.adf.org.br\/home\/#website\"},\"primaryImageOfPage\":{\"@id\":\"https:\/\/www.adf.org.br\/home\/vitoria-da-familia-na-guerra-contra-o-pne-vencida-a-batalha-contra-a-ideologia-de-genero\/#primaryimage\"},\"datePublished\":\"2014-05-08T02:57:47+00:00\",\"dateModified\":\"2014-05-08T02:57:47+00:00\",\"author\":{\"@id\":\"https:\/\/www.adf.org.br\/home\/#\/schema\/person\/f35a5c5aa7728a3dedf4ea9aa1fc2753\"},\"breadcrumb\":{\"@id\":\"https:\/\/www.adf.org.br\/home\/vitoria-da-familia-na-guerra-contra-o-pne-vencida-a-batalha-contra-a-ideologia-de-genero\/#breadcrumb\"},\"inLanguage\":\"pt-BR\",\"potentialAction\":[{\"@type\":\"ReadAction\",\"target\":[\"https:\/\/www.adf.org.br\/home\/vitoria-da-familia-na-guerra-contra-o-pne-vencida-a-batalha-contra-a-ideologia-de-genero\/\"]}]},{\"@type\":\"BreadcrumbList\",\"@id\":\"https:\/\/www.adf.org.br\/home\/vitoria-da-familia-na-guerra-contra-o-pne-vencida-a-batalha-contra-a-ideologia-de-genero\/#breadcrumb\",\"itemListElement\":[{\"@type\":\"ListItem\",\"position\":1,\"name\":\"Home\",\"item\":\"https:\/\/www.adf.org.br\/home\/\"},{\"@type\":\"ListItem\",\"position\":2,\"name\":\"Vit\\u00f3ria da Fam\\u00edlia! Na guerra contra o PNE, vencida a batalha contra a \\u201cIdeologia de G\\u00eanero\\u201d\"}]},{\"@type\":\"Person\",\"@id\":\"https:\/\/www.adf.org.br\/home\/#\/schema\/person\/f35a5c5aa7728a3dedf4ea9aa1fc2753\",\"name\":\"Gabriel Barbosa\",\"image\":{\"@type\":\"ImageObject\",\"@id\":\"https:\/\/www.adf.org.br\/home\/#personlogo\",\"inLanguage\":\"pt-BR\",\"url\":\"https:\/\/secure.gravatar.com\/avatar\/2b2cb2f4637682c5605e8d36818f51ef?s=96&d=mm&r=g\",\"contentUrl\":\"https:\/\/secure.gravatar.com\/avatar\/2b2cb2f4637682c5605e8d36818f51ef?s=96&d=mm&r=g\",\"caption\":\"Gabriel Barbosa\"},\"url\":\"https:\/\/www.adf.org.br\/home\/author\/gabrielpmk-com-br\/\"}]}<\/script>\n<!-- \/ Yoast SEO plugin. -->","yoast_head_json":{"title":"Vit\u00f3ria da Fam\u00edlia! Na guerra contra o PNE, vencida a batalha contra a \u201cIdeologia de G\u00eanero\u201d - Associa\u00e7\u00e3o Devotos de F\u00e1tima","robots":{"index":"index","follow":"follow","max-snippet":"max-snippet:-1","max-image-preview":"max-image-preview:large","max-video-preview":"max-video-preview:-1"},"canonical":"https:\/\/www.adf.org.br\/home\/vitoria-da-familia-na-guerra-contra-o-pne-vencida-a-batalha-contra-a-ideologia-de-genero\/","og_locale":"pt_BR","og_type":"article","og_title":"Vit\u00f3ria da Fam\u00edlia! Na guerra contra o PNE, vencida a batalha contra a \u201cIdeologia de G\u00eanero\u201d - Associa\u00e7\u00e3o Devotos de F\u00e1tima","og_description":"Nesta ter\u00e7a-feira (6-4-14) transcorreu a vota\u00e7\u00e3o na comiss\u00e3o especial que analisa o\u00a0Plano Nacional de Educa\u00e7\u00e3o\u00a0(PNE). Este foi aprovado, mas sem a men\u00e7\u00e3o \u00e0 abomin\u00e1vel (e rid\u00edcula) express\u00e3o\u00a0\u201cIdeologia de G\u00eanero\u201d\u00a0\u2014 ideologia perversamente anti-fam\u00edlia. Se tal express\u00e3o n\u00e3o fosse exclu\u00edda do PNE, seria permitido nas escolas um ensino favor\u00e1vel ao homossexualismo, e outros tipos de \u201corienta\u00e7\u00f5es sexuais\u201d, [&hellip;]","og_url":"https:\/\/www.adf.org.br\/home\/vitoria-da-familia-na-guerra-contra-o-pne-vencida-a-batalha-contra-a-ideologia-de-genero\/","og_site_name":"Associa\u00e7\u00e3o Devotos de F\u00e1tima","article_published_time":"2014-05-08T02:57:47+00:00","og_image":[{"url":"http:\/\/www.adf.org.br\/home\/wp-content\/uploads\/2014\/05\/Blog-da-Familia-1.jpg"}],"twitter_card":"summary_large_image","twitter_misc":{"Escrito por":"Gabriel Barbosa","Est. tempo de leitura":"2 minutos"},"schema":{"@context":"https:\/\/schema.org","@graph":[{"@type":"WebSite","@id":"https:\/\/www.adf.org.br\/home\/#website","url":"https:\/\/www.adf.org.br\/home\/","name":"Associa\u00e7\u00e3o Devotos de F\u00e1tima","description":"Associa\u00e7\u00e3o Devotos de F\u00e1tima","potentialAction":[{"@type":"SearchAction","target":{"@type":"EntryPoint","urlTemplate":"https:\/\/www.adf.org.br\/home\/?s={search_term_string}"},"query-input":"required name=search_term_string"}],"inLanguage":"pt-BR"},{"@type":"ImageObject","@id":"https:\/\/www.adf.org.br\/home\/vitoria-da-familia-na-guerra-contra-o-pne-vencida-a-batalha-contra-a-ideologia-de-genero\/#primaryimage","inLanguage":"pt-BR","url":"http:\/\/www.adf.org.br\/home\/wp-content\/uploads\/2014\/05\/Blog-da-Familia-1.jpg","contentUrl":"http:\/\/www.adf.org.br\/home\/wp-content\/uploads\/2014\/05\/Blog-da-Familia-1.jpg"},{"@type":"WebPage","@id":"https:\/\/www.adf.org.br\/home\/vitoria-da-familia-na-guerra-contra-o-pne-vencida-a-batalha-contra-a-ideologia-de-genero\/#webpage","url":"https:\/\/www.adf.org.br\/home\/vitoria-da-familia-na-guerra-contra-o-pne-vencida-a-batalha-contra-a-ideologia-de-genero\/","name":"Vit\u00f3ria da Fam\u00edlia! Na guerra contra o PNE, vencida a batalha contra a \u201cIdeologia de G\u00eanero\u201d - Associa\u00e7\u00e3o Devotos de F\u00e1tima","isPartOf":{"@id":"https:\/\/www.adf.org.br\/home\/#website"},"primaryImageOfPage":{"@id":"https:\/\/www.adf.org.br\/home\/vitoria-da-familia-na-guerra-contra-o-pne-vencida-a-batalha-contra-a-ideologia-de-genero\/#primaryimage"},"datePublished":"2014-05-08T02:57:47+00:00","dateModified":"2014-05-08T02:57:47+00:00","author":{"@id":"https:\/\/www.adf.org.br\/home\/#\/schema\/person\/f35a5c5aa7728a3dedf4ea9aa1fc2753"},"breadcrumb":{"@id":"https:\/\/www.adf.org.br\/home\/vitoria-da-familia-na-guerra-contra-o-pne-vencida-a-batalha-contra-a-ideologia-de-genero\/#breadcrumb"},"inLanguage":"pt-BR","potentialAction":[{"@type":"ReadAction","target":["https:\/\/www.adf.org.br\/home\/vitoria-da-familia-na-guerra-contra-o-pne-vencida-a-batalha-contra-a-ideologia-de-genero\/"]}]},{"@type":"BreadcrumbList","@id":"https:\/\/www.adf.org.br\/home\/vitoria-da-familia-na-guerra-contra-o-pne-vencida-a-batalha-contra-a-ideologia-de-genero\/#breadcrumb","itemListElement":[{"@type":"ListItem","position":1,"name":"Home","item":"https:\/\/www.adf.org.br\/home\/"},{"@type":"ListItem","position":2,"name":"Vit\u00f3ria da Fam\u00edlia! Na guerra contra o PNE, vencida a batalha contra a \u201cIdeologia de G\u00eanero\u201d"}]},{"@type":"Person","@id":"https:\/\/www.adf.org.br\/home\/#\/schema\/person\/f35a5c5aa7728a3dedf4ea9aa1fc2753","name":"Gabriel Barbosa","image":{"@type":"ImageObject","@id":"https:\/\/www.adf.org.br\/home\/#personlogo","inLanguage":"pt-BR","url":"https:\/\/secure.gravatar.com\/avatar\/2b2cb2f4637682c5605e8d36818f51ef?s=96&d=mm&r=g","contentUrl":"https:\/\/secure.gravatar.com\/avatar\/2b2cb2f4637682c5605e8d36818f51ef?s=96&d=mm&r=g","caption":"Gabriel Barbosa"},"url":"https:\/\/www.adf.org.br\/home\/author\/gabrielpmk-com-br\/"}]}},"_links":{"self":[{"href":"https:\/\/www.adf.org.br\/home\/wp-json\/wp\/v2\/posts\/24333"}],"collection":[{"href":"https:\/\/www.adf.org.br\/home\/wp-json\/wp\/v2\/posts"}],"about":[{"href":"https:\/\/www.adf.org.br\/home\/wp-json\/wp\/v2\/types\/post"}],"author":[{"embeddable":true,"href":"https:\/\/www.adf.org.br\/home\/wp-json\/wp\/v2\/users\/31"}],"replies":[{"embeddable":true,"href":"https:\/\/www.adf.org.br\/home\/wp-json\/wp\/v2\/comments?post=24333"}],"version-history":[{"count":0,"href":"https:\/\/www.adf.org.br\/home\/wp-json\/wp\/v2\/posts\/24333\/revisions"}],"wp:attachment":[{"href":"https:\/\/www.adf.org.br\/home\/wp-json\/wp\/v2\/media?parent=24333"}],"wp:term":[{"taxonomy":"category","embeddable":true,"href":"https:\/\/www.adf.org.br\/home\/wp-json\/wp\/v2\/categories?post=24333"},{"taxonomy":"post_tag","embeddable":true,"href":"https:\/\/www.adf.org.br\/home\/wp-json\/wp\/v2\/tags?post=24333"}],"curies":[{"name":"wp","href":"https:\/\/api.w.org\/{rel}","templated":true}]}}