{"id":24254,"date":"2014-05-03T05:00:48","date_gmt":"2014-05-03T08:00:48","guid":{"rendered":"http:\/\/www.adf.org.br\/home\/?p=24254"},"modified":"2014-05-03T05:00:48","modified_gmt":"2014-05-03T08:00:48","slug":"cristaos-brasileiros-cobram-posicao-por-escrito-de-politicos-contra-o-aborto","status":"publish","type":"post","link":"https:\/\/www.adf.org.br\/home\/cristaos-brasileiros-cobram-posicao-por-escrito-de-politicos-contra-o-aborto\/","title":{"rendered":"Crist\u00e3os brasileiros cobram posi\u00e7\u00e3o por escrito de pol\u00edticos contra o Aborto"},"content":{"rendered":"<p><a href=\"http:\/\/minhacartaaberta.com.br\/candidatos2014\/\"><img loading=\"lazy\" class=\"aligncenter size-full wp-image-24255\" title=\"Carta aberta aos Candidatos\" src=\"http:\/\/www.adf.org.br\/home\/wp-content\/uploads\/2014\/04\/banner_post.jpg\" alt=\"\" width=\"600\" height=\"491\" \/><\/a><br \/>\n<span style=\"color: #ffffff;\">.<\/span><br \/>\nSob o t\u00edtulo <strong>&#8220;Carta aberta aos Candidatos ao Executivo e Legislativo das elei\u00e7\u00f5es de 2014&#8221;<\/strong> a Associa\u00e7\u00e3o Devotos de F\u00e1tima convoca todos os crist\u00e3os brasileiros a assinar uma carta que exige dos candidatos uma posi\u00e7\u00e3o clara e firme contra o Aborto (leia a carta em <a href=\"http:\/\/www.minhacartaaberta.com.br\/candidatos2014\">www.minhacartaaberta.com.br\/candidatos2014<\/a>).<br \/>\n&#8220;Desta vez n\u00f3s vamos controlar, vamos cobrar, vamos denunciar&#8221;, afirma Marcos Luiz Garcia, Coordenador de Campanhas.<br \/>\n&#8220;O pol\u00edticos s\u00e3o assim, dizem uma coisa ao grande p\u00fablico e depois de eleitos, na surdina dos gabinetes, muitos fazem o contr\u00e1rio do que prometeram. <strong>Agora tudo mudou, e estamos exigindo uma posi\u00e7\u00e3o p\u00fablica e por escrito<\/strong>&#8220;, completa Marcos Luiz.<br \/>\nOnde os pol\u00edticos podem escrever sobre suas posi\u00e7\u00f5es?<br \/>\n<strong>Aqui embaixo. No espa\u00e7o reservado aos coment\u00e1rios.<\/strong><br \/>\nComo os coment\u00e1rios s\u00e3o controlados por um Moderador, nossa Associa\u00e7\u00e3o, antes de publicar a declara\u00e7\u00e3o do candidato, entrar\u00e1 em contato com o mesmo para confirmar todos os dados.<br \/>\nAos senhores candidatos:<br \/>\nEscrevam no local dos coment\u00e1rios, abaixo, suas opini\u00f5es, coloquem seu nome por inteiro, seu nome que vai constar na urna eleitoral, seu RG e um telefone para que possamos entrar em contato (esse telefone n\u00e3o ser\u00e1 publicado).<br \/>\n<strong>Depois de feitas as confirma\u00e7\u00f5es, publicaremos sua posi\u00e7\u00e3o<\/strong>. E informaremos aos milh\u00f5es de simpatizantes que temos pelo pa\u00eds.<\/p>\n","protected":false},"excerpt":{"rendered":"<p>. Sob o t\u00edtulo &#8220;Carta aberta aos Candidatos ao Executivo e Legislativo das elei\u00e7\u00f5es de 2014&#8221; a Associa\u00e7\u00e3o Devotos de F\u00e1tima convoca todos os crist\u00e3os brasileiros a assinar uma carta que exige dos candidatos uma posi\u00e7\u00e3o clara e firme contra o Aborto (leia a carta em www.minhacartaaberta.com.br\/candidatos2014). &#8220;Desta vez n\u00f3s vamos controlar, vamos cobrar, vamos [&hellip;]<\/p>\n","protected":false},"author":31,"featured_media":0,"comment_status":"open","ping_status":"open","sticky":false,"template":"","format":"standard","meta":[],"categories":[126],"tags":[47,924,925,926,927,928],"yoast_head":"<!-- This site is optimized with the Yoast SEO plugin v17.4 - https:\/\/yoast.com\/wordpress\/plugins\/seo\/ -->\n<title>Crist\u00e3os brasileiros cobram posi\u00e7\u00e3o por escrito de pol\u00edticos contra o Aborto - Associa\u00e7\u00e3o Devotos de F\u00e1tima<\/title>\n<meta name=\"robots\" content=\"index, follow, max-snippet:-1, max-image-preview:large, max-video-preview:-1\" \/>\n<link rel=\"canonical\" href=\"https:\/\/www.adf.org.br\/home\/cristaos-brasileiros-cobram-posicao-por-escrito-de-politicos-contra-o-aborto\/\" \/>\n<meta property=\"og:locale\" content=\"pt_BR\" \/>\n<meta property=\"og:type\" content=\"article\" \/>\n<meta property=\"og:title\" content=\"Crist\u00e3os brasileiros cobram posi\u00e7\u00e3o por escrito de pol\u00edticos contra o Aborto - Associa\u00e7\u00e3o Devotos de F\u00e1tima\" \/>\n<meta property=\"og:description\" content=\". Sob o t\u00edtulo &#8220;Carta aberta aos Candidatos ao Executivo e Legislativo das elei\u00e7\u00f5es de 2014&#8221; a Associa\u00e7\u00e3o Devotos de F\u00e1tima convoca todos os crist\u00e3os brasileiros a assinar uma carta que exige dos candidatos uma posi\u00e7\u00e3o clara e firme contra o Aborto (leia a carta em www.minhacartaaberta.com.br\/candidatos2014). &#8220;Desta vez n\u00f3s vamos controlar, vamos cobrar, vamos [&hellip;]\" \/>\n<meta property=\"og:url\" content=\"https:\/\/www.adf.org.br\/home\/cristaos-brasileiros-cobram-posicao-por-escrito-de-politicos-contra-o-aborto\/\" \/>\n<meta property=\"og:site_name\" content=\"Associa\u00e7\u00e3o Devotos de F\u00e1tima\" \/>\n<meta property=\"article:published_time\" content=\"2014-05-03T08:00:48+00:00\" \/>\n<meta property=\"og:image\" content=\"http:\/\/www.adf.org.br\/home\/wp-content\/uploads\/2014\/04\/banner_post.jpg\" \/>\n<meta name=\"twitter:card\" content=\"summary_large_image\" \/>\n<meta name=\"twitter:label1\" content=\"Escrito por\" \/>\n\t<meta name=\"twitter:data1\" content=\"Gabriel Barbosa\" \/>\n\t<meta name=\"twitter:label2\" content=\"Est. tempo de leitura\" \/>\n\t<meta name=\"twitter:data2\" content=\"1 minuto\" \/>\n<script type=\"application\/ld+json\" class=\"yoast-schema-graph\">{\"@context\":\"https:\/\/schema.org\",\"@graph\":[{\"@type\":\"WebSite\",\"@id\":\"https:\/\/www.adf.org.br\/home\/#website\",\"url\":\"https:\/\/www.adf.org.br\/home\/\",\"name\":\"Associa\\u00e7\\u00e3o Devotos de F\\u00e1tima\",\"description\":\"Associa\\u00e7\\u00e3o Devotos de F\\u00e1tima\",\"potentialAction\":[{\"@type\":\"SearchAction\",\"target\":{\"@type\":\"EntryPoint\",\"urlTemplate\":\"https:\/\/www.adf.org.br\/home\/?s={search_term_string}\"},\"query-input\":\"required name=search_term_string\"}],\"inLanguage\":\"pt-BR\"},{\"@type\":\"ImageObject\",\"@id\":\"https:\/\/www.adf.org.br\/home\/cristaos-brasileiros-cobram-posicao-por-escrito-de-politicos-contra-o-aborto\/#primaryimage\",\"inLanguage\":\"pt-BR\",\"url\":\"http:\/\/www.adf.org.br\/home\/wp-content\/uploads\/2014\/04\/banner_post.jpg\",\"contentUrl\":\"http:\/\/www.adf.org.br\/home\/wp-content\/uploads\/2014\/04\/banner_post.jpg\"},{\"@type\":\"WebPage\",\"@id\":\"https:\/\/www.adf.org.br\/home\/cristaos-brasileiros-cobram-posicao-por-escrito-de-politicos-contra-o-aborto\/#webpage\",\"url\":\"https:\/\/www.adf.org.br\/home\/cristaos-brasileiros-cobram-posicao-por-escrito-de-politicos-contra-o-aborto\/\",\"name\":\"Crist\\u00e3os brasileiros cobram posi\\u00e7\\u00e3o por escrito de pol\\u00edticos contra o Aborto - Associa\\u00e7\\u00e3o Devotos de F\\u00e1tima\",\"isPartOf\":{\"@id\":\"https:\/\/www.adf.org.br\/home\/#website\"},\"primaryImageOfPage\":{\"@id\":\"https:\/\/www.adf.org.br\/home\/cristaos-brasileiros-cobram-posicao-por-escrito-de-politicos-contra-o-aborto\/#primaryimage\"},\"datePublished\":\"2014-05-03T08:00:48+00:00\",\"dateModified\":\"2014-05-03T08:00:48+00:00\",\"author\":{\"@id\":\"https:\/\/www.adf.org.br\/home\/#\/schema\/person\/f35a5c5aa7728a3dedf4ea9aa1fc2753\"},\"breadcrumb\":{\"@id\":\"https:\/\/www.adf.org.br\/home\/cristaos-brasileiros-cobram-posicao-por-escrito-de-politicos-contra-o-aborto\/#breadcrumb\"},\"inLanguage\":\"pt-BR\",\"potentialAction\":[{\"@type\":\"ReadAction\",\"target\":[\"https:\/\/www.adf.org.br\/home\/cristaos-brasileiros-cobram-posicao-por-escrito-de-politicos-contra-o-aborto\/\"]}]},{\"@type\":\"BreadcrumbList\",\"@id\":\"https:\/\/www.adf.org.br\/home\/cristaos-brasileiros-cobram-posicao-por-escrito-de-politicos-contra-o-aborto\/#breadcrumb\",\"itemListElement\":[{\"@type\":\"ListItem\",\"position\":1,\"name\":\"Home\",\"item\":\"https:\/\/www.adf.org.br\/home\/\"},{\"@type\":\"ListItem\",\"position\":2,\"name\":\"Crist\\u00e3os brasileiros cobram posi\\u00e7\\u00e3o por escrito de pol\\u00edticos contra o Aborto\"}]},{\"@type\":\"Person\",\"@id\":\"https:\/\/www.adf.org.br\/home\/#\/schema\/person\/f35a5c5aa7728a3dedf4ea9aa1fc2753\",\"name\":\"Gabriel Barbosa\",\"image\":{\"@type\":\"ImageObject\",\"@id\":\"https:\/\/www.adf.org.br\/home\/#personlogo\",\"inLanguage\":\"pt-BR\",\"url\":\"https:\/\/secure.gravatar.com\/avatar\/2b2cb2f4637682c5605e8d36818f51ef?s=96&d=mm&r=g\",\"contentUrl\":\"https:\/\/secure.gravatar.com\/avatar\/2b2cb2f4637682c5605e8d36818f51ef?s=96&d=mm&r=g\",\"caption\":\"Gabriel Barbosa\"},\"url\":\"https:\/\/www.adf.org.br\/home\/author\/gabrielpmk-com-br\/\"}]}<\/script>\n<!-- \/ Yoast SEO plugin. -->","yoast_head_json":{"title":"Crist\u00e3os brasileiros cobram posi\u00e7\u00e3o por escrito de pol\u00edticos contra o Aborto - Associa\u00e7\u00e3o Devotos de F\u00e1tima","robots":{"index":"index","follow":"follow","max-snippet":"max-snippet:-1","max-image-preview":"max-image-preview:large","max-video-preview":"max-video-preview:-1"},"canonical":"https:\/\/www.adf.org.br\/home\/cristaos-brasileiros-cobram-posicao-por-escrito-de-politicos-contra-o-aborto\/","og_locale":"pt_BR","og_type":"article","og_title":"Crist\u00e3os brasileiros cobram posi\u00e7\u00e3o por escrito de pol\u00edticos contra o Aborto - Associa\u00e7\u00e3o Devotos de F\u00e1tima","og_description":". Sob o t\u00edtulo &#8220;Carta aberta aos Candidatos ao Executivo e Legislativo das elei\u00e7\u00f5es de 2014&#8221; a Associa\u00e7\u00e3o Devotos de F\u00e1tima convoca todos os crist\u00e3os brasileiros a assinar uma carta que exige dos candidatos uma posi\u00e7\u00e3o clara e firme contra o Aborto (leia a carta em www.minhacartaaberta.com.br\/candidatos2014). &#8220;Desta vez n\u00f3s vamos controlar, vamos cobrar, vamos [&hellip;]","og_url":"https:\/\/www.adf.org.br\/home\/cristaos-brasileiros-cobram-posicao-por-escrito-de-politicos-contra-o-aborto\/","og_site_name":"Associa\u00e7\u00e3o Devotos de F\u00e1tima","article_published_time":"2014-05-03T08:00:48+00:00","og_image":[{"url":"http:\/\/www.adf.org.br\/home\/wp-content\/uploads\/2014\/04\/banner_post.jpg"}],"twitter_card":"summary_large_image","twitter_misc":{"Escrito por":"Gabriel Barbosa","Est. tempo de leitura":"1 minuto"},"schema":{"@context":"https:\/\/schema.org","@graph":[{"@type":"WebSite","@id":"https:\/\/www.adf.org.br\/home\/#website","url":"https:\/\/www.adf.org.br\/home\/","name":"Associa\u00e7\u00e3o Devotos de F\u00e1tima","description":"Associa\u00e7\u00e3o Devotos de F\u00e1tima","potentialAction":[{"@type":"SearchAction","target":{"@type":"EntryPoint","urlTemplate":"https:\/\/www.adf.org.br\/home\/?s={search_term_string}"},"query-input":"required name=search_term_string"}],"inLanguage":"pt-BR"},{"@type":"ImageObject","@id":"https:\/\/www.adf.org.br\/home\/cristaos-brasileiros-cobram-posicao-por-escrito-de-politicos-contra-o-aborto\/#primaryimage","inLanguage":"pt-BR","url":"http:\/\/www.adf.org.br\/home\/wp-content\/uploads\/2014\/04\/banner_post.jpg","contentUrl":"http:\/\/www.adf.org.br\/home\/wp-content\/uploads\/2014\/04\/banner_post.jpg"},{"@type":"WebPage","@id":"https:\/\/www.adf.org.br\/home\/cristaos-brasileiros-cobram-posicao-por-escrito-de-politicos-contra-o-aborto\/#webpage","url":"https:\/\/www.adf.org.br\/home\/cristaos-brasileiros-cobram-posicao-por-escrito-de-politicos-contra-o-aborto\/","name":"Crist\u00e3os brasileiros cobram posi\u00e7\u00e3o por escrito de pol\u00edticos contra o Aborto - Associa\u00e7\u00e3o Devotos de F\u00e1tima","isPartOf":{"@id":"https:\/\/www.adf.org.br\/home\/#website"},"primaryImageOfPage":{"@id":"https:\/\/www.adf.org.br\/home\/cristaos-brasileiros-cobram-posicao-por-escrito-de-politicos-contra-o-aborto\/#primaryimage"},"datePublished":"2014-05-03T08:00:48+00:00","dateModified":"2014-05-03T08:00:48+00:00","author":{"@id":"https:\/\/www.adf.org.br\/home\/#\/schema\/person\/f35a5c5aa7728a3dedf4ea9aa1fc2753"},"breadcrumb":{"@id":"https:\/\/www.adf.org.br\/home\/cristaos-brasileiros-cobram-posicao-por-escrito-de-politicos-contra-o-aborto\/#breadcrumb"},"inLanguage":"pt-BR","potentialAction":[{"@type":"ReadAction","target":["https:\/\/www.adf.org.br\/home\/cristaos-brasileiros-cobram-posicao-por-escrito-de-politicos-contra-o-aborto\/"]}]},{"@type":"BreadcrumbList","@id":"https:\/\/www.adf.org.br\/home\/cristaos-brasileiros-cobram-posicao-por-escrito-de-politicos-contra-o-aborto\/#breadcrumb","itemListElement":[{"@type":"ListItem","position":1,"name":"Home","item":"https:\/\/www.adf.org.br\/home\/"},{"@type":"ListItem","position":2,"name":"Crist\u00e3os brasileiros cobram posi\u00e7\u00e3o por escrito de pol\u00edticos contra o Aborto"}]},{"@type":"Person","@id":"https:\/\/www.adf.org.br\/home\/#\/schema\/person\/f35a5c5aa7728a3dedf4ea9aa1fc2753","name":"Gabriel Barbosa","image":{"@type":"ImageObject","@id":"https:\/\/www.adf.org.br\/home\/#personlogo","inLanguage":"pt-BR","url":"https:\/\/secure.gravatar.com\/avatar\/2b2cb2f4637682c5605e8d36818f51ef?s=96&d=mm&r=g","contentUrl":"https:\/\/secure.gravatar.com\/avatar\/2b2cb2f4637682c5605e8d36818f51ef?s=96&d=mm&r=g","caption":"Gabriel Barbosa"},"url":"https:\/\/www.adf.org.br\/home\/author\/gabrielpmk-com-br\/"}]}},"_links":{"self":[{"href":"https:\/\/www.adf.org.br\/home\/wp-json\/wp\/v2\/posts\/24254"}],"collection":[{"href":"https:\/\/www.adf.org.br\/home\/wp-json\/wp\/v2\/posts"}],"about":[{"href":"https:\/\/www.adf.org.br\/home\/wp-json\/wp\/v2\/types\/post"}],"author":[{"embeddable":true,"href":"https:\/\/www.adf.org.br\/home\/wp-json\/wp\/v2\/users\/31"}],"replies":[{"embeddable":true,"href":"https:\/\/www.adf.org.br\/home\/wp-json\/wp\/v2\/comments?post=24254"}],"version-history":[{"count":0,"href":"https:\/\/www.adf.org.br\/home\/wp-json\/wp\/v2\/posts\/24254\/revisions"}],"wp:attachment":[{"href":"https:\/\/www.adf.org.br\/home\/wp-json\/wp\/v2\/media?parent=24254"}],"wp:term":[{"taxonomy":"category","embeddable":true,"href":"https:\/\/www.adf.org.br\/home\/wp-json\/wp\/v2\/categories?post=24254"},{"taxonomy":"post_tag","embeddable":true,"href":"https:\/\/www.adf.org.br\/home\/wp-json\/wp\/v2\/tags?post=24254"}],"curies":[{"name":"wp","href":"https:\/\/api.w.org\/{rel}","templated":true}]}}