{"id":24154,"date":"2014-04-22T23:57:47","date_gmt":"2014-04-23T02:57:47","guid":{"rendered":"http:\/\/www.adf.org.br\/home\/?p=24154"},"modified":"2014-04-22T23:57:47","modified_gmt":"2014-04-23T02:57:47","slug":"a-fantastic-intriguing-title-29","status":"publish","type":"post","link":"https:\/\/www.adf.org.br\/home\/a-fantastic-intriguing-title-29\/","title":{"rendered":"Saiba o que fez Da. Maria se curar do c\u00e2ncer"},"content":{"rendered":"<p>&nbsp;<br \/>\n<img loading=\"lazy\" class=\"aligncenter size-full wp-image-24156\" title=\"cura do cancer\" src=\"http:\/\/www.adf.org.br\/home\/wp-content\/uploads\/2014\/04\/cura-do-cancer1.jpg\" alt=\"\" width=\"600\" height=\"238\" \/><br \/>\nVoc\u00ea leu o depoimento acima de Da. Maria?<br \/>\nEle nos mostra que, quando estamos passando por um problema, podemos sempre procurar a M\u00e3e Sant\u00edssima que interceder\u00e1 junto ao Pai do C\u00e9u.<br \/>\nE voc\u00ea, procura por Nossa Senhora?<br \/>\nDa. Maria fez isso e contou com a ajuda da Virgem Maria para n\u00e3o fraquejar em seu \u201ccalv\u00e1rio\u201d. Com isso, ela se curou de uma grave doen\u00e7a.<br \/>\nE voc\u00ea, pode pedir tamb\u00e9m pela ajuda de Nossa Senhora para um problema que voc\u00ea estiver passando.<br \/>\nPara isso, inscreva o seu nome na Missa da Intercess\u00e3o de Nossa Senhora de F\u00e1tima.<br \/>\nLigue:<br \/>\n<span style=\"font-size: large;\"><a href=\"tel:08007731119\"><strong>\u00a00800 773 11 19<\/strong><\/a><\/span><br \/>\nJ\u00e1 estamos com o Livro de Inten\u00e7\u00f5es dessa Missa apenas aguardando a sua liga\u00e7\u00e3o.<br \/>\nMas ligue hoje ainda. Eu estarei aqui lhe esperando at\u00e9 \u00e0s 22hs.<br \/>\nSaiba que sempre podemos contar com o apoio de Nossa Senhora de F\u00e1tima para qualquer tipo de problema&#8230;<br \/>\n&#8230; seja ele f\u00edsico ou espiritual.<br \/>\nEla certamente sabe quais s\u00e3o as nossas necessidades. Por isso, sabe como nos amparar.<br \/>\nEnt\u00e3o, fa\u00e7a como Da. Maria, n\u00e3o desanime e conte com Nossa Senhora para todas as batalhas de sua vida.<br \/>\n<em><strong>\u00a0\u201cNossa Senhora de F\u00e1tima, rogai por n\u00f3s\u201d.<\/strong><\/em><br \/>\n___________________________________________<\/p>\n<div><span style=\"color: #0000ff;\">Se voc\u00ea faz parte do <strong>Grupo Ap\u00f3stolos de F\u00e1tima\u00a0<\/strong>e ajuda mensalmente este Apostolado,\u00a0<span style=\"text-decoration: underline;\"><strong><a href=\"http:\/\/oratoriodamedalhamilagrosa.org.br\/home\/vela-permanente\/?origem=42#.U0SIPahdUdU\">acesse aqui<\/a><\/strong><\/span>\u00a0 sua Vela Virtual Exclusiva.<\/span><\/div>\n<div><span style=\"color: #0000ff;\"><br \/>\n<\/span><\/div>\n<div><span style=\"color: #0000ff;\"><a href=\"http:\/\/oratoriodamedalhamilagrosa.org.br\/home\/vela-permanente\/?origem=42#.U0SIPahdUdU\">Neste link<\/a> voc\u00ea pode incluir seus pedidos de ora\u00e7\u00e3o em todas as missas que est\u00e3o sendo celebradas durante o ano.\u00a0<span style=\"text-decoration: underline;\"><a href=\"http:\/\/oratoriodamedalhamilagrosa.org.br\/home\/vela-permanente\/?origem=42#.U0SIPahdUdU\">Entre aqui.<\/a><\/span><\/span><br clear=\"all\" \/><\/p>\n<div><\/div>\n<div><\/div>\n<div><\/div>\n<\/div>\n","protected":false},"excerpt":{"rendered":"<p>&nbsp; Voc\u00ea leu o depoimento acima de Da. Maria? Ele nos mostra que, quando estamos passando por um problema, podemos sempre procurar a M\u00e3e Sant\u00edssima que interceder\u00e1 junto ao Pai do C\u00e9u. E voc\u00ea, procura por Nossa Senhora? Da. Maria fez isso e contou com a ajuda da Virgem Maria para n\u00e3o fraquejar em seu [&hellip;]<\/p>\n","protected":false},"author":31,"featured_media":0,"comment_status":"open","ping_status":"open","sticky":false,"template":"","format":"standard","meta":[],"categories":[20],"tags":[918],"yoast_head":"<!-- This site is optimized with the Yoast SEO plugin v17.4 - https:\/\/yoast.com\/wordpress\/plugins\/seo\/ -->\n<title>Saiba o que fez Da. Maria se curar do c\u00e2ncer - Associa\u00e7\u00e3o Devotos de F\u00e1tima<\/title>\n<meta name=\"robots\" content=\"index, follow, max-snippet:-1, max-image-preview:large, max-video-preview:-1\" \/>\n<link rel=\"canonical\" href=\"https:\/\/www.adf.org.br\/home\/a-fantastic-intriguing-title-29\/\" \/>\n<meta property=\"og:locale\" content=\"pt_BR\" \/>\n<meta property=\"og:type\" content=\"article\" \/>\n<meta property=\"og:title\" content=\"Saiba o que fez Da. Maria se curar do c\u00e2ncer - Associa\u00e7\u00e3o Devotos de F\u00e1tima\" \/>\n<meta property=\"og:description\" content=\"&nbsp; Voc\u00ea leu o depoimento acima de Da. Maria? Ele nos mostra que, quando estamos passando por um problema, podemos sempre procurar a M\u00e3e Sant\u00edssima que interceder\u00e1 junto ao Pai do C\u00e9u. E voc\u00ea, procura por Nossa Senhora? Da. Maria fez isso e contou com a ajuda da Virgem Maria para n\u00e3o fraquejar em seu [&hellip;]\" \/>\n<meta property=\"og:url\" content=\"https:\/\/www.adf.org.br\/home\/a-fantastic-intriguing-title-29\/\" \/>\n<meta property=\"og:site_name\" content=\"Associa\u00e7\u00e3o Devotos de F\u00e1tima\" \/>\n<meta property=\"article:published_time\" content=\"2014-04-23T02:57:47+00:00\" \/>\n<meta property=\"og:image\" content=\"http:\/\/www.adf.org.br\/home\/wp-content\/uploads\/2014\/04\/cura-do-cancer1.jpg\" \/>\n<meta name=\"twitter:card\" content=\"summary_large_image\" \/>\n<meta name=\"twitter:label1\" content=\"Escrito por\" \/>\n\t<meta name=\"twitter:data1\" content=\"Gabriel Barbosa\" \/>\n\t<meta name=\"twitter:label2\" content=\"Est. tempo de leitura\" \/>\n\t<meta name=\"twitter:data2\" content=\"1 minuto\" \/>\n<script type=\"application\/ld+json\" class=\"yoast-schema-graph\">{\"@context\":\"https:\/\/schema.org\",\"@graph\":[{\"@type\":\"WebSite\",\"@id\":\"https:\/\/www.adf.org.br\/home\/#website\",\"url\":\"https:\/\/www.adf.org.br\/home\/\",\"name\":\"Associa\\u00e7\\u00e3o Devotos de F\\u00e1tima\",\"description\":\"Associa\\u00e7\\u00e3o Devotos de F\\u00e1tima\",\"potentialAction\":[{\"@type\":\"SearchAction\",\"target\":{\"@type\":\"EntryPoint\",\"urlTemplate\":\"https:\/\/www.adf.org.br\/home\/?s={search_term_string}\"},\"query-input\":\"required name=search_term_string\"}],\"inLanguage\":\"pt-BR\"},{\"@type\":\"ImageObject\",\"@id\":\"https:\/\/www.adf.org.br\/home\/a-fantastic-intriguing-title-29\/#primaryimage\",\"inLanguage\":\"pt-BR\",\"url\":\"http:\/\/www.adf.org.br\/home\/wp-content\/uploads\/2014\/04\/cura-do-cancer1.jpg\",\"contentUrl\":\"http:\/\/www.adf.org.br\/home\/wp-content\/uploads\/2014\/04\/cura-do-cancer1.jpg\"},{\"@type\":\"WebPage\",\"@id\":\"https:\/\/www.adf.org.br\/home\/a-fantastic-intriguing-title-29\/#webpage\",\"url\":\"https:\/\/www.adf.org.br\/home\/a-fantastic-intriguing-title-29\/\",\"name\":\"Saiba o que fez Da. Maria se curar do c\\u00e2ncer - Associa\\u00e7\\u00e3o Devotos de F\\u00e1tima\",\"isPartOf\":{\"@id\":\"https:\/\/www.adf.org.br\/home\/#website\"},\"primaryImageOfPage\":{\"@id\":\"https:\/\/www.adf.org.br\/home\/a-fantastic-intriguing-title-29\/#primaryimage\"},\"datePublished\":\"2014-04-23T02:57:47+00:00\",\"dateModified\":\"2014-04-23T02:57:47+00:00\",\"author\":{\"@id\":\"https:\/\/www.adf.org.br\/home\/#\/schema\/person\/f35a5c5aa7728a3dedf4ea9aa1fc2753\"},\"breadcrumb\":{\"@id\":\"https:\/\/www.adf.org.br\/home\/a-fantastic-intriguing-title-29\/#breadcrumb\"},\"inLanguage\":\"pt-BR\",\"potentialAction\":[{\"@type\":\"ReadAction\",\"target\":[\"https:\/\/www.adf.org.br\/home\/a-fantastic-intriguing-title-29\/\"]}]},{\"@type\":\"BreadcrumbList\",\"@id\":\"https:\/\/www.adf.org.br\/home\/a-fantastic-intriguing-title-29\/#breadcrumb\",\"itemListElement\":[{\"@type\":\"ListItem\",\"position\":1,\"name\":\"Home\",\"item\":\"https:\/\/www.adf.org.br\/home\/\"},{\"@type\":\"ListItem\",\"position\":2,\"name\":\"Saiba o que fez Da. Maria se curar do c\\u00e2ncer\"}]},{\"@type\":\"Person\",\"@id\":\"https:\/\/www.adf.org.br\/home\/#\/schema\/person\/f35a5c5aa7728a3dedf4ea9aa1fc2753\",\"name\":\"Gabriel Barbosa\",\"image\":{\"@type\":\"ImageObject\",\"@id\":\"https:\/\/www.adf.org.br\/home\/#personlogo\",\"inLanguage\":\"pt-BR\",\"url\":\"https:\/\/secure.gravatar.com\/avatar\/2b2cb2f4637682c5605e8d36818f51ef?s=96&d=mm&r=g\",\"contentUrl\":\"https:\/\/secure.gravatar.com\/avatar\/2b2cb2f4637682c5605e8d36818f51ef?s=96&d=mm&r=g\",\"caption\":\"Gabriel Barbosa\"},\"url\":\"https:\/\/www.adf.org.br\/home\/author\/gabrielpmk-com-br\/\"}]}<\/script>\n<!-- \/ Yoast SEO plugin. -->","yoast_head_json":{"title":"Saiba o que fez Da. Maria se curar do c\u00e2ncer - Associa\u00e7\u00e3o Devotos de F\u00e1tima","robots":{"index":"index","follow":"follow","max-snippet":"max-snippet:-1","max-image-preview":"max-image-preview:large","max-video-preview":"max-video-preview:-1"},"canonical":"https:\/\/www.adf.org.br\/home\/a-fantastic-intriguing-title-29\/","og_locale":"pt_BR","og_type":"article","og_title":"Saiba o que fez Da. Maria se curar do c\u00e2ncer - Associa\u00e7\u00e3o Devotos de F\u00e1tima","og_description":"&nbsp; Voc\u00ea leu o depoimento acima de Da. Maria? Ele nos mostra que, quando estamos passando por um problema, podemos sempre procurar a M\u00e3e Sant\u00edssima que interceder\u00e1 junto ao Pai do C\u00e9u. E voc\u00ea, procura por Nossa Senhora? Da. Maria fez isso e contou com a ajuda da Virgem Maria para n\u00e3o fraquejar em seu [&hellip;]","og_url":"https:\/\/www.adf.org.br\/home\/a-fantastic-intriguing-title-29\/","og_site_name":"Associa\u00e7\u00e3o Devotos de F\u00e1tima","article_published_time":"2014-04-23T02:57:47+00:00","og_image":[{"url":"http:\/\/www.adf.org.br\/home\/wp-content\/uploads\/2014\/04\/cura-do-cancer1.jpg"}],"twitter_card":"summary_large_image","twitter_misc":{"Escrito por":"Gabriel Barbosa","Est. tempo de leitura":"1 minuto"},"schema":{"@context":"https:\/\/schema.org","@graph":[{"@type":"WebSite","@id":"https:\/\/www.adf.org.br\/home\/#website","url":"https:\/\/www.adf.org.br\/home\/","name":"Associa\u00e7\u00e3o Devotos de F\u00e1tima","description":"Associa\u00e7\u00e3o Devotos de F\u00e1tima","potentialAction":[{"@type":"SearchAction","target":{"@type":"EntryPoint","urlTemplate":"https:\/\/www.adf.org.br\/home\/?s={search_term_string}"},"query-input":"required name=search_term_string"}],"inLanguage":"pt-BR"},{"@type":"ImageObject","@id":"https:\/\/www.adf.org.br\/home\/a-fantastic-intriguing-title-29\/#primaryimage","inLanguage":"pt-BR","url":"http:\/\/www.adf.org.br\/home\/wp-content\/uploads\/2014\/04\/cura-do-cancer1.jpg","contentUrl":"http:\/\/www.adf.org.br\/home\/wp-content\/uploads\/2014\/04\/cura-do-cancer1.jpg"},{"@type":"WebPage","@id":"https:\/\/www.adf.org.br\/home\/a-fantastic-intriguing-title-29\/#webpage","url":"https:\/\/www.adf.org.br\/home\/a-fantastic-intriguing-title-29\/","name":"Saiba o que fez Da. Maria se curar do c\u00e2ncer - Associa\u00e7\u00e3o Devotos de F\u00e1tima","isPartOf":{"@id":"https:\/\/www.adf.org.br\/home\/#website"},"primaryImageOfPage":{"@id":"https:\/\/www.adf.org.br\/home\/a-fantastic-intriguing-title-29\/#primaryimage"},"datePublished":"2014-04-23T02:57:47+00:00","dateModified":"2014-04-23T02:57:47+00:00","author":{"@id":"https:\/\/www.adf.org.br\/home\/#\/schema\/person\/f35a5c5aa7728a3dedf4ea9aa1fc2753"},"breadcrumb":{"@id":"https:\/\/www.adf.org.br\/home\/a-fantastic-intriguing-title-29\/#breadcrumb"},"inLanguage":"pt-BR","potentialAction":[{"@type":"ReadAction","target":["https:\/\/www.adf.org.br\/home\/a-fantastic-intriguing-title-29\/"]}]},{"@type":"BreadcrumbList","@id":"https:\/\/www.adf.org.br\/home\/a-fantastic-intriguing-title-29\/#breadcrumb","itemListElement":[{"@type":"ListItem","position":1,"name":"Home","item":"https:\/\/www.adf.org.br\/home\/"},{"@type":"ListItem","position":2,"name":"Saiba o que fez Da. Maria se curar do c\u00e2ncer"}]},{"@type":"Person","@id":"https:\/\/www.adf.org.br\/home\/#\/schema\/person\/f35a5c5aa7728a3dedf4ea9aa1fc2753","name":"Gabriel Barbosa","image":{"@type":"ImageObject","@id":"https:\/\/www.adf.org.br\/home\/#personlogo","inLanguage":"pt-BR","url":"https:\/\/secure.gravatar.com\/avatar\/2b2cb2f4637682c5605e8d36818f51ef?s=96&d=mm&r=g","contentUrl":"https:\/\/secure.gravatar.com\/avatar\/2b2cb2f4637682c5605e8d36818f51ef?s=96&d=mm&r=g","caption":"Gabriel Barbosa"},"url":"https:\/\/www.adf.org.br\/home\/author\/gabrielpmk-com-br\/"}]}},"_links":{"self":[{"href":"https:\/\/www.adf.org.br\/home\/wp-json\/wp\/v2\/posts\/24154"}],"collection":[{"href":"https:\/\/www.adf.org.br\/home\/wp-json\/wp\/v2\/posts"}],"about":[{"href":"https:\/\/www.adf.org.br\/home\/wp-json\/wp\/v2\/types\/post"}],"author":[{"embeddable":true,"href":"https:\/\/www.adf.org.br\/home\/wp-json\/wp\/v2\/users\/31"}],"replies":[{"embeddable":true,"href":"https:\/\/www.adf.org.br\/home\/wp-json\/wp\/v2\/comments?post=24154"}],"version-history":[{"count":0,"href":"https:\/\/www.adf.org.br\/home\/wp-json\/wp\/v2\/posts\/24154\/revisions"}],"wp:attachment":[{"href":"https:\/\/www.adf.org.br\/home\/wp-json\/wp\/v2\/media?parent=24154"}],"wp:term":[{"taxonomy":"category","embeddable":true,"href":"https:\/\/www.adf.org.br\/home\/wp-json\/wp\/v2\/categories?post=24154"},{"taxonomy":"post_tag","embeddable":true,"href":"https:\/\/www.adf.org.br\/home\/wp-json\/wp\/v2\/tags?post=24154"}],"curies":[{"name":"wp","href":"https:\/\/api.w.org\/{rel}","templated":true}]}}