{"id":23881,"date":"2014-03-31T23:57:17","date_gmt":"2014-04-01T02:57:17","guid":{"rendered":"http:\/\/www.adf.org.br\/home\/?p=23881"},"modified":"2014-03-31T23:57:17","modified_gmt":"2014-04-01T02:57:17","slug":"guarde-este-ato-de-desagrado-e-reze-sempre-que-nosso-senhor-nossa-senhora-e-os-santos-forem-ofendidos","status":"publish","type":"post","link":"https:\/\/www.adf.org.br\/home\/guarde-este-ato-de-desagrado-e-reze-sempre-que-nosso-senhor-nossa-senhora-e-os-santos-forem-ofendidos\/","title":{"rendered":"Guarde este Ato de Desagravo e reze sempre que Nosso Senhor, Nossa Senhora e os santos forem ofendidos"},"content":{"rendered":"<p><span style=\"color: #800080;\"><strong><span style=\"text-decoration: underline; font-size: x-large;\">Prostrado<\/span><\/strong><\/span>\u00a0diante de V\u00f3s, divino Jesus, na presen\u00e7a de quanto h\u00e1 mais augusto no C\u00e9u e na terra,\u00a0\u00e0 vista dos santos anjos, que Vos adoram, dos Santos que Vos louvam, bendizem e servem; venho hoje desagravar-Vos, do modo que \u00e9 poss\u00edvel, de todos os insultos, ultrajes e desacatos, que sofreis todos os dias no august\u00edssimo Sacramento do Vosso Corpo e Sangue, principalmente dos que ultimamente sofrestes (nomeie o lugar onde ocorreu o ultraje). (<a href=\"http:\/\/www.defendojesus.com.br\/?origem=1\">Se ainda n\u00e3o defendeu Jesus, veja aqui como faze<\/a>r)<\/p>\n<p style=\"padding-left: 90px;\"><strong>Ferido de uma viva dor por tantas ofensas e inj\u00farias que se cometem contra esse misericordiosa manifesta\u00e7\u00e3o de amor, venho, Senhor, com um cora\u00e7\u00e3o contrito e profundamente humilhado, fazer confiss\u00e3o p\u00fablica de tantos crimes e iniquidades, que a maldade e ingratid\u00e3o dos homens contra V\u00f3s n\u00e3o cessa de cometer; proponho firmemente, Senhor, quanto em mim for, reparai todas as inj\u00farias de que somos r\u00e9us os desgra\u00e7ados filhos de Ad\u00e3o<\/strong>.<\/p>\n<p><a href=\"http:\/\/www.defendojesus.com.br\/?origem=1\"><img loading=\"lazy\" class=\"alignright size-full wp-image-23891\" title=\"peti\u00e7\u00e3o ao Minist\u00e9rio P\u00fablico1\" src=\"http:\/\/www.adf.org.br\/home\/wp-content\/uploads\/2014\/03\/peti\u00e7\u00e3o-ao-Minist\u00e9rio-P\u00fablico1.jpg\" alt=\"\" width=\"251\" height=\"470\" \/><\/a>Oh! quem me dera que a minha contri\u00e7\u00e3o e a dor que sinto fossem t\u00e3o grandes como o mar! Oh! porque se n\u00e3o convertem em rios de l\u00e1grimas os meus olhos pecadores para chorarem\u00a0noite\u00a0e dia as ofensas e ingratid\u00f5es dos Vossos filhos, e de mim em particular! Ah! mesquinho de mim, que n\u00e3o tenho o zelo dos Ap\u00f3stolos, o valor dos M\u00e1rtires, a\u00a0pureza\u00a0das Virgens, e o inflamado amor dos Querubins, para reparar todos os inj\u00farias que tendes recebido!<br \/>\nOh! quem me dera poder regar com as minhas l\u00e1grimas, e\u00a0lavar\u00a0com o meu sangue todos os lugares santos em que o Vosso sant\u00edssimo Corpo foi desacatado!<br \/>\nPerdoai, amant\u00edssimo Jesus, todas as impiedades, irrever\u00eancias, sacril\u00e9gios, que contra V\u00f3s se t\u00eam cometido no ador\u00e1vel\u00a0Sacramento\u00a0do altar, desde que, pelo grand\u00edssimo\u00a0excesso\u00a0do Vosso amor, Vos dignastes institu\u00ed-lo para perpetua\u00e7\u00e3o dos benef\u00edcios de Vossa paix\u00e3o e santifica\u00e7\u00e3o das nossas almas.<br \/>\nPerdoai, Senhor, a nossa tibieza, a nossa insensibilidade e as nossas dissipa\u00e7\u00f5es, na presen\u00e7a da Vossa augusta\u00a0Majestade.<br \/>\nPerdoai, amabil\u00edssimo Jesus, o\u00a0pouco respeito, e talvez a ostenta\u00e7\u00e3o e hipocrisia com que venho ao Vosso divino banquete; a pouca disposi\u00e7\u00e3o, a nenhuma\u00a0prepara\u00e7\u00e3o com\u00a0que comi o p\u00e3o dos anjos, o man\u00e1 dos escolhidos, e o alimento dos fortes.<br \/>\nA Sua for\u00e7a foi para mim fraqueza, e em vez de receber o penhor da vida eterna, comi a condena\u00e7\u00e3o e a morte!&#8230; Confundido no meu nada, horrorizado de meus t\u00e3o feios crimes, quisera esconder-me de V\u00f3s, como o primeiro culpado; por\u00e9m onde irei que me n\u00e3o vejais?<br \/>\nOu\u00e7o, Senhor, a Vossa voz, que desse novo propiciat\u00f3rio me chama;\u00a0voz mais\u00a0suave que a que disse a Ad\u00e3o: \u00abOnde est\u00e1s?\u00bb voz de pai compassivo, que abre os bra\u00e7os ao filho ingrato que julgava perdido, e que me diz: \u00abFilho, d\u00e1-me o teu cora\u00e7\u00e3o.\u00bb<br \/>\nAh! Senhor e pai meu, aqui o tendes, manchado pela culpa, desfigurado pela ingratid\u00e3o, mas contrito e humilhado; abrandai-o, Senhor, como a fresca cera, acendei-o no fogo\u00a0da caridade, e fazei que sempre arda como o de Santo Agostinho.<br \/>\nSois a fonte da gra\u00e7a e da miseric\u00f3rdia, dai-me o dom de penit\u00eancia, a abund\u00e2ncia das que destes a David, para que eu possa fazer-Vos uma repara\u00e7\u00e3o solene, sincera, cabal e digna da Vossa Majestade agravada. Tornai eficaz, pela Vossa, gra\u00e7a o desejo ardente que tenho, a firme resolu\u00e7\u00e3o em que estou de Vos amar constantemente e de Vos adorar sem interrup\u00e7\u00e3o, nesse eucar\u00edstico sacramento do Vosso amor.<br \/>\n<span style=\"font-size: x-large;\"><strong>\u00a0Protesto<\/strong><\/span>, Senhor, que n\u00e3o faltarei jamais ao respeito que por tantos motivos Vos \u00e9 devido; prometo fazer todos os esfor\u00e7os para procurar a Vossa maior gl\u00f3ria por todos os meios que estiverem ao meu alcance, e em todos os lugares em que isto me seja poss\u00edvel.<br \/>\nZelo ativo e incans\u00e1vel, conselhos saud\u00e1veis, exemplos persuasivos, tudo empregarei para fazer amar, acatar, adorar e temer o Deus de bondade e de miseric\u00f3rdia, que repousa nos nossos altares.<\/p>\n<p style=\"padding-left: 90px;\"><strong>Oh Deus, todo amor, todo\u00a0caridade! derretei o gelo dos nossos cora\u00e7\u00f5es, que se Vos amarem n\u00e3o ser\u00e3o capazes de Vos ofender; abrasai-os com o fogo sagrado do Vosso amor, fazei deles um holocausto digno de V\u00f3s.<\/strong><\/p>\n<p><a href=\"http:\/\/www.defendojesus.com.br\/?origem=1\"><img loading=\"lazy\" class=\"alignleft size-full wp-image-23890\" title=\"peti\u00e7\u00e3o ao Minist\u00e9rio P\u00fablico\" src=\"http:\/\/www.adf.org.br\/home\/wp-content\/uploads\/2014\/03\/peti\u00e7\u00e3o-ao-Minist\u00e9rio-P\u00fablico.jpg\" alt=\"\" width=\"375\" height=\"143\" \/><\/a>Sois pont\u00edfice da caridade, reinai em n\u00f3s. N\u00e3o se afastem nunca de V\u00f3s os nossos cora\u00e7\u00f5es, sejam todas as nossas afei\u00e7\u00f5es reguladas pelas Vossas; sejam os nossos desejos, pensamento e a\u00e7\u00f5es, conformes aos Vossos.<br \/>\nFazei, meu bom Jesus, que n\u00e3o vivamos, nem respiremos, nem morramos, sen\u00e3o em V\u00f3s e por V\u00f3s; sois nosso Deus, nosso pastor, pai nosso; sede nossa alegria, nossa recompensa e nossa bem-aventuran\u00e7a, no tempo e na eternidade. Am\u00e9m.<br \/>\n<em>\u00a0Fonte: Blog Defensores da Sagrada Cruz<\/em><\/p>\n","protected":false},"excerpt":{"rendered":"<p>Prostrado\u00a0diante de V\u00f3s, divino Jesus, na presen\u00e7a de quanto h\u00e1 mais augusto no C\u00e9u e na terra,\u00a0\u00e0 vista dos santos anjos, que Vos adoram, dos Santos que Vos louvam, bendizem e servem; venho hoje desagravar-Vos, do modo que \u00e9 poss\u00edvel, de todos os insultos, ultrajes e desacatos, que sofreis todos os dias no august\u00edssimo Sacramento [&hellip;]<\/p>\n","protected":false},"author":31,"featured_media":0,"comment_status":"open","ping_status":"open","sticky":false,"template":"","format":"standard","meta":[],"categories":[20],"tags":[879,817,829,830],"yoast_head":"<!-- This site is optimized with the Yoast SEO plugin v17.4 - https:\/\/yoast.com\/wordpress\/plugins\/seo\/ -->\n<title>Guarde este Ato de Desagravo e reze sempre que Nosso Senhor, Nossa Senhora e os santos forem ofendidos - Associa\u00e7\u00e3o Devotos de F\u00e1tima<\/title>\n<meta name=\"robots\" content=\"index, follow, max-snippet:-1, max-image-preview:large, max-video-preview:-1\" \/>\n<link rel=\"canonical\" href=\"https:\/\/www.adf.org.br\/home\/guarde-este-ato-de-desagrado-e-reze-sempre-que-nosso-senhor-nossa-senhora-e-os-santos-forem-ofendidos\/\" \/>\n<meta property=\"og:locale\" content=\"pt_BR\" \/>\n<meta property=\"og:type\" content=\"article\" \/>\n<meta property=\"og:title\" content=\"Guarde este Ato de Desagravo e reze sempre que Nosso Senhor, Nossa Senhora e os santos forem ofendidos - Associa\u00e7\u00e3o Devotos de F\u00e1tima\" \/>\n<meta property=\"og:description\" content=\"Prostrado\u00a0diante de V\u00f3s, divino Jesus, na presen\u00e7a de quanto h\u00e1 mais augusto no C\u00e9u e na terra,\u00a0\u00e0 vista dos santos anjos, que Vos adoram, dos Santos que Vos louvam, bendizem e servem; venho hoje desagravar-Vos, do modo que \u00e9 poss\u00edvel, de todos os insultos, ultrajes e desacatos, que sofreis todos os dias no august\u00edssimo Sacramento [&hellip;]\" \/>\n<meta property=\"og:url\" content=\"https:\/\/www.adf.org.br\/home\/guarde-este-ato-de-desagrado-e-reze-sempre-que-nosso-senhor-nossa-senhora-e-os-santos-forem-ofendidos\/\" \/>\n<meta property=\"og:site_name\" content=\"Associa\u00e7\u00e3o Devotos de F\u00e1tima\" \/>\n<meta property=\"article:published_time\" content=\"2014-04-01T02:57:17+00:00\" \/>\n<meta property=\"og:image\" content=\"http:\/\/www.adf.org.br\/home\/wp-content\/uploads\/2014\/03\/peti\u00e7\u00e3o-ao-Minist\u00e9rio-P\u00fablico1.jpg\" \/>\n<meta name=\"twitter:card\" content=\"summary_large_image\" \/>\n<meta name=\"twitter:label1\" content=\"Escrito por\" \/>\n\t<meta name=\"twitter:data1\" content=\"Gabriel Barbosa\" \/>\n\t<meta name=\"twitter:label2\" content=\"Est. tempo de leitura\" \/>\n\t<meta name=\"twitter:data2\" content=\"4 minutos\" \/>\n<script type=\"application\/ld+json\" class=\"yoast-schema-graph\">{\"@context\":\"https:\/\/schema.org\",\"@graph\":[{\"@type\":\"WebSite\",\"@id\":\"https:\/\/www.adf.org.br\/home\/#website\",\"url\":\"https:\/\/www.adf.org.br\/home\/\",\"name\":\"Associa\\u00e7\\u00e3o Devotos de F\\u00e1tima\",\"description\":\"Associa\\u00e7\\u00e3o Devotos de F\\u00e1tima\",\"potentialAction\":[{\"@type\":\"SearchAction\",\"target\":{\"@type\":\"EntryPoint\",\"urlTemplate\":\"https:\/\/www.adf.org.br\/home\/?s={search_term_string}\"},\"query-input\":\"required name=search_term_string\"}],\"inLanguage\":\"pt-BR\"},{\"@type\":\"ImageObject\",\"@id\":\"https:\/\/www.adf.org.br\/home\/guarde-este-ato-de-desagrado-e-reze-sempre-que-nosso-senhor-nossa-senhora-e-os-santos-forem-ofendidos\/#primaryimage\",\"inLanguage\":\"pt-BR\",\"url\":\"http:\/\/www.adf.org.br\/home\/wp-content\/uploads\/2014\/03\/peti\\u00e7\\u00e3o-ao-Minist\\u00e9rio-P\\u00fablico1.jpg\",\"contentUrl\":\"http:\/\/www.adf.org.br\/home\/wp-content\/uploads\/2014\/03\/peti\\u00e7\\u00e3o-ao-Minist\\u00e9rio-P\\u00fablico1.jpg\"},{\"@type\":\"WebPage\",\"@id\":\"https:\/\/www.adf.org.br\/home\/guarde-este-ato-de-desagrado-e-reze-sempre-que-nosso-senhor-nossa-senhora-e-os-santos-forem-ofendidos\/#webpage\",\"url\":\"https:\/\/www.adf.org.br\/home\/guarde-este-ato-de-desagrado-e-reze-sempre-que-nosso-senhor-nossa-senhora-e-os-santos-forem-ofendidos\/\",\"name\":\"Guarde este Ato de Desagravo e reze sempre que Nosso Senhor, Nossa Senhora e os santos forem ofendidos - Associa\\u00e7\\u00e3o Devotos de F\\u00e1tima\",\"isPartOf\":{\"@id\":\"https:\/\/www.adf.org.br\/home\/#website\"},\"primaryImageOfPage\":{\"@id\":\"https:\/\/www.adf.org.br\/home\/guarde-este-ato-de-desagrado-e-reze-sempre-que-nosso-senhor-nossa-senhora-e-os-santos-forem-ofendidos\/#primaryimage\"},\"datePublished\":\"2014-04-01T02:57:17+00:00\",\"dateModified\":\"2014-04-01T02:57:17+00:00\",\"author\":{\"@id\":\"https:\/\/www.adf.org.br\/home\/#\/schema\/person\/f35a5c5aa7728a3dedf4ea9aa1fc2753\"},\"breadcrumb\":{\"@id\":\"https:\/\/www.adf.org.br\/home\/guarde-este-ato-de-desagrado-e-reze-sempre-que-nosso-senhor-nossa-senhora-e-os-santos-forem-ofendidos\/#breadcrumb\"},\"inLanguage\":\"pt-BR\",\"potentialAction\":[{\"@type\":\"ReadAction\",\"target\":[\"https:\/\/www.adf.org.br\/home\/guarde-este-ato-de-desagrado-e-reze-sempre-que-nosso-senhor-nossa-senhora-e-os-santos-forem-ofendidos\/\"]}]},{\"@type\":\"BreadcrumbList\",\"@id\":\"https:\/\/www.adf.org.br\/home\/guarde-este-ato-de-desagrado-e-reze-sempre-que-nosso-senhor-nossa-senhora-e-os-santos-forem-ofendidos\/#breadcrumb\",\"itemListElement\":[{\"@type\":\"ListItem\",\"position\":1,\"name\":\"Home\",\"item\":\"https:\/\/www.adf.org.br\/home\/\"},{\"@type\":\"ListItem\",\"position\":2,\"name\":\"Guarde este Ato de Desagravo e reze sempre que Nosso Senhor, Nossa Senhora e os santos forem ofendidos\"}]},{\"@type\":\"Person\",\"@id\":\"https:\/\/www.adf.org.br\/home\/#\/schema\/person\/f35a5c5aa7728a3dedf4ea9aa1fc2753\",\"name\":\"Gabriel Barbosa\",\"image\":{\"@type\":\"ImageObject\",\"@id\":\"https:\/\/www.adf.org.br\/home\/#personlogo\",\"inLanguage\":\"pt-BR\",\"url\":\"https:\/\/secure.gravatar.com\/avatar\/2b2cb2f4637682c5605e8d36818f51ef?s=96&d=mm&r=g\",\"contentUrl\":\"https:\/\/secure.gravatar.com\/avatar\/2b2cb2f4637682c5605e8d36818f51ef?s=96&d=mm&r=g\",\"caption\":\"Gabriel Barbosa\"},\"url\":\"https:\/\/www.adf.org.br\/home\/author\/gabrielpmk-com-br\/\"}]}<\/script>\n<!-- \/ Yoast SEO plugin. -->","yoast_head_json":{"title":"Guarde este Ato de Desagravo e reze sempre que Nosso Senhor, Nossa Senhora e os santos forem ofendidos - Associa\u00e7\u00e3o Devotos de F\u00e1tima","robots":{"index":"index","follow":"follow","max-snippet":"max-snippet:-1","max-image-preview":"max-image-preview:large","max-video-preview":"max-video-preview:-1"},"canonical":"https:\/\/www.adf.org.br\/home\/guarde-este-ato-de-desagrado-e-reze-sempre-que-nosso-senhor-nossa-senhora-e-os-santos-forem-ofendidos\/","og_locale":"pt_BR","og_type":"article","og_title":"Guarde este Ato de Desagravo e reze sempre que Nosso Senhor, Nossa Senhora e os santos forem ofendidos - Associa\u00e7\u00e3o Devotos de F\u00e1tima","og_description":"Prostrado\u00a0diante de V\u00f3s, divino Jesus, na presen\u00e7a de quanto h\u00e1 mais augusto no C\u00e9u e na terra,\u00a0\u00e0 vista dos santos anjos, que Vos adoram, dos Santos que Vos louvam, bendizem e servem; venho hoje desagravar-Vos, do modo que \u00e9 poss\u00edvel, de todos os insultos, ultrajes e desacatos, que sofreis todos os dias no august\u00edssimo Sacramento [&hellip;]","og_url":"https:\/\/www.adf.org.br\/home\/guarde-este-ato-de-desagrado-e-reze-sempre-que-nosso-senhor-nossa-senhora-e-os-santos-forem-ofendidos\/","og_site_name":"Associa\u00e7\u00e3o Devotos de F\u00e1tima","article_published_time":"2014-04-01T02:57:17+00:00","og_image":[{"url":"http:\/\/www.adf.org.br\/home\/wp-content\/uploads\/2014\/03\/peti\u00e7\u00e3o-ao-Minist\u00e9rio-P\u00fablico1.jpg"}],"twitter_card":"summary_large_image","twitter_misc":{"Escrito por":"Gabriel Barbosa","Est. tempo de leitura":"4 minutos"},"schema":{"@context":"https:\/\/schema.org","@graph":[{"@type":"WebSite","@id":"https:\/\/www.adf.org.br\/home\/#website","url":"https:\/\/www.adf.org.br\/home\/","name":"Associa\u00e7\u00e3o Devotos de F\u00e1tima","description":"Associa\u00e7\u00e3o Devotos de F\u00e1tima","potentialAction":[{"@type":"SearchAction","target":{"@type":"EntryPoint","urlTemplate":"https:\/\/www.adf.org.br\/home\/?s={search_term_string}"},"query-input":"required name=search_term_string"}],"inLanguage":"pt-BR"},{"@type":"ImageObject","@id":"https:\/\/www.adf.org.br\/home\/guarde-este-ato-de-desagrado-e-reze-sempre-que-nosso-senhor-nossa-senhora-e-os-santos-forem-ofendidos\/#primaryimage","inLanguage":"pt-BR","url":"http:\/\/www.adf.org.br\/home\/wp-content\/uploads\/2014\/03\/peti\u00e7\u00e3o-ao-Minist\u00e9rio-P\u00fablico1.jpg","contentUrl":"http:\/\/www.adf.org.br\/home\/wp-content\/uploads\/2014\/03\/peti\u00e7\u00e3o-ao-Minist\u00e9rio-P\u00fablico1.jpg"},{"@type":"WebPage","@id":"https:\/\/www.adf.org.br\/home\/guarde-este-ato-de-desagrado-e-reze-sempre-que-nosso-senhor-nossa-senhora-e-os-santos-forem-ofendidos\/#webpage","url":"https:\/\/www.adf.org.br\/home\/guarde-este-ato-de-desagrado-e-reze-sempre-que-nosso-senhor-nossa-senhora-e-os-santos-forem-ofendidos\/","name":"Guarde este Ato de Desagravo e reze sempre que Nosso Senhor, Nossa Senhora e os santos forem ofendidos - Associa\u00e7\u00e3o Devotos de F\u00e1tima","isPartOf":{"@id":"https:\/\/www.adf.org.br\/home\/#website"},"primaryImageOfPage":{"@id":"https:\/\/www.adf.org.br\/home\/guarde-este-ato-de-desagrado-e-reze-sempre-que-nosso-senhor-nossa-senhora-e-os-santos-forem-ofendidos\/#primaryimage"},"datePublished":"2014-04-01T02:57:17+00:00","dateModified":"2014-04-01T02:57:17+00:00","author":{"@id":"https:\/\/www.adf.org.br\/home\/#\/schema\/person\/f35a5c5aa7728a3dedf4ea9aa1fc2753"},"breadcrumb":{"@id":"https:\/\/www.adf.org.br\/home\/guarde-este-ato-de-desagrado-e-reze-sempre-que-nosso-senhor-nossa-senhora-e-os-santos-forem-ofendidos\/#breadcrumb"},"inLanguage":"pt-BR","potentialAction":[{"@type":"ReadAction","target":["https:\/\/www.adf.org.br\/home\/guarde-este-ato-de-desagrado-e-reze-sempre-que-nosso-senhor-nossa-senhora-e-os-santos-forem-ofendidos\/"]}]},{"@type":"BreadcrumbList","@id":"https:\/\/www.adf.org.br\/home\/guarde-este-ato-de-desagrado-e-reze-sempre-que-nosso-senhor-nossa-senhora-e-os-santos-forem-ofendidos\/#breadcrumb","itemListElement":[{"@type":"ListItem","position":1,"name":"Home","item":"https:\/\/www.adf.org.br\/home\/"},{"@type":"ListItem","position":2,"name":"Guarde este Ato de Desagravo e reze sempre que Nosso Senhor, Nossa Senhora e os santos forem ofendidos"}]},{"@type":"Person","@id":"https:\/\/www.adf.org.br\/home\/#\/schema\/person\/f35a5c5aa7728a3dedf4ea9aa1fc2753","name":"Gabriel Barbosa","image":{"@type":"ImageObject","@id":"https:\/\/www.adf.org.br\/home\/#personlogo","inLanguage":"pt-BR","url":"https:\/\/secure.gravatar.com\/avatar\/2b2cb2f4637682c5605e8d36818f51ef?s=96&d=mm&r=g","contentUrl":"https:\/\/secure.gravatar.com\/avatar\/2b2cb2f4637682c5605e8d36818f51ef?s=96&d=mm&r=g","caption":"Gabriel Barbosa"},"url":"https:\/\/www.adf.org.br\/home\/author\/gabrielpmk-com-br\/"}]}},"_links":{"self":[{"href":"https:\/\/www.adf.org.br\/home\/wp-json\/wp\/v2\/posts\/23881"}],"collection":[{"href":"https:\/\/www.adf.org.br\/home\/wp-json\/wp\/v2\/posts"}],"about":[{"href":"https:\/\/www.adf.org.br\/home\/wp-json\/wp\/v2\/types\/post"}],"author":[{"embeddable":true,"href":"https:\/\/www.adf.org.br\/home\/wp-json\/wp\/v2\/users\/31"}],"replies":[{"embeddable":true,"href":"https:\/\/www.adf.org.br\/home\/wp-json\/wp\/v2\/comments?post=23881"}],"version-history":[{"count":0,"href":"https:\/\/www.adf.org.br\/home\/wp-json\/wp\/v2\/posts\/23881\/revisions"}],"wp:attachment":[{"href":"https:\/\/www.adf.org.br\/home\/wp-json\/wp\/v2\/media?parent=23881"}],"wp:term":[{"taxonomy":"category","embeddable":true,"href":"https:\/\/www.adf.org.br\/home\/wp-json\/wp\/v2\/categories?post=23881"},{"taxonomy":"post_tag","embeddable":true,"href":"https:\/\/www.adf.org.br\/home\/wp-json\/wp\/v2\/tags?post=23881"}],"curies":[{"name":"wp","href":"https:\/\/api.w.org\/{rel}","templated":true}]}}