{"id":23823,"date":"2017-02-20T00:00:24","date_gmt":"2017-02-20T03:00:24","guid":{"rendered":"http:\/\/www.adf.org.br\/home\/?p=23823"},"modified":"2017-02-20T00:00:24","modified_gmt":"2017-02-20T03:00:24","slug":"o-protetor-que-deus-enviou-para-voce","status":"publish","type":"post","link":"https:\/\/www.adf.org.br\/home\/o-protetor-que-deus-enviou-para-voce\/","title":{"rendered":"O protetor que Deus enviou para voc\u00ea, Veja."},"content":{"rendered":"<figure id=\"attachment_42868\" aria-describedby=\"caption-attachment-42868\" style=\"width: 315px\" class=\"wp-caption aligncenter\"><img loading=\"lazy\" class=\"wp-image-42868 size-full\" src=\"http:\/\/www.adf.org.br\/home\/wp-content\/uploads\/2014\/03\/anjo-da-guarda.jpg\" alt=\"anjo-da-guarda\" width=\"315\" height=\"380\" \/><figcaption id=\"caption-attachment-42868\" class=\"wp-caption-text\">Anjo da Guarda<\/figcaption><\/figure>\n<p style=\"padding-left: 90px;\"><span style=\"font-size: large; color: #0000ff;\"><strong><span style=\"color: #ffffff;\">.<\/span><br \/>\n\u201cDeus confiou aos seus anjos o guardar-te em todos os teus caminhos\u201d. <span style=\"font-size: small;\">(Salmo 90, 11)<\/span><\/strong><\/span><\/p>\n<p><span style=\"color: #000000;\"><span style=\"font-size: medium;\"><span style=\"text-decoration: underline;\"><br \/>\n<\/span><span style=\"font-family: verdana, geneva, sans-serif; font-size: 12pt;\"><strong><span style=\"font-size: 14pt;\"> \u00c9<\/span><\/strong> uma verdade de f\u00e9<\/span><\/span><span style=\"font-family: verdana, geneva, sans-serif; font-size: 12pt;\">, diz o ex\u00edmio te\u00f3logo Francisco Suarez, que Deus, em sua inef\u00e1vel pro\u00advid\u00eancia, confiou os homens, enquanto peregrinam por este mundo, \u00e0 guarda dos Santos Anjos.<\/span><\/span><\/p>\n<p><span style=\"color: #000000; font-family: verdana, geneva, sans-serif; font-size: 12pt;\">E \u00e9 igualmente doutrina cat\u00f3lica, que a cada homem, desde o primeiro instante do seu nascimento, \u00e9 assinado um anjo em especial como seu particular guardador.<\/span><\/p>\n<p><span style=\"color: #000000; font-family: verdana, geneva, sans-serif; font-size: 12pt;\">Este ensinamento \u00e9 fundado sobre a autoridade da Sagrada Escritura e dos Santos Padres.<\/span><\/p>\n<p><span style=\"color: #000000; font-family: verdana, geneva, sans-serif; font-size: 12pt;\"> Quanto \u00e0 Escritura, um dos textos sobre que\u00a0<\/span><span style=\"color: #000000; font-family: verdana, geneva, sans-serif; font-size: 12pt;\">principalmente se ap\u00f3ia, \u00e9 o vers\u00edculo, que h\u00e1 pouco citamos do salmo nonag\u00e9simo: <\/span><\/p>\n<h5 style=\"padding-left: 90px;\"><strong><span style=\"color: #000080; font-family: verdana, geneva, sans-serif; font-size: 12pt;\"><br \/>\n\u201c<span style=\"background-color: #ffffff;\"><em>Deus confiou aos seus anjos o guardar-te em todos os teus caminhos<\/em>\u201d.<\/span><\/span><\/strong><\/h5>\n<p><span style=\"color: #000000; font-family: verdana, geneva, sans-serif; font-size: 12pt;\"><br \/>\n\u00c9 este vers\u00edculo rico de doutrina. Cada uma de suas palavras merece ser meditada.<\/span><\/p>\n<p><span style=\"color: #000000; font-family: verdana, geneva, sans-serif; font-size: 12pt;\"> E n\u00f3s o faremos seguindo as pegadas do doutor mel\u00edfluo, S. Bernardo, que assim as vai comentando:<br \/>\n<span style=\"color: #ffffff;\">.<\/span><\/span><\/p>\n<blockquote>\n<p style=\"padding-left: 90px;\"><span style=\"color: #800080; font-family: verdana, geneva, sans-serif; font-size: 12pt;\">\u201cQuem confiou? a quem? Que foi confiado? a respeito de quem?<\/span><\/p>\n<p style=\"padding-left: 90px;\"><span style=\"color: #800080; font-family: verdana, geneva, sans-serif; font-size: 12pt;\"> Oh que grande rever\u00eancia te n\u00e3o deve inspirar uma tal disposi\u00e7\u00e3o da Provid\u00eancia de Deus, quanta devo\u00e7\u00e3o infundir, quanta confian\u00e7a trazer! <\/span><\/p>\n<p style=\"padding-left: 90px;\"><span style=\"color: #800080; font-family: verdana, geneva, sans-serif; font-size: 12pt;\">Rever\u00eancia, pois assim o exige a presen\u00e7a, certa de f\u00e9, dos santos anjos;<\/span><\/p>\n<p style=\"padding-left: 90px;\"><span style=\"color: #800080; font-family: verdana, geneva, sans-serif; font-size: 12pt;\">Devo\u00e7\u00e3o em retorno dos benef\u00edcios que te dispensam;<\/span><\/p>\n<p style=\"padding-left: 90px;\"><span style=\"color: #800080; font-family: verdana, geneva, sans-serif; font-size: 12pt;\">E confian\u00e7a pelo fato de estares sob os cuidados de tais guardadores\u201d. (Sermo XII in ps. XC.)<br \/>\n<span style=\"color: #ffffff;\">.<\/span><\/span><\/p>\n<\/blockquote>\n<p><span style=\"color: #ffffff; font-family: verdana, geneva, sans-serif; font-size: 12pt;\">.<\/span><\/p>\n<p><span style=\"color: #000000; font-family: verdana, geneva, sans-serif; font-size: 10pt;\"><em>Fonte: Os Santos Anjos da Guarda &#8211; Pe. Augusto Ferretti, S.J Livro de 1945 &#8211; 210 p\u00e1gs<\/em><\/span><\/p>\n<p style=\"text-align: center;\"><span style=\"color: #ffffff; font-family: verdana, geneva, sans-serif; font-size: 12pt;\">.<\/span><br \/>\n<span style=\"color: #ffffff; font-family: verdana, geneva, sans-serif; font-size: 12pt;\">.<\/span><br \/>\n<strong><span style=\"color: #000000; font-family: verdana, geneva, sans-serif; font-size: 12pt;\">* \u00a0* \u00a0*<\/span><\/strong><br \/>\n<span style=\"color: #ffffff; font-family: verdana, geneva, sans-serif; font-size: 12pt;\">.<\/span><\/p>\n<p style=\"text-align: center;\"><span style=\"font-family: verdana, geneva, sans-serif; font-size: 12pt; color: #000000;\">Receba Gra\u00e7as e Ben\u00e7\u00e3o de Nossa Senhora agora mesmo<\/span><\/p>\n<h5 style=\"text-align: center;\"><span style=\"font-family: verdana, geneva, sans-serif; font-size: 12pt; color: #000000;\">Veja como receber sua Medalha Milagrosa pelos correios agora mesmo.<\/span><\/h5>\n<p style=\"text-align: center;\"><span style=\"font-family: verdana, geneva, sans-serif; font-size: 12pt; color: #000000;\"><strong><span style=\"color: #0000ff;\"><a style=\"color: #0000ff;\" href=\"http:\/\/oratoriodamedalhamilagrosa.org.br\/home\/acenda-sua-vela-30\/?origem=1025\" target=\"_blank\" rel=\"noopener noreferrer\">Clique aqui<\/a><\/span><\/strong> e confira.<\/span><\/p>\n<p style=\"text-align: center;\"><span style=\"font-size: 8pt; color: #ffffff;\">.<\/span><br \/>\n<span style=\"font-size: 8pt; color: #ffffff;\">.<\/span><\/p>\n<figure id=\"attachment_35437\" aria-describedby=\"caption-attachment-35437\" style=\"width: 400px\" class=\"wp-caption aligncenter\"><a href=\"http:\/\/oratoriodamedalhamilagrosa.org.br\/home\/acenda-sua-vela-30\/?origem=1025\" target=\"_blank\" rel=\"noopener noreferrer\"><img loading=\"lazy\" class=\"wp-image-35437 size-full\" title=\"Clique aqui e receba a Medalha Milagrosa\" src=\"http:\/\/www.adf.org.br\/home\/wp-content\/uploads\/2015\/11\/banner_medalha_milagrosa13.gif\" alt=\"Clique aqui para receber sua Medalha Milagrosa pelos correios.\" width=\"400\" height=\"146\" \/><\/a><figcaption id=\"caption-attachment-35437\" class=\"wp-caption-text\">Clique aqui para receber sua Medalha Milagrosa pelos correios.<\/figcaption><\/figure>\n<p><span style=\"color: #0000ff;\"><strong style=\"color: #0000ff;\"><span style=\"color: #ffffff;\">.<\/span><\/strong><\/span><\/p>\n","protected":false},"excerpt":{"rendered":"<p>\u201cDeus confiou aos seus anjos o guardar-te em todos os teus caminhos\u201d.<\/p>\n","protected":false},"author":31,"featured_media":42869,"comment_status":"open","ping_status":"open","sticky":false,"template":"","format":"standard","meta":[],"categories":[20],"tags":[770,40,734],"yoast_head":"<!-- This site is optimized with the Yoast SEO plugin v17.4 - https:\/\/yoast.com\/wordpress\/plugins\/seo\/ -->\n<title>O protetor que Deus enviou para voc\u00ea, Veja.<\/title>\n<meta name=\"description\" content=\"O protetor que Deus enviou para voc\u00ea, para estar ao seu lado e em todos os caminhos te guardar das ciladas do dem\u00f4nio. Veja.\" \/>\n<meta name=\"robots\" content=\"index, follow, max-snippet:-1, max-image-preview:large, max-video-preview:-1\" \/>\n<link rel=\"canonical\" href=\"https:\/\/www.adf.org.br\/home\/o-protetor-que-deus-enviou-para-voce\/\" \/>\n<meta property=\"og:locale\" content=\"pt_BR\" \/>\n<meta property=\"og:type\" content=\"article\" \/>\n<meta property=\"og:title\" content=\"O protetor que Deus enviou para voc\u00ea, Veja.\" \/>\n<meta property=\"og:description\" content=\"O protetor que Deus enviou para voc\u00ea, para estar ao seu lado e em todos os caminhos te guardar das ciladas do dem\u00f4nio. Veja.\" \/>\n<meta property=\"og:url\" content=\"https:\/\/www.adf.org.br\/home\/o-protetor-que-deus-enviou-para-voce\/\" \/>\n<meta property=\"og:site_name\" content=\"Associa\u00e7\u00e3o Devotos de F\u00e1tima\" \/>\n<meta property=\"article:published_time\" content=\"2017-02-20T03:00:24+00:00\" \/>\n<meta name=\"twitter:card\" content=\"summary_large_image\" \/>\n<meta name=\"twitter:label1\" content=\"Escrito por\" \/>\n\t<meta name=\"twitter:data1\" content=\"Gabriel Barbosa\" \/>\n\t<meta name=\"twitter:label2\" content=\"Est. tempo de leitura\" \/>\n\t<meta name=\"twitter:data2\" content=\"2 minutos\" \/>\n<script type=\"application\/ld+json\" class=\"yoast-schema-graph\">{\"@context\":\"https:\/\/schema.org\",\"@graph\":[{\"@type\":\"WebSite\",\"@id\":\"https:\/\/www.adf.org.br\/home\/#website\",\"url\":\"https:\/\/www.adf.org.br\/home\/\",\"name\":\"Associa\\u00e7\\u00e3o Devotos de F\\u00e1tima\",\"description\":\"Associa\\u00e7\\u00e3o Devotos de F\\u00e1tima\",\"potentialAction\":[{\"@type\":\"SearchAction\",\"target\":{\"@type\":\"EntryPoint\",\"urlTemplate\":\"https:\/\/www.adf.org.br\/home\/?s={search_term_string}\"},\"query-input\":\"required name=search_term_string\"}],\"inLanguage\":\"pt-BR\"},{\"@type\":\"ImageObject\",\"@id\":\"https:\/\/www.adf.org.br\/home\/o-protetor-que-deus-enviou-para-voce\/#primaryimage\",\"inLanguage\":\"pt-BR\",\"url\":\"\",\"contentUrl\":\"\"},{\"@type\":\"WebPage\",\"@id\":\"https:\/\/www.adf.org.br\/home\/o-protetor-que-deus-enviou-para-voce\/#webpage\",\"url\":\"https:\/\/www.adf.org.br\/home\/o-protetor-que-deus-enviou-para-voce\/\",\"name\":\"O protetor que Deus enviou para voc\\u00ea, Veja.\",\"isPartOf\":{\"@id\":\"https:\/\/www.adf.org.br\/home\/#website\"},\"primaryImageOfPage\":{\"@id\":\"https:\/\/www.adf.org.br\/home\/o-protetor-que-deus-enviou-para-voce\/#primaryimage\"},\"datePublished\":\"2017-02-20T03:00:24+00:00\",\"dateModified\":\"2017-02-20T03:00:24+00:00\",\"author\":{\"@id\":\"https:\/\/www.adf.org.br\/home\/#\/schema\/person\/f35a5c5aa7728a3dedf4ea9aa1fc2753\"},\"description\":\"O protetor que Deus enviou para voc\\u00ea, para estar ao seu lado e em todos os caminhos te guardar das ciladas do dem\\u00f4nio. Veja.\",\"breadcrumb\":{\"@id\":\"https:\/\/www.adf.org.br\/home\/o-protetor-que-deus-enviou-para-voce\/#breadcrumb\"},\"inLanguage\":\"pt-BR\",\"potentialAction\":[{\"@type\":\"ReadAction\",\"target\":[\"https:\/\/www.adf.org.br\/home\/o-protetor-que-deus-enviou-para-voce\/\"]}]},{\"@type\":\"BreadcrumbList\",\"@id\":\"https:\/\/www.adf.org.br\/home\/o-protetor-que-deus-enviou-para-voce\/#breadcrumb\",\"itemListElement\":[{\"@type\":\"ListItem\",\"position\":1,\"name\":\"Home\",\"item\":\"https:\/\/www.adf.org.br\/home\/\"},{\"@type\":\"ListItem\",\"position\":2,\"name\":\"O protetor que Deus enviou para voc\\u00ea, Veja.\"}]},{\"@type\":\"Person\",\"@id\":\"https:\/\/www.adf.org.br\/home\/#\/schema\/person\/f35a5c5aa7728a3dedf4ea9aa1fc2753\",\"name\":\"Gabriel Barbosa\",\"image\":{\"@type\":\"ImageObject\",\"@id\":\"https:\/\/www.adf.org.br\/home\/#personlogo\",\"inLanguage\":\"pt-BR\",\"url\":\"https:\/\/secure.gravatar.com\/avatar\/2b2cb2f4637682c5605e8d36818f51ef?s=96&d=mm&r=g\",\"contentUrl\":\"https:\/\/secure.gravatar.com\/avatar\/2b2cb2f4637682c5605e8d36818f51ef?s=96&d=mm&r=g\",\"caption\":\"Gabriel Barbosa\"},\"url\":\"https:\/\/www.adf.org.br\/home\/author\/gabrielpmk-com-br\/\"}]}<\/script>\n<!-- \/ Yoast SEO plugin. -->","yoast_head_json":{"title":"O protetor que Deus enviou para voc\u00ea, Veja.","description":"O protetor que Deus enviou para voc\u00ea, para estar ao seu lado e em todos os caminhos te guardar das ciladas do dem\u00f4nio. Veja.","robots":{"index":"index","follow":"follow","max-snippet":"max-snippet:-1","max-image-preview":"max-image-preview:large","max-video-preview":"max-video-preview:-1"},"canonical":"https:\/\/www.adf.org.br\/home\/o-protetor-que-deus-enviou-para-voce\/","og_locale":"pt_BR","og_type":"article","og_title":"O protetor que Deus enviou para voc\u00ea, Veja.","og_description":"O protetor que Deus enviou para voc\u00ea, para estar ao seu lado e em todos os caminhos te guardar das ciladas do dem\u00f4nio. Veja.","og_url":"https:\/\/www.adf.org.br\/home\/o-protetor-que-deus-enviou-para-voce\/","og_site_name":"Associa\u00e7\u00e3o Devotos de F\u00e1tima","article_published_time":"2017-02-20T03:00:24+00:00","twitter_card":"summary_large_image","twitter_misc":{"Escrito por":"Gabriel Barbosa","Est. tempo de leitura":"2 minutos"},"schema":{"@context":"https:\/\/schema.org","@graph":[{"@type":"WebSite","@id":"https:\/\/www.adf.org.br\/home\/#website","url":"https:\/\/www.adf.org.br\/home\/","name":"Associa\u00e7\u00e3o Devotos de F\u00e1tima","description":"Associa\u00e7\u00e3o Devotos de F\u00e1tima","potentialAction":[{"@type":"SearchAction","target":{"@type":"EntryPoint","urlTemplate":"https:\/\/www.adf.org.br\/home\/?s={search_term_string}"},"query-input":"required name=search_term_string"}],"inLanguage":"pt-BR"},{"@type":"ImageObject","@id":"https:\/\/www.adf.org.br\/home\/o-protetor-que-deus-enviou-para-voce\/#primaryimage","inLanguage":"pt-BR","url":"","contentUrl":""},{"@type":"WebPage","@id":"https:\/\/www.adf.org.br\/home\/o-protetor-que-deus-enviou-para-voce\/#webpage","url":"https:\/\/www.adf.org.br\/home\/o-protetor-que-deus-enviou-para-voce\/","name":"O protetor que Deus enviou para voc\u00ea, Veja.","isPartOf":{"@id":"https:\/\/www.adf.org.br\/home\/#website"},"primaryImageOfPage":{"@id":"https:\/\/www.adf.org.br\/home\/o-protetor-que-deus-enviou-para-voce\/#primaryimage"},"datePublished":"2017-02-20T03:00:24+00:00","dateModified":"2017-02-20T03:00:24+00:00","author":{"@id":"https:\/\/www.adf.org.br\/home\/#\/schema\/person\/f35a5c5aa7728a3dedf4ea9aa1fc2753"},"description":"O protetor que Deus enviou para voc\u00ea, para estar ao seu lado e em todos os caminhos te guardar das ciladas do dem\u00f4nio. Veja.","breadcrumb":{"@id":"https:\/\/www.adf.org.br\/home\/o-protetor-que-deus-enviou-para-voce\/#breadcrumb"},"inLanguage":"pt-BR","potentialAction":[{"@type":"ReadAction","target":["https:\/\/www.adf.org.br\/home\/o-protetor-que-deus-enviou-para-voce\/"]}]},{"@type":"BreadcrumbList","@id":"https:\/\/www.adf.org.br\/home\/o-protetor-que-deus-enviou-para-voce\/#breadcrumb","itemListElement":[{"@type":"ListItem","position":1,"name":"Home","item":"https:\/\/www.adf.org.br\/home\/"},{"@type":"ListItem","position":2,"name":"O protetor que Deus enviou para voc\u00ea, Veja."}]},{"@type":"Person","@id":"https:\/\/www.adf.org.br\/home\/#\/schema\/person\/f35a5c5aa7728a3dedf4ea9aa1fc2753","name":"Gabriel Barbosa","image":{"@type":"ImageObject","@id":"https:\/\/www.adf.org.br\/home\/#personlogo","inLanguage":"pt-BR","url":"https:\/\/secure.gravatar.com\/avatar\/2b2cb2f4637682c5605e8d36818f51ef?s=96&d=mm&r=g","contentUrl":"https:\/\/secure.gravatar.com\/avatar\/2b2cb2f4637682c5605e8d36818f51ef?s=96&d=mm&r=g","caption":"Gabriel Barbosa"},"url":"https:\/\/www.adf.org.br\/home\/author\/gabrielpmk-com-br\/"}]}},"_links":{"self":[{"href":"https:\/\/www.adf.org.br\/home\/wp-json\/wp\/v2\/posts\/23823"}],"collection":[{"href":"https:\/\/www.adf.org.br\/home\/wp-json\/wp\/v2\/posts"}],"about":[{"href":"https:\/\/www.adf.org.br\/home\/wp-json\/wp\/v2\/types\/post"}],"author":[{"embeddable":true,"href":"https:\/\/www.adf.org.br\/home\/wp-json\/wp\/v2\/users\/31"}],"replies":[{"embeddable":true,"href":"https:\/\/www.adf.org.br\/home\/wp-json\/wp\/v2\/comments?post=23823"}],"version-history":[{"count":0,"href":"https:\/\/www.adf.org.br\/home\/wp-json\/wp\/v2\/posts\/23823\/revisions"}],"wp:featuredmedia":[{"embeddable":true,"href":"https:\/\/www.adf.org.br\/home\/wp-json\/wp\/v2\/media\/42869"}],"wp:attachment":[{"href":"https:\/\/www.adf.org.br\/home\/wp-json\/wp\/v2\/media?parent=23823"}],"wp:term":[{"taxonomy":"category","embeddable":true,"href":"https:\/\/www.adf.org.br\/home\/wp-json\/wp\/v2\/categories?post=23823"},{"taxonomy":"post_tag","embeddable":true,"href":"https:\/\/www.adf.org.br\/home\/wp-json\/wp\/v2\/tags?post=23823"}],"curies":[{"name":"wp","href":"https:\/\/api.w.org\/{rel}","templated":true}]}}