{"id":23624,"date":"2014-03-13T23:59:28","date_gmt":"2014-03-14T02:59:28","guid":{"rendered":"http:\/\/www.adf.org.br\/home\/?p=23624"},"modified":"2014-03-13T23:59:28","modified_gmt":"2014-03-14T02:59:28","slug":"hoje-e-o-triste-dia-da-estreia-da-peca-jesus-cristo-super-star","status":"publish","type":"post","link":"https:\/\/www.adf.org.br\/home\/hoje-e-o-triste-dia-da-estreia-da-peca-jesus-cristo-super-star\/","title":{"rendered":"Hoje \u00e9 o triste dia da estreia da Pe\u00e7a Jesus Cristo Super Star"},"content":{"rendered":"<blockquote><p><span style=\"font-size: medium;\">Eles ignoraram, fizeram pouco caso e v\u00e3o seguir em frente, mesmo sabendo que \u00e9 uma blasf\u00eamia e vai contra a nossa F\u00e9.<\/span><br \/>\n<span style=\"font-size: medium;\">Resolveram aguentar as consequ\u00eancias de um pecado t\u00e3o infame. Desafiam a Deus Nosso Senhor.<\/span><br \/>\n<span style=\"font-size: medium;\"><a href=\"http:\/\/www.defendojesus.com.br\/?origem=1\" target=\"_blank\" rel=\"noopener noreferrer\"><strong>Faca a sua parte, se voc\u00ea ainda n\u00e3o assinou a peti\u00e7\u00e3o contra a Pe\u00e7a<\/strong><\/a>. Vamos continuar nos manifestando. Se eles n\u00e3o querem nos ouvir, Deus ouvir\u00e1!<\/span><br \/>\n<span style=\"font-size: medium;\"><strong>Se voc\u00ea j\u00e1 assinou a Peti\u00e7\u00e3o<\/strong>, obrigado! Voc\u00ea fez o seu papel como Filho de Jesus Cristo e tenho certeza que ser\u00e1 recompensado no reino dos C\u00e9us.\u00a0<strong>Convide seus amigos<\/strong>.<\/span><\/p><\/blockquote>\n<p><span style=\"font-size: medium;\"><span style=\"color: #800000;\"><strong><a href=\"http:\/\/www.defendojesus.com.br\/?origem=1\"><img loading=\"lazy\" class=\"alignleft size-full wp-image-23628\" title=\"Defendo Jesus\" src=\"http:\/\/www.adf.org.br\/home\/wp-content\/uploads\/2014\/03\/Defendo-Jesus.jpg\" alt=\"\" width=\"251\" height=\"569\" \/><\/a>&#8220;Pai perdoa-lhes, porque n\u00e3o sabem o que fazem&#8221;<\/strong><\/span>\u00a0(Lucas, 23:34).<\/span><br \/>\n<span style=\"font-size: medium;\">Ser\u00e1 que esse brado de Nosso Senhor em rela\u00e7\u00e3o aos seus verdugos de outrora \u00e9 v\u00e1lido para os verdugos de hoje?<\/span><br \/>\n<span style=\"font-size: medium;\">Desde o dia 21 de Fevereiro, quando lan\u00e7amos a Peti\u00e7\u00e3o contra a Pe\u00e7a blasfema Jesus Cristo Superstar (<a href=\"http:\/\/www.defendojesus.com.br\/?origem=1\" target=\"_blank\" rel=\"noopener noreferrer\">www.defendojesus.com.br<\/a>) reunimos mais de 33.000 protestos.<\/span><br \/>\n<span style=\"font-size: medium;\"><strong>Proteste<\/strong>\u00a0contra a agress\u00e3o \u00e0 F\u00e9 da maioria do p\u00fablico brasileiro por um estado que se diz laico, lan\u00e7ando na lama o nome de Nosso Senhor Jesus Cristo.<\/span><br \/>\n<span style=\"font-size: medium;\"><strong>Proteste<\/strong>\u00a0por que esse mesmo Estado faz isso com dinheiro p\u00fablico! E cinicamente diz que n\u00e3o pode exercer censura!<\/span><br \/>\n<span style=\"font-size: medium;\">O mesmo Estado que tremeria diante de um protesto mu\u00e7ulmano, normalmente acompanhado de amea\u00e7as, atentados e mortes.<\/span><br \/>\n<span style=\"font-size: medium;\">O mesmo Estado que usa nosso dinheiro para construir obras em Cuba e escraviza m\u00e9dicos para favorecer os verdugos cubanos.<\/span><br \/>\n<span style=\"font-size: medium;\">Hoje, dia 14 de Mar\u00e7o, ser\u00e1 a estreia desta blasf\u00eamia. Come\u00e7ar\u00e1 a dissemina\u00e7\u00e3o desse pecado, que depois pensa percorrer outros logradouros do Brasil.<\/span><br \/>\n<span style=\"font-size: medium;\">Nossa rejei\u00e7\u00e3o ficou registrada.<\/span><br \/>\n<span style=\"font-size: medium;\"><strong>N\u00e3o nos esque\u00e7amos disso na hora das elei\u00e7\u00f5es.<\/strong><\/span><\/p>\n<p style=\"padding-left: 60px;\"><span style=\"font-size: medium;\">&#8211;\u00a0<\/span><strong style=\"font-size: medium;\">nenhum pol\u00edtico se manifestou, nenhum saiu em defesa de Nosso Senhor<\/strong><span style=\"font-size: medium;\">, nenhum se revoltou pelo fato de se cometer uma blasf\u00eamia usando o proprio dinheiro dos contribuintes crist\u00e3os.<\/span><\/p>\n<p><span style=\"font-size: medium;\">Eu confesso tamb\u00e9m que esperava mais manifesta\u00e7\u00f5es de religiosos. Especialmente daqueles que s\u00e3o &#8220;celebridades&#8221; na televis\u00e3o e que poderiam usar seus espa\u00e7os para defender o Salvador.<\/span><br \/>\n<span style=\"font-size: large; color: #800000;\"><strong>Jesus est\u00e1 s\u00f3.<\/strong><\/span><br \/>\n<span style=\"font-size: medium;\">N\u00e3o inteiramente. Ele tem a n\u00f3s, 33.000 filhos que se indignaram. E eu espero que esse n\u00famero aumente, com a sua ajuda.<\/span><br \/>\n<span style=\"font-size: medium;\">Foram muitos os jornais e programas de TV que falaram sobre a pe\u00e7a e a nossa peti\u00e7\u00e3o.<\/span><br \/>\n<span style=\"font-size: medium;\"><strong>E foi apenas por meio da imprensa que ficamos sabendo qual foi a resposta do Minist\u00e9rio da Cultura<\/strong>\u00a0ao nosso pedido para que n\u00e3o usassem o nosso dinheiro (s\u00e3o R$ 5,7 milh\u00f5es!), os nossos impostos, para patrocinar a Pe\u00e7a.<\/span><br \/>\n<span style=\"font-size: medium;\">Eles n\u00e3o procuraram a Associa\u00e7\u00e3o. N\u00e3o se importaram em responder a voc\u00ea e aos outros 33 mil brasileiros que assinaram a peti\u00e7\u00e3o.<\/span><br \/>\n<span style=\"font-size: medium;\">Preferiram apenas responder \u00e0 imprensa, como se dissessem para voc\u00ea e para mim: \u201ceu uso o dinheiro de voc\u00eas crist\u00e3os para violentar a sua F\u00e9 e n\u00e3o lhes devo explica\u00e7\u00e3o&#8221;.<\/span><br \/>\n<span style=\"font-size: medium;\"><strong>Cinismo e desrespeito.<\/strong><\/span><br \/>\n<span style=\"font-size: medium;\">Ora&#8230; Mas pior do que a forma como a resposta foi dada&#8230; Foi o conte\u00fado propriamente dito da resposta.<\/span><br \/>\n<span style=\"font-size: medium;\">Leia voc\u00ea mesmo a declara\u00e7\u00e3o dada pela Ministra da Cultura, Marta Suplicy, ao jornal O Globo, em 27 de fevereiro:<\/span><\/p>\n<p style=\"padding-left: 60px;\"><span style=\"font-size: medium;\"><em>\u201cO espet\u00e1culo \u201cJesus Cristo Superstar\u201d tem sido aclamado mundialmente pela sua qualidade.\u00a0<strong>Observamos respeito \u00e0 diversidade religiosa num pa\u00eds cujo Estado \u00e9 laico<\/strong>. A proposta foi avaliada tecnicamente, como outras, aprovada pela Comiss\u00e3o Nacional de Incentivo \u00e0 Cultura (CNIC), composta por representantes de artistas, empres\u00e1rios, sociedade civil e do Estado,\u00a0<strong>o que nos pareceu adequado<\/strong>\u201d.<\/em><\/span><\/p>\n<p><span style=\"font-size: medium;\">Voc\u00ea leu bem?<\/span><br \/>\n<span style=\"font-size: medium;\"><strong>Eles aprovaram a pe\u00e7a pois \u201cpareceu adequado\u201d<\/strong>.\u00a0<\/span><br \/>\n<span style=\"font-size: medium;\">Pareceu adequado a quem? 10 pessoas? E os mais de 33 mil, at\u00e9 agora, que n\u00e3o acharam que a pe\u00e7a pareceu adequada.<\/span><br \/>\n<span style=\"font-size: medium;\">E onde est\u00e1 o tal do &#8220;respeito \u00e0 diversidade religiosa num pa\u00eds cujo Estado \u00e9 laico\u201d.<\/span><br \/>\n<span style=\"font-size: medium;\"><strong>Comecem por respeitar a maioria do povo brasileiro. Voc\u00ea se sente respeitado?<\/strong><\/span><br \/>\n<span style=\"font-size: medium;\">\u00c9 realmente lament\u00e1vel essa desculpa, travestida de resposta, do Minist\u00e9rio da Cultura.<\/span><br \/>\n<span style=\"font-size: medium;\"><strong>Mas nem isso eles fariam se n\u00e3o sentissem a sua press\u00e3o!<\/strong><\/span><br \/>\n<span style=\"font-size: medium;\">Por isso, se voc\u00ea, por acaso, ainda n\u00e3o assinou a peti\u00e7\u00e3o, fa\u00e7a isso agora:<a href=\"http:\/\/www.defendojesus.com.br\/?origem=1\">\u00a0<strong>www.defendojesus.com.br<\/strong><\/a><\/span><br \/>\n<span style=\"font-size: medium;\">Caso tenha assinado a peti\u00e7\u00e3o, fale com todos os que voc\u00ea conhece para fazerem o mesmo.<\/span><br \/>\n<span style=\"font-size: medium;\">Eu sei que a pe\u00e7a vai estrear hoje e que, provavelmente, continuar\u00e1 em cartaz por algum tempo.<\/span><br \/>\n<span style=\"font-size: medium;\"><strong>Mas n\u00f3s continuaremos nos manifestando e n\u00e3o vamos parar at\u00e9 que eles n\u00e3o aguentem mais ouvir nosso protesto e nossa defesa de filhos que amam o Pai.<\/strong><\/span><br \/>\n<span style=\"font-size: medium;\">Esc\u00e1rnio que vem tamb\u00e9m do Diretor da pe\u00e7a, que se diz cat\u00f3lico, mas fez a seguinte declara\u00e7\u00e3o \u00e0 imprensa:<\/span><br \/>\n<span style=\"font-size: medium;\"><em>\u201cEle (Jesus) veste jeans (na pe\u00e7a). Geralmente Jesus \u00e9 retratado com\u00a0<strong>aquela fraldinha<\/strong>\u201d.<\/em><\/span><br \/>\n<span style=\"font-size: medium;\">Que Nosso Senhor tenha piedade dele e de todos os outros que zombam de Sua imagem.<\/span><br \/>\n<span style=\"font-size: medium;\">Contamos com sua participa\u00e7\u00e3o, conto com seu protesto e sua repara\u00e7\u00e3o, atrav\u00e9s de ora\u00e7\u00f5es.<\/span><\/p>\n","protected":false},"excerpt":{"rendered":"<p>Eles ignoraram, fizeram pouco caso e v\u00e3o seguir em frente, mesmo sabendo que \u00e9 uma blasf\u00eamia e vai contra a nossa F\u00e9. Resolveram aguentar as consequ\u00eancias de um pecado t\u00e3o infame. Desafiam a Deus Nosso Senhor. Faca a sua parte, se voc\u00ea ainda n\u00e3o assinou a peti\u00e7\u00e3o contra a Pe\u00e7a. Vamos continuar nos manifestando. Se [&hellip;]<\/p>\n","protected":false},"author":31,"featured_media":0,"comment_status":"open","ping_status":"open","sticky":false,"template":"","format":"standard","meta":[],"categories":[20],"tags":[59,817,829,830],"yoast_head":"<!-- This site is optimized with the Yoast SEO plugin v17.4 - https:\/\/yoast.com\/wordpress\/plugins\/seo\/ -->\n<title>Hoje \u00e9 o triste dia da estreia da Pe\u00e7a Jesus Cristo Super Star - Associa\u00e7\u00e3o Devotos de F\u00e1tima<\/title>\n<meta name=\"robots\" content=\"index, follow, max-snippet:-1, max-image-preview:large, max-video-preview:-1\" \/>\n<link rel=\"canonical\" href=\"https:\/\/www.adf.org.br\/home\/hoje-e-o-triste-dia-da-estreia-da-peca-jesus-cristo-super-star\/\" \/>\n<meta property=\"og:locale\" content=\"pt_BR\" \/>\n<meta property=\"og:type\" content=\"article\" \/>\n<meta property=\"og:title\" content=\"Hoje \u00e9 o triste dia da estreia da Pe\u00e7a Jesus Cristo Super Star - Associa\u00e7\u00e3o Devotos de F\u00e1tima\" \/>\n<meta property=\"og:description\" content=\"Eles ignoraram, fizeram pouco caso e v\u00e3o seguir em frente, mesmo sabendo que \u00e9 uma blasf\u00eamia e vai contra a nossa F\u00e9. Resolveram aguentar as consequ\u00eancias de um pecado t\u00e3o infame. Desafiam a Deus Nosso Senhor. Faca a sua parte, se voc\u00ea ainda n\u00e3o assinou a peti\u00e7\u00e3o contra a Pe\u00e7a. Vamos continuar nos manifestando. Se [&hellip;]\" \/>\n<meta property=\"og:url\" content=\"https:\/\/www.adf.org.br\/home\/hoje-e-o-triste-dia-da-estreia-da-peca-jesus-cristo-super-star\/\" \/>\n<meta property=\"og:site_name\" content=\"Associa\u00e7\u00e3o Devotos de F\u00e1tima\" \/>\n<meta property=\"article:published_time\" content=\"2014-03-14T02:59:28+00:00\" \/>\n<meta property=\"og:image\" content=\"http:\/\/www.adf.org.br\/home\/wp-content\/uploads\/2014\/03\/Defendo-Jesus.jpg\" \/>\n<meta name=\"twitter:card\" content=\"summary_large_image\" \/>\n<meta name=\"twitter:label1\" content=\"Escrito por\" \/>\n\t<meta name=\"twitter:data1\" content=\"Gabriel Barbosa\" \/>\n\t<meta name=\"twitter:label2\" content=\"Est. tempo de leitura\" \/>\n\t<meta name=\"twitter:data2\" content=\"4 minutos\" \/>\n<script type=\"application\/ld+json\" class=\"yoast-schema-graph\">{\"@context\":\"https:\/\/schema.org\",\"@graph\":[{\"@type\":\"WebSite\",\"@id\":\"https:\/\/www.adf.org.br\/home\/#website\",\"url\":\"https:\/\/www.adf.org.br\/home\/\",\"name\":\"Associa\\u00e7\\u00e3o Devotos de F\\u00e1tima\",\"description\":\"Associa\\u00e7\\u00e3o Devotos de F\\u00e1tima\",\"potentialAction\":[{\"@type\":\"SearchAction\",\"target\":{\"@type\":\"EntryPoint\",\"urlTemplate\":\"https:\/\/www.adf.org.br\/home\/?s={search_term_string}\"},\"query-input\":\"required name=search_term_string\"}],\"inLanguage\":\"pt-BR\"},{\"@type\":\"ImageObject\",\"@id\":\"https:\/\/www.adf.org.br\/home\/hoje-e-o-triste-dia-da-estreia-da-peca-jesus-cristo-super-star\/#primaryimage\",\"inLanguage\":\"pt-BR\",\"url\":\"http:\/\/www.adf.org.br\/home\/wp-content\/uploads\/2014\/03\/Defendo-Jesus.jpg\",\"contentUrl\":\"http:\/\/www.adf.org.br\/home\/wp-content\/uploads\/2014\/03\/Defendo-Jesus.jpg\"},{\"@type\":\"WebPage\",\"@id\":\"https:\/\/www.adf.org.br\/home\/hoje-e-o-triste-dia-da-estreia-da-peca-jesus-cristo-super-star\/#webpage\",\"url\":\"https:\/\/www.adf.org.br\/home\/hoje-e-o-triste-dia-da-estreia-da-peca-jesus-cristo-super-star\/\",\"name\":\"Hoje \\u00e9 o triste dia da estreia da Pe\\u00e7a Jesus Cristo Super Star - Associa\\u00e7\\u00e3o Devotos de F\\u00e1tima\",\"isPartOf\":{\"@id\":\"https:\/\/www.adf.org.br\/home\/#website\"},\"primaryImageOfPage\":{\"@id\":\"https:\/\/www.adf.org.br\/home\/hoje-e-o-triste-dia-da-estreia-da-peca-jesus-cristo-super-star\/#primaryimage\"},\"datePublished\":\"2014-03-14T02:59:28+00:00\",\"dateModified\":\"2014-03-14T02:59:28+00:00\",\"author\":{\"@id\":\"https:\/\/www.adf.org.br\/home\/#\/schema\/person\/f35a5c5aa7728a3dedf4ea9aa1fc2753\"},\"breadcrumb\":{\"@id\":\"https:\/\/www.adf.org.br\/home\/hoje-e-o-triste-dia-da-estreia-da-peca-jesus-cristo-super-star\/#breadcrumb\"},\"inLanguage\":\"pt-BR\",\"potentialAction\":[{\"@type\":\"ReadAction\",\"target\":[\"https:\/\/www.adf.org.br\/home\/hoje-e-o-triste-dia-da-estreia-da-peca-jesus-cristo-super-star\/\"]}]},{\"@type\":\"BreadcrumbList\",\"@id\":\"https:\/\/www.adf.org.br\/home\/hoje-e-o-triste-dia-da-estreia-da-peca-jesus-cristo-super-star\/#breadcrumb\",\"itemListElement\":[{\"@type\":\"ListItem\",\"position\":1,\"name\":\"Home\",\"item\":\"https:\/\/www.adf.org.br\/home\/\"},{\"@type\":\"ListItem\",\"position\":2,\"name\":\"Hoje \\u00e9 o triste dia da estreia da Pe\\u00e7a Jesus Cristo Super Star\"}]},{\"@type\":\"Person\",\"@id\":\"https:\/\/www.adf.org.br\/home\/#\/schema\/person\/f35a5c5aa7728a3dedf4ea9aa1fc2753\",\"name\":\"Gabriel Barbosa\",\"image\":{\"@type\":\"ImageObject\",\"@id\":\"https:\/\/www.adf.org.br\/home\/#personlogo\",\"inLanguage\":\"pt-BR\",\"url\":\"https:\/\/secure.gravatar.com\/avatar\/2b2cb2f4637682c5605e8d36818f51ef?s=96&d=mm&r=g\",\"contentUrl\":\"https:\/\/secure.gravatar.com\/avatar\/2b2cb2f4637682c5605e8d36818f51ef?s=96&d=mm&r=g\",\"caption\":\"Gabriel Barbosa\"},\"url\":\"https:\/\/www.adf.org.br\/home\/author\/gabrielpmk-com-br\/\"}]}<\/script>\n<!-- \/ Yoast SEO plugin. -->","yoast_head_json":{"title":"Hoje \u00e9 o triste dia da estreia da Pe\u00e7a Jesus Cristo Super Star - Associa\u00e7\u00e3o Devotos de F\u00e1tima","robots":{"index":"index","follow":"follow","max-snippet":"max-snippet:-1","max-image-preview":"max-image-preview:large","max-video-preview":"max-video-preview:-1"},"canonical":"https:\/\/www.adf.org.br\/home\/hoje-e-o-triste-dia-da-estreia-da-peca-jesus-cristo-super-star\/","og_locale":"pt_BR","og_type":"article","og_title":"Hoje \u00e9 o triste dia da estreia da Pe\u00e7a Jesus Cristo Super Star - Associa\u00e7\u00e3o Devotos de F\u00e1tima","og_description":"Eles ignoraram, fizeram pouco caso e v\u00e3o seguir em frente, mesmo sabendo que \u00e9 uma blasf\u00eamia e vai contra a nossa F\u00e9. Resolveram aguentar as consequ\u00eancias de um pecado t\u00e3o infame. Desafiam a Deus Nosso Senhor. Faca a sua parte, se voc\u00ea ainda n\u00e3o assinou a peti\u00e7\u00e3o contra a Pe\u00e7a. Vamos continuar nos manifestando. Se [&hellip;]","og_url":"https:\/\/www.adf.org.br\/home\/hoje-e-o-triste-dia-da-estreia-da-peca-jesus-cristo-super-star\/","og_site_name":"Associa\u00e7\u00e3o Devotos de F\u00e1tima","article_published_time":"2014-03-14T02:59:28+00:00","og_image":[{"url":"http:\/\/www.adf.org.br\/home\/wp-content\/uploads\/2014\/03\/Defendo-Jesus.jpg"}],"twitter_card":"summary_large_image","twitter_misc":{"Escrito por":"Gabriel Barbosa","Est. tempo de leitura":"4 minutos"},"schema":{"@context":"https:\/\/schema.org","@graph":[{"@type":"WebSite","@id":"https:\/\/www.adf.org.br\/home\/#website","url":"https:\/\/www.adf.org.br\/home\/","name":"Associa\u00e7\u00e3o Devotos de F\u00e1tima","description":"Associa\u00e7\u00e3o Devotos de F\u00e1tima","potentialAction":[{"@type":"SearchAction","target":{"@type":"EntryPoint","urlTemplate":"https:\/\/www.adf.org.br\/home\/?s={search_term_string}"},"query-input":"required name=search_term_string"}],"inLanguage":"pt-BR"},{"@type":"ImageObject","@id":"https:\/\/www.adf.org.br\/home\/hoje-e-o-triste-dia-da-estreia-da-peca-jesus-cristo-super-star\/#primaryimage","inLanguage":"pt-BR","url":"http:\/\/www.adf.org.br\/home\/wp-content\/uploads\/2014\/03\/Defendo-Jesus.jpg","contentUrl":"http:\/\/www.adf.org.br\/home\/wp-content\/uploads\/2014\/03\/Defendo-Jesus.jpg"},{"@type":"WebPage","@id":"https:\/\/www.adf.org.br\/home\/hoje-e-o-triste-dia-da-estreia-da-peca-jesus-cristo-super-star\/#webpage","url":"https:\/\/www.adf.org.br\/home\/hoje-e-o-triste-dia-da-estreia-da-peca-jesus-cristo-super-star\/","name":"Hoje \u00e9 o triste dia da estreia da Pe\u00e7a Jesus Cristo Super Star - Associa\u00e7\u00e3o Devotos de F\u00e1tima","isPartOf":{"@id":"https:\/\/www.adf.org.br\/home\/#website"},"primaryImageOfPage":{"@id":"https:\/\/www.adf.org.br\/home\/hoje-e-o-triste-dia-da-estreia-da-peca-jesus-cristo-super-star\/#primaryimage"},"datePublished":"2014-03-14T02:59:28+00:00","dateModified":"2014-03-14T02:59:28+00:00","author":{"@id":"https:\/\/www.adf.org.br\/home\/#\/schema\/person\/f35a5c5aa7728a3dedf4ea9aa1fc2753"},"breadcrumb":{"@id":"https:\/\/www.adf.org.br\/home\/hoje-e-o-triste-dia-da-estreia-da-peca-jesus-cristo-super-star\/#breadcrumb"},"inLanguage":"pt-BR","potentialAction":[{"@type":"ReadAction","target":["https:\/\/www.adf.org.br\/home\/hoje-e-o-triste-dia-da-estreia-da-peca-jesus-cristo-super-star\/"]}]},{"@type":"BreadcrumbList","@id":"https:\/\/www.adf.org.br\/home\/hoje-e-o-triste-dia-da-estreia-da-peca-jesus-cristo-super-star\/#breadcrumb","itemListElement":[{"@type":"ListItem","position":1,"name":"Home","item":"https:\/\/www.adf.org.br\/home\/"},{"@type":"ListItem","position":2,"name":"Hoje \u00e9 o triste dia da estreia da Pe\u00e7a Jesus Cristo Super Star"}]},{"@type":"Person","@id":"https:\/\/www.adf.org.br\/home\/#\/schema\/person\/f35a5c5aa7728a3dedf4ea9aa1fc2753","name":"Gabriel Barbosa","image":{"@type":"ImageObject","@id":"https:\/\/www.adf.org.br\/home\/#personlogo","inLanguage":"pt-BR","url":"https:\/\/secure.gravatar.com\/avatar\/2b2cb2f4637682c5605e8d36818f51ef?s=96&d=mm&r=g","contentUrl":"https:\/\/secure.gravatar.com\/avatar\/2b2cb2f4637682c5605e8d36818f51ef?s=96&d=mm&r=g","caption":"Gabriel Barbosa"},"url":"https:\/\/www.adf.org.br\/home\/author\/gabrielpmk-com-br\/"}]}},"_links":{"self":[{"href":"https:\/\/www.adf.org.br\/home\/wp-json\/wp\/v2\/posts\/23624"}],"collection":[{"href":"https:\/\/www.adf.org.br\/home\/wp-json\/wp\/v2\/posts"}],"about":[{"href":"https:\/\/www.adf.org.br\/home\/wp-json\/wp\/v2\/types\/post"}],"author":[{"embeddable":true,"href":"https:\/\/www.adf.org.br\/home\/wp-json\/wp\/v2\/users\/31"}],"replies":[{"embeddable":true,"href":"https:\/\/www.adf.org.br\/home\/wp-json\/wp\/v2\/comments?post=23624"}],"version-history":[{"count":0,"href":"https:\/\/www.adf.org.br\/home\/wp-json\/wp\/v2\/posts\/23624\/revisions"}],"wp:attachment":[{"href":"https:\/\/www.adf.org.br\/home\/wp-json\/wp\/v2\/media?parent=23624"}],"wp:term":[{"taxonomy":"category","embeddable":true,"href":"https:\/\/www.adf.org.br\/home\/wp-json\/wp\/v2\/categories?post=23624"},{"taxonomy":"post_tag","embeddable":true,"href":"https:\/\/www.adf.org.br\/home\/wp-json\/wp\/v2\/tags?post=23624"}],"curies":[{"name":"wp","href":"https:\/\/api.w.org\/{rel}","templated":true}]}}