{"id":23593,"date":"2014-03-13T23:57:56","date_gmt":"2014-03-14T02:57:56","guid":{"rendered":"http:\/\/www.adf.org.br\/home\/?p=23593"},"modified":"2014-03-13T23:57:56","modified_gmt":"2014-03-14T02:57:56","slug":"reflexoes-para-a-quaresma-a-ressurreicao-de-cristo-x-a-ressurreicao-da-igreja","status":"publish","type":"post","link":"https:\/\/www.adf.org.br\/home\/reflexoes-para-a-quaresma-a-ressurreicao-de-cristo-x-a-ressurreicao-da-igreja\/","title":{"rendered":"Reflex\u00f5es para a Quaresma &#8211; A ressurrei\u00e7\u00e3o de Cristo X A ressurrei\u00e7\u00e3o da Igreja"},"content":{"rendered":"<p style=\"text-align: right;\" align=\"JUSTIFY\"><em>Plinio Corr\u00eaa de Oliveira<\/em><\/p>\n<p align=\"JUSTIFY\"><img loading=\"lazy\" class=\"alignright  wp-image-23597\" title=\"sepulcro vazio\" src=\"http:\/\/www.adf.org.br\/home\/wp-content\/uploads\/2014\/03\/sepulcro-vazio.jpg\" alt=\"\" width=\"320\" height=\"240\" \/>Quando Nosso Senhor Jesus Cristo morreu, os judeus selaram sua sepultura, guarneceram-na com soldados, julgaram que estava tudo terminado.<\/p>\n<p align=\"JUSTIFY\">Em sua impiedade, eles negavam que Nosso Senhor fosse Filho de Deus, que fosse capaz de destruir a pris\u00e3o sepulcral em que jazia, que, sobretudo, fosse capaz de passar da morte \u00e0 vida. Ora, tudo isto se deu.<\/p>\n<p align=\"JUSTIFY\">Nosso Senhor ressuscitou sem qualquer aux\u00edlio humano, e sob seu imp\u00e9rio a pesada pedra da sepultura deslocou-se leve e rapidamente, como uma nuvem. E Ele ressurgiu.<\/p>\n<p align=\"JUSTIFY\">Assim tamb\u00e9m a Igreja imortal pode ser aparentemente abandonada, enxovalhada, perseguida. Ela pode jazer, derrotada na apar\u00eancia sob o peso sepulcral das mais pesadas prova\u00e7\u00f5es.<\/p>\n<p align=\"JUSTIFY\">Ela tem em si mesma uma for\u00e7a interior e sobrenatural, que lhe vem de Deus, e que lhe assegura uma vit\u00f3ria tanto mais espl\u00eandida quanto mais inesperada e completa.<\/p>\n<p align=\"JUSTIFY\">Essa a grande li\u00e7\u00e3o do dia de hoje, o grande consolo para os homens retos que amam acima de tudo a Igreja de Deus:<\/p>\n<p align=\"JUSTIFY\"><strong>Cristo morreu e ressuscitou. A Igreja imortal ressurge de suas prova\u00e7\u00f5es, gloriosa como Cristo, na radiosa aurora de sua Ressurrei\u00e7\u00e3o.<\/strong><\/p>\n<p align=\"JUSTIFY\"><a href=\"http:\/\/www.adf.org.br\/viasacra\/?origem=1\"><img loading=\"lazy\" class=\"aligncenter size-full wp-image-23600\" title=\"cd via sacra p quaresma\" src=\"http:\/\/www.adf.org.br\/home\/wp-content\/uploads\/2014\/03\/cd-via-sacra-p-quaresma1.jpg\" alt=\"\" width=\"440\" height=\"170\" \/><\/a><\/p>\n","protected":false},"excerpt":{"rendered":"<p>Plinio Corr\u00eaa de Oliveira Quando Nosso Senhor Jesus Cristo morreu, os judeus selaram sua sepultura, guarneceram-na com soldados, julgaram que estava tudo terminado. Em sua impiedade, eles negavam que Nosso Senhor fosse Filho de Deus, que fosse capaz de destruir a pris\u00e3o sepulcral em que jazia, que, sobretudo, fosse capaz de passar da morte \u00e0 [&hellip;]<\/p>\n","protected":false},"author":31,"featured_media":0,"comment_status":"open","ping_status":"open","sticky":false,"template":"","format":"standard","meta":[],"categories":[20],"tags":[],"yoast_head":"<!-- This site is optimized with the Yoast SEO plugin v17.4 - https:\/\/yoast.com\/wordpress\/plugins\/seo\/ -->\n<title>Reflex\u00f5es para a Quaresma - A ressurrei\u00e7\u00e3o de Cristo X A ressurrei\u00e7\u00e3o da Igreja - Associa\u00e7\u00e3o Devotos de F\u00e1tima<\/title>\n<meta name=\"robots\" content=\"index, follow, max-snippet:-1, max-image-preview:large, max-video-preview:-1\" \/>\n<link rel=\"canonical\" href=\"https:\/\/www.adf.org.br\/home\/reflexoes-para-a-quaresma-a-ressurreicao-de-cristo-x-a-ressurreicao-da-igreja\/\" \/>\n<meta property=\"og:locale\" content=\"pt_BR\" \/>\n<meta property=\"og:type\" content=\"article\" \/>\n<meta property=\"og:title\" content=\"Reflex\u00f5es para a Quaresma - A ressurrei\u00e7\u00e3o de Cristo X A ressurrei\u00e7\u00e3o da Igreja - Associa\u00e7\u00e3o Devotos de F\u00e1tima\" \/>\n<meta property=\"og:description\" content=\"Plinio Corr\u00eaa de Oliveira Quando Nosso Senhor Jesus Cristo morreu, os judeus selaram sua sepultura, guarneceram-na com soldados, julgaram que estava tudo terminado. Em sua impiedade, eles negavam que Nosso Senhor fosse Filho de Deus, que fosse capaz de destruir a pris\u00e3o sepulcral em que jazia, que, sobretudo, fosse capaz de passar da morte \u00e0 [&hellip;]\" \/>\n<meta property=\"og:url\" content=\"https:\/\/www.adf.org.br\/home\/reflexoes-para-a-quaresma-a-ressurreicao-de-cristo-x-a-ressurreicao-da-igreja\/\" \/>\n<meta property=\"og:site_name\" content=\"Associa\u00e7\u00e3o Devotos de F\u00e1tima\" \/>\n<meta property=\"article:published_time\" content=\"2014-03-14T02:57:56+00:00\" \/>\n<meta property=\"og:image\" content=\"http:\/\/www.adf.org.br\/home\/wp-content\/uploads\/2014\/03\/sepulcro-vazio.jpg\" \/>\n<meta name=\"twitter:card\" content=\"summary_large_image\" \/>\n<meta name=\"twitter:label1\" content=\"Escrito por\" \/>\n\t<meta name=\"twitter:data1\" content=\"Gabriel Barbosa\" \/>\n\t<meta name=\"twitter:label2\" content=\"Est. tempo de leitura\" \/>\n\t<meta name=\"twitter:data2\" content=\"1 minuto\" \/>\n<script type=\"application\/ld+json\" class=\"yoast-schema-graph\">{\"@context\":\"https:\/\/schema.org\",\"@graph\":[{\"@type\":\"WebSite\",\"@id\":\"https:\/\/www.adf.org.br\/home\/#website\",\"url\":\"https:\/\/www.adf.org.br\/home\/\",\"name\":\"Associa\\u00e7\\u00e3o Devotos de F\\u00e1tima\",\"description\":\"Associa\\u00e7\\u00e3o Devotos de F\\u00e1tima\",\"potentialAction\":[{\"@type\":\"SearchAction\",\"target\":{\"@type\":\"EntryPoint\",\"urlTemplate\":\"https:\/\/www.adf.org.br\/home\/?s={search_term_string}\"},\"query-input\":\"required name=search_term_string\"}],\"inLanguage\":\"pt-BR\"},{\"@type\":\"ImageObject\",\"@id\":\"https:\/\/www.adf.org.br\/home\/reflexoes-para-a-quaresma-a-ressurreicao-de-cristo-x-a-ressurreicao-da-igreja\/#primaryimage\",\"inLanguage\":\"pt-BR\",\"url\":\"http:\/\/www.adf.org.br\/home\/wp-content\/uploads\/2014\/03\/sepulcro-vazio.jpg\",\"contentUrl\":\"http:\/\/www.adf.org.br\/home\/wp-content\/uploads\/2014\/03\/sepulcro-vazio.jpg\"},{\"@type\":\"WebPage\",\"@id\":\"https:\/\/www.adf.org.br\/home\/reflexoes-para-a-quaresma-a-ressurreicao-de-cristo-x-a-ressurreicao-da-igreja\/#webpage\",\"url\":\"https:\/\/www.adf.org.br\/home\/reflexoes-para-a-quaresma-a-ressurreicao-de-cristo-x-a-ressurreicao-da-igreja\/\",\"name\":\"Reflex\\u00f5es para a Quaresma - A ressurrei\\u00e7\\u00e3o de Cristo X A ressurrei\\u00e7\\u00e3o da Igreja - Associa\\u00e7\\u00e3o Devotos de F\\u00e1tima\",\"isPartOf\":{\"@id\":\"https:\/\/www.adf.org.br\/home\/#website\"},\"primaryImageOfPage\":{\"@id\":\"https:\/\/www.adf.org.br\/home\/reflexoes-para-a-quaresma-a-ressurreicao-de-cristo-x-a-ressurreicao-da-igreja\/#primaryimage\"},\"datePublished\":\"2014-03-14T02:57:56+00:00\",\"dateModified\":\"2014-03-14T02:57:56+00:00\",\"author\":{\"@id\":\"https:\/\/www.adf.org.br\/home\/#\/schema\/person\/f35a5c5aa7728a3dedf4ea9aa1fc2753\"},\"breadcrumb\":{\"@id\":\"https:\/\/www.adf.org.br\/home\/reflexoes-para-a-quaresma-a-ressurreicao-de-cristo-x-a-ressurreicao-da-igreja\/#breadcrumb\"},\"inLanguage\":\"pt-BR\",\"potentialAction\":[{\"@type\":\"ReadAction\",\"target\":[\"https:\/\/www.adf.org.br\/home\/reflexoes-para-a-quaresma-a-ressurreicao-de-cristo-x-a-ressurreicao-da-igreja\/\"]}]},{\"@type\":\"BreadcrumbList\",\"@id\":\"https:\/\/www.adf.org.br\/home\/reflexoes-para-a-quaresma-a-ressurreicao-de-cristo-x-a-ressurreicao-da-igreja\/#breadcrumb\",\"itemListElement\":[{\"@type\":\"ListItem\",\"position\":1,\"name\":\"Home\",\"item\":\"https:\/\/www.adf.org.br\/home\/\"},{\"@type\":\"ListItem\",\"position\":2,\"name\":\"Reflex\\u00f5es para a Quaresma &#8211; A ressurrei\\u00e7\\u00e3o de Cristo X A ressurrei\\u00e7\\u00e3o da Igreja\"}]},{\"@type\":\"Person\",\"@id\":\"https:\/\/www.adf.org.br\/home\/#\/schema\/person\/f35a5c5aa7728a3dedf4ea9aa1fc2753\",\"name\":\"Gabriel Barbosa\",\"image\":{\"@type\":\"ImageObject\",\"@id\":\"https:\/\/www.adf.org.br\/home\/#personlogo\",\"inLanguage\":\"pt-BR\",\"url\":\"https:\/\/secure.gravatar.com\/avatar\/2b2cb2f4637682c5605e8d36818f51ef?s=96&d=mm&r=g\",\"contentUrl\":\"https:\/\/secure.gravatar.com\/avatar\/2b2cb2f4637682c5605e8d36818f51ef?s=96&d=mm&r=g\",\"caption\":\"Gabriel Barbosa\"},\"url\":\"https:\/\/www.adf.org.br\/home\/author\/gabrielpmk-com-br\/\"}]}<\/script>\n<!-- \/ Yoast SEO plugin. -->","yoast_head_json":{"title":"Reflex\u00f5es para a Quaresma - A ressurrei\u00e7\u00e3o de Cristo X A ressurrei\u00e7\u00e3o da Igreja - Associa\u00e7\u00e3o Devotos de F\u00e1tima","robots":{"index":"index","follow":"follow","max-snippet":"max-snippet:-1","max-image-preview":"max-image-preview:large","max-video-preview":"max-video-preview:-1"},"canonical":"https:\/\/www.adf.org.br\/home\/reflexoes-para-a-quaresma-a-ressurreicao-de-cristo-x-a-ressurreicao-da-igreja\/","og_locale":"pt_BR","og_type":"article","og_title":"Reflex\u00f5es para a Quaresma - A ressurrei\u00e7\u00e3o de Cristo X A ressurrei\u00e7\u00e3o da Igreja - Associa\u00e7\u00e3o Devotos de F\u00e1tima","og_description":"Plinio Corr\u00eaa de Oliveira Quando Nosso Senhor Jesus Cristo morreu, os judeus selaram sua sepultura, guarneceram-na com soldados, julgaram que estava tudo terminado. Em sua impiedade, eles negavam que Nosso Senhor fosse Filho de Deus, que fosse capaz de destruir a pris\u00e3o sepulcral em que jazia, que, sobretudo, fosse capaz de passar da morte \u00e0 [&hellip;]","og_url":"https:\/\/www.adf.org.br\/home\/reflexoes-para-a-quaresma-a-ressurreicao-de-cristo-x-a-ressurreicao-da-igreja\/","og_site_name":"Associa\u00e7\u00e3o Devotos de F\u00e1tima","article_published_time":"2014-03-14T02:57:56+00:00","og_image":[{"url":"http:\/\/www.adf.org.br\/home\/wp-content\/uploads\/2014\/03\/sepulcro-vazio.jpg"}],"twitter_card":"summary_large_image","twitter_misc":{"Escrito por":"Gabriel Barbosa","Est. tempo de leitura":"1 minuto"},"schema":{"@context":"https:\/\/schema.org","@graph":[{"@type":"WebSite","@id":"https:\/\/www.adf.org.br\/home\/#website","url":"https:\/\/www.adf.org.br\/home\/","name":"Associa\u00e7\u00e3o Devotos de F\u00e1tima","description":"Associa\u00e7\u00e3o Devotos de F\u00e1tima","potentialAction":[{"@type":"SearchAction","target":{"@type":"EntryPoint","urlTemplate":"https:\/\/www.adf.org.br\/home\/?s={search_term_string}"},"query-input":"required name=search_term_string"}],"inLanguage":"pt-BR"},{"@type":"ImageObject","@id":"https:\/\/www.adf.org.br\/home\/reflexoes-para-a-quaresma-a-ressurreicao-de-cristo-x-a-ressurreicao-da-igreja\/#primaryimage","inLanguage":"pt-BR","url":"http:\/\/www.adf.org.br\/home\/wp-content\/uploads\/2014\/03\/sepulcro-vazio.jpg","contentUrl":"http:\/\/www.adf.org.br\/home\/wp-content\/uploads\/2014\/03\/sepulcro-vazio.jpg"},{"@type":"WebPage","@id":"https:\/\/www.adf.org.br\/home\/reflexoes-para-a-quaresma-a-ressurreicao-de-cristo-x-a-ressurreicao-da-igreja\/#webpage","url":"https:\/\/www.adf.org.br\/home\/reflexoes-para-a-quaresma-a-ressurreicao-de-cristo-x-a-ressurreicao-da-igreja\/","name":"Reflex\u00f5es para a Quaresma - A ressurrei\u00e7\u00e3o de Cristo X A ressurrei\u00e7\u00e3o da Igreja - Associa\u00e7\u00e3o Devotos de F\u00e1tima","isPartOf":{"@id":"https:\/\/www.adf.org.br\/home\/#website"},"primaryImageOfPage":{"@id":"https:\/\/www.adf.org.br\/home\/reflexoes-para-a-quaresma-a-ressurreicao-de-cristo-x-a-ressurreicao-da-igreja\/#primaryimage"},"datePublished":"2014-03-14T02:57:56+00:00","dateModified":"2014-03-14T02:57:56+00:00","author":{"@id":"https:\/\/www.adf.org.br\/home\/#\/schema\/person\/f35a5c5aa7728a3dedf4ea9aa1fc2753"},"breadcrumb":{"@id":"https:\/\/www.adf.org.br\/home\/reflexoes-para-a-quaresma-a-ressurreicao-de-cristo-x-a-ressurreicao-da-igreja\/#breadcrumb"},"inLanguage":"pt-BR","potentialAction":[{"@type":"ReadAction","target":["https:\/\/www.adf.org.br\/home\/reflexoes-para-a-quaresma-a-ressurreicao-de-cristo-x-a-ressurreicao-da-igreja\/"]}]},{"@type":"BreadcrumbList","@id":"https:\/\/www.adf.org.br\/home\/reflexoes-para-a-quaresma-a-ressurreicao-de-cristo-x-a-ressurreicao-da-igreja\/#breadcrumb","itemListElement":[{"@type":"ListItem","position":1,"name":"Home","item":"https:\/\/www.adf.org.br\/home\/"},{"@type":"ListItem","position":2,"name":"Reflex\u00f5es para a Quaresma &#8211; A ressurrei\u00e7\u00e3o de Cristo X A ressurrei\u00e7\u00e3o da Igreja"}]},{"@type":"Person","@id":"https:\/\/www.adf.org.br\/home\/#\/schema\/person\/f35a5c5aa7728a3dedf4ea9aa1fc2753","name":"Gabriel Barbosa","image":{"@type":"ImageObject","@id":"https:\/\/www.adf.org.br\/home\/#personlogo","inLanguage":"pt-BR","url":"https:\/\/secure.gravatar.com\/avatar\/2b2cb2f4637682c5605e8d36818f51ef?s=96&d=mm&r=g","contentUrl":"https:\/\/secure.gravatar.com\/avatar\/2b2cb2f4637682c5605e8d36818f51ef?s=96&d=mm&r=g","caption":"Gabriel Barbosa"},"url":"https:\/\/www.adf.org.br\/home\/author\/gabrielpmk-com-br\/"}]}},"_links":{"self":[{"href":"https:\/\/www.adf.org.br\/home\/wp-json\/wp\/v2\/posts\/23593"}],"collection":[{"href":"https:\/\/www.adf.org.br\/home\/wp-json\/wp\/v2\/posts"}],"about":[{"href":"https:\/\/www.adf.org.br\/home\/wp-json\/wp\/v2\/types\/post"}],"author":[{"embeddable":true,"href":"https:\/\/www.adf.org.br\/home\/wp-json\/wp\/v2\/users\/31"}],"replies":[{"embeddable":true,"href":"https:\/\/www.adf.org.br\/home\/wp-json\/wp\/v2\/comments?post=23593"}],"version-history":[{"count":0,"href":"https:\/\/www.adf.org.br\/home\/wp-json\/wp\/v2\/posts\/23593\/revisions"}],"wp:attachment":[{"href":"https:\/\/www.adf.org.br\/home\/wp-json\/wp\/v2\/media?parent=23593"}],"wp:term":[{"taxonomy":"category","embeddable":true,"href":"https:\/\/www.adf.org.br\/home\/wp-json\/wp\/v2\/categories?post=23593"},{"taxonomy":"post_tag","embeddable":true,"href":"https:\/\/www.adf.org.br\/home\/wp-json\/wp\/v2\/tags?post=23593"}],"curies":[{"name":"wp","href":"https:\/\/api.w.org\/{rel}","templated":true}]}}