{"id":2359,"date":"2010-02-19T00:05:36","date_gmt":"2010-02-19T02:05:36","guid":{"rendered":"http:\/\/www.adf.org.br\/home\/?p=2359"},"modified":"2010-02-19T00:05:36","modified_gmt":"2010-02-19T02:05:36","slug":"catolicos-crucificados-no-sudao","status":"publish","type":"post","link":"https:\/\/www.adf.org.br\/home\/catolicos-crucificados-no-sudao\/","title":{"rendered":"Cat\u00f3licos crucificados no Sud\u00e3o"},"content":{"rendered":"<p><strong><span style=\"FONT-SIZE: 130%; COLOR: #cc0000\"><img loading=\"lazy\" class=\"alignleft size-full wp-image-2360\" title=\"Cristianos de Nzara, diocesis de Tombura-Yambio\" src=\"http:\/\/www.adf.org.br\/home\/wp-content\/uploads\/2010\/02\/Cristianos-de-Nzara-diocesis-de-Tombura-Yambio.jpg\" alt=\"Cristianos de Nzara, diocesis de Tombura-Yambio\" width=\"265\" height=\"209\" \/>B<\/span><\/strong>andos de guerrilheiros incursionam nas regi\u00f5es crist\u00e3s do Sud\u00e3o e crucificam cat\u00f3licos. Um deles foi cravado numa \u00e1rvore e mutilado, outros seis foram pregados em madeiros, jogados no ch\u00e3o e mortos.<\/p>\n<p>Os cad\u00e1veres foram recuperados perto da aldeia de Nzara [na foto, cat\u00f3licos de tal aldeia]. Os guerrilheiros irromperam durante uma novena na igreja de Nossa Senhora da Paz, em Ezo, sul do pa\u00eds, profanaram a h\u00f3stia consagrada e o altar, e invadiram o pr\u00e9dio anexo, escravizando 17 pessoas, na maioria jovens. O ataque ocorreu na \u00faltima festa da Assun\u00e7\u00e3o de Nossa Senhora.<\/p>\n<p><em><strong>\u201cOs atacantes claramente queriam fazer mal ao povo, porque sabiam que ele estava rezando, disseram as testemunhas\u201d.<\/strong><\/em><\/p>\n<p>Atacados por todos os lados, os cat\u00f3licos perseveram e se multiplicam, com o aux\u00edlio da gra\u00e7a divina. Rezemos por eles.<br \/>\n<span style=\"FONT-SIZE: 78%\"><span style=\"COLOR: #cc0000\"><br \/>\n<span style=\"font-size: small;\"><span style=\"color: #000000;\"><strong>Fonte: Blog <a href=\"http:\/\/agenciaboaimprensa.blogspot.com\/2010\/02\/catolicos-crucificados-no-sudao.html?utm_source=feedburner&amp;utm_medium=feed&amp;utm_campaign=Feed%3A+AgnciaBoaImprensa+(AG%C3%8ANCIA+BOA+IMPRENSA)\" target=\"_blank\" rel=\"noopener noreferrer\">Ag\u00eancia Boa Imprensa<\/a><\/strong><\/span><\/span><\/span><span style=\"font-size: small;\"><span style=\"color: #000000;\"><a href=\"http:\/\/agenciaboaimprensa.blogspot.com\/2010\/02\/catolicos-crucificados-no-sudao.html?utm_source=feedburner&amp;utm_medium=feed&amp;utm_campaign=Feed%3A+AgnciaBoaImprensa+(AG%C3%8ANCIA+BOA+IMPRENSA)\" target=\"_blank\" rel=\"noopener noreferrer\"> <\/a><\/span><\/span><\/span><\/p>\n<p><span style=\"FONT-SIZE: 78%\"><span style=\"font-size: small;\"><span style=\"color: #000000;\">\u00a0<\/span><\/span><\/span><\/p>\n<p><span style=\"FONT-SIZE: 78%\"><span style=\"font-size: small;\"><span style=\"color: #000000;\"><a href=\"http:\/\/oratoriodamedalhamilagrosa.org.br\/home\/acenda-sua-vela-30\/?origem=1\" target=\"_blank\" rel=\"noopener noreferrer\"><img loading=\"lazy\" class=\"aligncenter size-full wp-image-2368\" title=\"banner_oratorio_maior\" src=\"http:\/\/www.adf.org.br\/home\/wp-content\/uploads\/2010\/02\/banner_oratorio_maior5.jpg\" alt=\"banner_oratorio_maior\" width=\"664\" height=\"234\" srcset=\"https:\/\/www.adf.org.br\/home\/wp-content\/uploads\/2010\/02\/banner_oratorio_maior5.jpg 664w, https:\/\/www.adf.org.br\/home\/wp-content\/uploads\/2010\/02\/banner_oratorio_maior5-300x106.jpg 300w\" sizes=\"(max-width: 664px) 100vw, 664px\" \/><\/a><\/span><\/span><\/span><\/p>\n","protected":false},"excerpt":{"rendered":"<p>Bandos de guerrilheiros incursionam nas regi\u00f5es crist\u00e3s do Sud\u00e3o e crucificam cat\u00f3licos. Um deles foi cravado numa \u00e1rvore e mutilado, outros seis foram pregados em madeiros, jogados no ch\u00e3o e mortos. Os cad\u00e1veres foram recuperados perto da aldeia de Nzara [na foto, cat\u00f3licos de tal aldeia]. Os guerrilheiros irromperam durante uma novena na igreja de [&hellip;]<\/p>\n","protected":false},"author":7,"featured_media":0,"comment_status":"open","ping_status":"open","sticky":false,"template":"","format":"standard","meta":[],"categories":[20],"tags":[32],"yoast_head":"<!-- This site is optimized with the Yoast SEO plugin v17.4 - https:\/\/yoast.com\/wordpress\/plugins\/seo\/ -->\n<title>Cat\u00f3licos crucificados no Sud\u00e3o - Associa\u00e7\u00e3o Devotos de F\u00e1tima<\/title>\n<meta name=\"robots\" content=\"index, follow, max-snippet:-1, max-image-preview:large, max-video-preview:-1\" \/>\n<link rel=\"canonical\" href=\"https:\/\/www.adf.org.br\/home\/catolicos-crucificados-no-sudao\/\" \/>\n<meta property=\"og:locale\" content=\"pt_BR\" \/>\n<meta property=\"og:type\" content=\"article\" \/>\n<meta property=\"og:title\" content=\"Cat\u00f3licos crucificados no Sud\u00e3o - Associa\u00e7\u00e3o Devotos de F\u00e1tima\" \/>\n<meta property=\"og:description\" content=\"Bandos de guerrilheiros incursionam nas regi\u00f5es crist\u00e3s do Sud\u00e3o e crucificam cat\u00f3licos. Um deles foi cravado numa \u00e1rvore e mutilado, outros seis foram pregados em madeiros, jogados no ch\u00e3o e mortos. Os cad\u00e1veres foram recuperados perto da aldeia de Nzara [na foto, cat\u00f3licos de tal aldeia]. Os guerrilheiros irromperam durante uma novena na igreja de [&hellip;]\" \/>\n<meta property=\"og:url\" content=\"https:\/\/www.adf.org.br\/home\/catolicos-crucificados-no-sudao\/\" \/>\n<meta property=\"og:site_name\" content=\"Associa\u00e7\u00e3o Devotos de F\u00e1tima\" \/>\n<meta property=\"article:published_time\" content=\"2010-02-19T02:05:36+00:00\" \/>\n<meta property=\"og:image\" content=\"http:\/\/www.adf.org.br\/home\/wp-content\/uploads\/2010\/02\/Cristianos-de-Nzara-diocesis-de-Tombura-Yambio.jpg\" \/>\n<meta name=\"twitter:card\" content=\"summary_large_image\" \/>\n<meta name=\"twitter:label1\" content=\"Escrito por\" \/>\n\t<meta name=\"twitter:data1\" content=\"adminstrador\" \/>\n\t<meta name=\"twitter:label2\" content=\"Est. tempo de leitura\" \/>\n\t<meta name=\"twitter:data2\" content=\"1 minuto\" \/>\n<script type=\"application\/ld+json\" class=\"yoast-schema-graph\">{\"@context\":\"https:\/\/schema.org\",\"@graph\":[{\"@type\":\"WebSite\",\"@id\":\"https:\/\/www.adf.org.br\/home\/#website\",\"url\":\"https:\/\/www.adf.org.br\/home\/\",\"name\":\"Associa\\u00e7\\u00e3o Devotos de F\\u00e1tima\",\"description\":\"Associa\\u00e7\\u00e3o Devotos de F\\u00e1tima\",\"potentialAction\":[{\"@type\":\"SearchAction\",\"target\":{\"@type\":\"EntryPoint\",\"urlTemplate\":\"https:\/\/www.adf.org.br\/home\/?s={search_term_string}\"},\"query-input\":\"required name=search_term_string\"}],\"inLanguage\":\"pt-BR\"},{\"@type\":\"ImageObject\",\"@id\":\"https:\/\/www.adf.org.br\/home\/catolicos-crucificados-no-sudao\/#primaryimage\",\"inLanguage\":\"pt-BR\",\"url\":\"http:\/\/www.adf.org.br\/home\/wp-content\/uploads\/2010\/02\/Cristianos-de-Nzara-diocesis-de-Tombura-Yambio.jpg\",\"contentUrl\":\"http:\/\/www.adf.org.br\/home\/wp-content\/uploads\/2010\/02\/Cristianos-de-Nzara-diocesis-de-Tombura-Yambio.jpg\"},{\"@type\":\"WebPage\",\"@id\":\"https:\/\/www.adf.org.br\/home\/catolicos-crucificados-no-sudao\/#webpage\",\"url\":\"https:\/\/www.adf.org.br\/home\/catolicos-crucificados-no-sudao\/\",\"name\":\"Cat\\u00f3licos crucificados no Sud\\u00e3o - Associa\\u00e7\\u00e3o Devotos de F\\u00e1tima\",\"isPartOf\":{\"@id\":\"https:\/\/www.adf.org.br\/home\/#website\"},\"primaryImageOfPage\":{\"@id\":\"https:\/\/www.adf.org.br\/home\/catolicos-crucificados-no-sudao\/#primaryimage\"},\"datePublished\":\"2010-02-19T02:05:36+00:00\",\"dateModified\":\"2010-02-19T02:05:36+00:00\",\"author\":{\"@id\":\"https:\/\/www.adf.org.br\/home\/#\/schema\/person\/a51edc55753c1552e7cd685ac3a70e86\"},\"breadcrumb\":{\"@id\":\"https:\/\/www.adf.org.br\/home\/catolicos-crucificados-no-sudao\/#breadcrumb\"},\"inLanguage\":\"pt-BR\",\"potentialAction\":[{\"@type\":\"ReadAction\",\"target\":[\"https:\/\/www.adf.org.br\/home\/catolicos-crucificados-no-sudao\/\"]}]},{\"@type\":\"BreadcrumbList\",\"@id\":\"https:\/\/www.adf.org.br\/home\/catolicos-crucificados-no-sudao\/#breadcrumb\",\"itemListElement\":[{\"@type\":\"ListItem\",\"position\":1,\"name\":\"Home\",\"item\":\"https:\/\/www.adf.org.br\/home\/\"},{\"@type\":\"ListItem\",\"position\":2,\"name\":\"Cat\\u00f3licos crucificados no Sud\\u00e3o\"}]},{\"@type\":\"Person\",\"@id\":\"https:\/\/www.adf.org.br\/home\/#\/schema\/person\/a51edc55753c1552e7cd685ac3a70e86\",\"name\":\"adminstrador\",\"image\":{\"@type\":\"ImageObject\",\"@id\":\"https:\/\/www.adf.org.br\/home\/#personlogo\",\"inLanguage\":\"pt-BR\",\"url\":\"https:\/\/secure.gravatar.com\/avatar\/?s=96&d=mm&r=g\",\"contentUrl\":\"https:\/\/secure.gravatar.com\/avatar\/?s=96&d=mm&r=g\",\"caption\":\"adminstrador\"},\"url\":\"https:\/\/www.adf.org.br\/home\/author\/adminstrador\/\"}]}<\/script>\n<!-- \/ Yoast SEO plugin. -->","yoast_head_json":{"title":"Cat\u00f3licos crucificados no Sud\u00e3o - Associa\u00e7\u00e3o Devotos de F\u00e1tima","robots":{"index":"index","follow":"follow","max-snippet":"max-snippet:-1","max-image-preview":"max-image-preview:large","max-video-preview":"max-video-preview:-1"},"canonical":"https:\/\/www.adf.org.br\/home\/catolicos-crucificados-no-sudao\/","og_locale":"pt_BR","og_type":"article","og_title":"Cat\u00f3licos crucificados no Sud\u00e3o - Associa\u00e7\u00e3o Devotos de F\u00e1tima","og_description":"Bandos de guerrilheiros incursionam nas regi\u00f5es crist\u00e3s do Sud\u00e3o e crucificam cat\u00f3licos. Um deles foi cravado numa \u00e1rvore e mutilado, outros seis foram pregados em madeiros, jogados no ch\u00e3o e mortos. Os cad\u00e1veres foram recuperados perto da aldeia de Nzara [na foto, cat\u00f3licos de tal aldeia]. Os guerrilheiros irromperam durante uma novena na igreja de [&hellip;]","og_url":"https:\/\/www.adf.org.br\/home\/catolicos-crucificados-no-sudao\/","og_site_name":"Associa\u00e7\u00e3o Devotos de F\u00e1tima","article_published_time":"2010-02-19T02:05:36+00:00","og_image":[{"url":"http:\/\/www.adf.org.br\/home\/wp-content\/uploads\/2010\/02\/Cristianos-de-Nzara-diocesis-de-Tombura-Yambio.jpg"}],"twitter_card":"summary_large_image","twitter_misc":{"Escrito por":"adminstrador","Est. tempo de leitura":"1 minuto"},"schema":{"@context":"https:\/\/schema.org","@graph":[{"@type":"WebSite","@id":"https:\/\/www.adf.org.br\/home\/#website","url":"https:\/\/www.adf.org.br\/home\/","name":"Associa\u00e7\u00e3o Devotos de F\u00e1tima","description":"Associa\u00e7\u00e3o Devotos de F\u00e1tima","potentialAction":[{"@type":"SearchAction","target":{"@type":"EntryPoint","urlTemplate":"https:\/\/www.adf.org.br\/home\/?s={search_term_string}"},"query-input":"required name=search_term_string"}],"inLanguage":"pt-BR"},{"@type":"ImageObject","@id":"https:\/\/www.adf.org.br\/home\/catolicos-crucificados-no-sudao\/#primaryimage","inLanguage":"pt-BR","url":"http:\/\/www.adf.org.br\/home\/wp-content\/uploads\/2010\/02\/Cristianos-de-Nzara-diocesis-de-Tombura-Yambio.jpg","contentUrl":"http:\/\/www.adf.org.br\/home\/wp-content\/uploads\/2010\/02\/Cristianos-de-Nzara-diocesis-de-Tombura-Yambio.jpg"},{"@type":"WebPage","@id":"https:\/\/www.adf.org.br\/home\/catolicos-crucificados-no-sudao\/#webpage","url":"https:\/\/www.adf.org.br\/home\/catolicos-crucificados-no-sudao\/","name":"Cat\u00f3licos crucificados no Sud\u00e3o - Associa\u00e7\u00e3o Devotos de F\u00e1tima","isPartOf":{"@id":"https:\/\/www.adf.org.br\/home\/#website"},"primaryImageOfPage":{"@id":"https:\/\/www.adf.org.br\/home\/catolicos-crucificados-no-sudao\/#primaryimage"},"datePublished":"2010-02-19T02:05:36+00:00","dateModified":"2010-02-19T02:05:36+00:00","author":{"@id":"https:\/\/www.adf.org.br\/home\/#\/schema\/person\/a51edc55753c1552e7cd685ac3a70e86"},"breadcrumb":{"@id":"https:\/\/www.adf.org.br\/home\/catolicos-crucificados-no-sudao\/#breadcrumb"},"inLanguage":"pt-BR","potentialAction":[{"@type":"ReadAction","target":["https:\/\/www.adf.org.br\/home\/catolicos-crucificados-no-sudao\/"]}]},{"@type":"BreadcrumbList","@id":"https:\/\/www.adf.org.br\/home\/catolicos-crucificados-no-sudao\/#breadcrumb","itemListElement":[{"@type":"ListItem","position":1,"name":"Home","item":"https:\/\/www.adf.org.br\/home\/"},{"@type":"ListItem","position":2,"name":"Cat\u00f3licos crucificados no Sud\u00e3o"}]},{"@type":"Person","@id":"https:\/\/www.adf.org.br\/home\/#\/schema\/person\/a51edc55753c1552e7cd685ac3a70e86","name":"adminstrador","image":{"@type":"ImageObject","@id":"https:\/\/www.adf.org.br\/home\/#personlogo","inLanguage":"pt-BR","url":"https:\/\/secure.gravatar.com\/avatar\/?s=96&d=mm&r=g","contentUrl":"https:\/\/secure.gravatar.com\/avatar\/?s=96&d=mm&r=g","caption":"adminstrador"},"url":"https:\/\/www.adf.org.br\/home\/author\/adminstrador\/"}]}},"_links":{"self":[{"href":"https:\/\/www.adf.org.br\/home\/wp-json\/wp\/v2\/posts\/2359"}],"collection":[{"href":"https:\/\/www.adf.org.br\/home\/wp-json\/wp\/v2\/posts"}],"about":[{"href":"https:\/\/www.adf.org.br\/home\/wp-json\/wp\/v2\/types\/post"}],"author":[{"embeddable":true,"href":"https:\/\/www.adf.org.br\/home\/wp-json\/wp\/v2\/users\/7"}],"replies":[{"embeddable":true,"href":"https:\/\/www.adf.org.br\/home\/wp-json\/wp\/v2\/comments?post=2359"}],"version-history":[{"count":0,"href":"https:\/\/www.adf.org.br\/home\/wp-json\/wp\/v2\/posts\/2359\/revisions"}],"wp:attachment":[{"href":"https:\/\/www.adf.org.br\/home\/wp-json\/wp\/v2\/media?parent=2359"}],"wp:term":[{"taxonomy":"category","embeddable":true,"href":"https:\/\/www.adf.org.br\/home\/wp-json\/wp\/v2\/categories?post=2359"},{"taxonomy":"post_tag","embeddable":true,"href":"https:\/\/www.adf.org.br\/home\/wp-json\/wp\/v2\/tags?post=2359"}],"curies":[{"name":"wp","href":"https:\/\/api.w.org\/{rel}","templated":true}]}}