{"id":23580,"date":"2014-03-11T16:51:44","date_gmt":"2014-03-11T19:51:44","guid":{"rendered":"http:\/\/www.adf.org.br\/home\/?p=23580"},"modified":"2014-03-11T16:51:44","modified_gmt":"2014-03-11T19:51:44","slug":"a-blasfemia-estreia-sexta-feira-dia-1403-voce-ja-se-manifestou-contra-ela","status":"publish","type":"post","link":"https:\/\/www.adf.org.br\/home\/a-blasfemia-estreia-sexta-feira-dia-1403-voce-ja-se-manifestou-contra-ela\/","title":{"rendered":"A blasf\u00eamia estreia sexta-feira (dia 14\/03). Voc\u00ea j\u00e1 se manifestou contra ela?"},"content":{"rendered":"<p><span style=\"font-size: medium; color: #800080;\"><strong>14 de mar\u00e7o ser\u00e1 um dia em que Nosso Senhor Jesus Cristo pode \u00a0come\u00e7ar a ser a\u00e7oitado novamente e Nossa Senhora ter\u00e1 espadas trespassadas em Seu peito de novo.<\/strong><\/span><br \/>\n<figure id=\"attachment_23581\" aria-describedby=\"caption-attachment-23581\" style=\"width: 510px\" class=\"wp-caption aligncenter\"><a href=\"http:\/\/www.defendojesus.com.br\/?origem=1\"><img loading=\"lazy\" class=\"wp-image-23581 \" title=\"LaPieta\" src=\"http:\/\/www.adf.org.br\/home\/wp-content\/uploads\/2014\/03\/LaPieta.jpg\" alt=\"\" width=\"510\" height=\"534\" \/><\/a><figcaption id=\"caption-attachment-23581\" class=\"wp-caption-text\">Defenda Jesus: N\u00e3o se pode promover atentados contra a F\u00e9 dos brasileiros sob pretexto de promover a Cultura!<\/figcaption><\/figure><br \/>\nTudo isso porque at\u00e9 agora &#8211; apesar dos nossos protestos &#8211; , nada foi feito em rela\u00e7\u00e3o a estr\u00e9ia do musical blasfemo &#8220;Jesus Cristo Superstar&#8221;, em S\u00e3o Paulo.<br \/>\nSegundo reportagem veiculada na noite do dia 10 de mar\u00e7o na Rede TV (l<a href=\"http:\/\/www.redetv.uol.com.br\/Video.aspx?52,15,393392,jornalismo,redetv-news,musical-jesus-cristo-superstar-estreia-na-sexta-feira-14\">ink aqui<\/a>), o Minist\u00e9rio da Cultura mandou nota dizendo que a peti\u00e7\u00e3o foi enviada para a Ouvidoria, mas que n\u00e3o cabe ao minist\u00e9rio &#8220;censurar obras de arte&#8221;.<br \/>\n<strong>Voc\u00ea considera insultar a imagem de Cristo como &#8220;arte&#8221;? Sei que n\u00e3o, por isso <a href=\"http:\/\/www.defendojesus.com.br\/?origem=1\">assine aqui <\/a>a peti\u00e7\u00e3o.<\/strong><br \/>\nO diretor do musical disse que est\u00e1 sendo fiel ao espet\u00e1culo original, como se isso fosse desculpa para os insultos que est\u00e3o fazendo com a imagem de Cristo e sua agonia durante a Paix\u00e3o.<br \/>\n<strong><a href=\"http:\/\/www.defendojesus.com.br\/?origem=1\">Contamos com voc\u00ea nesta luta para defender o Sagrado nome de Nosso Senhor Jesus Cristo.\u00a0<\/a><\/strong><\/p>\n","protected":false},"excerpt":{"rendered":"<p>14 de mar\u00e7o ser\u00e1 um dia em que Nosso Senhor Jesus Cristo pode \u00a0come\u00e7ar a ser a\u00e7oitado novamente e Nossa Senhora ter\u00e1 espadas trespassadas em Seu peito de novo. Tudo isso porque at\u00e9 agora &#8211; apesar dos nossos protestos &#8211; , nada foi feito em rela\u00e7\u00e3o a estr\u00e9ia do musical blasfemo &#8220;Jesus Cristo Superstar&#8221;, em [&hellip;]<\/p>\n","protected":false},"author":31,"featured_media":0,"comment_status":"open","ping_status":"open","sticky":false,"template":"","format":"standard","meta":[],"categories":[20],"tags":[59,817,813],"yoast_head":"<!-- This site is optimized with the Yoast SEO plugin v17.4 - https:\/\/yoast.com\/wordpress\/plugins\/seo\/ -->\n<title>A blasf\u00eamia estreia sexta-feira (dia 14\/03). Voc\u00ea j\u00e1 se manifestou contra ela? - Associa\u00e7\u00e3o Devotos de F\u00e1tima<\/title>\n<meta name=\"robots\" content=\"index, follow, max-snippet:-1, max-image-preview:large, max-video-preview:-1\" \/>\n<link rel=\"canonical\" href=\"https:\/\/www.adf.org.br\/home\/a-blasfemia-estreia-sexta-feira-dia-1403-voce-ja-se-manifestou-contra-ela\/\" \/>\n<meta property=\"og:locale\" content=\"pt_BR\" \/>\n<meta property=\"og:type\" content=\"article\" \/>\n<meta property=\"og:title\" content=\"A blasf\u00eamia estreia sexta-feira (dia 14\/03). Voc\u00ea j\u00e1 se manifestou contra ela? - Associa\u00e7\u00e3o Devotos de F\u00e1tima\" \/>\n<meta property=\"og:description\" content=\"14 de mar\u00e7o ser\u00e1 um dia em que Nosso Senhor Jesus Cristo pode \u00a0come\u00e7ar a ser a\u00e7oitado novamente e Nossa Senhora ter\u00e1 espadas trespassadas em Seu peito de novo. Tudo isso porque at\u00e9 agora &#8211; apesar dos nossos protestos &#8211; , nada foi feito em rela\u00e7\u00e3o a estr\u00e9ia do musical blasfemo &#8220;Jesus Cristo Superstar&#8221;, em [&hellip;]\" \/>\n<meta property=\"og:url\" content=\"https:\/\/www.adf.org.br\/home\/a-blasfemia-estreia-sexta-feira-dia-1403-voce-ja-se-manifestou-contra-ela\/\" \/>\n<meta property=\"og:site_name\" content=\"Associa\u00e7\u00e3o Devotos de F\u00e1tima\" \/>\n<meta property=\"article:published_time\" content=\"2014-03-11T19:51:44+00:00\" \/>\n<meta property=\"og:image\" content=\"http:\/\/www.adf.org.br\/home\/wp-content\/uploads\/2014\/03\/LaPieta.jpg\" \/>\n<meta name=\"twitter:card\" content=\"summary_large_image\" \/>\n<meta name=\"twitter:label1\" content=\"Escrito por\" \/>\n\t<meta name=\"twitter:data1\" content=\"Gabriel Barbosa\" \/>\n\t<meta name=\"twitter:label2\" content=\"Est. tempo de leitura\" \/>\n\t<meta name=\"twitter:data2\" content=\"1 minuto\" \/>\n<script type=\"application\/ld+json\" class=\"yoast-schema-graph\">{\"@context\":\"https:\/\/schema.org\",\"@graph\":[{\"@type\":\"WebSite\",\"@id\":\"https:\/\/www.adf.org.br\/home\/#website\",\"url\":\"https:\/\/www.adf.org.br\/home\/\",\"name\":\"Associa\\u00e7\\u00e3o Devotos de F\\u00e1tima\",\"description\":\"Associa\\u00e7\\u00e3o Devotos de F\\u00e1tima\",\"potentialAction\":[{\"@type\":\"SearchAction\",\"target\":{\"@type\":\"EntryPoint\",\"urlTemplate\":\"https:\/\/www.adf.org.br\/home\/?s={search_term_string}\"},\"query-input\":\"required name=search_term_string\"}],\"inLanguage\":\"pt-BR\"},{\"@type\":\"ImageObject\",\"@id\":\"https:\/\/www.adf.org.br\/home\/a-blasfemia-estreia-sexta-feira-dia-1403-voce-ja-se-manifestou-contra-ela\/#primaryimage\",\"inLanguage\":\"pt-BR\",\"url\":\"http:\/\/www.adf.org.br\/home\/wp-content\/uploads\/2014\/03\/LaPieta.jpg\",\"contentUrl\":\"http:\/\/www.adf.org.br\/home\/wp-content\/uploads\/2014\/03\/LaPieta.jpg\"},{\"@type\":\"WebPage\",\"@id\":\"https:\/\/www.adf.org.br\/home\/a-blasfemia-estreia-sexta-feira-dia-1403-voce-ja-se-manifestou-contra-ela\/#webpage\",\"url\":\"https:\/\/www.adf.org.br\/home\/a-blasfemia-estreia-sexta-feira-dia-1403-voce-ja-se-manifestou-contra-ela\/\",\"name\":\"A blasf\\u00eamia estreia sexta-feira (dia 14\/03). Voc\\u00ea j\\u00e1 se manifestou contra ela? - Associa\\u00e7\\u00e3o Devotos de F\\u00e1tima\",\"isPartOf\":{\"@id\":\"https:\/\/www.adf.org.br\/home\/#website\"},\"primaryImageOfPage\":{\"@id\":\"https:\/\/www.adf.org.br\/home\/a-blasfemia-estreia-sexta-feira-dia-1403-voce-ja-se-manifestou-contra-ela\/#primaryimage\"},\"datePublished\":\"2014-03-11T19:51:44+00:00\",\"dateModified\":\"2014-03-11T19:51:44+00:00\",\"author\":{\"@id\":\"https:\/\/www.adf.org.br\/home\/#\/schema\/person\/f35a5c5aa7728a3dedf4ea9aa1fc2753\"},\"breadcrumb\":{\"@id\":\"https:\/\/www.adf.org.br\/home\/a-blasfemia-estreia-sexta-feira-dia-1403-voce-ja-se-manifestou-contra-ela\/#breadcrumb\"},\"inLanguage\":\"pt-BR\",\"potentialAction\":[{\"@type\":\"ReadAction\",\"target\":[\"https:\/\/www.adf.org.br\/home\/a-blasfemia-estreia-sexta-feira-dia-1403-voce-ja-se-manifestou-contra-ela\/\"]}]},{\"@type\":\"BreadcrumbList\",\"@id\":\"https:\/\/www.adf.org.br\/home\/a-blasfemia-estreia-sexta-feira-dia-1403-voce-ja-se-manifestou-contra-ela\/#breadcrumb\",\"itemListElement\":[{\"@type\":\"ListItem\",\"position\":1,\"name\":\"Home\",\"item\":\"https:\/\/www.adf.org.br\/home\/\"},{\"@type\":\"ListItem\",\"position\":2,\"name\":\"A blasf\\u00eamia estreia sexta-feira (dia 14\/03). Voc\\u00ea j\\u00e1 se manifestou contra ela?\"}]},{\"@type\":\"Person\",\"@id\":\"https:\/\/www.adf.org.br\/home\/#\/schema\/person\/f35a5c5aa7728a3dedf4ea9aa1fc2753\",\"name\":\"Gabriel Barbosa\",\"image\":{\"@type\":\"ImageObject\",\"@id\":\"https:\/\/www.adf.org.br\/home\/#personlogo\",\"inLanguage\":\"pt-BR\",\"url\":\"https:\/\/secure.gravatar.com\/avatar\/2b2cb2f4637682c5605e8d36818f51ef?s=96&d=mm&r=g\",\"contentUrl\":\"https:\/\/secure.gravatar.com\/avatar\/2b2cb2f4637682c5605e8d36818f51ef?s=96&d=mm&r=g\",\"caption\":\"Gabriel Barbosa\"},\"url\":\"https:\/\/www.adf.org.br\/home\/author\/gabrielpmk-com-br\/\"}]}<\/script>\n<!-- \/ Yoast SEO plugin. -->","yoast_head_json":{"title":"A blasf\u00eamia estreia sexta-feira (dia 14\/03). Voc\u00ea j\u00e1 se manifestou contra ela? - Associa\u00e7\u00e3o Devotos de F\u00e1tima","robots":{"index":"index","follow":"follow","max-snippet":"max-snippet:-1","max-image-preview":"max-image-preview:large","max-video-preview":"max-video-preview:-1"},"canonical":"https:\/\/www.adf.org.br\/home\/a-blasfemia-estreia-sexta-feira-dia-1403-voce-ja-se-manifestou-contra-ela\/","og_locale":"pt_BR","og_type":"article","og_title":"A blasf\u00eamia estreia sexta-feira (dia 14\/03). Voc\u00ea j\u00e1 se manifestou contra ela? - Associa\u00e7\u00e3o Devotos de F\u00e1tima","og_description":"14 de mar\u00e7o ser\u00e1 um dia em que Nosso Senhor Jesus Cristo pode \u00a0come\u00e7ar a ser a\u00e7oitado novamente e Nossa Senhora ter\u00e1 espadas trespassadas em Seu peito de novo. Tudo isso porque at\u00e9 agora &#8211; apesar dos nossos protestos &#8211; , nada foi feito em rela\u00e7\u00e3o a estr\u00e9ia do musical blasfemo &#8220;Jesus Cristo Superstar&#8221;, em [&hellip;]","og_url":"https:\/\/www.adf.org.br\/home\/a-blasfemia-estreia-sexta-feira-dia-1403-voce-ja-se-manifestou-contra-ela\/","og_site_name":"Associa\u00e7\u00e3o Devotos de F\u00e1tima","article_published_time":"2014-03-11T19:51:44+00:00","og_image":[{"url":"http:\/\/www.adf.org.br\/home\/wp-content\/uploads\/2014\/03\/LaPieta.jpg"}],"twitter_card":"summary_large_image","twitter_misc":{"Escrito por":"Gabriel Barbosa","Est. tempo de leitura":"1 minuto"},"schema":{"@context":"https:\/\/schema.org","@graph":[{"@type":"WebSite","@id":"https:\/\/www.adf.org.br\/home\/#website","url":"https:\/\/www.adf.org.br\/home\/","name":"Associa\u00e7\u00e3o Devotos de F\u00e1tima","description":"Associa\u00e7\u00e3o Devotos de F\u00e1tima","potentialAction":[{"@type":"SearchAction","target":{"@type":"EntryPoint","urlTemplate":"https:\/\/www.adf.org.br\/home\/?s={search_term_string}"},"query-input":"required name=search_term_string"}],"inLanguage":"pt-BR"},{"@type":"ImageObject","@id":"https:\/\/www.adf.org.br\/home\/a-blasfemia-estreia-sexta-feira-dia-1403-voce-ja-se-manifestou-contra-ela\/#primaryimage","inLanguage":"pt-BR","url":"http:\/\/www.adf.org.br\/home\/wp-content\/uploads\/2014\/03\/LaPieta.jpg","contentUrl":"http:\/\/www.adf.org.br\/home\/wp-content\/uploads\/2014\/03\/LaPieta.jpg"},{"@type":"WebPage","@id":"https:\/\/www.adf.org.br\/home\/a-blasfemia-estreia-sexta-feira-dia-1403-voce-ja-se-manifestou-contra-ela\/#webpage","url":"https:\/\/www.adf.org.br\/home\/a-blasfemia-estreia-sexta-feira-dia-1403-voce-ja-se-manifestou-contra-ela\/","name":"A blasf\u00eamia estreia sexta-feira (dia 14\/03). Voc\u00ea j\u00e1 se manifestou contra ela? - Associa\u00e7\u00e3o Devotos de F\u00e1tima","isPartOf":{"@id":"https:\/\/www.adf.org.br\/home\/#website"},"primaryImageOfPage":{"@id":"https:\/\/www.adf.org.br\/home\/a-blasfemia-estreia-sexta-feira-dia-1403-voce-ja-se-manifestou-contra-ela\/#primaryimage"},"datePublished":"2014-03-11T19:51:44+00:00","dateModified":"2014-03-11T19:51:44+00:00","author":{"@id":"https:\/\/www.adf.org.br\/home\/#\/schema\/person\/f35a5c5aa7728a3dedf4ea9aa1fc2753"},"breadcrumb":{"@id":"https:\/\/www.adf.org.br\/home\/a-blasfemia-estreia-sexta-feira-dia-1403-voce-ja-se-manifestou-contra-ela\/#breadcrumb"},"inLanguage":"pt-BR","potentialAction":[{"@type":"ReadAction","target":["https:\/\/www.adf.org.br\/home\/a-blasfemia-estreia-sexta-feira-dia-1403-voce-ja-se-manifestou-contra-ela\/"]}]},{"@type":"BreadcrumbList","@id":"https:\/\/www.adf.org.br\/home\/a-blasfemia-estreia-sexta-feira-dia-1403-voce-ja-se-manifestou-contra-ela\/#breadcrumb","itemListElement":[{"@type":"ListItem","position":1,"name":"Home","item":"https:\/\/www.adf.org.br\/home\/"},{"@type":"ListItem","position":2,"name":"A blasf\u00eamia estreia sexta-feira (dia 14\/03). Voc\u00ea j\u00e1 se manifestou contra ela?"}]},{"@type":"Person","@id":"https:\/\/www.adf.org.br\/home\/#\/schema\/person\/f35a5c5aa7728a3dedf4ea9aa1fc2753","name":"Gabriel Barbosa","image":{"@type":"ImageObject","@id":"https:\/\/www.adf.org.br\/home\/#personlogo","inLanguage":"pt-BR","url":"https:\/\/secure.gravatar.com\/avatar\/2b2cb2f4637682c5605e8d36818f51ef?s=96&d=mm&r=g","contentUrl":"https:\/\/secure.gravatar.com\/avatar\/2b2cb2f4637682c5605e8d36818f51ef?s=96&d=mm&r=g","caption":"Gabriel Barbosa"},"url":"https:\/\/www.adf.org.br\/home\/author\/gabrielpmk-com-br\/"}]}},"_links":{"self":[{"href":"https:\/\/www.adf.org.br\/home\/wp-json\/wp\/v2\/posts\/23580"}],"collection":[{"href":"https:\/\/www.adf.org.br\/home\/wp-json\/wp\/v2\/posts"}],"about":[{"href":"https:\/\/www.adf.org.br\/home\/wp-json\/wp\/v2\/types\/post"}],"author":[{"embeddable":true,"href":"https:\/\/www.adf.org.br\/home\/wp-json\/wp\/v2\/users\/31"}],"replies":[{"embeddable":true,"href":"https:\/\/www.adf.org.br\/home\/wp-json\/wp\/v2\/comments?post=23580"}],"version-history":[{"count":0,"href":"https:\/\/www.adf.org.br\/home\/wp-json\/wp\/v2\/posts\/23580\/revisions"}],"wp:attachment":[{"href":"https:\/\/www.adf.org.br\/home\/wp-json\/wp\/v2\/media?parent=23580"}],"wp:term":[{"taxonomy":"category","embeddable":true,"href":"https:\/\/www.adf.org.br\/home\/wp-json\/wp\/v2\/categories?post=23580"},{"taxonomy":"post_tag","embeddable":true,"href":"https:\/\/www.adf.org.br\/home\/wp-json\/wp\/v2\/tags?post=23580"}],"curies":[{"name":"wp","href":"https:\/\/api.w.org\/{rel}","templated":true}]}}