{"id":23556,"date":"2014-03-11T23:57:45","date_gmt":"2014-03-12T02:57:45","guid":{"rendered":"http:\/\/www.adf.org.br\/home\/?p=23556"},"modified":"2014-03-11T23:57:45","modified_gmt":"2014-03-12T02:57:45","slug":"o-tempo-da-quaresma","status":"publish","type":"post","link":"https:\/\/www.adf.org.br\/home\/o-tempo-da-quaresma\/","title":{"rendered":"O tempo da Quaresma"},"content":{"rendered":"<p style=\"padding-left: 60px;\"><span style=\"font-size: medium; color: #800080;\"><strong>Durante estes quarenta dias os crist\u00e3os se unem intimamente aos sofrimentos e a morte de nosso Divino Salvador, a fim de ressuscitarem com Ele para uma\u00a0vida nova, nas grandes solenidades pascais.<\/strong><\/span><\/p>\n<p><img loading=\"lazy\" class=\"alignright size-full wp-image-23565\" title=\"igreja_primitiva\" src=\"http:\/\/www.adf.org.br\/home\/wp-content\/uploads\/2014\/03\/igreja_primitiva.jpg\" alt=\"\" width=\"350\" height=\"308\" \/>Nos primeiros\u00a0tempos do cristianismo, esta id\u00e9ia fundamental achava sua aplica\u00e7\u00e3o no Batismo dos catec\u00famenos e na reconcilia\u00e7\u00e3o dos penitentes. Por toda a liturgia da Quaresma, a Igreja instru\u00eda os pag\u00e3os que se preparavam para o Batismo.<br \/>\nNo s\u00e1bado Santo infundia as \u00e1guas batismais na sua fronte, de onde saiam para uma vida nova, como Cristo, do t\u00famulo.<br \/>\nPor sua vez, os fi\u00e9is gravemente culpados, deviam fazer penit\u00eancia p\u00fablica e cobrir-se de cinzas (Quarta &#8211; feira de Cinzas), para acharem uma vida nova em Jesus Cristo. Conv\u00e9m reparar nestes dois elementos, para compreender a liturgia da Quaresma e a escolha de muitos textos sagrados.<\/p>\n<div><span style=\"color: #800080; font-size: medium;\"><strong>\u00a0Nossa participa\u00e7\u00e3o neste tempo<\/strong><\/span><\/div>\n<div><em><br \/>\n<\/em><\/div>\n<div>\u00a0No of\u00edcio das Matinas do <em>Breviarium Romanum,<\/em> no 1\u00ba Domingo da Quaresma, lemos o serm\u00e3o que o Papa S\u00e3o Le\u00e3o Magno, no s\u00e9culo V dirigiu ao povo, explicando a liturgia da Quaresma:<\/div>\n<blockquote>\n<div><em>\u201cSem d\u00favida, diz ele, os crist\u00e3os nunca deveriam perder de vista estes grandes mist\u00e9rios&#8230; por\u00e9m esta virtude \u00e9 de poucos. E por isso \u00e9 preciso que os crist\u00e3os sacudam a poeira do mundo.\u00a0<\/em><\/div>\n<div><em>A sabedoria divina estabeleceu este tempo prop\u00edcio de 40 dias, afim de que as nossas almas possam purificar-se, e, por meio de boas obras e jejuns, espiarem as\u00a0faltas de outros tempos. In\u00fateis seriam, por\u00e9m, os nossos jejuns, se neste tempo os nossos cora\u00e7\u00f5es n\u00e3o se desapegassem do pecado.\u201d<\/em><\/div>\n<\/blockquote>\n<div><strong>Lendo estas palavras, parece-nos assistir a abertura de um retiro. Com efeito, a Quaresma \u00e9 o grande retiro anual de toda a fam\u00edlia crist\u00e3, sob a dire\u00e7\u00e3o maternal, e segundo o m\u00e9todo da Santa Madre a Igreja<\/strong>.<\/div>\n<div><\/div>\n<div>Este retiro terminar\u00e1 pela confiss\u00e3o e comunh\u00e3o geral de todos os seus filhos, associados assim, realmente, \u00e0 Ressurrei\u00e7\u00e3o do Divino Mestre, e ressurgindo por sua vez a uma vida nova.<\/div>\n<div>As pr\u00e1ticas exteriores que devem desenvolver em n\u00f3s o esp\u00edrito de Cristo e unir-nos a seus sofrimentos s\u00e3o: <span style=\"text-decoration: underline;\"><span style=\"font-size: medium;\"><strong>o jejum, a ora\u00e7\u00e3o e a esmola<\/strong><\/span><\/span>.<\/div>\n<div><\/div>\n<div><strong><span style=\"color: #800080; font-size: medium;\">O Jejum<\/span><\/strong><\/p>\n<div><\/div>\n<div><img loading=\"lazy\" class=\"wp-image-23566 alignleft\" title=\"Jesus no deserto\" src=\"http:\/\/www.adf.org.br\/home\/wp-content\/uploads\/2014\/03\/Jesus-no-deserto.jpg\" alt=\"\" width=\"300\" height=\"214\" \/>\u00c9 imposto Pela Santa Igreja a todos os fi\u00e9is, depois de 18 anos completos\u00a0at\u00e9 atingirem os 60 anos. Seria engano pernicioso n\u00e3o reconhecer a\u00a0utilidade desta mortifica\u00e7\u00e3o corporal. Seria menosprezar o exemplo de Jesus Cristo, e pecar gravemente contra a autoridade de sua Igreja.<\/div>\n<div><\/div>\n<div>O\u00a0pref\u00e1cio da Quaresma nos descreve os efeitos salutares do jejum, e aqueles que por motivos justos s\u00e3o dispensados dele,\u00a0n\u00e3o o estar\u00e3o do jejum espiritual, isto \u00e9, de abster-se de festas, cinemas, teatros, TV, internet, leituras puramente recreativas, etc.<\/div>\n<div><\/div>\n<div><strong><span style=\"font-size: medium; color: #800080;\">A Ora\u00e7\u00e3o<\/span><\/strong><\/div>\n<div><\/div>\n<div>Assim como a palavra jejum abrange todas as mortifica\u00e7\u00f5es corporais, da mesma maneira compreende a palavra ora\u00e7\u00e3o todos os exerc\u00edcios de piedade feitos neste tempo, com um recolhimento particular, como sejam: a assist\u00eancia a Santa Missa, a Comunh\u00e3o freq\u00fcente, a leitura de bons livros, a medita\u00e7\u00e3o, especialmente da Paix\u00e3o de Jesus Cristo, a Via Sacra e a assist\u00eancia \u00e1s prega\u00e7\u00f5es da Quaresma.<\/div>\n<div><\/div>\n<div><span style=\"font-size: medium; color: #800080;\"><strong>A esmola<\/strong><\/span><\/div>\n<div><\/div>\n<div><img loading=\"lazy\" class=\"alignright size-full wp-image-23571\" title=\"esmola\" src=\"http:\/\/www.adf.org.br\/home\/wp-content\/uploads\/2014\/03\/esmola.jpg\" alt=\"\" width=\"299\" height=\"169\" \/>Compreende as obras de miseric\u00f3rdia para com o pr\u00f3ximo. J\u00e1 no antigo testamento est\u00e1 dito:<em> \u201cMais vale a ora\u00e7\u00e3o acompanhada do jejum e da esmola do que amontoar tesouros\u201d<\/em> (Tob. 12,8).<\/div>\n<div><\/div>\n<div>Praticando essas obras, os catec\u00famenos antigamente preparavam-se para o Batismo que iam receber no S\u00e1bado de Aleluia, enquanto os penitentes p\u00fablicos se submetiam a elas com esp\u00edrito de dor e arrependimento do cora\u00e7\u00e3o.<\/div>\n<div><\/div>\n<div>Saibamos tamb\u00e9m n\u00f3s que aquele que n\u00e3o faz penitencia perecer\u00e1 para toda\u00a0a eternidade.(Luc. 13,3).<\/div>\n<div><\/div>\n<div>Renovemos em n\u00f3s a gra\u00e7a do Batismo e fa\u00e7amos dignos frutos de penit\u00eancia. Os textos das Missas a cada passo nos exortam a isso. Entretanto conv\u00e9m evitar que a nossa piedade seja excitada por compaix\u00e3o sentimental ou tristeza exagerada.<\/div>\n<div><\/div>\n<div>Sim, \u00e9 um combate, uma morte terr\u00edvel que vamos contemplar, mas \u00e9 tamb\u00e9m, e sobre tudo, uma vit\u00f3ria, um triunfo. Na verdade assistiremos a uma luta gigantesca do homem novo; ouviremos os seus gemidos,\u00a0<var id=\"yiv357237355yui-ie-cursor\"><\/var>seguiremos os seus passos sangrentos, contaremos todos os seus ossos; mas isto \u00e9 apenas um epis\u00f3dio de sua vida; o desenlace \u00e9 um grito de vit\u00f3ria, um canto de triunfo.<\/div>\n<div><\/div>\n<div><span style=\"font-size: medium; color: #800080;\"><strong>Particularidades deste tempo<\/strong><\/span><\/div>\n<div><\/div>\n<div>A cor dos paramentos \u00e9 roxa, e preta na Sexta-Feira Santa. Omite-se\u00a0completamente Aleluia, enquanto o Gl\u00f3ria s\u00f3 se canta nas festas Santos. Os altares s\u00e3o despojados deis enfeites e o \u00f3rg\u00e3o se cala, menos no IV Domingo. No fim das Missas do Tempo, o sacerdote diz: Bendigamos ao Senhor, em vez de: Ite\u00a0Missa est, para exortar os fieis a perseverarem na ora\u00e7\u00e3o.<\/div>\n<div><\/div>\n<div>Cada dia deste Tempo tem a sua \u201cesta\u00e7\u00e3o\u201d, com indulg\u00eancias especiais e sua pr\u00f3pria liturgia, cujos c\u00e2nticos e li\u00e7\u00f5es nos incitam \u00e1 penit\u00eancia e \u00e1 convers\u00e3o, enquanto as Ora\u00e7\u00f5es imploram para n\u00f3s o perd\u00e3o e a gra\u00e7a.<\/div>\n<div><\/div>\n<div><a href=\"http:\/\/www.adf.org.br\/cd-oracoes\/?origem=1\"><img loading=\"lazy\" class=\"aligncenter size-full wp-image-23577\" title=\"CD S\u00faplicas a Nossa Senhora\" src=\"http:\/\/www.adf.org.br\/home\/wp-content\/uploads\/2014\/03\/1929_d_44_topo.jpg\" alt=\"\" width=\"600\" height=\"266\" \/><\/a><\/div>\n<div><\/div>\n<div><\/div>\n<div><em>(Missal Quotidiano \u2013 1936)<\/em><\/div>\n<div><em>Fonte: Blog Defensores da f\u00e9 cat\u00f3lica<\/em><\/div>\n<\/div>\n","protected":false},"excerpt":{"rendered":"<p>Durante estes quarenta dias os crist\u00e3os se unem intimamente aos sofrimentos e a morte de nosso Divino Salvador, a fim de ressuscitarem com Ele para uma\u00a0vida nova, nas grandes solenidades pascais. Nos primeiros\u00a0tempos do cristianismo, esta id\u00e9ia fundamental achava sua aplica\u00e7\u00e3o no Batismo dos catec\u00famenos e na reconcilia\u00e7\u00e3o dos penitentes. Por toda a liturgia da [&hellip;]<\/p>\n","protected":false},"author":31,"featured_media":0,"comment_status":"open","ping_status":"open","sticky":false,"template":"","format":"standard","meta":[],"categories":[20],"tags":[457,530],"yoast_head":"<!-- This site is optimized with the Yoast SEO plugin v17.4 - https:\/\/yoast.com\/wordpress\/plugins\/seo\/ -->\n<title>O tempo da Quaresma - Associa\u00e7\u00e3o Devotos de F\u00e1tima<\/title>\n<meta name=\"robots\" content=\"index, follow, max-snippet:-1, max-image-preview:large, max-video-preview:-1\" \/>\n<link rel=\"canonical\" href=\"https:\/\/www.adf.org.br\/home\/o-tempo-da-quaresma\/\" \/>\n<meta property=\"og:locale\" content=\"pt_BR\" \/>\n<meta property=\"og:type\" content=\"article\" \/>\n<meta property=\"og:title\" content=\"O tempo da Quaresma - Associa\u00e7\u00e3o Devotos de F\u00e1tima\" \/>\n<meta property=\"og:description\" content=\"Durante estes quarenta dias os crist\u00e3os se unem intimamente aos sofrimentos e a morte de nosso Divino Salvador, a fim de ressuscitarem com Ele para uma\u00a0vida nova, nas grandes solenidades pascais. Nos primeiros\u00a0tempos do cristianismo, esta id\u00e9ia fundamental achava sua aplica\u00e7\u00e3o no Batismo dos catec\u00famenos e na reconcilia\u00e7\u00e3o dos penitentes. Por toda a liturgia da [&hellip;]\" \/>\n<meta property=\"og:url\" content=\"https:\/\/www.adf.org.br\/home\/o-tempo-da-quaresma\/\" \/>\n<meta property=\"og:site_name\" content=\"Associa\u00e7\u00e3o Devotos de F\u00e1tima\" \/>\n<meta property=\"article:published_time\" content=\"2014-03-12T02:57:45+00:00\" \/>\n<meta property=\"og:image\" content=\"http:\/\/www.adf.org.br\/home\/wp-content\/uploads\/2014\/03\/igreja_primitiva.jpg\" \/>\n<meta name=\"twitter:card\" content=\"summary_large_image\" \/>\n<meta name=\"twitter:label1\" content=\"Escrito por\" \/>\n\t<meta name=\"twitter:data1\" content=\"Gabriel Barbosa\" \/>\n\t<meta name=\"twitter:label2\" content=\"Est. tempo de leitura\" \/>\n\t<meta name=\"twitter:data2\" content=\"4 minutos\" \/>\n<script type=\"application\/ld+json\" class=\"yoast-schema-graph\">{\"@context\":\"https:\/\/schema.org\",\"@graph\":[{\"@type\":\"WebSite\",\"@id\":\"https:\/\/www.adf.org.br\/home\/#website\",\"url\":\"https:\/\/www.adf.org.br\/home\/\",\"name\":\"Associa\\u00e7\\u00e3o Devotos de F\\u00e1tima\",\"description\":\"Associa\\u00e7\\u00e3o Devotos de F\\u00e1tima\",\"potentialAction\":[{\"@type\":\"SearchAction\",\"target\":{\"@type\":\"EntryPoint\",\"urlTemplate\":\"https:\/\/www.adf.org.br\/home\/?s={search_term_string}\"},\"query-input\":\"required name=search_term_string\"}],\"inLanguage\":\"pt-BR\"},{\"@type\":\"ImageObject\",\"@id\":\"https:\/\/www.adf.org.br\/home\/o-tempo-da-quaresma\/#primaryimage\",\"inLanguage\":\"pt-BR\",\"url\":\"http:\/\/www.adf.org.br\/home\/wp-content\/uploads\/2014\/03\/igreja_primitiva.jpg\",\"contentUrl\":\"http:\/\/www.adf.org.br\/home\/wp-content\/uploads\/2014\/03\/igreja_primitiva.jpg\"},{\"@type\":\"WebPage\",\"@id\":\"https:\/\/www.adf.org.br\/home\/o-tempo-da-quaresma\/#webpage\",\"url\":\"https:\/\/www.adf.org.br\/home\/o-tempo-da-quaresma\/\",\"name\":\"O tempo da Quaresma - Associa\\u00e7\\u00e3o Devotos de F\\u00e1tima\",\"isPartOf\":{\"@id\":\"https:\/\/www.adf.org.br\/home\/#website\"},\"primaryImageOfPage\":{\"@id\":\"https:\/\/www.adf.org.br\/home\/o-tempo-da-quaresma\/#primaryimage\"},\"datePublished\":\"2014-03-12T02:57:45+00:00\",\"dateModified\":\"2014-03-12T02:57:45+00:00\",\"author\":{\"@id\":\"https:\/\/www.adf.org.br\/home\/#\/schema\/person\/f35a5c5aa7728a3dedf4ea9aa1fc2753\"},\"breadcrumb\":{\"@id\":\"https:\/\/www.adf.org.br\/home\/o-tempo-da-quaresma\/#breadcrumb\"},\"inLanguage\":\"pt-BR\",\"potentialAction\":[{\"@type\":\"ReadAction\",\"target\":[\"https:\/\/www.adf.org.br\/home\/o-tempo-da-quaresma\/\"]}]},{\"@type\":\"BreadcrumbList\",\"@id\":\"https:\/\/www.adf.org.br\/home\/o-tempo-da-quaresma\/#breadcrumb\",\"itemListElement\":[{\"@type\":\"ListItem\",\"position\":1,\"name\":\"Home\",\"item\":\"https:\/\/www.adf.org.br\/home\/\"},{\"@type\":\"ListItem\",\"position\":2,\"name\":\"O tempo da Quaresma\"}]},{\"@type\":\"Person\",\"@id\":\"https:\/\/www.adf.org.br\/home\/#\/schema\/person\/f35a5c5aa7728a3dedf4ea9aa1fc2753\",\"name\":\"Gabriel Barbosa\",\"image\":{\"@type\":\"ImageObject\",\"@id\":\"https:\/\/www.adf.org.br\/home\/#personlogo\",\"inLanguage\":\"pt-BR\",\"url\":\"https:\/\/secure.gravatar.com\/avatar\/2b2cb2f4637682c5605e8d36818f51ef?s=96&d=mm&r=g\",\"contentUrl\":\"https:\/\/secure.gravatar.com\/avatar\/2b2cb2f4637682c5605e8d36818f51ef?s=96&d=mm&r=g\",\"caption\":\"Gabriel Barbosa\"},\"url\":\"https:\/\/www.adf.org.br\/home\/author\/gabrielpmk-com-br\/\"}]}<\/script>\n<!-- \/ Yoast SEO plugin. -->","yoast_head_json":{"title":"O tempo da Quaresma - Associa\u00e7\u00e3o Devotos de F\u00e1tima","robots":{"index":"index","follow":"follow","max-snippet":"max-snippet:-1","max-image-preview":"max-image-preview:large","max-video-preview":"max-video-preview:-1"},"canonical":"https:\/\/www.adf.org.br\/home\/o-tempo-da-quaresma\/","og_locale":"pt_BR","og_type":"article","og_title":"O tempo da Quaresma - Associa\u00e7\u00e3o Devotos de F\u00e1tima","og_description":"Durante estes quarenta dias os crist\u00e3os se unem intimamente aos sofrimentos e a morte de nosso Divino Salvador, a fim de ressuscitarem com Ele para uma\u00a0vida nova, nas grandes solenidades pascais. Nos primeiros\u00a0tempos do cristianismo, esta id\u00e9ia fundamental achava sua aplica\u00e7\u00e3o no Batismo dos catec\u00famenos e na reconcilia\u00e7\u00e3o dos penitentes. Por toda a liturgia da [&hellip;]","og_url":"https:\/\/www.adf.org.br\/home\/o-tempo-da-quaresma\/","og_site_name":"Associa\u00e7\u00e3o Devotos de F\u00e1tima","article_published_time":"2014-03-12T02:57:45+00:00","og_image":[{"url":"http:\/\/www.adf.org.br\/home\/wp-content\/uploads\/2014\/03\/igreja_primitiva.jpg"}],"twitter_card":"summary_large_image","twitter_misc":{"Escrito por":"Gabriel Barbosa","Est. tempo de leitura":"4 minutos"},"schema":{"@context":"https:\/\/schema.org","@graph":[{"@type":"WebSite","@id":"https:\/\/www.adf.org.br\/home\/#website","url":"https:\/\/www.adf.org.br\/home\/","name":"Associa\u00e7\u00e3o Devotos de F\u00e1tima","description":"Associa\u00e7\u00e3o Devotos de F\u00e1tima","potentialAction":[{"@type":"SearchAction","target":{"@type":"EntryPoint","urlTemplate":"https:\/\/www.adf.org.br\/home\/?s={search_term_string}"},"query-input":"required name=search_term_string"}],"inLanguage":"pt-BR"},{"@type":"ImageObject","@id":"https:\/\/www.adf.org.br\/home\/o-tempo-da-quaresma\/#primaryimage","inLanguage":"pt-BR","url":"http:\/\/www.adf.org.br\/home\/wp-content\/uploads\/2014\/03\/igreja_primitiva.jpg","contentUrl":"http:\/\/www.adf.org.br\/home\/wp-content\/uploads\/2014\/03\/igreja_primitiva.jpg"},{"@type":"WebPage","@id":"https:\/\/www.adf.org.br\/home\/o-tempo-da-quaresma\/#webpage","url":"https:\/\/www.adf.org.br\/home\/o-tempo-da-quaresma\/","name":"O tempo da Quaresma - Associa\u00e7\u00e3o Devotos de F\u00e1tima","isPartOf":{"@id":"https:\/\/www.adf.org.br\/home\/#website"},"primaryImageOfPage":{"@id":"https:\/\/www.adf.org.br\/home\/o-tempo-da-quaresma\/#primaryimage"},"datePublished":"2014-03-12T02:57:45+00:00","dateModified":"2014-03-12T02:57:45+00:00","author":{"@id":"https:\/\/www.adf.org.br\/home\/#\/schema\/person\/f35a5c5aa7728a3dedf4ea9aa1fc2753"},"breadcrumb":{"@id":"https:\/\/www.adf.org.br\/home\/o-tempo-da-quaresma\/#breadcrumb"},"inLanguage":"pt-BR","potentialAction":[{"@type":"ReadAction","target":["https:\/\/www.adf.org.br\/home\/o-tempo-da-quaresma\/"]}]},{"@type":"BreadcrumbList","@id":"https:\/\/www.adf.org.br\/home\/o-tempo-da-quaresma\/#breadcrumb","itemListElement":[{"@type":"ListItem","position":1,"name":"Home","item":"https:\/\/www.adf.org.br\/home\/"},{"@type":"ListItem","position":2,"name":"O tempo da Quaresma"}]},{"@type":"Person","@id":"https:\/\/www.adf.org.br\/home\/#\/schema\/person\/f35a5c5aa7728a3dedf4ea9aa1fc2753","name":"Gabriel Barbosa","image":{"@type":"ImageObject","@id":"https:\/\/www.adf.org.br\/home\/#personlogo","inLanguage":"pt-BR","url":"https:\/\/secure.gravatar.com\/avatar\/2b2cb2f4637682c5605e8d36818f51ef?s=96&d=mm&r=g","contentUrl":"https:\/\/secure.gravatar.com\/avatar\/2b2cb2f4637682c5605e8d36818f51ef?s=96&d=mm&r=g","caption":"Gabriel Barbosa"},"url":"https:\/\/www.adf.org.br\/home\/author\/gabrielpmk-com-br\/"}]}},"_links":{"self":[{"href":"https:\/\/www.adf.org.br\/home\/wp-json\/wp\/v2\/posts\/23556"}],"collection":[{"href":"https:\/\/www.adf.org.br\/home\/wp-json\/wp\/v2\/posts"}],"about":[{"href":"https:\/\/www.adf.org.br\/home\/wp-json\/wp\/v2\/types\/post"}],"author":[{"embeddable":true,"href":"https:\/\/www.adf.org.br\/home\/wp-json\/wp\/v2\/users\/31"}],"replies":[{"embeddable":true,"href":"https:\/\/www.adf.org.br\/home\/wp-json\/wp\/v2\/comments?post=23556"}],"version-history":[{"count":0,"href":"https:\/\/www.adf.org.br\/home\/wp-json\/wp\/v2\/posts\/23556\/revisions"}],"wp:attachment":[{"href":"https:\/\/www.adf.org.br\/home\/wp-json\/wp\/v2\/media?parent=23556"}],"wp:term":[{"taxonomy":"category","embeddable":true,"href":"https:\/\/www.adf.org.br\/home\/wp-json\/wp\/v2\/categories?post=23556"},{"taxonomy":"post_tag","embeddable":true,"href":"https:\/\/www.adf.org.br\/home\/wp-json\/wp\/v2\/tags?post=23556"}],"curies":[{"name":"wp","href":"https:\/\/api.w.org\/{rel}","templated":true}]}}