{"id":23533,"date":"2014-03-10T23:58:13","date_gmt":"2014-03-11T02:58:13","guid":{"rendered":"http:\/\/www.adf.org.br\/home\/?p=23533"},"modified":"2014-03-10T23:58:13","modified_gmt":"2014-03-11T02:58:13","slug":"como-cristo-era-amado-pelo-povo-pelos-discipulos-e-por-sua-mae-ii","status":"publish","type":"post","link":"https:\/\/www.adf.org.br\/home\/como-cristo-era-amado-pelo-povo-pelos-discipulos-e-por-sua-mae-ii\/","title":{"rendered":"O Cristo amado e odiado &#8211; II"},"content":{"rendered":"<figure id=\"attachment_23539\" aria-describedby=\"caption-attachment-23539\" style=\"width: 312px\" class=\"wp-caption alignright\"><a href=\"http:\/\/www.adf.org.br\/home\/wp-content\/uploads\/2014\/03\/fariseus.jpg\"><img loading=\"lazy\" class=\" wp-image-23539\" title=\"fariseus\" src=\"http:\/\/www.adf.org.br\/home\/wp-content\/uploads\/2014\/03\/fariseus.jpg\" alt=\"\" width=\"312\" height=\"192\" \/><\/a><figcaption id=\"caption-attachment-23539\" class=\"wp-caption-text\">Fariseus conspiram contra Nosso Senhor<\/figcaption><\/figure>\n<p align=\"JUSTIFY\">Como explicar entretanto que esse mesmo Jesus tivesse suscitado tanto \u00f3dio? Porque, inegavelmente, Ele o suscitou. Os judeus O odiaram com um \u00f3dio envergonhado, devorador e infame, qual s\u00f3 o inferno pode gerar.<\/p>\n<p align=\"JUSTIFY\">Por \u00f3dio, procuraram longamente espion\u00e1-Lo, a fim de ver se encontravam n\u2019Ele alguma culpa, que lhes servisse de arma de guerra. Prova de que n\u00e3o O odiavam por algum defeito que por engano n\u2019Ele imaginassem ver.<\/p>\n<p align=\"JUSTIFY\">Porque ent\u00e3o O odiavam? Se n\u00e3o era pelo mal, que n\u2019Ele n\u00e3o havia, e que n\u2019Ele em v\u00e3o procuravam, porque seria? S\u00f3 poderia ser pelo bem&#8230; Mist\u00e9rio profundo da iniq\u00fcidade humana! Este \u00f3dio era envergonhado.<\/p>\n<p align=\"JUSTIFY\">Com efeito, ocultavam-no sob a apar\u00eancia de amabilidade, porque n\u00e3o tinham nenhuma raz\u00e3o limpa e honesta para o declarar. \u00c0 medida que a miss\u00e3o de Jesus foi caminhando para a sua plena realiza\u00e7\u00e3o, o \u00f3dio dos judeus foi crescendo de ponto, e tendendo para uma estrondosa explos\u00e3o.<\/p>\n<p align=\"JUSTIFY\">Desanimando de encontrar raz\u00f5es de difama\u00e7\u00e3o, recorreram \u00e0 cal\u00fania. Dela usaram largamente. Tinham tudo para vencer nesta forma de luta: dinheiro, rela\u00e7\u00f5es com os romanos, prest\u00edgio decorrente do exerc\u00edcio das fun\u00e7\u00f5es sagradas. Entretanto, a guerra pela cal\u00fania fracassou em grande parte.<\/p>\n<p><img loading=\"lazy\" class=\"alignleft size-full wp-image-23541\" title=\"Medalha de S\u00e3o Miguel Arcanjo\" src=\"http:\/\/www.adf.org.br\/home\/wp-content\/uploads\/2014\/03\/medalha-de-S\u00e3o-Miguel-Arcanjo1.jpg\" alt=\"\" width=\"131\" height=\"339\" \/><\/p>\n<p align=\"JUSTIFY\">Conseguiram convencer alguns despeitados, semear a d\u00favida em alguns esp\u00edritos grosseiros, embotados, ou viciados em duvidar de si, dos outros, de tudo, e de todos. Mas era imposs\u00edvel afogar em cal\u00fanias o efeito maravilhoso da presen\u00e7a, da palavra e da a\u00e7\u00e3o de Nosso Senhor.<\/p>\n<p align=\"JUSTIFY\"><strong>E ent\u00e3o veio o plano supremo:<\/strong> desmenti-Lo por uma derrota que O desprestigiasse aos olhos de todos, e O cortasse do n\u00famero dos vivos. O resto se sabe. Satan\u00e1s entrou no mais repugnante dos homens, que O vendeu e depois O entregou com um \u00f3sculo. Um proc\u00f4nsul depravado mais ainda de alma que de corpo, hesitante, mole, vaidoso, entregou-O a seus inimigos. E sobre Ele caiu a torrente de todo o \u00f3dio da Sinagoga, com que afinal os fariseus haviam conseguido contaminar a massa.<\/p>\n<p align=\"JUSTIFY\">Que \u00f3dio, e que al\u00edvio. Ali estavam, urrando de \u00f3dio, tantos cegos e paral\u00edticos curados, tantos possessos libertados, tantas almas aquietadas outrora pelo Filho de Deus.<\/p>\n<p align=\"JUSTIFY\">Mas tamb\u00e9m! Quando receberam benef\u00edcios, sentiram uma secreta humilha\u00e7\u00e3o de se verem t\u00e3o inferiores. Quando receberam ensinamentos, sentiram um fio de revolta a lhes minar quase imperceptivelmente a admira\u00e7\u00e3o: porque era Ele t\u00e3o austero, porque exigia tantos sacrif\u00edcios? Vendo-O agora &#8220;derrotado&#8221;, era o desabafo, o triunfo de todos os recalques, todas as vulgaridades, todas as invejas, o suco destilado de todas as inf\u00e2mias.<\/p>\n<p align=\"JUSTIFY\">A grande revolta dos fariseus \u00edmpios e entregues a Satan\u00e1s, dos seus cong\u00eaneres em todas as classes do povo, em frente \u00fanica com as antipatias inconfessadas, e qui\u00e7\u00e1 subconscientes, dos t\u00edbios, produziu este resultado supremo: o deic\u00eddio, o maior crime de todos os tempos.<\/p>\n<p align=\"JUSTIFY\"><em>Fonte: Catolicismo N\u00ba 52 &#8211; Abril de 1955<\/em><\/p>\n","protected":false},"excerpt":{"rendered":"<p>Como explicar entretanto que esse mesmo Jesus tivesse suscitado tanto \u00f3dio? Porque, inegavelmente, Ele o suscitou. Os judeus O odiaram com um \u00f3dio envergonhado, devorador e infame, qual s\u00f3 o inferno pode gerar. Por \u00f3dio, procuraram longamente espion\u00e1-Lo, a fim de ver se encontravam n\u2019Ele alguma culpa, que lhes servisse de arma de guerra. Prova [&hellip;]<\/p>\n","protected":false},"author":31,"featured_media":0,"comment_status":"open","ping_status":"open","sticky":false,"template":"","format":"standard","meta":[],"categories":[20],"tags":[],"yoast_head":"<!-- This site is optimized with the Yoast SEO plugin v17.4 - https:\/\/yoast.com\/wordpress\/plugins\/seo\/ -->\n<title>O Cristo amado e odiado - II - Associa\u00e7\u00e3o Devotos de F\u00e1tima<\/title>\n<meta name=\"robots\" content=\"index, follow, max-snippet:-1, max-image-preview:large, max-video-preview:-1\" \/>\n<link rel=\"canonical\" href=\"https:\/\/www.adf.org.br\/home\/como-cristo-era-amado-pelo-povo-pelos-discipulos-e-por-sua-mae-ii\/\" \/>\n<meta property=\"og:locale\" content=\"pt_BR\" \/>\n<meta property=\"og:type\" content=\"article\" \/>\n<meta property=\"og:title\" content=\"O Cristo amado e odiado - II - Associa\u00e7\u00e3o Devotos de F\u00e1tima\" \/>\n<meta property=\"og:description\" content=\"Como explicar entretanto que esse mesmo Jesus tivesse suscitado tanto \u00f3dio? Porque, inegavelmente, Ele o suscitou. Os judeus O odiaram com um \u00f3dio envergonhado, devorador e infame, qual s\u00f3 o inferno pode gerar. Por \u00f3dio, procuraram longamente espion\u00e1-Lo, a fim de ver se encontravam n\u2019Ele alguma culpa, que lhes servisse de arma de guerra. Prova [&hellip;]\" \/>\n<meta property=\"og:url\" content=\"https:\/\/www.adf.org.br\/home\/como-cristo-era-amado-pelo-povo-pelos-discipulos-e-por-sua-mae-ii\/\" \/>\n<meta property=\"og:site_name\" content=\"Associa\u00e7\u00e3o Devotos de F\u00e1tima\" \/>\n<meta property=\"article:published_time\" content=\"2014-03-11T02:58:13+00:00\" \/>\n<meta property=\"og:image\" content=\"http:\/\/www.adf.org.br\/home\/wp-content\/uploads\/2014\/03\/fariseus.jpg\" \/>\n<meta name=\"twitter:card\" content=\"summary_large_image\" \/>\n<meta name=\"twitter:label1\" content=\"Escrito por\" \/>\n\t<meta name=\"twitter:data1\" content=\"Gabriel Barbosa\" \/>\n\t<meta name=\"twitter:label2\" content=\"Est. tempo de leitura\" \/>\n\t<meta name=\"twitter:data2\" content=\"3 minutos\" \/>\n<script type=\"application\/ld+json\" class=\"yoast-schema-graph\">{\"@context\":\"https:\/\/schema.org\",\"@graph\":[{\"@type\":\"WebSite\",\"@id\":\"https:\/\/www.adf.org.br\/home\/#website\",\"url\":\"https:\/\/www.adf.org.br\/home\/\",\"name\":\"Associa\\u00e7\\u00e3o Devotos de F\\u00e1tima\",\"description\":\"Associa\\u00e7\\u00e3o Devotos de F\\u00e1tima\",\"potentialAction\":[{\"@type\":\"SearchAction\",\"target\":{\"@type\":\"EntryPoint\",\"urlTemplate\":\"https:\/\/www.adf.org.br\/home\/?s={search_term_string}\"},\"query-input\":\"required name=search_term_string\"}],\"inLanguage\":\"pt-BR\"},{\"@type\":\"ImageObject\",\"@id\":\"https:\/\/www.adf.org.br\/home\/como-cristo-era-amado-pelo-povo-pelos-discipulos-e-por-sua-mae-ii\/#primaryimage\",\"inLanguage\":\"pt-BR\",\"url\":\"http:\/\/www.adf.org.br\/home\/wp-content\/uploads\/2014\/03\/fariseus.jpg\",\"contentUrl\":\"http:\/\/www.adf.org.br\/home\/wp-content\/uploads\/2014\/03\/fariseus.jpg\"},{\"@type\":\"WebPage\",\"@id\":\"https:\/\/www.adf.org.br\/home\/como-cristo-era-amado-pelo-povo-pelos-discipulos-e-por-sua-mae-ii\/#webpage\",\"url\":\"https:\/\/www.adf.org.br\/home\/como-cristo-era-amado-pelo-povo-pelos-discipulos-e-por-sua-mae-ii\/\",\"name\":\"O Cristo amado e odiado - II - Associa\\u00e7\\u00e3o Devotos de F\\u00e1tima\",\"isPartOf\":{\"@id\":\"https:\/\/www.adf.org.br\/home\/#website\"},\"primaryImageOfPage\":{\"@id\":\"https:\/\/www.adf.org.br\/home\/como-cristo-era-amado-pelo-povo-pelos-discipulos-e-por-sua-mae-ii\/#primaryimage\"},\"datePublished\":\"2014-03-11T02:58:13+00:00\",\"dateModified\":\"2014-03-11T02:58:13+00:00\",\"author\":{\"@id\":\"https:\/\/www.adf.org.br\/home\/#\/schema\/person\/f35a5c5aa7728a3dedf4ea9aa1fc2753\"},\"breadcrumb\":{\"@id\":\"https:\/\/www.adf.org.br\/home\/como-cristo-era-amado-pelo-povo-pelos-discipulos-e-por-sua-mae-ii\/#breadcrumb\"},\"inLanguage\":\"pt-BR\",\"potentialAction\":[{\"@type\":\"ReadAction\",\"target\":[\"https:\/\/www.adf.org.br\/home\/como-cristo-era-amado-pelo-povo-pelos-discipulos-e-por-sua-mae-ii\/\"]}]},{\"@type\":\"BreadcrumbList\",\"@id\":\"https:\/\/www.adf.org.br\/home\/como-cristo-era-amado-pelo-povo-pelos-discipulos-e-por-sua-mae-ii\/#breadcrumb\",\"itemListElement\":[{\"@type\":\"ListItem\",\"position\":1,\"name\":\"Home\",\"item\":\"https:\/\/www.adf.org.br\/home\/\"},{\"@type\":\"ListItem\",\"position\":2,\"name\":\"O Cristo amado e odiado &#8211; II\"}]},{\"@type\":\"Person\",\"@id\":\"https:\/\/www.adf.org.br\/home\/#\/schema\/person\/f35a5c5aa7728a3dedf4ea9aa1fc2753\",\"name\":\"Gabriel Barbosa\",\"image\":{\"@type\":\"ImageObject\",\"@id\":\"https:\/\/www.adf.org.br\/home\/#personlogo\",\"inLanguage\":\"pt-BR\",\"url\":\"https:\/\/secure.gravatar.com\/avatar\/2b2cb2f4637682c5605e8d36818f51ef?s=96&d=mm&r=g\",\"contentUrl\":\"https:\/\/secure.gravatar.com\/avatar\/2b2cb2f4637682c5605e8d36818f51ef?s=96&d=mm&r=g\",\"caption\":\"Gabriel Barbosa\"},\"url\":\"https:\/\/www.adf.org.br\/home\/author\/gabrielpmk-com-br\/\"}]}<\/script>\n<!-- \/ Yoast SEO plugin. -->","yoast_head_json":{"title":"O Cristo amado e odiado - II - Associa\u00e7\u00e3o Devotos de F\u00e1tima","robots":{"index":"index","follow":"follow","max-snippet":"max-snippet:-1","max-image-preview":"max-image-preview:large","max-video-preview":"max-video-preview:-1"},"canonical":"https:\/\/www.adf.org.br\/home\/como-cristo-era-amado-pelo-povo-pelos-discipulos-e-por-sua-mae-ii\/","og_locale":"pt_BR","og_type":"article","og_title":"O Cristo amado e odiado - II - Associa\u00e7\u00e3o Devotos de F\u00e1tima","og_description":"Como explicar entretanto que esse mesmo Jesus tivesse suscitado tanto \u00f3dio? Porque, inegavelmente, Ele o suscitou. Os judeus O odiaram com um \u00f3dio envergonhado, devorador e infame, qual s\u00f3 o inferno pode gerar. Por \u00f3dio, procuraram longamente espion\u00e1-Lo, a fim de ver se encontravam n\u2019Ele alguma culpa, que lhes servisse de arma de guerra. Prova [&hellip;]","og_url":"https:\/\/www.adf.org.br\/home\/como-cristo-era-amado-pelo-povo-pelos-discipulos-e-por-sua-mae-ii\/","og_site_name":"Associa\u00e7\u00e3o Devotos de F\u00e1tima","article_published_time":"2014-03-11T02:58:13+00:00","og_image":[{"url":"http:\/\/www.adf.org.br\/home\/wp-content\/uploads\/2014\/03\/fariseus.jpg"}],"twitter_card":"summary_large_image","twitter_misc":{"Escrito por":"Gabriel Barbosa","Est. tempo de leitura":"3 minutos"},"schema":{"@context":"https:\/\/schema.org","@graph":[{"@type":"WebSite","@id":"https:\/\/www.adf.org.br\/home\/#website","url":"https:\/\/www.adf.org.br\/home\/","name":"Associa\u00e7\u00e3o Devotos de F\u00e1tima","description":"Associa\u00e7\u00e3o Devotos de F\u00e1tima","potentialAction":[{"@type":"SearchAction","target":{"@type":"EntryPoint","urlTemplate":"https:\/\/www.adf.org.br\/home\/?s={search_term_string}"},"query-input":"required name=search_term_string"}],"inLanguage":"pt-BR"},{"@type":"ImageObject","@id":"https:\/\/www.adf.org.br\/home\/como-cristo-era-amado-pelo-povo-pelos-discipulos-e-por-sua-mae-ii\/#primaryimage","inLanguage":"pt-BR","url":"http:\/\/www.adf.org.br\/home\/wp-content\/uploads\/2014\/03\/fariseus.jpg","contentUrl":"http:\/\/www.adf.org.br\/home\/wp-content\/uploads\/2014\/03\/fariseus.jpg"},{"@type":"WebPage","@id":"https:\/\/www.adf.org.br\/home\/como-cristo-era-amado-pelo-povo-pelos-discipulos-e-por-sua-mae-ii\/#webpage","url":"https:\/\/www.adf.org.br\/home\/como-cristo-era-amado-pelo-povo-pelos-discipulos-e-por-sua-mae-ii\/","name":"O Cristo amado e odiado - II - Associa\u00e7\u00e3o Devotos de F\u00e1tima","isPartOf":{"@id":"https:\/\/www.adf.org.br\/home\/#website"},"primaryImageOfPage":{"@id":"https:\/\/www.adf.org.br\/home\/como-cristo-era-amado-pelo-povo-pelos-discipulos-e-por-sua-mae-ii\/#primaryimage"},"datePublished":"2014-03-11T02:58:13+00:00","dateModified":"2014-03-11T02:58:13+00:00","author":{"@id":"https:\/\/www.adf.org.br\/home\/#\/schema\/person\/f35a5c5aa7728a3dedf4ea9aa1fc2753"},"breadcrumb":{"@id":"https:\/\/www.adf.org.br\/home\/como-cristo-era-amado-pelo-povo-pelos-discipulos-e-por-sua-mae-ii\/#breadcrumb"},"inLanguage":"pt-BR","potentialAction":[{"@type":"ReadAction","target":["https:\/\/www.adf.org.br\/home\/como-cristo-era-amado-pelo-povo-pelos-discipulos-e-por-sua-mae-ii\/"]}]},{"@type":"BreadcrumbList","@id":"https:\/\/www.adf.org.br\/home\/como-cristo-era-amado-pelo-povo-pelos-discipulos-e-por-sua-mae-ii\/#breadcrumb","itemListElement":[{"@type":"ListItem","position":1,"name":"Home","item":"https:\/\/www.adf.org.br\/home\/"},{"@type":"ListItem","position":2,"name":"O Cristo amado e odiado &#8211; II"}]},{"@type":"Person","@id":"https:\/\/www.adf.org.br\/home\/#\/schema\/person\/f35a5c5aa7728a3dedf4ea9aa1fc2753","name":"Gabriel Barbosa","image":{"@type":"ImageObject","@id":"https:\/\/www.adf.org.br\/home\/#personlogo","inLanguage":"pt-BR","url":"https:\/\/secure.gravatar.com\/avatar\/2b2cb2f4637682c5605e8d36818f51ef?s=96&d=mm&r=g","contentUrl":"https:\/\/secure.gravatar.com\/avatar\/2b2cb2f4637682c5605e8d36818f51ef?s=96&d=mm&r=g","caption":"Gabriel Barbosa"},"url":"https:\/\/www.adf.org.br\/home\/author\/gabrielpmk-com-br\/"}]}},"_links":{"self":[{"href":"https:\/\/www.adf.org.br\/home\/wp-json\/wp\/v2\/posts\/23533"}],"collection":[{"href":"https:\/\/www.adf.org.br\/home\/wp-json\/wp\/v2\/posts"}],"about":[{"href":"https:\/\/www.adf.org.br\/home\/wp-json\/wp\/v2\/types\/post"}],"author":[{"embeddable":true,"href":"https:\/\/www.adf.org.br\/home\/wp-json\/wp\/v2\/users\/31"}],"replies":[{"embeddable":true,"href":"https:\/\/www.adf.org.br\/home\/wp-json\/wp\/v2\/comments?post=23533"}],"version-history":[{"count":0,"href":"https:\/\/www.adf.org.br\/home\/wp-json\/wp\/v2\/posts\/23533\/revisions"}],"wp:attachment":[{"href":"https:\/\/www.adf.org.br\/home\/wp-json\/wp\/v2\/media?parent=23533"}],"wp:term":[{"taxonomy":"category","embeddable":true,"href":"https:\/\/www.adf.org.br\/home\/wp-json\/wp\/v2\/categories?post=23533"},{"taxonomy":"post_tag","embeddable":true,"href":"https:\/\/www.adf.org.br\/home\/wp-json\/wp\/v2\/tags?post=23533"}],"curies":[{"name":"wp","href":"https:\/\/api.w.org\/{rel}","templated":true}]}}