{"id":2328,"date":"2018-02-14T00:00:23","date_gmt":"2018-02-14T02:00:23","guid":{"rendered":"http:\/\/www.adf.org.br\/home\/?p=2328"},"modified":"2018-02-14T00:00:23","modified_gmt":"2018-02-14T02:00:23","slug":"significado-quarta-feira-cinzas","status":"publish","type":"post","link":"https:\/\/www.adf.org.br\/home\/significado-quarta-feira-cinzas\/","title":{"rendered":"O Significado da Quarta-feira de Cinzas!"},"content":{"rendered":"<p style=\"padding-left: 90px;\"><span style=\"font-family: verdana, geneva, sans-serif; font-size: 12pt; color: #000000;\"><strong><span style=\"color: #ffffff;\">.<\/span><br \/>\n<span style=\"color: #800080;\">Voc\u00ea sabia que a quarta-feira de cinzas \u00e9 o primeiro dia da Quaresma no calend\u00e1rio crist\u00e3o ocidental?<\/span><\/strong><\/span><\/p>\n<p><span style=\"font-family: verdana, geneva, sans-serif; font-size: 12pt; color: #000000;\"><br \/>\n<span style=\"font-size: 14pt;\"><strong>A<\/strong><\/span>s cinzas que os crist\u00e3os cat\u00f3licos recebem neste dia \u00e9 um s\u00edmbolo para a reflex\u00e3o sobre o dever da convers\u00e3o, da mudan\u00e7a de vida, recordando a passageira, transit\u00f3ria, ef\u00eamera fragilidade da vida humana, sujeita \u00e0 morte. <\/span><\/p>\n<p><span style=\"font-family: verdana, geneva, sans-serif; font-size: 12pt; color: #000000;\">Ela ocorre quarenta dias antes da P\u00e1scoa sem contar os domingos (<\/span><span style=\"font-family: verdana, geneva, sans-serif; font-size: 12pt; color: #000000;\">que n\u00e3o s\u00e3o inclu\u00eddos na Quaresma); ela ocorre quarenta e seis dias antes da Sexta-feira Santa contando os domingos. <\/span><\/p>\n<p><span style=\"font-family: verdana, geneva, sans-serif; font-size: 12pt; color: #000000;\">Seu posicionamento varia a cada ano, dependendo da data da P\u00e1scoa.<\/span><\/p>\n<p><span style=\"font-family: verdana, geneva, sans-serif; font-size: 12pt; color: #000000;\">A data pode variar do come\u00e7o de fevereiro at\u00e9 a segunda semana de mar\u00e7o. <\/span><\/p>\n<p style=\"padding-left: 90px;\"><strong><span style=\"font-family: verdana, geneva, sans-serif; font-size: 12pt; color: #000080;\"><br \/>\nAlgumas pessoas consideram a quarta-feira de cinzas como um dia apropriado para se lembrar a mortalidade da pr\u00f3pria mortalidade.<\/span><\/strong><\/p>\n<p><span style=\"font-family: verdana, geneva, sans-serif; font-size: 12pt; color: #000000;\"><br \/>\nMissas s\u00e3o realizadas tradicionalmente nesse dia nas quais os participantes s\u00e3o assinalados com cinza, na testa, pelo sacerdote, deixando uma marca que o crist\u00e3o normalmente conserva at\u00e9 o p\u00f4r do sol.<\/span><\/p>\n<p><span style=\"font-family: verdana, geneva, sans-serif; font-size: 12pt; color: #000000;\">Esse simbolismo relembra a antiga tradi\u00e7\u00e3o do Oriente M\u00e9dio de jogar cinzas sobre a cabe\u00e7a como s\u00edmbolo de arrependimento perante a Deus (como relatado diversas vezes na B\u00edblia).<\/span><\/p>\n<p><span style=\"font-family: verdana, geneva, sans-serif; font-size: 12pt; color: #000000;\">No Catolicismo Romano, <strong>\u00e9 um dia de jejum e abstin\u00eancia. Como \u00e9 o primeiro dia da Quaresma,<\/strong> ele ocorre um dia depois da \u201cter\u00e7a-feira gorda\u201d ou Mardi Gras, o \u00faltimo dia da temporada de Carnaval.<br \/>\n<span style=\"color: #ffffff;\">.<\/span><\/span><\/p>\n<figure id=\"attachment_2330\" aria-describedby=\"caption-attachment-2330\" style=\"width: 200px\" class=\"wp-caption aligncenter\"><img loading=\"lazy\" class=\"wp-image-2330 size-full\" title=\"cinzas_testa\" src=\"http:\/\/www.adf.org.br\/home\/wp-content\/uploads\/2010\/02\/cinzas_testa.jpg\" alt=\"cinzas_testa\" width=\"200\" height=\"306\" srcset=\"https:\/\/www.adf.org.br\/home\/wp-content\/uploads\/2010\/02\/cinzas_testa.jpg 200w, https:\/\/www.adf.org.br\/home\/wp-content\/uploads\/2010\/02\/cinzas_testa-196x300.jpg 196w\" sizes=\"(max-width: 200px) 100vw, 200px\" \/><figcaption id=\"caption-attachment-2330\" class=\"wp-caption-text\">Imposi\u00e7\u00e3o das Cinzas<\/figcaption><\/figure>\n<p><span style=\"font-family: verdana, geneva, sans-serif; font-size: 12pt; color: #000000;\"><span style=\"color: #ffffff;\">.<\/span><br \/>\nE voc\u00ea sabe de onde v\u00eam as cinzas que recebemos na Quarta-Feira de Cinzas? <\/span><\/p>\n<p><span style=\"font-family: verdana, geneva, sans-serif; font-size: 12pt; color: #000000;\">Voc\u00ea acha que \u00e9 <strong>papel queimado<\/strong>? <strong>graveto queimado<\/strong>? <strong>carv\u00e3o triturado<\/strong>? <\/span><\/p>\n<p><span style=\"font-family: verdana, geneva, sans-serif; font-size: 12pt; color: #000000;\">Se voc\u00ea n\u00e3o sabe, <span style=\"color: #ff0000;\"><strong>as cinza v\u00eam dos ramos bentos do Domingo de Ramos do ano anterior.<\/strong><\/span><\/span><\/p>\n<p><span style=\"font-family: verdana, geneva, sans-serif; font-size: 12pt; color: #000000;\">Quando recebemos <strong>os ramos<\/strong> no Domingo de Ramos, os levamos para as <strong>nossas casas<\/strong> e as colocamos junto aos nossos <strong>crucifixos de parede<\/strong> e ou junto aos nossos <strong>orat\u00f3rios<\/strong>, mas com o tempo eles secam. <\/span><\/p>\n<p><span style=\"font-family: verdana, geneva, sans-serif; font-size: 12pt; color: #000000;\">Quando secam, n\u00e3o devemos jog\u00e1-los fora, pois foram <strong>bentos pelo sacerdote<\/strong>. <\/span><\/p>\n<p><span style=\"font-family: verdana, geneva, sans-serif; font-size: 12pt; color: #000000;\">Por isso, devemos entreg\u00e1-los na igreja para que sejam <strong>queimados e transformados em cinzas<\/strong>, a fim de serem usadas no dia de Quarta-Feira de Cinzas. <\/span><\/p>\n<p><span style=\"font-family: verdana, geneva, sans-serif; font-size: 12pt; color: #000000;\">No dia de Quarta-Feira de Cinzas, os fi\u00e9is s\u00e3o <strong>marcados na testa com as cinzas em forma de cruz<\/strong> ou a recebem <strong>um pouco sobre as suas cabe\u00e7a<\/strong>s, quando o sacerdote pronuncia a seguinte frase, \u00e0 sua escolha:<\/span><\/p>\n<p style=\"padding-left: 90px;\"><strong><span style=\"font-family: verdana, geneva, sans-serif; font-size: 12pt; color: #800080;\"><em><br \/>\n&#8220;Lembra-te que \u00e9s p\u00f3 e que ao p\u00f3 voltar\u00e1s!&#8221; ou &#8220;Convertei-vos e crede no Evangelho!&#8221;<\/em><\/span><\/strong><\/p>\n<p><span style=\"font-family: verdana, geneva, sans-serif; font-size: 12pt; color: #000000;\"><br \/>\nBem, agora ofereceremos um belo artigo de um <strong>frade franciscano<\/strong> para que todos possam compreender melhor o significado deste dia:<\/span><\/p>\n<p><span style=\"font-family: verdana, geneva, sans-serif; font-size: 12pt; color: #000000;\"><br \/>\n&#8220;Um pouco mais de um m\u00eas, e vai chegar a festa mais importante do ano, a celebra\u00e7\u00e3o do <strong>acontecimento central e m\u00e1ximo<\/strong> de toda a hist\u00f3ria da humanidade. <\/span><\/p>\n<p><span style=\"font-family: verdana, geneva, sans-serif; font-size: 12pt; color: #000000;\">Est\u00e1 se aproximando a <strong>P\u00e1scoa<\/strong>. <\/span><\/p>\n<p><span style=\"font-family: verdana, geneva, sans-serif; font-size: 12pt; color: #000000;\">E porque ela \u00e9 t\u00e3o grande, merece uma prepara\u00e7\u00e3o \u00e0 altura. <\/span><\/p>\n<p><span style=\"font-family: verdana, geneva, sans-serif; font-size: 12pt; color: #000000;\">Come\u00e7a nesta quarta-feira a nossa prepara\u00e7\u00e3o para a <strong>P\u00e1scoa<\/strong>. E como inauguramos esta prepara\u00e7\u00e3o? <\/span><\/p>\n<p><span style=\"font-family: verdana, geneva, sans-serif; font-size: 12pt; color: #000000;\">Colocando cinza sobre a nossa cabe\u00e7a, como <strong>sinal de penit\u00eancia<\/strong>, isto \u00e9, como sinal de que estamos dispostos a seguir o verdadeiro caminho de Deus para obtermos justi\u00e7a e paz para todos. <\/span><\/p>\n<p><span style=\"font-family: verdana, geneva, sans-serif; font-size: 12pt; color: #000000;\">Al\u00e9m disso, passamos esse dia fazendo <strong>jejum<\/strong>, tamb\u00e9m como sinal de penit\u00eancia. Ser\u00e3o ent\u00e3o quarenta dias de prepara\u00e7\u00e3o: <strong>Quaresma<\/strong>\u2026<br \/>\n<span style=\"color: #ffffff;\">.<\/span><\/span><\/p>\n<p><img loading=\"lazy\" class=\"alignleft size-full wp-image-2331\" title=\"quartafeira_cinzas\" src=\"http:\/\/www.adf.org.br\/home\/wp-content\/uploads\/2010\/02\/quartafeira_cinzas.jpg\" alt=\"quartafeira_cinzas\" width=\"190\" height=\"314\" \/><span style=\"font-family: verdana, geneva, sans-serif; font-size: 12pt; color: #000080;\"><strong>Quarta-feira de cinzas!<\/strong> <\/span><\/p>\n<p><span style=\"font-family: verdana, geneva, sans-serif; font-size: 12pt; color: #000000;\">Celebramos neste dia o mist\u00e9rio do Deus misericordioso que aceita nossa penit\u00eancia, nossa convers\u00e3o, isto \u00e9, o reconhecimento de nossa condi\u00e7\u00e3o de criaturas limitadas, mortais, pecadoras. <\/span><\/p>\n<p><span style=\"font-family: verdana, geneva, sans-serif; font-size: 12pt; color: #000000;\">Convers\u00e3o consiste em crer no Evangelho, isto \u00e9, aderir a ele, viver segundo o ensinamento de Nosso Senhor Jesus Cristo.<\/span><\/p>\n<p><span style=\"font-family: verdana, geneva, sans-serif; font-size: 12pt; color: #000000;\"> Numa palavra, trata-se de entrar no caminho pascal de Jesus. <\/span><\/p>\n<p><span style=\"font-family: verdana, geneva, sans-serif; font-size: 12pt; color: #800080;\"><strong>\u201cConvertei-vos, e crede no Evangelho\u201d: \u00e9 o convite que Jesus faz (cf. Mc 14,15).<\/strong> <\/span><\/p>\n<p><span style=\"font-family: verdana, geneva, sans-serif; font-size: 12pt; color: #000000;\">Esta palavra, a gente ouve, recebendo cinzas sobre a nossa cabe\u00e7a. <\/span><\/p>\n<p><span style=\"font-family: verdana, geneva, sans-serif; font-size: 12pt; color: #000000;\">Por que cinzas? \u00c9 para lembrar que, de fato somos p\u00f3! Mas n\u00e3o reduzidos a p\u00f3!\u2026<\/span><\/p>\n<p><span style=\"font-family: verdana, geneva, sans-serif; font-size: 12pt; color: #000000;\">A f\u00e9 em Jesus ressuscitado faz com que a vida renas\u00e7a das cinzas. <\/span><\/p>\n<p><span style=\"font-family: verdana, geneva, sans-serif; font-size: 12pt; color: #000000;\">Quando o homem reconhece sua condi\u00e7\u00e3o de criatura realmente necessitada da a\u00e7\u00e3o de Deus, em Nosso Senhor Jesus Cristo e no Divino Esp\u00edrito Santo, ent\u00e3o Jesus Cristo faz brotar frutos de vida eterna de nossa condi\u00e7\u00e3o mortal. <\/span><\/p>\n<p><span style=\"font-family: verdana, geneva, sans-serif; font-size: 12pt; color: #000000;\">Reconhecer-se assim, \u00e9 entrar numa atitude pascal, isto \u00e9, de passagem com Cristo da morte para a vida.<\/span><\/p>\n<p><span style=\"font-family: verdana, geneva, sans-serif; font-size: 12pt; color: #000000;\">Esta p\u00e1scoa, a gente vive atrav\u00e9s dos <strong>exerc\u00edcios da ora\u00e7\u00e3o, do jejum<\/strong> e da <strong>esmola<\/strong>, no esp\u00edrito do <strong>Serm\u00e3o da Montanha<\/strong>. <\/span><\/p>\n<p><span style=\"font-family: verdana, geneva, sans-serif; font-size: 12pt; color: #000000;\">P\u00e1scoa que celebramos na Eucaristia, na qual recebemos Aquele que corrige nossos v\u00edcios, eleva nossos sentimentos, fortifica nossa alma e, assim nos garante uma eterna bem-aventuran\u00e7a. <\/span><\/p>\n<p><span style=\"font-family: verdana, geneva, sans-serif; font-size: 12pt; color: #000000;\">Por isso que o sacerdote\u00a0 canta na Ora\u00e7\u00e3o Eucar\u00edstica: <\/span><\/p>\n<p><span style=\"font-family: verdana, geneva, sans-serif; font-size: 12pt; color: #000000;\">\u201cSenhor, Pai santo, Deus eterno e todo-poderoso\u2026, v\u00f3s acolheis nossa penit\u00eancia como oferenda \u00e0 vossa gl\u00f3ria. <\/span><\/p>\n<p><span style=\"font-family: verdana, geneva, sans-serif; font-size: 12pt; color: #000000;\">O jejum e abstin\u00eancia que praticamos, quebrando nosso orgulho, nos convidam a imitar vossa miseric\u00f3rdia. \u00a0[\u2026]\u00a0 <\/span><\/p>\n<h5 style=\"padding-left: 90px;\"><strong><span style=\"font-family: verdana, geneva, sans-serif; font-size: 12pt; color: #800080;\"><br \/>\nPela penit\u00eancia da Quaresma, v\u00f3s corrigis nossos v\u00edcios, elevais nossos sentimentos, fortificais nosso esp\u00edrito fraterno e nos garantis uma eterna recompensa\u201d.\u00a0<\/span><\/strong><\/h5>\n<p>&nbsp;<\/p>\n<p><span style=\"font-family: verdana, geneva, sans-serif; font-size: 12pt; color: #000000;\"><span style=\"font-size: 10pt;\"><em>Fonte: cantodapaz.com.br\u00a0<\/em>&#8211;<\/span><em><span style=\"font-size: 10pt;\">\u00a0texto com\u00a0pequenas modifica\u00e7\u00f5es<\/span><strong>\u00a0<\/strong><\/em><br \/>\n<\/span><\/p>\n<p style=\"text-align: center;\"><span style=\"font-family: verdana, geneva, sans-serif; font-size: 12pt; color: #ffffff;\">.<\/span><br \/>\n<span style=\"color: #000000;\"><strong><span style=\"font-family: verdana, geneva, sans-serif; font-size: 12pt;\">*\u00a0 *\u00a0 *<\/span><\/strong><\/span><\/p>\n<p style=\"text-align: center;\"><span style=\"color: #ffffff;\">.<\/span><\/p>\n<figure id=\"attachment_46057\" aria-describedby=\"caption-attachment-46057\" style=\"width: 600px\" class=\"wp-caption aligncenter\"><a href=\"http:\/\/e.adf.org.br\/bendar\/?atmca=6470488&amp;atmme=2&amp;atmte=1&amp;atmso=ck&amp;utm_content=228635453&amp;atmem=Z3VpbGhlcm1lLnBlcnV6emlAcG1rLmNvbS5icg==&amp;\" target=\"_blank\" rel=\"noopener noreferrer\"><img loading=\"lazy\" class=\"wp-image-46057 size-full\" src=\"http:\/\/www.adf.org.br\/home\/wp-content\/uploads\/2010\/02\/testeira-quaresma-adf.jpg\" alt=\"testeira-quaresma-adf\" width=\"600\" height=\"350\" \/><\/a><figcaption id=\"caption-attachment-46057\" class=\"wp-caption-text\">Clique e Veja!<\/figcaption><\/figure>\n<p style=\"text-align: center;\"><span style=\"font-family: verdana, geneva, sans-serif; font-size: 12pt; color: #ffffff;\">.<\/span><\/p>\n<h2><\/h2>\n","protected":false},"excerpt":{"rendered":"<p>Voc\u00ea sabia que a quarta-feira de cinzas \u00e9 o primeiro dia da Quaresma no calend\u00e1rio crist\u00e3o ocidental?<\/p>\n","protected":false},"author":31,"featured_media":46060,"comment_status":"open","ping_status":"open","sticky":false,"template":"","format":"standard","meta":[],"categories":[20],"tags":[2281],"yoast_head":"<!-- This site is optimized with the Yoast SEO plugin v17.4 - https:\/\/yoast.com\/wordpress\/plugins\/seo\/ -->\n<title>O Significado da Quarta-feira de Cinzas!<\/title>\n<meta name=\"description\" content=\"O Significado da Quarta-feira de Cinzas! N\u00e3o deixe de ler e iniciar sua prepara\u00e7\u00e3o neste tempo de penit\u00eancia e convers\u00e3o.\" \/>\n<meta name=\"robots\" content=\"index, follow, max-snippet:-1, max-image-preview:large, max-video-preview:-1\" \/>\n<link rel=\"canonical\" href=\"https:\/\/www.adf.org.br\/home\/significado-quarta-feira-cinzas\/\" \/>\n<meta property=\"og:locale\" content=\"pt_BR\" \/>\n<meta property=\"og:type\" content=\"article\" \/>\n<meta property=\"og:title\" content=\"O Significado da Quarta-feira de Cinzas!\" \/>\n<meta property=\"og:description\" content=\"O Significado da Quarta-feira de Cinzas! N\u00e3o deixe de ler e iniciar sua prepara\u00e7\u00e3o neste tempo de penit\u00eancia e convers\u00e3o.\" \/>\n<meta property=\"og:url\" content=\"https:\/\/www.adf.org.br\/home\/significado-quarta-feira-cinzas\/\" \/>\n<meta property=\"og:site_name\" content=\"Associa\u00e7\u00e3o Devotos de F\u00e1tima\" \/>\n<meta property=\"article:published_time\" content=\"2018-02-14T02:00:23+00:00\" \/>\n<meta name=\"twitter:card\" content=\"summary_large_image\" \/>\n<meta name=\"twitter:label1\" content=\"Escrito por\" \/>\n\t<meta name=\"twitter:data1\" content=\"Gabriel Barbosa\" \/>\n\t<meta name=\"twitter:label2\" content=\"Est. tempo de leitura\" \/>\n\t<meta name=\"twitter:data2\" content=\"4 minutos\" \/>\n<script type=\"application\/ld+json\" class=\"yoast-schema-graph\">{\"@context\":\"https:\/\/schema.org\",\"@graph\":[{\"@type\":\"WebSite\",\"@id\":\"https:\/\/www.adf.org.br\/home\/#website\",\"url\":\"https:\/\/www.adf.org.br\/home\/\",\"name\":\"Associa\\u00e7\\u00e3o Devotos de F\\u00e1tima\",\"description\":\"Associa\\u00e7\\u00e3o Devotos de F\\u00e1tima\",\"potentialAction\":[{\"@type\":\"SearchAction\",\"target\":{\"@type\":\"EntryPoint\",\"urlTemplate\":\"https:\/\/www.adf.org.br\/home\/?s={search_term_string}\"},\"query-input\":\"required name=search_term_string\"}],\"inLanguage\":\"pt-BR\"},{\"@type\":\"ImageObject\",\"@id\":\"https:\/\/www.adf.org.br\/home\/significado-quarta-feira-cinzas\/#primaryimage\",\"inLanguage\":\"pt-BR\",\"url\":\"\",\"contentUrl\":\"\"},{\"@type\":\"WebPage\",\"@id\":\"https:\/\/www.adf.org.br\/home\/significado-quarta-feira-cinzas\/#webpage\",\"url\":\"https:\/\/www.adf.org.br\/home\/significado-quarta-feira-cinzas\/\",\"name\":\"O Significado da Quarta-feira de Cinzas!\",\"isPartOf\":{\"@id\":\"https:\/\/www.adf.org.br\/home\/#website\"},\"primaryImageOfPage\":{\"@id\":\"https:\/\/www.adf.org.br\/home\/significado-quarta-feira-cinzas\/#primaryimage\"},\"datePublished\":\"2018-02-14T02:00:23+00:00\",\"dateModified\":\"2018-02-14T02:00:23+00:00\",\"author\":{\"@id\":\"https:\/\/www.adf.org.br\/home\/#\/schema\/person\/f35a5c5aa7728a3dedf4ea9aa1fc2753\"},\"description\":\"O Significado da Quarta-feira de Cinzas! N\\u00e3o deixe de ler e iniciar sua prepara\\u00e7\\u00e3o neste tempo de penit\\u00eancia e convers\\u00e3o.\",\"breadcrumb\":{\"@id\":\"https:\/\/www.adf.org.br\/home\/significado-quarta-feira-cinzas\/#breadcrumb\"},\"inLanguage\":\"pt-BR\",\"potentialAction\":[{\"@type\":\"ReadAction\",\"target\":[\"https:\/\/www.adf.org.br\/home\/significado-quarta-feira-cinzas\/\"]}]},{\"@type\":\"BreadcrumbList\",\"@id\":\"https:\/\/www.adf.org.br\/home\/significado-quarta-feira-cinzas\/#breadcrumb\",\"itemListElement\":[{\"@type\":\"ListItem\",\"position\":1,\"name\":\"Home\",\"item\":\"https:\/\/www.adf.org.br\/home\/\"},{\"@type\":\"ListItem\",\"position\":2,\"name\":\"O Significado da Quarta-feira de Cinzas!\"}]},{\"@type\":\"Person\",\"@id\":\"https:\/\/www.adf.org.br\/home\/#\/schema\/person\/f35a5c5aa7728a3dedf4ea9aa1fc2753\",\"name\":\"Gabriel Barbosa\",\"image\":{\"@type\":\"ImageObject\",\"@id\":\"https:\/\/www.adf.org.br\/home\/#personlogo\",\"inLanguage\":\"pt-BR\",\"url\":\"https:\/\/secure.gravatar.com\/avatar\/2b2cb2f4637682c5605e8d36818f51ef?s=96&d=mm&r=g\",\"contentUrl\":\"https:\/\/secure.gravatar.com\/avatar\/2b2cb2f4637682c5605e8d36818f51ef?s=96&d=mm&r=g\",\"caption\":\"Gabriel Barbosa\"},\"url\":\"https:\/\/www.adf.org.br\/home\/author\/gabrielpmk-com-br\/\"}]}<\/script>\n<!-- \/ Yoast SEO plugin. -->","yoast_head_json":{"title":"O Significado da Quarta-feira de Cinzas!","description":"O Significado da Quarta-feira de Cinzas! N\u00e3o deixe de ler e iniciar sua prepara\u00e7\u00e3o neste tempo de penit\u00eancia e convers\u00e3o.","robots":{"index":"index","follow":"follow","max-snippet":"max-snippet:-1","max-image-preview":"max-image-preview:large","max-video-preview":"max-video-preview:-1"},"canonical":"https:\/\/www.adf.org.br\/home\/significado-quarta-feira-cinzas\/","og_locale":"pt_BR","og_type":"article","og_title":"O Significado da Quarta-feira de Cinzas!","og_description":"O Significado da Quarta-feira de Cinzas! N\u00e3o deixe de ler e iniciar sua prepara\u00e7\u00e3o neste tempo de penit\u00eancia e convers\u00e3o.","og_url":"https:\/\/www.adf.org.br\/home\/significado-quarta-feira-cinzas\/","og_site_name":"Associa\u00e7\u00e3o Devotos de F\u00e1tima","article_published_time":"2018-02-14T02:00:23+00:00","twitter_card":"summary_large_image","twitter_misc":{"Escrito por":"Gabriel Barbosa","Est. tempo de leitura":"4 minutos"},"schema":{"@context":"https:\/\/schema.org","@graph":[{"@type":"WebSite","@id":"https:\/\/www.adf.org.br\/home\/#website","url":"https:\/\/www.adf.org.br\/home\/","name":"Associa\u00e7\u00e3o Devotos de F\u00e1tima","description":"Associa\u00e7\u00e3o Devotos de F\u00e1tima","potentialAction":[{"@type":"SearchAction","target":{"@type":"EntryPoint","urlTemplate":"https:\/\/www.adf.org.br\/home\/?s={search_term_string}"},"query-input":"required name=search_term_string"}],"inLanguage":"pt-BR"},{"@type":"ImageObject","@id":"https:\/\/www.adf.org.br\/home\/significado-quarta-feira-cinzas\/#primaryimage","inLanguage":"pt-BR","url":"","contentUrl":""},{"@type":"WebPage","@id":"https:\/\/www.adf.org.br\/home\/significado-quarta-feira-cinzas\/#webpage","url":"https:\/\/www.adf.org.br\/home\/significado-quarta-feira-cinzas\/","name":"O Significado da Quarta-feira de Cinzas!","isPartOf":{"@id":"https:\/\/www.adf.org.br\/home\/#website"},"primaryImageOfPage":{"@id":"https:\/\/www.adf.org.br\/home\/significado-quarta-feira-cinzas\/#primaryimage"},"datePublished":"2018-02-14T02:00:23+00:00","dateModified":"2018-02-14T02:00:23+00:00","author":{"@id":"https:\/\/www.adf.org.br\/home\/#\/schema\/person\/f35a5c5aa7728a3dedf4ea9aa1fc2753"},"description":"O Significado da Quarta-feira de Cinzas! N\u00e3o deixe de ler e iniciar sua prepara\u00e7\u00e3o neste tempo de penit\u00eancia e convers\u00e3o.","breadcrumb":{"@id":"https:\/\/www.adf.org.br\/home\/significado-quarta-feira-cinzas\/#breadcrumb"},"inLanguage":"pt-BR","potentialAction":[{"@type":"ReadAction","target":["https:\/\/www.adf.org.br\/home\/significado-quarta-feira-cinzas\/"]}]},{"@type":"BreadcrumbList","@id":"https:\/\/www.adf.org.br\/home\/significado-quarta-feira-cinzas\/#breadcrumb","itemListElement":[{"@type":"ListItem","position":1,"name":"Home","item":"https:\/\/www.adf.org.br\/home\/"},{"@type":"ListItem","position":2,"name":"O Significado da Quarta-feira de Cinzas!"}]},{"@type":"Person","@id":"https:\/\/www.adf.org.br\/home\/#\/schema\/person\/f35a5c5aa7728a3dedf4ea9aa1fc2753","name":"Gabriel Barbosa","image":{"@type":"ImageObject","@id":"https:\/\/www.adf.org.br\/home\/#personlogo","inLanguage":"pt-BR","url":"https:\/\/secure.gravatar.com\/avatar\/2b2cb2f4637682c5605e8d36818f51ef?s=96&d=mm&r=g","contentUrl":"https:\/\/secure.gravatar.com\/avatar\/2b2cb2f4637682c5605e8d36818f51ef?s=96&d=mm&r=g","caption":"Gabriel Barbosa"},"url":"https:\/\/www.adf.org.br\/home\/author\/gabrielpmk-com-br\/"}]}},"_links":{"self":[{"href":"https:\/\/www.adf.org.br\/home\/wp-json\/wp\/v2\/posts\/2328"}],"collection":[{"href":"https:\/\/www.adf.org.br\/home\/wp-json\/wp\/v2\/posts"}],"about":[{"href":"https:\/\/www.adf.org.br\/home\/wp-json\/wp\/v2\/types\/post"}],"author":[{"embeddable":true,"href":"https:\/\/www.adf.org.br\/home\/wp-json\/wp\/v2\/users\/31"}],"replies":[{"embeddable":true,"href":"https:\/\/www.adf.org.br\/home\/wp-json\/wp\/v2\/comments?post=2328"}],"version-history":[{"count":0,"href":"https:\/\/www.adf.org.br\/home\/wp-json\/wp\/v2\/posts\/2328\/revisions"}],"wp:featuredmedia":[{"embeddable":true,"href":"https:\/\/www.adf.org.br\/home\/wp-json\/wp\/v2\/media\/46060"}],"wp:attachment":[{"href":"https:\/\/www.adf.org.br\/home\/wp-json\/wp\/v2\/media?parent=2328"}],"wp:term":[{"taxonomy":"category","embeddable":true,"href":"https:\/\/www.adf.org.br\/home\/wp-json\/wp\/v2\/categories?post=2328"},{"taxonomy":"post_tag","embeddable":true,"href":"https:\/\/www.adf.org.br\/home\/wp-json\/wp\/v2\/tags?post=2328"}],"curies":[{"name":"wp","href":"https:\/\/api.w.org\/{rel}","templated":true}]}}