{"id":22672,"date":"2018-12-25T00:00:13","date_gmt":"2018-12-25T02:00:13","guid":{"rendered":"http:\/\/www.adf.org.br\/home\/?p=22672"},"modified":"2018-12-25T00:00:13","modified_gmt":"2018-12-25T02:00:13","slug":"uma-meditacao-de-natal","status":"publish","type":"post","link":"https:\/\/www.adf.org.br\/home\/uma-meditacao-de-natal\/","title":{"rendered":"Uma medita\u00e7\u00e3o de Natal:  a grandeza do momento do nascimento de Nosso Senhor"},"content":{"rendered":"<figure id=\"attachment_22679\" aria-describedby=\"caption-attachment-22679\" style=\"width: 400px\" class=\"wp-caption aligncenter\"><img loading=\"lazy\" class=\"wp-image-22679 size-full\" title=\"Nascimento de Jesus\" src=\"http:\/\/www.adf.org.br\/home\/wp-content\/uploads\/2013\/12\/Nascimento-de-Jesus.jpg\" alt=\"Pres\u00e9pio de Natal\" width=\"400\" height=\"300\" \/><figcaption id=\"caption-attachment-22679\" class=\"wp-caption-text\">Pres\u00e9pio de Natal<\/figcaption><\/figure>\n<p style=\"padding-left: 90px;\" align=\"justify\">\n<p><strong><span style=\"font-family: verdana, geneva, sans-serif; font-size: 12pt; color: #800080;\">O que estava no estado de esp\u00edrito de Nossa Senhora a respeito do Natal? <\/span><\/strong><\/p>\n<p align=\"justify\"><span style=\"font-size: 12pt; font-family: verdana, geneva, sans-serif; color: #000000;\"><br \/>\n<span style=\"font-size: 14pt;\"><strong>O<\/strong><\/span> que o Natal representava de novo para Nossa Senhora? <\/span><\/p>\n<p align=\"justify\"><span style=\"font-size: 12pt; font-family: verdana, geneva, sans-serif; color: #000000;\">Afinal de contas, Nossa Senhora tinha Nosso Senhor, que Ela carregava dentro de si como um tabern\u00e1culo, e tinha com Ele a maior intimidade, que era, evidentemente, um com\u00e9rcio de alma. <\/span><\/p>\n<p align=\"justify\"><span style=\"font-size: 12pt; font-family: verdana, geneva, sans-serif; color: #000000;\">Porque \u00e9 certo que Nosso Senhor j\u00e1 estava gozando de pensamento dentro do ventre materno. <\/span><\/p>\n<p align=\"justify\"><span style=\"font-size: 12pt; font-family: verdana, geneva, sans-serif; color: #000000;\">Ele gozou de pensamento desde o primeiro instante de seu ser, e por isto Ele tinha uma comunica\u00e7\u00e3o com Ela cont\u00ednua, uma comunica\u00e7\u00e3o d&#8217;Ele n\u00e3o s\u00f3 enquanto pessoa da Sant\u00edssima Trindade, mas d&#8217;Ele enquanto Homem-Deus com Nossa Senhora como sua M\u00e3e.<\/span><\/p>\n<p align=\"justify\"><span style=\"font-size: 12pt; font-family: verdana, geneva, sans-serif; color: #000000;\">E nestas condi\u00e7\u00f5es n\u00f3s n\u00e3o devemos imaginar que o nascimento de Nosso Senhor foi para Nossa Senhora como que um ato pelo qual Ela tomou conhecimento do Filho. <\/span><\/p>\n<p align=\"justify\"><span style=\"font-size: 12pt; font-family: verdana, geneva, sans-serif; color: #000000;\">Esse conhecimento Ela j\u00e1 tinha e j\u00e1 o tinha muito \u00edntimo e muito ardente.<\/span><\/p>\n<p style=\"padding-left: 90px;\" align=\"justify\"><span style=\"color: #000080; font-family: verdana, geneva, sans-serif; font-size: 12pt;\"><strong><br \/>\nEnt\u00e3o, o que o Natal representou de novo para Nossa Senhora?<\/strong><\/span><\/p>\n<p align=\"justify\"><span style=\"font-family: verdana, geneva, sans-serif; font-size: 12pt; color: #000000;\"><br \/>\nEm primeiro lugar, naturalmente, h\u00e1 um pensamento que \u00e9 \u00f3bvio: o Natal foi o momento em que Nossa Senhora deu Nosso Senhor ao mundo. <\/span><\/p>\n<p align=\"justify\"><span style=\"font-family: verdana, geneva, sans-serif; font-size: 12pt; color: #000000;\">E que Nosso Senhor abandonou o claustro materno, veio ao mundo e veio ao mundo pelos bra\u00e7os d&#8217;Ela.<\/span><\/p>\n<p align=\"justify\"><span style=\"font-size: 12pt; font-family: verdana, geneva, sans-serif; color: #000000;\">E, naturalmente, no momento em que Nosso Senhor nasceu, no momento em que de um modo misterioso e sem trazer qualquer preju\u00edzo \u00e0 virgindade de Nossa Senhora Ele entrou no mundo, esse momento deve ter sido um momento alt\u00edssimo. <\/span><\/p>\n<p style=\"padding-left: 90px;\" align=\"justify\"><strong><span style=\"font-size: 12pt; font-family: verdana, geneva, sans-serif; color: #800080;\"><br \/>\nDeve ter sido um momento de grande manifesta\u00e7\u00e3o de gozo, deve ter sido um momento de contato de alma intim\u00edssimo d&#8217;Ele com Ela.<\/span><\/strong><\/p>\n<p align=\"justify\"><span style=\"font-size: 12pt; font-family: verdana, geneva, sans-serif; color: #000000;\"><br \/>\nE tem que ter sido um ato de amor intens\u00edssimo o momento em que Nosso Senhor nasceu,\u00a0 em que Ela, com certeza, estava levada a um grau de m\u00edstica inexprimivelmente alto, ao mesmo tempo tomava contato com a divindade de Nosso Senhor.<\/span><\/p>\n<p align=\"justify\"><span style=\"font-size: 12pt; font-family: verdana, geneva, sans-serif; color: #000000;\">Este ato, esta cena do nascimento deve ter sido presidida e analisada pelas tr\u00eas pessoas da Sant\u00edssima Trindade e por todos os anjos do c\u00e9u, com c\u00e2nticos e com festas.<\/span><\/p>\n<p>&nbsp;<\/p>\n<blockquote>\n<p align=\"justify\"><span style=\"font-size: 12pt; font-family: verdana, geneva, sans-serif; color: #800080;\">Quer dizer, o momento do nascimento, a opera\u00e7\u00e3o do Natal de Nosso Senhor deve ter sido uma das maiores festas que houve no C\u00e9u, e das maiores gl\u00f3rias da hist\u00f3ria da humanidade. <\/span><\/p>\n<p align=\"justify\"><span style=\"font-size: 12pt; font-family: verdana, geneva, sans-serif; color: #800080;\">E Nossa Senhora associada a isto com uma intimidade e com um grau de uni\u00e3o com Deus, que \u00e9 realmente inimagin\u00e1vel!<\/span><\/p>\n<\/blockquote>\n<p align=\"justify\"><span style=\"font-size: 12pt; font-family: verdana, geneva, sans-serif; color: #000000;\"><br \/>\nNaturalmente isto foi para Nossa Senhora algo de muita import\u00e2ncia. Mas era s\u00f3 isto? Eu tenho a impress\u00e3o que havia uma outra coisa. <\/span><\/p>\n<p align=\"justify\"><span style=\"font-size: 12pt; font-family: verdana, geneva, sans-serif; color: #000000;\">Nossa Senhora ainda n\u00e3o tinha visto a face sagrada de Nosso Senhor. Ela n\u00e3o tinha visto a face de Nosso Senhor, n\u00e3o tinha visto o corpo de Nosso Senhor.<\/span><\/p>\n<p align=\"justify\"><span style=\"font-size: 12pt; font-family: verdana, geneva, sans-serif; color: #000000;\">E na realidade f\u00edsica, s\u00edmbolo da realidade espiritual, os tra\u00e7os da face. <\/span><\/p>\n<p align=\"justify\"><span style=\"font-size: 12pt; font-family: verdana, geneva, sans-serif; color: #000000;\">Sobretudo em Nosso Senhor, que era perfeit\u00edssimo e em quem n\u00e3o havia nenhuma forma de fraude, de engano, de insufici\u00eancia ou de coisa n\u00e3o acertada.<\/span><\/p>\n<p>&nbsp;<\/p>\n<blockquote>\n<p align=\"justify\"><span style=\"font-size: 12pt; font-family: verdana, geneva, sans-serif; color: #000080;\">Se nos homens, de um modo geral, embora confuso, a face traz uma express\u00e3o da alma, os senhores podem imaginar a face Sacrat\u00edssima de Nosso Senhor, e todo o corpo de Nosso Senhor, como traziam a express\u00e3o da alma d&#8217;Ele!<\/span><\/p>\n<\/blockquote>\n<p align=\"justify\"><span style=\"font-size: 12pt; font-family: verdana, geneva, sans-serif; color: #000000;\"><br \/>\nEnt\u00e3o Nossa Senhora adquiriu novo t\u00edtulo de conhecimento de Nosso Senhor, que era exatamente Nosso Senhor conhecido em Sua face, Nosso Senhor conhecido em Seu olhar, Nosso Senhor conhecido em cada membro de seu corpo, j\u00e1 indicativo de toda a sua mentalidade, de toda a sua alma.<\/span><\/p>\n<p align=\"justify\"><span style=\"font-size: 12pt; font-family: verdana, geneva, sans-serif; color: #000000;\"> E a\u00ed ent\u00e3o um t\u00edtulo novo para o amor, um t\u00edtulo novo para a uni\u00e3o, certamente um incentivo para as adora\u00e7\u00f5es inef\u00e1veis que Nossa Senhora apresentou a Nosso Senhor na noite de Natal.<\/span><\/p>\n<div>\n<p align=\"justify\"><span style=\"font-size: 12pt; font-family: verdana, geneva, sans-serif; color: #000000;\">Considere-se que n\u00e3o s\u00f3 cada tra\u00e7o do rosto \u00e9 a express\u00e3o de uma mentalidade, mas que sobretudo o olhar \u00e9 a express\u00e3o de uma mentalidade.<\/span><\/p>\n<p align=\"justify\"><span style=\"font-size: 12pt; font-family: verdana, geneva, sans-serif; color: #000000;\"> E isso, a seu modo, v\u00e1rias outras partes do corpo exprimem: o pesco\u00e7o, os ombros, as m\u00e3os, os p\u00e9s, v\u00e1rias partes destas s\u00e3o indicativas de uma mentalidade, sobretudo tudo isto num conjunto.<\/span><\/p>\n<p align=\"justify\"><span style=\"font-size: 12pt; font-family: verdana, geneva, sans-serif; color: #000000;\"> Podemos ent\u00e3o imaginar Nossa Senhora contemplando esta express\u00e3o manifestativa da realidade psicol\u00f3gica e sobrenatural de Nosso Senhor e adorando-a profundamente.<\/span><\/p>\n<p align=\"center\"><span style=\"font-size: 12pt; font-family: verdana, geneva, sans-serif; color: #000000;\"><strong>*\u00a0 *\u00a0\u00a0 *<\/strong><\/span><\/p>\n<p align=\"justify\"><span style=\"font-size: 12pt; font-family: verdana, geneva, sans-serif; color: #000000;\">Neste ponto h\u00e1 que se fazer uma retifica\u00e7\u00e3o a respeito de algo que a iconografia da Renascen\u00e7a deformou completamente. <\/span><\/p>\n<p align=\"justify\"><span style=\"font-size: 12pt; font-family: verdana, geneva, sans-serif; color: #000000;\">Ela apresenta o Menino Jesus como uma criancinha bobinha, para dar a ideia da suma pureza do Menino Jesus. <\/span><\/p>\n<p align=\"justify\"><span style=\"font-size: 12pt; font-family: verdana, geneva, sans-serif; color: #000000;\">Mas uma criancinha inexpressiva, que est\u00e1 brincando, se ajeitando, e na qual n\u00e3o h\u00e1 ainda nenhuma indica\u00e7\u00e3o de mentalidade. <\/span><\/p>\n<p align=\"justify\"><span style=\"font-size: 12pt; font-family: verdana, geneva, sans-serif; color: #000000;\">Tenho enorme dificuldade em admitir que isto tenha sido assim.<\/span><\/p>\n<p align=\"justify\"><span style=\"font-size: 12pt; font-family: verdana, geneva, sans-serif; color: #000000;\">A meu ver, pelo contr\u00e1rio, tudo aquilo que n\u00f3s admiramos em Nosso Senhor adulto, &#8211; a eleva\u00e7\u00e3o, mais que eleva\u00e7\u00e3o, transcend\u00eancia; uma alma de tal maneira elevada que est\u00e1 colocada inteiramente em outra regi\u00e3o e lembra aquela frase d&#8217;Ele:<\/span><\/p>\n<p>&nbsp;<\/p>\n<p style=\"text-align: center;\" align=\"justify\"><span style=\"font-size: 12pt; color: #000000; font-family: verdana, geneva, sans-serif;\">\u00a0<span style=\"color: #800080;\"><em>&#8220;Meus caminhos n\u00e3o s\u00e3o vossos caminhos nem as minhas cogita\u00e7\u00f5es s\u00e3o as vossas cogita\u00e7\u00f5es&#8221;.<\/em><\/span><\/span><\/p>\n<p align=\"justify\"><span style=\"font-size: 12pt; font-family: verdana, geneva, sans-serif; color: #000000;\">Aquela posi\u00e7\u00e3o interior de Nosso Senhor em que se v\u00ea que Ele tem todo um c\u00e9u interno dentro do qual est\u00e1, e do alto do qual olha com bondade para a humanidade; <\/span><\/p>\n<p align=\"justify\"><span style=\"font-size: 12pt; font-family: verdana, geneva, sans-serif; color: #000000;\">Mas \u00e9 uma bondade sobre uma humanidade distante, que a miseric\u00f3rdia d&#8217;Ele torna pr\u00f3xima; todo aquele equil\u00edbrio, distin\u00e7\u00e3o, afabilidade e for\u00e7a de Nosso Senhor; <\/span><\/p>\n<p align=\"justify\"><span style=\"font-size: 12pt; font-family: verdana, geneva, sans-serif; color: #000000;\">Tudo isto que faz que na Sacrat\u00edssima face d&#8217;Ele se exprimam perfei\u00e7\u00f5es morais verdadeiramente inef\u00e1veis &#8211; tudo isto eu tenho a impress\u00e3o que j\u00e1 [estava] expresso na face e no corpo do Menino Jesus.<\/span><\/p>\n<p style=\"padding-left: 90px;\" align=\"justify\"><strong><span style=\"font-size: 12pt; font-family: verdana, geneva, sans-serif; color: #000000;\"><span style=\"color: #800080;\"><br \/>\nE \u00e9 de tudo isto que o Natal \u00e9 uma primeira manifesta\u00e7\u00e3o e para tudo isto convergiu a adora\u00e7\u00e3o de Nossa Senhora.<\/span> <\/span><\/strong><\/p>\n<p align=\"justify\"><span style=\"font-size: 12pt; font-family: verdana, geneva, sans-serif; color: #000000;\"><br \/>\nA adora\u00e7\u00e3o de Nossa Senhora, a adora\u00e7\u00e3o de S\u00e3o Jos\u00e9 que estava perto d&#8217;Ela e que participava deste ato de adora\u00e7\u00e3o como esposo d&#8217;Ela e como pai do Menino Jesus. <\/span><\/p>\n<p align=\"justify\"><span style=\"font-size: 12pt; font-family: verdana, geneva, sans-serif; color: #000000;\">Que Nossa Senhora, naquela uni\u00e3o de alma com Nosso Senhor, estivesse tendo uma rela\u00e7\u00e3o que n\u00f3s nem bem entendemos, \u00e9 evidente. <\/span><\/p>\n<p align=\"justify\"><span style=\"font-size: 12pt; font-family: verdana, geneva, sans-serif; color: #000000;\">Da parte de S\u00e3o Jos\u00e9 os senhores podem imaginar a ternura, o respeito, o entusiasmo, a adora\u00e7\u00e3o, a venera\u00e7\u00e3o vendo aquele Menino que ele sabia que era filho do Esp\u00edrito Santo e de Nossa Senhora;<\/span><\/p>\n<p align=\"justify\"><span style=\"font-size: 12pt; font-family: verdana, geneva, sans-serif; color: #000000;\">Mas legalmente filho dele e que em parte na pessoa dele se tornava filho de David e cumpria as profecias;<\/span><\/p>\n<p align=\"justify\"><span style=\"font-size: 12pt; font-family: verdana, geneva, sans-serif; color: #000000;\">E ele olhar para aquele Menino e pensar que, afinal de contas, aquele Menino era o Deus dele e o Deus de todos os homens; e ao mesmo tempo era filho dele, era o filho da esposa dele. <\/span><\/p>\n<p align=\"justify\"><span style=\"font-size: 12pt; font-family: verdana, geneva, sans-serif; color: #000000;\">O que aquilo deveria representar, considerando a santidade de Nosso Senhor que resplendia de todo pres\u00e9pio, que resplendia de toda a pessoa d&#8217;Ele sobretudo?<\/span><\/p>\n<p align=\"justify\"><span style=\"font-size: 12pt; font-family: verdana, geneva, sans-serif; color: #000000;\">Esta ideia, portanto, da manifesta\u00e7\u00e3o da pessoa humana, ou do corpo humano de Nosso Senhor Jesus Cristo no Natal, como manifesta\u00e7\u00e3o de Sua santidade de alma, santidade que \u00e9 a manifesta\u00e7\u00e3o da dignidade hipostaticamente unida \u00e0 natureza humana, isto eu tenho a impress\u00e3o de que \u00e9 o que deveria extasiar! <\/span><\/p>\n<p align=\"justify\"><span style=\"font-size: 12pt; font-family: verdana, geneva, sans-serif; color: #000000;\">E \u00e9 o que na noite de Natal n\u00f3s mais devemos considerar.<\/span><\/p>\n<p align=\"justify\"><span style=\"font-size: 12pt; font-family: verdana, geneva, sans-serif; color: #000000;\">H\u00e1 uma por\u00e7\u00e3o de santinhos que apresentam a noite de Natal, a cena de Natal com o ber\u00e7o do menino Jesus cheio de luz e o menino com uma carinha de bobinho. <\/span><\/p>\n<p align=\"justify\"><span style=\"font-size: 12pt; font-family: verdana, geneva, sans-serif; color: #000000;\">A luz n\u00e3o estava na palha, a luz estava no Menino, sobretudo na fisionomia do Menino, na face sacrat\u00edssima do Menino.<\/span><\/p>\n<p align=\"justify\"><span style=\"font-size: 12pt; font-family: verdana, geneva, sans-serif; color: #000000;\">\u00c9 isto que me parece constituir uma medita\u00e7\u00e3o interessante para o Natal, e que podemos ir exercitando durante estes dias, termos por tema de piedade durante estes dias. <\/span><\/p>\n<h5 style=\"padding-left: 90px;\" align=\"justify\"><span style=\"font-family: verdana, geneva, sans-serif; font-size: 12pt; color: #800080;\"><strong><br \/>\nVamos pedir a Nossa Senhora e a S\u00e3o Jos\u00e9 que nos fa\u00e7am entender bem isto e que nos d\u00eaem alento para um Natal verdadeiramente recolhido e piedoso neste mist\u00e9rio criado por este pensamento.<\/strong><\/span><\/h5>\n<p align=\"justify\"><span style=\"font-family: verdana, geneva, sans-serif; font-size: 12pt; color: #ffffff;\">.<\/span><br \/>\n<span style=\"font-family: verdana, geneva, sans-serif; font-size: 10pt; color: #000000;\"><em>Fonte: Plinio Corr\u00eaa de Oliveira.info<\/em><\/span><\/p>\n<p style=\"text-align: center;\" align=\"justify\"><span style=\"font-family: verdana, geneva, sans-serif; font-size: 12pt; color: #ffffff;\">.<\/span><br \/>\n<span style=\"font-family: verdana, geneva, sans-serif; font-size: 12pt; color: #ffffff;\">.<\/span><br \/>\n<strong><span style=\"font-family: verdana, geneva, sans-serif; font-size: 12pt; color: #000000;\">*\u00a0 *\u00a0 *<\/span><\/strong><\/p>\n<p style=\"text-align: center;\" align=\"justify\"><span style=\"color: #ffffff;\">.<\/span><br \/>\n<a href=\"https:\/\/adf.org.br\/velario\/natal?origem=4547\" target=\"_blank\" rel=\"noopener noreferrer\"><img loading=\"lazy\" class=\"aligncenter wp-image-49032 size-full\" src=\"https:\/\/www.adf.org.br\/home\/wp-content\/uploads\/2017\/12\/testeira-vela-natal-8.jpg\" alt=\"testeira-vela-natal\" width=\"600\" height=\"350\" \/><\/a><\/p>\n<\/div>\n","protected":false},"excerpt":{"rendered":"<p>O que estava no estado de esp\u00edrito de Nossa Senhora a respeito do Natal?<\/p>\n","protected":false},"author":31,"featured_media":49033,"comment_status":"open","ping_status":"open","sticky":false,"template":"","format":"standard","meta":[],"categories":[20],"tags":[39],"yoast_head":"<!-- This site is optimized with the Yoast SEO plugin v17.4 - https:\/\/yoast.com\/wordpress\/plugins\/seo\/ -->\n<title>Medita\u00e7\u00e3o de Natal: o momento do nascimento de Nosso Senhor<\/title>\n<meta name=\"description\" content=\"Uma medita\u00e7\u00e3o de Natal: a grandeza do momento do nascimento de Nosso Senhor, uma reflex\u00e3o sobre o mais sublime da hist\u00f3ria humana.\" \/>\n<meta name=\"robots\" content=\"index, follow, max-snippet:-1, max-image-preview:large, max-video-preview:-1\" \/>\n<link rel=\"canonical\" href=\"https:\/\/www.adf.org.br\/home\/uma-meditacao-de-natal\/\" \/>\n<meta property=\"og:locale\" content=\"pt_BR\" \/>\n<meta property=\"og:type\" content=\"article\" \/>\n<meta property=\"og:title\" content=\"Medita\u00e7\u00e3o de Natal: o momento do nascimento de Nosso Senhor\" \/>\n<meta property=\"og:description\" content=\"Uma medita\u00e7\u00e3o de Natal: a grandeza do momento do nascimento de Nosso Senhor, uma reflex\u00e3o sobre o mais sublime da hist\u00f3ria humana.\" \/>\n<meta property=\"og:url\" content=\"https:\/\/www.adf.org.br\/home\/uma-meditacao-de-natal\/\" \/>\n<meta property=\"og:site_name\" content=\"Associa\u00e7\u00e3o Devotos de F\u00e1tima\" \/>\n<meta property=\"article:published_time\" content=\"2018-12-25T02:00:13+00:00\" \/>\n<meta name=\"twitter:card\" content=\"summary_large_image\" \/>\n<meta name=\"twitter:label1\" content=\"Escrito por\" \/>\n\t<meta name=\"twitter:data1\" content=\"Gabriel Barbosa\" \/>\n\t<meta name=\"twitter:label2\" content=\"Est. tempo de leitura\" \/>\n\t<meta name=\"twitter:data2\" content=\"7 minutos\" \/>\n<script type=\"application\/ld+json\" class=\"yoast-schema-graph\">{\"@context\":\"https:\/\/schema.org\",\"@graph\":[{\"@type\":\"WebSite\",\"@id\":\"https:\/\/www.adf.org.br\/home\/#website\",\"url\":\"https:\/\/www.adf.org.br\/home\/\",\"name\":\"Associa\\u00e7\\u00e3o Devotos de F\\u00e1tima\",\"description\":\"Associa\\u00e7\\u00e3o Devotos de F\\u00e1tima\",\"potentialAction\":[{\"@type\":\"SearchAction\",\"target\":{\"@type\":\"EntryPoint\",\"urlTemplate\":\"https:\/\/www.adf.org.br\/home\/?s={search_term_string}\"},\"query-input\":\"required name=search_term_string\"}],\"inLanguage\":\"pt-BR\"},{\"@type\":\"ImageObject\",\"@id\":\"https:\/\/www.adf.org.br\/home\/uma-meditacao-de-natal\/#primaryimage\",\"inLanguage\":\"pt-BR\",\"url\":\"\",\"contentUrl\":\"\"},{\"@type\":\"WebPage\",\"@id\":\"https:\/\/www.adf.org.br\/home\/uma-meditacao-de-natal\/#webpage\",\"url\":\"https:\/\/www.adf.org.br\/home\/uma-meditacao-de-natal\/\",\"name\":\"Medita\\u00e7\\u00e3o de Natal: o momento do nascimento de Nosso Senhor\",\"isPartOf\":{\"@id\":\"https:\/\/www.adf.org.br\/home\/#website\"},\"primaryImageOfPage\":{\"@id\":\"https:\/\/www.adf.org.br\/home\/uma-meditacao-de-natal\/#primaryimage\"},\"datePublished\":\"2018-12-25T02:00:13+00:00\",\"dateModified\":\"2018-12-25T02:00:13+00:00\",\"author\":{\"@id\":\"https:\/\/www.adf.org.br\/home\/#\/schema\/person\/f35a5c5aa7728a3dedf4ea9aa1fc2753\"},\"description\":\"Uma medita\\u00e7\\u00e3o de Natal: a grandeza do momento do nascimento de Nosso Senhor, uma reflex\\u00e3o sobre o mais sublime da hist\\u00f3ria humana.\",\"breadcrumb\":{\"@id\":\"https:\/\/www.adf.org.br\/home\/uma-meditacao-de-natal\/#breadcrumb\"},\"inLanguage\":\"pt-BR\",\"potentialAction\":[{\"@type\":\"ReadAction\",\"target\":[\"https:\/\/www.adf.org.br\/home\/uma-meditacao-de-natal\/\"]}]},{\"@type\":\"BreadcrumbList\",\"@id\":\"https:\/\/www.adf.org.br\/home\/uma-meditacao-de-natal\/#breadcrumb\",\"itemListElement\":[{\"@type\":\"ListItem\",\"position\":1,\"name\":\"Home\",\"item\":\"https:\/\/www.adf.org.br\/home\/\"},{\"@type\":\"ListItem\",\"position\":2,\"name\":\"Uma medita\\u00e7\\u00e3o de Natal: a grandeza do momento do nascimento de Nosso Senhor\"}]},{\"@type\":\"Person\",\"@id\":\"https:\/\/www.adf.org.br\/home\/#\/schema\/person\/f35a5c5aa7728a3dedf4ea9aa1fc2753\",\"name\":\"Gabriel Barbosa\",\"image\":{\"@type\":\"ImageObject\",\"@id\":\"https:\/\/www.adf.org.br\/home\/#personlogo\",\"inLanguage\":\"pt-BR\",\"url\":\"https:\/\/secure.gravatar.com\/avatar\/2b2cb2f4637682c5605e8d36818f51ef?s=96&d=mm&r=g\",\"contentUrl\":\"https:\/\/secure.gravatar.com\/avatar\/2b2cb2f4637682c5605e8d36818f51ef?s=96&d=mm&r=g\",\"caption\":\"Gabriel Barbosa\"},\"url\":\"https:\/\/www.adf.org.br\/home\/author\/gabrielpmk-com-br\/\"}]}<\/script>\n<!-- \/ Yoast SEO plugin. -->","yoast_head_json":{"title":"Medita\u00e7\u00e3o de Natal: o momento do nascimento de Nosso Senhor","description":"Uma medita\u00e7\u00e3o de Natal: a grandeza do momento do nascimento de Nosso Senhor, uma reflex\u00e3o sobre o mais sublime da hist\u00f3ria humana.","robots":{"index":"index","follow":"follow","max-snippet":"max-snippet:-1","max-image-preview":"max-image-preview:large","max-video-preview":"max-video-preview:-1"},"canonical":"https:\/\/www.adf.org.br\/home\/uma-meditacao-de-natal\/","og_locale":"pt_BR","og_type":"article","og_title":"Medita\u00e7\u00e3o de Natal: o momento do nascimento de Nosso Senhor","og_description":"Uma medita\u00e7\u00e3o de Natal: a grandeza do momento do nascimento de Nosso Senhor, uma reflex\u00e3o sobre o mais sublime da hist\u00f3ria humana.","og_url":"https:\/\/www.adf.org.br\/home\/uma-meditacao-de-natal\/","og_site_name":"Associa\u00e7\u00e3o Devotos de F\u00e1tima","article_published_time":"2018-12-25T02:00:13+00:00","twitter_card":"summary_large_image","twitter_misc":{"Escrito por":"Gabriel Barbosa","Est. tempo de leitura":"7 minutos"},"schema":{"@context":"https:\/\/schema.org","@graph":[{"@type":"WebSite","@id":"https:\/\/www.adf.org.br\/home\/#website","url":"https:\/\/www.adf.org.br\/home\/","name":"Associa\u00e7\u00e3o Devotos de F\u00e1tima","description":"Associa\u00e7\u00e3o Devotos de F\u00e1tima","potentialAction":[{"@type":"SearchAction","target":{"@type":"EntryPoint","urlTemplate":"https:\/\/www.adf.org.br\/home\/?s={search_term_string}"},"query-input":"required name=search_term_string"}],"inLanguage":"pt-BR"},{"@type":"ImageObject","@id":"https:\/\/www.adf.org.br\/home\/uma-meditacao-de-natal\/#primaryimage","inLanguage":"pt-BR","url":"","contentUrl":""},{"@type":"WebPage","@id":"https:\/\/www.adf.org.br\/home\/uma-meditacao-de-natal\/#webpage","url":"https:\/\/www.adf.org.br\/home\/uma-meditacao-de-natal\/","name":"Medita\u00e7\u00e3o de Natal: o momento do nascimento de Nosso Senhor","isPartOf":{"@id":"https:\/\/www.adf.org.br\/home\/#website"},"primaryImageOfPage":{"@id":"https:\/\/www.adf.org.br\/home\/uma-meditacao-de-natal\/#primaryimage"},"datePublished":"2018-12-25T02:00:13+00:00","dateModified":"2018-12-25T02:00:13+00:00","author":{"@id":"https:\/\/www.adf.org.br\/home\/#\/schema\/person\/f35a5c5aa7728a3dedf4ea9aa1fc2753"},"description":"Uma medita\u00e7\u00e3o de Natal: a grandeza do momento do nascimento de Nosso Senhor, uma reflex\u00e3o sobre o mais sublime da hist\u00f3ria humana.","breadcrumb":{"@id":"https:\/\/www.adf.org.br\/home\/uma-meditacao-de-natal\/#breadcrumb"},"inLanguage":"pt-BR","potentialAction":[{"@type":"ReadAction","target":["https:\/\/www.adf.org.br\/home\/uma-meditacao-de-natal\/"]}]},{"@type":"BreadcrumbList","@id":"https:\/\/www.adf.org.br\/home\/uma-meditacao-de-natal\/#breadcrumb","itemListElement":[{"@type":"ListItem","position":1,"name":"Home","item":"https:\/\/www.adf.org.br\/home\/"},{"@type":"ListItem","position":2,"name":"Uma medita\u00e7\u00e3o de Natal: a grandeza do momento do nascimento de Nosso Senhor"}]},{"@type":"Person","@id":"https:\/\/www.adf.org.br\/home\/#\/schema\/person\/f35a5c5aa7728a3dedf4ea9aa1fc2753","name":"Gabriel Barbosa","image":{"@type":"ImageObject","@id":"https:\/\/www.adf.org.br\/home\/#personlogo","inLanguage":"pt-BR","url":"https:\/\/secure.gravatar.com\/avatar\/2b2cb2f4637682c5605e8d36818f51ef?s=96&d=mm&r=g","contentUrl":"https:\/\/secure.gravatar.com\/avatar\/2b2cb2f4637682c5605e8d36818f51ef?s=96&d=mm&r=g","caption":"Gabriel Barbosa"},"url":"https:\/\/www.adf.org.br\/home\/author\/gabrielpmk-com-br\/"}]}},"_links":{"self":[{"href":"https:\/\/www.adf.org.br\/home\/wp-json\/wp\/v2\/posts\/22672"}],"collection":[{"href":"https:\/\/www.adf.org.br\/home\/wp-json\/wp\/v2\/posts"}],"about":[{"href":"https:\/\/www.adf.org.br\/home\/wp-json\/wp\/v2\/types\/post"}],"author":[{"embeddable":true,"href":"https:\/\/www.adf.org.br\/home\/wp-json\/wp\/v2\/users\/31"}],"replies":[{"embeddable":true,"href":"https:\/\/www.adf.org.br\/home\/wp-json\/wp\/v2\/comments?post=22672"}],"version-history":[{"count":0,"href":"https:\/\/www.adf.org.br\/home\/wp-json\/wp\/v2\/posts\/22672\/revisions"}],"wp:featuredmedia":[{"embeddable":true,"href":"https:\/\/www.adf.org.br\/home\/wp-json\/wp\/v2\/media\/49033"}],"wp:attachment":[{"href":"https:\/\/www.adf.org.br\/home\/wp-json\/wp\/v2\/media?parent=22672"}],"wp:term":[{"taxonomy":"category","embeddable":true,"href":"https:\/\/www.adf.org.br\/home\/wp-json\/wp\/v2\/categories?post=22672"},{"taxonomy":"post_tag","embeddable":true,"href":"https:\/\/www.adf.org.br\/home\/wp-json\/wp\/v2\/tags?post=22672"}],"curies":[{"name":"wp","href":"https:\/\/api.w.org\/{rel}","templated":true}]}}