{"id":22499,"date":"2019-01-05T00:00:10","date_gmt":"2019-01-05T02:00:10","guid":{"rendered":"http:\/\/www.adf.org.br\/home\/?p=22499"},"modified":"2019-01-05T00:00:10","modified_gmt":"2019-01-05T02:00:10","slug":"invocacoes-a-virgem-maria","status":"publish","type":"post","link":"https:\/\/www.adf.org.br\/home\/invocacoes-a-virgem-maria\/","title":{"rendered":"Invoca\u00e7\u00f5es \u00e0 Virgem Maria pela convers\u00e3o dos pecadores e junto aos enfermos."},"content":{"rendered":"<figure id=\"attachment_45688\" aria-describedby=\"caption-attachment-45688\" style=\"width: 427px\" class=\"wp-caption aligncenter\"><img loading=\"lazy\" class=\"wp-image-45688\" src=\"http:\/\/www.adf.org.br\/home\/wp-content\/uploads\/2013\/11\/sao-joao-eudes.jpg\" alt=\"S\u00e3o Jo\u00e3o Eudes\" width=\"427\" height=\"560\" \/><figcaption id=\"caption-attachment-45688\" class=\"wp-caption-text\">S\u00e3o Jo\u00e3o Eudes<\/figcaption><\/figure>\n<p style=\"padding-left: 90px;\"><span style=\"font-size: 12pt; color: #000000; font-family: verdana, geneva, sans-serif;\"><strong><span style=\"color: #ffffff;\">.<\/span><br \/>\n<span style=\"color: #800080;\">Invoca\u00e7\u00f5es \u00e0 Virgem Maria, de S\u00e3o Jo\u00e3o Eudes ( + 1680)<\/span><\/strong><\/span><\/p>\n<p><span style=\"font-family: verdana, geneva, sans-serif; font-size: 12pt; color: #000000;\"><br \/>\n<span style=\"font-size: 14pt;\"><strong>S<\/strong><\/span>\u00e3o Jo\u00e3o Eudes recomendava que esta ora\u00e7\u00e3o fosse rezada pela convers\u00e3o dos pecadores e junto aos enfermos.<\/span><\/p>\n<h5 style=\"padding-left: 90px;\"><strong><span style=\"font-family: verdana, geneva, sans-serif; font-size: 12pt; color: #000080;\"><br \/>\nNossa Senhora prometeu a S\u00e3o Jo\u00e3o Eudes que os fi\u00e9is que devotamente a recitarem, se estivessem em estado de gra\u00e7a crescer\u00e3o em devo\u00e7\u00e3o a cada louvor.<\/span><\/strong><\/h5>\n<p><span style=\"font-family: verdana, geneva, sans-serif; font-size: 12pt; color: #000000;\"><br \/>\nQuanto aos pecadores, mesmo obstinados no seu pecado, \u00e9 muito bom fazer com que eles rezem esta ora\u00e7\u00e3o, ou pelo menos a aceitar que outras pessoas a rezem por eles. <\/span><\/p>\n<p><span style=\"font-family: verdana, geneva, sans-serif; font-size: 12pt; color: #000000;\">\u00c9 um poderos\u00edssimo meio de convers\u00e3o e santifica\u00e7\u00e3o.<br \/>\n<span style=\"color: #ffffff;\">.<\/span><\/span><\/p>\n<p><a href=\"http:\/\/www.adf.org.br\/home\/voce-reza-o-terco\/\" target=\"_blank\" rel=\"noopener noreferrer\"><img loading=\"lazy\" class=\"aligncenter wp-image-22501\" title=\"aplicativo ter\u00e7o do centen\u00e1rio\" src=\"http:\/\/www.adf.org.br\/home\/wp-content\/uploads\/2013\/11\/2197_teaser_topo1.jpg\" width=\"560\" height=\"281\" \/><\/a><\/p>\n<p><span style=\"font-family: verdana, geneva, sans-serif; font-size: 12pt; color: #000000;\"><span style=\"color: #ffffff;\">.<\/span><br \/>\nAve Maria, Filha de Deus Pai.<\/span><\/p>\n<p><span style=\"font-family: verdana, geneva, sans-serif; font-size: 12pt; color: #000000;\">Ave Maria, M\u00e3e de Deus Filho.<\/span><\/p>\n<p><span style=\"font-family: verdana, geneva, sans-serif; font-size: 12pt; color: #000000;\">Ave Maria, esposa do Esp\u00edrito Santo.<\/span><\/p>\n<p><span style=\"font-family: verdana, geneva, sans-serif; font-size: 12pt; color: #000000;\">Ave Maria, templo de toda a Divindade.<\/span><\/p>\n<p><span style=\"font-family: verdana, geneva, sans-serif; font-size: 12pt; color: #000000;\">Ave Maria, alv\u00edssimo l\u00edrio da Trindade, fulgurante e sempre sereno.<\/span><\/p>\n<p><span style=\"font-family: verdana, geneva, sans-serif; font-size: 12pt; color: #000000;\">Ave Maria, rosa resplandecente de celestial amenidade.<\/span><\/p>\n<p><span style=\"font-family: verdana, geneva, sans-serif; font-size: 12pt; color: #000000;\">Ave Maria, Virgem das Virgens, Virgem fiel, de quem quis nascer e de cujo leite quis Se amamentar o Rei dos C\u00e9us.<\/span><\/p>\n<p><span style=\"font-family: verdana, geneva, sans-serif; font-size: 12pt; color: #000000;\">Ave Maria, Rainha dos M\u00e1rtires, cuja alma foi traspassada pelo gl\u00e1dio da dor.<\/span><\/p>\n<p><span style=\"font-family: verdana, geneva, sans-serif; font-size: 12pt; color: #000000;\">Ave Maria, Senhora do mundo, a quem foi dado todo poder no c\u00e9u e na terra.<\/span><\/p>\n<p><span style=\"font-family: verdana, geneva, sans-serif; font-size: 12pt; color: #000000;\">Ave Maria, Rainha do meu cora\u00e7\u00e3o, M\u00e3e, vida, do\u00e7ura e esperan\u00e7a minha car\u00edssima.<\/span><\/p>\n<p><span style=\"font-family: verdana, geneva, sans-serif; font-size: 12pt; color: #000000;\">Ave Maria, M\u00e3e am\u00e1vel.<\/span><\/p>\n<p><span style=\"font-family: verdana, geneva, sans-serif; font-size: 12pt; color: #000000;\">Ave Maria, M\u00e3e admir\u00e1vel.<\/span><\/p>\n<p><span style=\"font-family: verdana, geneva, sans-serif; font-size: 12pt; color: #000000;\">Ave Maria, M\u00e3e de miseric\u00f3rdia.<\/span><\/p>\n<p><span style=\"font-family: verdana, geneva, sans-serif; font-size: 12pt; color: #000000;\">Ave Maria, cheia de gra\u00e7a, o Senhor \u00e9 conVosco, bendita sois V\u00f3s entre as mulheres e bendito \u00e9 o fruto do vosso centre, Jesus.<\/span><\/p>\n<p><span style=\"font-family: verdana, geneva, sans-serif; font-size: 12pt; color: #000000;\">E bendito \u00e9 o vosso Esposo, S\u00e3o Jos\u00e9.<\/span><\/p>\n<p><span style=\"font-family: verdana, geneva, sans-serif; font-size: 12pt; color: #000000;\">E bendito \u00e9 o vosso Pai, S\u00e3o Joaquim.<\/span><\/p>\n<p><span style=\"font-family: verdana, geneva, sans-serif; font-size: 12pt; color: #000000;\">E bendita \u00e9 a vossa M\u00e3e, Santa Ana.<\/span><\/p>\n<p><span style=\"font-family: verdana, geneva, sans-serif; font-size: 12pt; color: #000000;\">E bendito \u00e9 S\u00e3o Jo\u00e3o, a quem fostes confiada ao p\u00e9 da Cruz.<\/span><\/p>\n<p><span style=\"font-family: verdana, geneva, sans-serif; font-size: 12pt; color: #000000;\">E bendito o vosso Anjo, S\u00e3o Gabriel.<\/span><\/p>\n<p><span style=\"font-family: verdana, geneva, sans-serif; font-size: 12pt; color: #000000;\">E bendito \u00e9 o Eterno Padre, que Vos escolheu.<\/span><\/p>\n<p><span style=\"font-family: verdana, geneva, sans-serif; font-size: 12pt; color: #000000;\">E bendito \u00e9 o vosso Filho, que Vos amou.<\/span><\/p>\n<p><span style=\"font-family: verdana, geneva, sans-serif; font-size: 12pt; color: #000000;\">E bendito \u00e9 o Esp\u00edrito Santo, que vos esposou.<\/span><\/p>\n<p><span style=\"font-family: verdana, geneva, sans-serif; font-size: 12pt; color: #000000;\">E benditos s\u00e3o eternamente os que Vos bendizem e creem em V\u00f3s.<\/span><\/p>\n<p><span style=\"color: #ffffff;\">.<\/span><br \/>\n<span style=\"font-family: verdana, geneva, sans-serif; font-size: 10pt; color: #000000;\"><em>Fonte: As mais belas ora\u00e7\u00f5es a Nossa Senhora.<\/em><\/span><\/p>\n<p style=\"text-align: center;\"><span style=\"font-family: verdana, geneva, sans-serif; font-size: 12pt; color: #ffffff;\">.<\/span><br \/>\n<span style=\"font-family: verdana, geneva, sans-serif; font-size: 12pt; color: #ffffff;\">.<\/span><br \/>\n<strong><span style=\"font-family: verdana, geneva, sans-serif; font-size: 12pt; color: #000000;\">*\u00a0 *\u00a0 *<\/span><\/strong><\/p>\n<p style=\"text-align: center;\"><span style=\"font-family: verdana, geneva, sans-serif; font-size: 12pt; color: #ffffff;\">.<\/span><br \/>\n<strong><span style=\"font-family: verdana, geneva, sans-serif; font-size: 18pt; color: #800080;\">Acenda sua Vela Virtual!<\/span><\/strong><br \/>\n<span style=\"font-size: 12pt; color: #ffffff;\"><span style=\"font-family: verdana, geneva, sans-serif;\">.<\/span><\/span><\/p>\n<p style=\"text-align: center;\"><a href=\"https:\/\/adf.org.br\/velario\/?origem=4547\" target=\"_blank\" rel=\"noopener noreferrer\"><img loading=\"lazy\" class=\"aligncenter wp-image-45689 size-full\" src=\"http:\/\/www.adf.org.br\/home\/wp-content\/uploads\/2013\/11\/BotaoVela.png\" alt=\"BotaoVela\" width=\"300\" height=\"195\" \/><\/a><\/p>\n","protected":false},"excerpt":{"rendered":"<p>. Invoca\u00e7\u00f5es \u00e0 Virgem Maria, de S\u00e3o Jo\u00e3o Eudes ( + 1680) S\u00e3o Jo\u00e3o Eudes recomendava que esta ora\u00e7\u00e3o fosse rezada pela convers\u00e3o dos pecadores e junto aos enfermos. Nossa Senhora prometeu a S\u00e3o Jo\u00e3o Eudes que os fi\u00e9is que devotamente a recitarem, se estivessem em estado de gra\u00e7a crescer\u00e3o em devo\u00e7\u00e3o a cada louvor. [&hellip;]<\/p>\n","protected":false},"author":31,"featured_media":45690,"comment_status":"open","ping_status":"open","sticky":false,"template":"","format":"standard","meta":[],"categories":[20],"tags":[1604,266,220],"yoast_head":"<!-- This site is optimized with the Yoast SEO plugin v17.4 - https:\/\/yoast.com\/wordpress\/plugins\/seo\/ -->\n<title>Invoca\u00e7\u00f5es \u00e0 Virgem Maria pela convers\u00e3o dos pecadores.<\/title>\n<meta name=\"description\" content=\"Invoca\u00e7\u00f5es \u00e0 Virgem Maria pela convers\u00e3o dos pecadores e junto aos enfermos. Reze e alcance as gra\u00e7as que Nossa Senhora prometeu!\" \/>\n<meta name=\"robots\" content=\"index, follow, max-snippet:-1, max-image-preview:large, max-video-preview:-1\" \/>\n<link rel=\"canonical\" href=\"https:\/\/www.adf.org.br\/home\/invocacoes-a-virgem-maria\/\" \/>\n<meta property=\"og:locale\" content=\"pt_BR\" \/>\n<meta property=\"og:type\" content=\"article\" \/>\n<meta property=\"og:title\" content=\"Invoca\u00e7\u00f5es \u00e0 Virgem Maria pela convers\u00e3o dos pecadores.\" \/>\n<meta property=\"og:description\" content=\"Invoca\u00e7\u00f5es \u00e0 Virgem Maria pela convers\u00e3o dos pecadores e junto aos enfermos. Reze e alcance as gra\u00e7as que Nossa Senhora prometeu!\" \/>\n<meta property=\"og:url\" content=\"https:\/\/www.adf.org.br\/home\/invocacoes-a-virgem-maria\/\" \/>\n<meta property=\"og:site_name\" content=\"Associa\u00e7\u00e3o Devotos de F\u00e1tima\" \/>\n<meta property=\"article:published_time\" content=\"2019-01-05T02:00:10+00:00\" \/>\n<meta name=\"twitter:card\" content=\"summary_large_image\" \/>\n<meta name=\"twitter:label1\" content=\"Escrito por\" \/>\n\t<meta name=\"twitter:data1\" content=\"Gabriel Barbosa\" \/>\n\t<meta name=\"twitter:label2\" content=\"Est. tempo de leitura\" \/>\n\t<meta name=\"twitter:data2\" content=\"2 minutos\" \/>\n<script type=\"application\/ld+json\" class=\"yoast-schema-graph\">{\"@context\":\"https:\/\/schema.org\",\"@graph\":[{\"@type\":\"WebSite\",\"@id\":\"https:\/\/www.adf.org.br\/home\/#website\",\"url\":\"https:\/\/www.adf.org.br\/home\/\",\"name\":\"Associa\\u00e7\\u00e3o Devotos de F\\u00e1tima\",\"description\":\"Associa\\u00e7\\u00e3o Devotos de F\\u00e1tima\",\"potentialAction\":[{\"@type\":\"SearchAction\",\"target\":{\"@type\":\"EntryPoint\",\"urlTemplate\":\"https:\/\/www.adf.org.br\/home\/?s={search_term_string}\"},\"query-input\":\"required name=search_term_string\"}],\"inLanguage\":\"pt-BR\"},{\"@type\":\"ImageObject\",\"@id\":\"https:\/\/www.adf.org.br\/home\/invocacoes-a-virgem-maria\/#primaryimage\",\"inLanguage\":\"pt-BR\",\"url\":\"\",\"contentUrl\":\"\"},{\"@type\":\"WebPage\",\"@id\":\"https:\/\/www.adf.org.br\/home\/invocacoes-a-virgem-maria\/#webpage\",\"url\":\"https:\/\/www.adf.org.br\/home\/invocacoes-a-virgem-maria\/\",\"name\":\"Invoca\\u00e7\\u00f5es \\u00e0 Virgem Maria pela convers\\u00e3o dos pecadores.\",\"isPartOf\":{\"@id\":\"https:\/\/www.adf.org.br\/home\/#website\"},\"primaryImageOfPage\":{\"@id\":\"https:\/\/www.adf.org.br\/home\/invocacoes-a-virgem-maria\/#primaryimage\"},\"datePublished\":\"2019-01-05T02:00:10+00:00\",\"dateModified\":\"2019-01-05T02:00:10+00:00\",\"author\":{\"@id\":\"https:\/\/www.adf.org.br\/home\/#\/schema\/person\/f35a5c5aa7728a3dedf4ea9aa1fc2753\"},\"description\":\"Invoca\\u00e7\\u00f5es \\u00e0 Virgem Maria pela convers\\u00e3o dos pecadores e junto aos enfermos. Reze e alcance as gra\\u00e7as que Nossa Senhora prometeu!\",\"breadcrumb\":{\"@id\":\"https:\/\/www.adf.org.br\/home\/invocacoes-a-virgem-maria\/#breadcrumb\"},\"inLanguage\":\"pt-BR\",\"potentialAction\":[{\"@type\":\"ReadAction\",\"target\":[\"https:\/\/www.adf.org.br\/home\/invocacoes-a-virgem-maria\/\"]}]},{\"@type\":\"BreadcrumbList\",\"@id\":\"https:\/\/www.adf.org.br\/home\/invocacoes-a-virgem-maria\/#breadcrumb\",\"itemListElement\":[{\"@type\":\"ListItem\",\"position\":1,\"name\":\"Home\",\"item\":\"https:\/\/www.adf.org.br\/home\/\"},{\"@type\":\"ListItem\",\"position\":2,\"name\":\"Invoca\\u00e7\\u00f5es \\u00e0 Virgem Maria pela convers\\u00e3o dos pecadores e junto aos enfermos.\"}]},{\"@type\":\"Person\",\"@id\":\"https:\/\/www.adf.org.br\/home\/#\/schema\/person\/f35a5c5aa7728a3dedf4ea9aa1fc2753\",\"name\":\"Gabriel Barbosa\",\"image\":{\"@type\":\"ImageObject\",\"@id\":\"https:\/\/www.adf.org.br\/home\/#personlogo\",\"inLanguage\":\"pt-BR\",\"url\":\"https:\/\/secure.gravatar.com\/avatar\/2b2cb2f4637682c5605e8d36818f51ef?s=96&d=mm&r=g\",\"contentUrl\":\"https:\/\/secure.gravatar.com\/avatar\/2b2cb2f4637682c5605e8d36818f51ef?s=96&d=mm&r=g\",\"caption\":\"Gabriel Barbosa\"},\"url\":\"https:\/\/www.adf.org.br\/home\/author\/gabrielpmk-com-br\/\"}]}<\/script>\n<!-- \/ Yoast SEO plugin. -->","yoast_head_json":{"title":"Invoca\u00e7\u00f5es \u00e0 Virgem Maria pela convers\u00e3o dos pecadores.","description":"Invoca\u00e7\u00f5es \u00e0 Virgem Maria pela convers\u00e3o dos pecadores e junto aos enfermos. Reze e alcance as gra\u00e7as que Nossa Senhora prometeu!","robots":{"index":"index","follow":"follow","max-snippet":"max-snippet:-1","max-image-preview":"max-image-preview:large","max-video-preview":"max-video-preview:-1"},"canonical":"https:\/\/www.adf.org.br\/home\/invocacoes-a-virgem-maria\/","og_locale":"pt_BR","og_type":"article","og_title":"Invoca\u00e7\u00f5es \u00e0 Virgem Maria pela convers\u00e3o dos pecadores.","og_description":"Invoca\u00e7\u00f5es \u00e0 Virgem Maria pela convers\u00e3o dos pecadores e junto aos enfermos. Reze e alcance as gra\u00e7as que Nossa Senhora prometeu!","og_url":"https:\/\/www.adf.org.br\/home\/invocacoes-a-virgem-maria\/","og_site_name":"Associa\u00e7\u00e3o Devotos de F\u00e1tima","article_published_time":"2019-01-05T02:00:10+00:00","twitter_card":"summary_large_image","twitter_misc":{"Escrito por":"Gabriel Barbosa","Est. tempo de leitura":"2 minutos"},"schema":{"@context":"https:\/\/schema.org","@graph":[{"@type":"WebSite","@id":"https:\/\/www.adf.org.br\/home\/#website","url":"https:\/\/www.adf.org.br\/home\/","name":"Associa\u00e7\u00e3o Devotos de F\u00e1tima","description":"Associa\u00e7\u00e3o Devotos de F\u00e1tima","potentialAction":[{"@type":"SearchAction","target":{"@type":"EntryPoint","urlTemplate":"https:\/\/www.adf.org.br\/home\/?s={search_term_string}"},"query-input":"required name=search_term_string"}],"inLanguage":"pt-BR"},{"@type":"ImageObject","@id":"https:\/\/www.adf.org.br\/home\/invocacoes-a-virgem-maria\/#primaryimage","inLanguage":"pt-BR","url":"","contentUrl":""},{"@type":"WebPage","@id":"https:\/\/www.adf.org.br\/home\/invocacoes-a-virgem-maria\/#webpage","url":"https:\/\/www.adf.org.br\/home\/invocacoes-a-virgem-maria\/","name":"Invoca\u00e7\u00f5es \u00e0 Virgem Maria pela convers\u00e3o dos pecadores.","isPartOf":{"@id":"https:\/\/www.adf.org.br\/home\/#website"},"primaryImageOfPage":{"@id":"https:\/\/www.adf.org.br\/home\/invocacoes-a-virgem-maria\/#primaryimage"},"datePublished":"2019-01-05T02:00:10+00:00","dateModified":"2019-01-05T02:00:10+00:00","author":{"@id":"https:\/\/www.adf.org.br\/home\/#\/schema\/person\/f35a5c5aa7728a3dedf4ea9aa1fc2753"},"description":"Invoca\u00e7\u00f5es \u00e0 Virgem Maria pela convers\u00e3o dos pecadores e junto aos enfermos. Reze e alcance as gra\u00e7as que Nossa Senhora prometeu!","breadcrumb":{"@id":"https:\/\/www.adf.org.br\/home\/invocacoes-a-virgem-maria\/#breadcrumb"},"inLanguage":"pt-BR","potentialAction":[{"@type":"ReadAction","target":["https:\/\/www.adf.org.br\/home\/invocacoes-a-virgem-maria\/"]}]},{"@type":"BreadcrumbList","@id":"https:\/\/www.adf.org.br\/home\/invocacoes-a-virgem-maria\/#breadcrumb","itemListElement":[{"@type":"ListItem","position":1,"name":"Home","item":"https:\/\/www.adf.org.br\/home\/"},{"@type":"ListItem","position":2,"name":"Invoca\u00e7\u00f5es \u00e0 Virgem Maria pela convers\u00e3o dos pecadores e junto aos enfermos."}]},{"@type":"Person","@id":"https:\/\/www.adf.org.br\/home\/#\/schema\/person\/f35a5c5aa7728a3dedf4ea9aa1fc2753","name":"Gabriel Barbosa","image":{"@type":"ImageObject","@id":"https:\/\/www.adf.org.br\/home\/#personlogo","inLanguage":"pt-BR","url":"https:\/\/secure.gravatar.com\/avatar\/2b2cb2f4637682c5605e8d36818f51ef?s=96&d=mm&r=g","contentUrl":"https:\/\/secure.gravatar.com\/avatar\/2b2cb2f4637682c5605e8d36818f51ef?s=96&d=mm&r=g","caption":"Gabriel Barbosa"},"url":"https:\/\/www.adf.org.br\/home\/author\/gabrielpmk-com-br\/"}]}},"_links":{"self":[{"href":"https:\/\/www.adf.org.br\/home\/wp-json\/wp\/v2\/posts\/22499"}],"collection":[{"href":"https:\/\/www.adf.org.br\/home\/wp-json\/wp\/v2\/posts"}],"about":[{"href":"https:\/\/www.adf.org.br\/home\/wp-json\/wp\/v2\/types\/post"}],"author":[{"embeddable":true,"href":"https:\/\/www.adf.org.br\/home\/wp-json\/wp\/v2\/users\/31"}],"replies":[{"embeddable":true,"href":"https:\/\/www.adf.org.br\/home\/wp-json\/wp\/v2\/comments?post=22499"}],"version-history":[{"count":0,"href":"https:\/\/www.adf.org.br\/home\/wp-json\/wp\/v2\/posts\/22499\/revisions"}],"wp:featuredmedia":[{"embeddable":true,"href":"https:\/\/www.adf.org.br\/home\/wp-json\/wp\/v2\/media\/45690"}],"wp:attachment":[{"href":"https:\/\/www.adf.org.br\/home\/wp-json\/wp\/v2\/media?parent=22499"}],"wp:term":[{"taxonomy":"category","embeddable":true,"href":"https:\/\/www.adf.org.br\/home\/wp-json\/wp\/v2\/categories?post=22499"},{"taxonomy":"post_tag","embeddable":true,"href":"https:\/\/www.adf.org.br\/home\/wp-json\/wp\/v2\/tags?post=22499"}],"curies":[{"name":"wp","href":"https:\/\/api.w.org\/{rel}","templated":true}]}}