{"id":21784,"date":"2013-09-30T00:01:08","date_gmt":"2013-09-30T03:01:08","guid":{"rendered":"http:\/\/www.adf.org.br\/home\/?p=21784"},"modified":"2013-09-30T00:01:08","modified_gmt":"2013-09-30T03:01:08","slug":"a-milagrosa-origem-da-devocao-a-nossa-senhora-da-lapa","status":"publish","type":"post","link":"https:\/\/www.adf.org.br\/home\/a-milagrosa-origem-da-devocao-a-nossa-senhora-da-lapa\/","title":{"rendered":"A milagrosa origem da devo\u00e7\u00e3o a Nossa Senhora da Lapa"},"content":{"rendered":"<p align=\"left\"><span style=\"font-size: medium;\"><strong>A hist\u00f3ria da devo\u00e7\u00e3o a Nossa Senhora da Lapa iniciou-se em meados do ano de 982 em Portugal.<\/strong><\/span><\/p>\n<p><img loading=\"lazy\" class=\"alignleft  wp-image-21789\" title=\"Nossa Senhora da Lapa, na Igreja da Lapa, em Arcos de Valdevez, norte de Portugal\" src=\"http:\/\/www.adf.org.br\/home\/wp-content\/uploads\/2013\/09\/Nossa-Senhora-da-Lapa-01-na-Igreja-da-Lapa-em-Arcos-de-Valdevez-norte-de-Portugal.jpg\" alt=\"\" width=\"221\" height=\"403\" \/><\/p>\n<div>Naquela data o general mouro Alman\u00e7or, em uma de suas campanhas militares atacou o Convento de Sisimiro, situado na localidade de Quintela, Sernancelhe.<br \/>\nO cruel mouro martirizou parte das religiosas que ali se encontravam.As religiosas que conseguiram escapar do general se abrigaram numa lapa (gruta), levando consigo uma imagem de Nossa Senhora.A imagem ficou ali por cerca de quinhentos anos e foi sendo esquecida.<\/p>\n<p>Em 1498, uma jovem pastora chamada Joana, menina ainda e muda de nascen\u00e7a, ao pastorear as ovelhas pelos arredores da gruta, penetrou na gruta e ali encontrou a imagem, pequena e formosa.<\/p>\n<p>Por\u00e9m, inocentemente, \u00a0a menina interpretou o achado como uma boneca e a colocou na cesta onde guardava seus pertences e seu lanche.<\/p>\n<p>Durante o pastoreio, a menina enfeitava a cesta como podia, procurando as mais lindas flores para orn\u00e1-la.<\/p>\n<p>Embora as ovelhas se encontrassem sempre no mesmo lugar, estavam sempre alimentadas e tranquilas, o que despertou coment\u00e1rios de algumas pessoas.<\/p>\n<p align=\"left\">Estes coment\u00e1rios chegaram aos ouvidos da m\u00e3e de Joana, que, j\u00e1 enervada com as teimosias da menina, num momento de irrita\u00e7\u00e3o, pegou a santa imagem e atirou-a ao fogo.<\/p>\n<p>Ao ver isso, a menina soltou um grito:\u00a0<strong><em>&#8220;N\u00e3o! Minha m\u00e3e! \u00c9 Nossa Senhora! O que fez?&#8221;<\/em><\/strong>.<\/p>\n<figure id=\"attachment_21791\" aria-describedby=\"caption-attachment-21791\" style=\"width: 384px\" class=\"wp-caption alignright\"><img loading=\"lazy\" class=\" wp-image-21791 \" title=\"Sernancelhe 05, gruta onde apareceu a imagem de Nossa Senhora da Lapa\" src=\"http:\/\/www.adf.org.br\/home\/wp-content\/uploads\/2013\/09\/Sernancelhe-05-gruta-onde-apareceu-a-imagem-de-Nossa-Senhora-da-Lapa.jpg\" alt=\"\" width=\"384\" height=\"256\" \/><figcaption id=\"caption-attachment-21791\" class=\"wp-caption-text\">Gruta onde apareceu a imagem de Nossa Senhora da Lapa<\/figcaption><\/figure>\n<p>Sua l\u00edngua desprendeu-se instantaneamente de forma irrevers\u00edvel e sua m\u00e3e, neste momento, ficou com o bra\u00e7o paralisado.<\/p>\n<p>Ainda muito emocionadas, a menina e a m\u00e3e oraram e o bra\u00e7o paralisado ficou curado.<\/p>\n<p align=\"left\">As pessoas do povoado reconhecendo ent\u00e3o \u00a0o valor da santa e milagrosa imagem, constru\u00edram, sob a orienta\u00e7\u00e3o da menina Joana, uma capela para abrig\u00e1-la.<\/p>\n<p>E a imagem ali ficou, mesmo ap\u00f3s as diversas tentativas do clero de lev\u00e1-la para a igreja paroquial, de onde sempre desaparecia de modo misterioso.<\/p>\n<p>A devo\u00e7\u00e3o \u00e0 Nossa Senhora da Lapa acabou por difundir-se em Portugal\u00a0<strong>e trazida para o Brasil pelos colonizadores portugueses, onde \u00e9 venerada em muitas igrejas.<\/strong><\/p>\n<p align=\"left\"><em>Fonte: Ora\u00e7\u00f5es e Milagres Medievais<\/em><\/p>\n<\/div>\n","protected":false},"excerpt":{"rendered":"<p>A hist\u00f3ria da devo\u00e7\u00e3o a Nossa Senhora da Lapa iniciou-se em meados do ano de 982 em Portugal. Naquela data o general mouro Alman\u00e7or, em uma de suas campanhas militares atacou o Convento de Sisimiro, situado na localidade de Quintela, Sernancelhe. O cruel mouro martirizou parte das religiosas que ali se encontravam.As religiosas que conseguiram [&hellip;]<\/p>\n","protected":false},"author":31,"featured_media":0,"comment_status":"open","ping_status":"open","sticky":false,"template":"","format":"standard","meta":[],"categories":[20],"tags":[304,948],"yoast_head":"<!-- This site is optimized with the Yoast SEO plugin v17.4 - https:\/\/yoast.com\/wordpress\/plugins\/seo\/ -->\n<title>A milagrosa origem da devo\u00e7\u00e3o a Nossa Senhora da Lapa - Associa\u00e7\u00e3o Devotos de F\u00e1tima<\/title>\n<meta name=\"robots\" content=\"index, follow, max-snippet:-1, max-image-preview:large, max-video-preview:-1\" \/>\n<link rel=\"canonical\" href=\"https:\/\/www.adf.org.br\/home\/a-milagrosa-origem-da-devocao-a-nossa-senhora-da-lapa\/\" \/>\n<meta property=\"og:locale\" content=\"pt_BR\" \/>\n<meta property=\"og:type\" content=\"article\" \/>\n<meta property=\"og:title\" content=\"A milagrosa origem da devo\u00e7\u00e3o a Nossa Senhora da Lapa - Associa\u00e7\u00e3o Devotos de F\u00e1tima\" \/>\n<meta property=\"og:description\" content=\"A hist\u00f3ria da devo\u00e7\u00e3o a Nossa Senhora da Lapa iniciou-se em meados do ano de 982 em Portugal. Naquela data o general mouro Alman\u00e7or, em uma de suas campanhas militares atacou o Convento de Sisimiro, situado na localidade de Quintela, Sernancelhe. O cruel mouro martirizou parte das religiosas que ali se encontravam.As religiosas que conseguiram [&hellip;]\" \/>\n<meta property=\"og:url\" content=\"https:\/\/www.adf.org.br\/home\/a-milagrosa-origem-da-devocao-a-nossa-senhora-da-lapa\/\" \/>\n<meta property=\"og:site_name\" content=\"Associa\u00e7\u00e3o Devotos de F\u00e1tima\" \/>\n<meta property=\"article:published_time\" content=\"2013-09-30T03:01:08+00:00\" \/>\n<meta property=\"og:image\" content=\"http:\/\/www.adf.org.br\/home\/wp-content\/uploads\/2013\/09\/Nossa-Senhora-da-Lapa-01-na-Igreja-da-Lapa-em-Arcos-de-Valdevez-norte-de-Portugal.jpg\" \/>\n<meta name=\"twitter:card\" content=\"summary_large_image\" \/>\n<meta name=\"twitter:label1\" content=\"Escrito por\" \/>\n\t<meta name=\"twitter:data1\" content=\"Gabriel Barbosa\" \/>\n\t<meta name=\"twitter:label2\" content=\"Est. tempo de leitura\" \/>\n\t<meta name=\"twitter:data2\" content=\"2 minutos\" \/>\n<script type=\"application\/ld+json\" class=\"yoast-schema-graph\">{\"@context\":\"https:\/\/schema.org\",\"@graph\":[{\"@type\":\"WebSite\",\"@id\":\"https:\/\/www.adf.org.br\/home\/#website\",\"url\":\"https:\/\/www.adf.org.br\/home\/\",\"name\":\"Associa\\u00e7\\u00e3o Devotos de F\\u00e1tima\",\"description\":\"Associa\\u00e7\\u00e3o Devotos de F\\u00e1tima\",\"potentialAction\":[{\"@type\":\"SearchAction\",\"target\":{\"@type\":\"EntryPoint\",\"urlTemplate\":\"https:\/\/www.adf.org.br\/home\/?s={search_term_string}\"},\"query-input\":\"required name=search_term_string\"}],\"inLanguage\":\"pt-BR\"},{\"@type\":\"ImageObject\",\"@id\":\"https:\/\/www.adf.org.br\/home\/a-milagrosa-origem-da-devocao-a-nossa-senhora-da-lapa\/#primaryimage\",\"inLanguage\":\"pt-BR\",\"url\":\"http:\/\/www.adf.org.br\/home\/wp-content\/uploads\/2013\/09\/Nossa-Senhora-da-Lapa-01-na-Igreja-da-Lapa-em-Arcos-de-Valdevez-norte-de-Portugal.jpg\",\"contentUrl\":\"http:\/\/www.adf.org.br\/home\/wp-content\/uploads\/2013\/09\/Nossa-Senhora-da-Lapa-01-na-Igreja-da-Lapa-em-Arcos-de-Valdevez-norte-de-Portugal.jpg\"},{\"@type\":\"WebPage\",\"@id\":\"https:\/\/www.adf.org.br\/home\/a-milagrosa-origem-da-devocao-a-nossa-senhora-da-lapa\/#webpage\",\"url\":\"https:\/\/www.adf.org.br\/home\/a-milagrosa-origem-da-devocao-a-nossa-senhora-da-lapa\/\",\"name\":\"A milagrosa origem da devo\\u00e7\\u00e3o a Nossa Senhora da Lapa - Associa\\u00e7\\u00e3o Devotos de F\\u00e1tima\",\"isPartOf\":{\"@id\":\"https:\/\/www.adf.org.br\/home\/#website\"},\"primaryImageOfPage\":{\"@id\":\"https:\/\/www.adf.org.br\/home\/a-milagrosa-origem-da-devocao-a-nossa-senhora-da-lapa\/#primaryimage\"},\"datePublished\":\"2013-09-30T03:01:08+00:00\",\"dateModified\":\"2013-09-30T03:01:08+00:00\",\"author\":{\"@id\":\"https:\/\/www.adf.org.br\/home\/#\/schema\/person\/f35a5c5aa7728a3dedf4ea9aa1fc2753\"},\"breadcrumb\":{\"@id\":\"https:\/\/www.adf.org.br\/home\/a-milagrosa-origem-da-devocao-a-nossa-senhora-da-lapa\/#breadcrumb\"},\"inLanguage\":\"pt-BR\",\"potentialAction\":[{\"@type\":\"ReadAction\",\"target\":[\"https:\/\/www.adf.org.br\/home\/a-milagrosa-origem-da-devocao-a-nossa-senhora-da-lapa\/\"]}]},{\"@type\":\"BreadcrumbList\",\"@id\":\"https:\/\/www.adf.org.br\/home\/a-milagrosa-origem-da-devocao-a-nossa-senhora-da-lapa\/#breadcrumb\",\"itemListElement\":[{\"@type\":\"ListItem\",\"position\":1,\"name\":\"Home\",\"item\":\"https:\/\/www.adf.org.br\/home\/\"},{\"@type\":\"ListItem\",\"position\":2,\"name\":\"A milagrosa origem da devo\\u00e7\\u00e3o a Nossa Senhora da Lapa\"}]},{\"@type\":\"Person\",\"@id\":\"https:\/\/www.adf.org.br\/home\/#\/schema\/person\/f35a5c5aa7728a3dedf4ea9aa1fc2753\",\"name\":\"Gabriel Barbosa\",\"image\":{\"@type\":\"ImageObject\",\"@id\":\"https:\/\/www.adf.org.br\/home\/#personlogo\",\"inLanguage\":\"pt-BR\",\"url\":\"https:\/\/secure.gravatar.com\/avatar\/2b2cb2f4637682c5605e8d36818f51ef?s=96&d=mm&r=g\",\"contentUrl\":\"https:\/\/secure.gravatar.com\/avatar\/2b2cb2f4637682c5605e8d36818f51ef?s=96&d=mm&r=g\",\"caption\":\"Gabriel Barbosa\"},\"url\":\"https:\/\/www.adf.org.br\/home\/author\/gabrielpmk-com-br\/\"}]}<\/script>\n<!-- \/ Yoast SEO plugin. -->","yoast_head_json":{"title":"A milagrosa origem da devo\u00e7\u00e3o a Nossa Senhora da Lapa - Associa\u00e7\u00e3o Devotos de F\u00e1tima","robots":{"index":"index","follow":"follow","max-snippet":"max-snippet:-1","max-image-preview":"max-image-preview:large","max-video-preview":"max-video-preview:-1"},"canonical":"https:\/\/www.adf.org.br\/home\/a-milagrosa-origem-da-devocao-a-nossa-senhora-da-lapa\/","og_locale":"pt_BR","og_type":"article","og_title":"A milagrosa origem da devo\u00e7\u00e3o a Nossa Senhora da Lapa - Associa\u00e7\u00e3o Devotos de F\u00e1tima","og_description":"A hist\u00f3ria da devo\u00e7\u00e3o a Nossa Senhora da Lapa iniciou-se em meados do ano de 982 em Portugal. Naquela data o general mouro Alman\u00e7or, em uma de suas campanhas militares atacou o Convento de Sisimiro, situado na localidade de Quintela, Sernancelhe. O cruel mouro martirizou parte das religiosas que ali se encontravam.As religiosas que conseguiram [&hellip;]","og_url":"https:\/\/www.adf.org.br\/home\/a-milagrosa-origem-da-devocao-a-nossa-senhora-da-lapa\/","og_site_name":"Associa\u00e7\u00e3o Devotos de F\u00e1tima","article_published_time":"2013-09-30T03:01:08+00:00","og_image":[{"url":"http:\/\/www.adf.org.br\/home\/wp-content\/uploads\/2013\/09\/Nossa-Senhora-da-Lapa-01-na-Igreja-da-Lapa-em-Arcos-de-Valdevez-norte-de-Portugal.jpg"}],"twitter_card":"summary_large_image","twitter_misc":{"Escrito por":"Gabriel Barbosa","Est. tempo de leitura":"2 minutos"},"schema":{"@context":"https:\/\/schema.org","@graph":[{"@type":"WebSite","@id":"https:\/\/www.adf.org.br\/home\/#website","url":"https:\/\/www.adf.org.br\/home\/","name":"Associa\u00e7\u00e3o Devotos de F\u00e1tima","description":"Associa\u00e7\u00e3o Devotos de F\u00e1tima","potentialAction":[{"@type":"SearchAction","target":{"@type":"EntryPoint","urlTemplate":"https:\/\/www.adf.org.br\/home\/?s={search_term_string}"},"query-input":"required name=search_term_string"}],"inLanguage":"pt-BR"},{"@type":"ImageObject","@id":"https:\/\/www.adf.org.br\/home\/a-milagrosa-origem-da-devocao-a-nossa-senhora-da-lapa\/#primaryimage","inLanguage":"pt-BR","url":"http:\/\/www.adf.org.br\/home\/wp-content\/uploads\/2013\/09\/Nossa-Senhora-da-Lapa-01-na-Igreja-da-Lapa-em-Arcos-de-Valdevez-norte-de-Portugal.jpg","contentUrl":"http:\/\/www.adf.org.br\/home\/wp-content\/uploads\/2013\/09\/Nossa-Senhora-da-Lapa-01-na-Igreja-da-Lapa-em-Arcos-de-Valdevez-norte-de-Portugal.jpg"},{"@type":"WebPage","@id":"https:\/\/www.adf.org.br\/home\/a-milagrosa-origem-da-devocao-a-nossa-senhora-da-lapa\/#webpage","url":"https:\/\/www.adf.org.br\/home\/a-milagrosa-origem-da-devocao-a-nossa-senhora-da-lapa\/","name":"A milagrosa origem da devo\u00e7\u00e3o a Nossa Senhora da Lapa - Associa\u00e7\u00e3o Devotos de F\u00e1tima","isPartOf":{"@id":"https:\/\/www.adf.org.br\/home\/#website"},"primaryImageOfPage":{"@id":"https:\/\/www.adf.org.br\/home\/a-milagrosa-origem-da-devocao-a-nossa-senhora-da-lapa\/#primaryimage"},"datePublished":"2013-09-30T03:01:08+00:00","dateModified":"2013-09-30T03:01:08+00:00","author":{"@id":"https:\/\/www.adf.org.br\/home\/#\/schema\/person\/f35a5c5aa7728a3dedf4ea9aa1fc2753"},"breadcrumb":{"@id":"https:\/\/www.adf.org.br\/home\/a-milagrosa-origem-da-devocao-a-nossa-senhora-da-lapa\/#breadcrumb"},"inLanguage":"pt-BR","potentialAction":[{"@type":"ReadAction","target":["https:\/\/www.adf.org.br\/home\/a-milagrosa-origem-da-devocao-a-nossa-senhora-da-lapa\/"]}]},{"@type":"BreadcrumbList","@id":"https:\/\/www.adf.org.br\/home\/a-milagrosa-origem-da-devocao-a-nossa-senhora-da-lapa\/#breadcrumb","itemListElement":[{"@type":"ListItem","position":1,"name":"Home","item":"https:\/\/www.adf.org.br\/home\/"},{"@type":"ListItem","position":2,"name":"A milagrosa origem da devo\u00e7\u00e3o a Nossa Senhora da Lapa"}]},{"@type":"Person","@id":"https:\/\/www.adf.org.br\/home\/#\/schema\/person\/f35a5c5aa7728a3dedf4ea9aa1fc2753","name":"Gabriel Barbosa","image":{"@type":"ImageObject","@id":"https:\/\/www.adf.org.br\/home\/#personlogo","inLanguage":"pt-BR","url":"https:\/\/secure.gravatar.com\/avatar\/2b2cb2f4637682c5605e8d36818f51ef?s=96&d=mm&r=g","contentUrl":"https:\/\/secure.gravatar.com\/avatar\/2b2cb2f4637682c5605e8d36818f51ef?s=96&d=mm&r=g","caption":"Gabriel Barbosa"},"url":"https:\/\/www.adf.org.br\/home\/author\/gabrielpmk-com-br\/"}]}},"_links":{"self":[{"href":"https:\/\/www.adf.org.br\/home\/wp-json\/wp\/v2\/posts\/21784"}],"collection":[{"href":"https:\/\/www.adf.org.br\/home\/wp-json\/wp\/v2\/posts"}],"about":[{"href":"https:\/\/www.adf.org.br\/home\/wp-json\/wp\/v2\/types\/post"}],"author":[{"embeddable":true,"href":"https:\/\/www.adf.org.br\/home\/wp-json\/wp\/v2\/users\/31"}],"replies":[{"embeddable":true,"href":"https:\/\/www.adf.org.br\/home\/wp-json\/wp\/v2\/comments?post=21784"}],"version-history":[{"count":0,"href":"https:\/\/www.adf.org.br\/home\/wp-json\/wp\/v2\/posts\/21784\/revisions"}],"wp:attachment":[{"href":"https:\/\/www.adf.org.br\/home\/wp-json\/wp\/v2\/media?parent=21784"}],"wp:term":[{"taxonomy":"category","embeddable":true,"href":"https:\/\/www.adf.org.br\/home\/wp-json\/wp\/v2\/categories?post=21784"},{"taxonomy":"post_tag","embeddable":true,"href":"https:\/\/www.adf.org.br\/home\/wp-json\/wp\/v2\/tags?post=21784"}],"curies":[{"name":"wp","href":"https:\/\/api.w.org\/{rel}","templated":true}]}}