{"id":21604,"date":"2013-08-31T00:00:36","date_gmt":"2013-08-31T03:00:36","guid":{"rendered":"http:\/\/www.adf.org.br\/home\/?p=21604"},"modified":"2013-08-31T00:00:36","modified_gmt":"2013-08-31T03:00:36","slug":"quem-nos-protege-jesus-ou-os-anjos","status":"publish","type":"post","link":"https:\/\/www.adf.org.br\/home\/quem-nos-protege-jesus-ou-os-anjos\/","title":{"rendered":"Quem nos protege, Jesus ou os anjos?"},"content":{"rendered":"<p><span style=\"color: #0000ff; font-size: medium;\"><strong>Os anjos existem, essa \u00e9 uma realidade ineg\u00e1vel. O pr\u00f3prio Jesus assim o atestou nos Evangelhos. Trata-se de uma verdade de f\u00e9.<\/strong><\/span><br \/>\n<span style=\"color: #ffffff;\">.<\/span><br \/>\n<a href=\"http:\/\/www.medalhasaomiguel.com.br\/?origem=1\"><img loading=\"lazy\" class=\"alignleft  wp-image-21613\" title=\"Anjo da anuncia\u00e7\u00e3o\" src=\"http:\/\/www.adf.org.br\/home\/wp-content\/uploads\/2013\/08\/Anjo-da-anuncia\u00e7\u00e3o.jpg\" alt=\"\" width=\"231\" height=\"280\" \/><\/a>Diz o Catecismo da Igreja Cat\u00f3lica, em seu n\u00famero 328 que:<span style=\"background-color: #00ffff;\"><em> &#8220;a exist\u00eancia dos seres espirituais, n\u00e3o-corporais, que Sagrada Escritura chama habitualmente de anjos, \u00e9 uma verdade de f\u00e9. O testemunho da Escritura a respeito \u00e9 t\u00e3o claro quanto a unanimidade da Tradi\u00e7\u00e3o.&#8221;<\/em><\/span><\/p>\n<p>Al\u00e9m da Sagrada Escritura, \u00e9 poss\u00edvel citar o Conc\u00edlio de Latr\u00e3o, na defini\u00e7\u00e3o contra os c\u00e1taros e os albigenses (DH 800) que fala claramente sobre a exist\u00eancia dos anjos, do mundo espiritual e do mundo material, do angelical e do mundano, e que o ser humano est\u00e1 no meio dessas duas realidades. Por\u00e9m, para o cat\u00f3lico n\u00e3o \u00e9 necess\u00e1rio citar textos e mais textos para provar a exist\u00eancia dos anjos, a Revela\u00e7\u00e3o \u00e9 o bastante.<\/p>\n<p>Os anjos s\u00e3o seres pessoais, ou seja, n\u00e3o s\u00e3o for\u00e7as c\u00f3smicas ou uma realidade aleg\u00f3rica, metaf\u00f3rica. A Enc\u00edclica Humanis generis, do Papa Pio XII, refuta a heresia modernista, simbolizada pela dificuldade que os te\u00f3logos liberais t\u00eam de aceitar a exist\u00eancia dos anjos: &#8220;alguns tamb\u00e9m p\u00f5e em discuss\u00e3o se os anjos s\u00e3o criaturas pessoais e se a mat\u00e9ria difere essencialmente do esp\u00edrito.&#8221; (DH 3891).<\/p>\n<p><strong>Os anjos s\u00e3o realmente criaturas pessoais. Assim, a pergunta que resta \u00e9: eles ajudam o homem ou n\u00e3o, o protegem ou n\u00e3o?<\/strong><\/p>\n<p><strong>A Tradi\u00e7\u00e3o da Igreja e o dado da Sagrada Escritura s\u00e3o claros ao afirmar que cada homem possui o seu anjo da guarda.<\/strong> O anjo n\u00e3o est\u00e1 somente com o homem, mas tamb\u00e9m com Deus: <em>&#8220;Guardai-vos de menosprezar um s\u00f3 destes pequenos, porque eu vos digo que seus anjos no c\u00e9u contemplam sem cessar a face de meu Pai que est\u00e1 nos c\u00e9us.&#8221; (Mt 18,10).<\/em><\/p>\n<p>Os anjos cuidam dos pequeninos, mas tamb\u00e9m dos grandes:<\/p>\n<blockquote><p><em>&#8220;De repente, apresentou-se um anjo do Senhor, e uma luz brilhou no recinto. Tocando no lado de Pedro, o anjo despertou-o: Levanta-te depressa, disse ele. Ca\u00edram-lhe as cadeias das m\u00e3os.<\/em><br \/>\n<em> O anjo ordenou: Cinge-te e cal\u00e7a as tuas sand\u00e1lias. Ele assim o fez. O anjo acrescentou: Cobre-te com a tua capa e segue-me.<\/em><br \/>\n<em> Pedro saiu e seguiu-o, sem saber se era real o que se fazia por meio do anjo. Julgava estar sonhando.<\/em><br \/>\n<em> Passaram o primeiro e o segundo postos da guarda. Chegaram ao port\u00e3o de ferro, que d\u00e1 para a cidade, o qual se lhes abriu por si mesmo. Sa\u00edram e tomaram juntos uma rua. Em seguida, de s\u00fabito, o anjo desapareceu.<\/em><br \/>\n<em> Ent\u00e3o Pedro tornou a si e disse: Agora vejo que o Senhor mandou verdadeiramente o seu anjo e me livrou da m\u00e3o de Herodes e de tudo o que esperava o povo dos judeus.&#8221; (At 12, 7-11)<\/em><\/p><\/blockquote>\n<p>Diante dessa verdade de f\u00e9, por que algumas pessoas ainda t\u00eam dificuldades em aceitar a exist\u00eancia e a prote\u00e7\u00e3o dos anjos? Porque n\u00e3o conhecem a si mesmas. Existe uma grande barreira que impede o homem moderno de distinguir a imagina\u00e7\u00e3o da compreens\u00e3o racional. Para elas, o que n\u00e3o se pode imaginar n\u00e3o existe e n\u00e3o pode ser compreendido, mas s\u00e3o duas realidades bem diferentes.<\/p>\n<p>Os anjos s\u00e3o esp\u00edritos puros, assim eles nunca foram experimentados pelo homem, o que n\u00e3o quer dizer que eles n\u00e3o possam ser conhecidos, compreendidos e cridos. Para se entender a realidade ang\u00e9lica \u00e9 preciso um conhecimento pessoal antes.<\/p>\n<p>Eles s\u00e3o tamb\u00e9m guardi\u00f5es dos homens. O que n\u00e3o desmerece nem diminui a prote\u00e7\u00e3o do Senhor Jesus. Ele aumenta a sua gl\u00f3ria quando coloca ao lado dos homens criaturas que os guardam.<\/p>\n<p><img loading=\"lazy\" class=\"aligncenter size-full wp-image-21614\" title=\"Medalha de S\u00e3o Miguel Arcanjo\" src=\"http:\/\/www.adf.org.br\/home\/wp-content\/uploads\/2013\/08\/banner_adf_portal.jpg\" alt=\"\" width=\"604\" height=\"160\" \/><\/p>\n<p>Os anjos guardi\u00f5es n\u00e3o s\u00e3o uma realidade reconfortante nem criaturas fofas com asas e aur\u00e9ola. N\u00e3o, s\u00e3o criaturas terr\u00edveis, segundo as Sagradas Escrituras, tanto \u00e9 que a primeira coisa que eles dizem ao se aproximar do homem \u00e9 &#8220;n\u00e3o tenhas medo&#8221; porque, embora eles sejam um aux\u00edlio de Deus, fazem parte da realidade divina, muito maior que o homem.<\/p>\n<p>Os anjos s\u00e3o maiores que qualquer realidade vis\u00edvel experimentada pelo homem, s\u00e3o tremendos, fascinantes, s\u00e1bios, inteligentes e presentes.<\/p>\n<p>Eles s\u00e3o uma presen\u00e7a divina ao lado de cada homem, inspirando-o a conhec\u00ea-lo, a tem\u00ea-lo por ser uma presen\u00e7a sagrada, a confiar nele por sua prote\u00e7\u00e3o. S<\/p>\n<p>\u00e3o Pio de Pietralcina diz que os anjos da guarda s\u00e3o imensamente humildes e s\u00f3 ajudar\u00e3o o homem ap\u00f3s receber o consentimento para tal, no que diferem completamente dos dem\u00f4nios que entram sem serem convidados.<\/p>\n<p>\u00c9 por isso que todos os dias \u00e9 preciso rezar e pedir que eles venham desempenhar sua prote\u00e7\u00e3o. Deus na sua gl\u00f3ria manifesta tamb\u00e9m seu cuidado para com os homens atrav\u00e9s dos anjos.<\/p>\n<p><em>Padre Paulo Ricardo<\/em><br \/>\n<em> Fonte: site\u00a0Christo Nihil Praeponere<\/em><\/p>\n","protected":false},"excerpt":{"rendered":"<p>Os anjos existem, essa \u00e9 uma realidade ineg\u00e1vel. O pr\u00f3prio Jesus assim o atestou nos Evangelhos. Trata-se de uma verdade de f\u00e9. . Diz o Catecismo da Igreja Cat\u00f3lica, em seu n\u00famero 328 que: &#8220;a exist\u00eancia dos seres espirituais, n\u00e3o-corporais, que Sagrada Escritura chama habitualmente de anjos, \u00e9 uma verdade de f\u00e9. O testemunho da [&hellip;]<\/p>\n","protected":false},"author":31,"featured_media":0,"comment_status":"open","ping_status":"open","sticky":false,"template":"","format":"standard","meta":[],"categories":[20],"tags":[40],"yoast_head":"<!-- This site is optimized with the Yoast SEO plugin v17.4 - https:\/\/yoast.com\/wordpress\/plugins\/seo\/ -->\n<title>Quem nos protege, Jesus ou os anjos? - Associa\u00e7\u00e3o Devotos de F\u00e1tima<\/title>\n<meta name=\"robots\" content=\"index, follow, max-snippet:-1, max-image-preview:large, max-video-preview:-1\" \/>\n<link rel=\"canonical\" href=\"https:\/\/www.adf.org.br\/home\/quem-nos-protege-jesus-ou-os-anjos\/\" \/>\n<meta property=\"og:locale\" content=\"pt_BR\" \/>\n<meta property=\"og:type\" content=\"article\" \/>\n<meta property=\"og:title\" content=\"Quem nos protege, Jesus ou os anjos? - Associa\u00e7\u00e3o Devotos de F\u00e1tima\" \/>\n<meta property=\"og:description\" content=\"Os anjos existem, essa \u00e9 uma realidade ineg\u00e1vel. O pr\u00f3prio Jesus assim o atestou nos Evangelhos. Trata-se de uma verdade de f\u00e9. . Diz o Catecismo da Igreja Cat\u00f3lica, em seu n\u00famero 328 que: &#8220;a exist\u00eancia dos seres espirituais, n\u00e3o-corporais, que Sagrada Escritura chama habitualmente de anjos, \u00e9 uma verdade de f\u00e9. O testemunho da [&hellip;]\" \/>\n<meta property=\"og:url\" content=\"https:\/\/www.adf.org.br\/home\/quem-nos-protege-jesus-ou-os-anjos\/\" \/>\n<meta property=\"og:site_name\" content=\"Associa\u00e7\u00e3o Devotos de F\u00e1tima\" \/>\n<meta property=\"article:published_time\" content=\"2013-08-31T03:00:36+00:00\" \/>\n<meta property=\"og:image\" content=\"http:\/\/www.adf.org.br\/home\/wp-content\/uploads\/2013\/08\/Anjo-da-anuncia\u00e7\u00e3o.jpg\" \/>\n<meta name=\"twitter:card\" content=\"summary_large_image\" \/>\n<meta name=\"twitter:label1\" content=\"Escrito por\" \/>\n\t<meta name=\"twitter:data1\" content=\"Gabriel Barbosa\" \/>\n\t<meta name=\"twitter:label2\" content=\"Est. tempo de leitura\" \/>\n\t<meta name=\"twitter:data2\" content=\"4 minutos\" \/>\n<script type=\"application\/ld+json\" class=\"yoast-schema-graph\">{\"@context\":\"https:\/\/schema.org\",\"@graph\":[{\"@type\":\"WebSite\",\"@id\":\"https:\/\/www.adf.org.br\/home\/#website\",\"url\":\"https:\/\/www.adf.org.br\/home\/\",\"name\":\"Associa\\u00e7\\u00e3o Devotos de F\\u00e1tima\",\"description\":\"Associa\\u00e7\\u00e3o Devotos de F\\u00e1tima\",\"potentialAction\":[{\"@type\":\"SearchAction\",\"target\":{\"@type\":\"EntryPoint\",\"urlTemplate\":\"https:\/\/www.adf.org.br\/home\/?s={search_term_string}\"},\"query-input\":\"required name=search_term_string\"}],\"inLanguage\":\"pt-BR\"},{\"@type\":\"ImageObject\",\"@id\":\"https:\/\/www.adf.org.br\/home\/quem-nos-protege-jesus-ou-os-anjos\/#primaryimage\",\"inLanguage\":\"pt-BR\",\"url\":\"http:\/\/www.adf.org.br\/home\/wp-content\/uploads\/2013\/08\/Anjo-da-anuncia\\u00e7\\u00e3o.jpg\",\"contentUrl\":\"http:\/\/www.adf.org.br\/home\/wp-content\/uploads\/2013\/08\/Anjo-da-anuncia\\u00e7\\u00e3o.jpg\"},{\"@type\":\"WebPage\",\"@id\":\"https:\/\/www.adf.org.br\/home\/quem-nos-protege-jesus-ou-os-anjos\/#webpage\",\"url\":\"https:\/\/www.adf.org.br\/home\/quem-nos-protege-jesus-ou-os-anjos\/\",\"name\":\"Quem nos protege, Jesus ou os anjos? - Associa\\u00e7\\u00e3o Devotos de F\\u00e1tima\",\"isPartOf\":{\"@id\":\"https:\/\/www.adf.org.br\/home\/#website\"},\"primaryImageOfPage\":{\"@id\":\"https:\/\/www.adf.org.br\/home\/quem-nos-protege-jesus-ou-os-anjos\/#primaryimage\"},\"datePublished\":\"2013-08-31T03:00:36+00:00\",\"dateModified\":\"2013-08-31T03:00:36+00:00\",\"author\":{\"@id\":\"https:\/\/www.adf.org.br\/home\/#\/schema\/person\/f35a5c5aa7728a3dedf4ea9aa1fc2753\"},\"breadcrumb\":{\"@id\":\"https:\/\/www.adf.org.br\/home\/quem-nos-protege-jesus-ou-os-anjos\/#breadcrumb\"},\"inLanguage\":\"pt-BR\",\"potentialAction\":[{\"@type\":\"ReadAction\",\"target\":[\"https:\/\/www.adf.org.br\/home\/quem-nos-protege-jesus-ou-os-anjos\/\"]}]},{\"@type\":\"BreadcrumbList\",\"@id\":\"https:\/\/www.adf.org.br\/home\/quem-nos-protege-jesus-ou-os-anjos\/#breadcrumb\",\"itemListElement\":[{\"@type\":\"ListItem\",\"position\":1,\"name\":\"Home\",\"item\":\"https:\/\/www.adf.org.br\/home\/\"},{\"@type\":\"ListItem\",\"position\":2,\"name\":\"Quem nos protege, Jesus ou os anjos?\"}]},{\"@type\":\"Person\",\"@id\":\"https:\/\/www.adf.org.br\/home\/#\/schema\/person\/f35a5c5aa7728a3dedf4ea9aa1fc2753\",\"name\":\"Gabriel Barbosa\",\"image\":{\"@type\":\"ImageObject\",\"@id\":\"https:\/\/www.adf.org.br\/home\/#personlogo\",\"inLanguage\":\"pt-BR\",\"url\":\"https:\/\/secure.gravatar.com\/avatar\/2b2cb2f4637682c5605e8d36818f51ef?s=96&d=mm&r=g\",\"contentUrl\":\"https:\/\/secure.gravatar.com\/avatar\/2b2cb2f4637682c5605e8d36818f51ef?s=96&d=mm&r=g\",\"caption\":\"Gabriel Barbosa\"},\"url\":\"https:\/\/www.adf.org.br\/home\/author\/gabrielpmk-com-br\/\"}]}<\/script>\n<!-- \/ Yoast SEO plugin. -->","yoast_head_json":{"title":"Quem nos protege, Jesus ou os anjos? - Associa\u00e7\u00e3o Devotos de F\u00e1tima","robots":{"index":"index","follow":"follow","max-snippet":"max-snippet:-1","max-image-preview":"max-image-preview:large","max-video-preview":"max-video-preview:-1"},"canonical":"https:\/\/www.adf.org.br\/home\/quem-nos-protege-jesus-ou-os-anjos\/","og_locale":"pt_BR","og_type":"article","og_title":"Quem nos protege, Jesus ou os anjos? - Associa\u00e7\u00e3o Devotos de F\u00e1tima","og_description":"Os anjos existem, essa \u00e9 uma realidade ineg\u00e1vel. O pr\u00f3prio Jesus assim o atestou nos Evangelhos. Trata-se de uma verdade de f\u00e9. . Diz o Catecismo da Igreja Cat\u00f3lica, em seu n\u00famero 328 que: &#8220;a exist\u00eancia dos seres espirituais, n\u00e3o-corporais, que Sagrada Escritura chama habitualmente de anjos, \u00e9 uma verdade de f\u00e9. O testemunho da [&hellip;]","og_url":"https:\/\/www.adf.org.br\/home\/quem-nos-protege-jesus-ou-os-anjos\/","og_site_name":"Associa\u00e7\u00e3o Devotos de F\u00e1tima","article_published_time":"2013-08-31T03:00:36+00:00","og_image":[{"url":"http:\/\/www.adf.org.br\/home\/wp-content\/uploads\/2013\/08\/Anjo-da-anuncia\u00e7\u00e3o.jpg"}],"twitter_card":"summary_large_image","twitter_misc":{"Escrito por":"Gabriel Barbosa","Est. tempo de leitura":"4 minutos"},"schema":{"@context":"https:\/\/schema.org","@graph":[{"@type":"WebSite","@id":"https:\/\/www.adf.org.br\/home\/#website","url":"https:\/\/www.adf.org.br\/home\/","name":"Associa\u00e7\u00e3o Devotos de F\u00e1tima","description":"Associa\u00e7\u00e3o Devotos de F\u00e1tima","potentialAction":[{"@type":"SearchAction","target":{"@type":"EntryPoint","urlTemplate":"https:\/\/www.adf.org.br\/home\/?s={search_term_string}"},"query-input":"required name=search_term_string"}],"inLanguage":"pt-BR"},{"@type":"ImageObject","@id":"https:\/\/www.adf.org.br\/home\/quem-nos-protege-jesus-ou-os-anjos\/#primaryimage","inLanguage":"pt-BR","url":"http:\/\/www.adf.org.br\/home\/wp-content\/uploads\/2013\/08\/Anjo-da-anuncia\u00e7\u00e3o.jpg","contentUrl":"http:\/\/www.adf.org.br\/home\/wp-content\/uploads\/2013\/08\/Anjo-da-anuncia\u00e7\u00e3o.jpg"},{"@type":"WebPage","@id":"https:\/\/www.adf.org.br\/home\/quem-nos-protege-jesus-ou-os-anjos\/#webpage","url":"https:\/\/www.adf.org.br\/home\/quem-nos-protege-jesus-ou-os-anjos\/","name":"Quem nos protege, Jesus ou os anjos? - Associa\u00e7\u00e3o Devotos de F\u00e1tima","isPartOf":{"@id":"https:\/\/www.adf.org.br\/home\/#website"},"primaryImageOfPage":{"@id":"https:\/\/www.adf.org.br\/home\/quem-nos-protege-jesus-ou-os-anjos\/#primaryimage"},"datePublished":"2013-08-31T03:00:36+00:00","dateModified":"2013-08-31T03:00:36+00:00","author":{"@id":"https:\/\/www.adf.org.br\/home\/#\/schema\/person\/f35a5c5aa7728a3dedf4ea9aa1fc2753"},"breadcrumb":{"@id":"https:\/\/www.adf.org.br\/home\/quem-nos-protege-jesus-ou-os-anjos\/#breadcrumb"},"inLanguage":"pt-BR","potentialAction":[{"@type":"ReadAction","target":["https:\/\/www.adf.org.br\/home\/quem-nos-protege-jesus-ou-os-anjos\/"]}]},{"@type":"BreadcrumbList","@id":"https:\/\/www.adf.org.br\/home\/quem-nos-protege-jesus-ou-os-anjos\/#breadcrumb","itemListElement":[{"@type":"ListItem","position":1,"name":"Home","item":"https:\/\/www.adf.org.br\/home\/"},{"@type":"ListItem","position":2,"name":"Quem nos protege, Jesus ou os anjos?"}]},{"@type":"Person","@id":"https:\/\/www.adf.org.br\/home\/#\/schema\/person\/f35a5c5aa7728a3dedf4ea9aa1fc2753","name":"Gabriel Barbosa","image":{"@type":"ImageObject","@id":"https:\/\/www.adf.org.br\/home\/#personlogo","inLanguage":"pt-BR","url":"https:\/\/secure.gravatar.com\/avatar\/2b2cb2f4637682c5605e8d36818f51ef?s=96&d=mm&r=g","contentUrl":"https:\/\/secure.gravatar.com\/avatar\/2b2cb2f4637682c5605e8d36818f51ef?s=96&d=mm&r=g","caption":"Gabriel Barbosa"},"url":"https:\/\/www.adf.org.br\/home\/author\/gabrielpmk-com-br\/"}]}},"_links":{"self":[{"href":"https:\/\/www.adf.org.br\/home\/wp-json\/wp\/v2\/posts\/21604"}],"collection":[{"href":"https:\/\/www.adf.org.br\/home\/wp-json\/wp\/v2\/posts"}],"about":[{"href":"https:\/\/www.adf.org.br\/home\/wp-json\/wp\/v2\/types\/post"}],"author":[{"embeddable":true,"href":"https:\/\/www.adf.org.br\/home\/wp-json\/wp\/v2\/users\/31"}],"replies":[{"embeddable":true,"href":"https:\/\/www.adf.org.br\/home\/wp-json\/wp\/v2\/comments?post=21604"}],"version-history":[{"count":0,"href":"https:\/\/www.adf.org.br\/home\/wp-json\/wp\/v2\/posts\/21604\/revisions"}],"wp:attachment":[{"href":"https:\/\/www.adf.org.br\/home\/wp-json\/wp\/v2\/media?parent=21604"}],"wp:term":[{"taxonomy":"category","embeddable":true,"href":"https:\/\/www.adf.org.br\/home\/wp-json\/wp\/v2\/categories?post=21604"},{"taxonomy":"post_tag","embeddable":true,"href":"https:\/\/www.adf.org.br\/home\/wp-json\/wp\/v2\/tags?post=21604"}],"curies":[{"name":"wp","href":"https:\/\/api.w.org\/{rel}","templated":true}]}}