{"id":21565,"date":"2013-09-22T00:00:22","date_gmt":"2013-09-22T03:00:22","guid":{"rendered":"http:\/\/www.adf.org.br\/home\/?p=21565"},"modified":"2013-09-22T00:00:22","modified_gmt":"2013-09-22T03:00:22","slug":"nossa-senhora-quer-curar-sobretudo-as-almas","status":"publish","type":"post","link":"https:\/\/www.adf.org.br\/home\/nossa-senhora-quer-curar-sobretudo-as-almas\/","title":{"rendered":"Nossa Senhora quer curar sobretudo as almas"},"content":{"rendered":"<p style=\"padding-left: 30px;\"><span style=\"font-size: medium; color: #800080;\"><strong>Nossa Senhora est\u00e1 infinitamente abaixo de Deus.<\/strong><\/span><\/p>\n<p><a href=\"http:\/\/www.adf.org.br\/vela-da-saude\/receba_medalha_presente.php\/?origem=1\" target=\"_blank\" rel=\"noopener noreferrer\"><img loading=\"lazy\" class=\"alignright  wp-image-21569\" title=\"Imaculada Concei\u00e7\u00e3o na Bas\u00edlica do Ros\u00e1rio em Lourdes\" src=\"http:\/\/www.adf.org.br\/home\/wp-content\/uploads\/2013\/09\/Imaculada-Concei\u00e7\u00e3o-na-Bas\u00edlica-do-Ros\u00e1rio-em-Lourdes.jpg\" alt=\"\" width=\"273\" height=\"448\" \/><\/a>E tudo quanto est\u00e1 abaixo de Nossa Senhora est\u00e1 incomensuravelmente abaixo d\u2019Ela. \u00c9 o que a perenidade das curas de Lourdes nos diz.<\/p>\n<p>H\u00e1 uma certa interpreta\u00e7\u00e3o da religi\u00e3o um pouco dada a pedir favores materiais, etc., etc., que desdenha os favores espirituais e que se impressiona muito com as curas materiais de Lourdes.<\/p>\n<p>Eles n\u00e3o compreendem que os favores materi<br \/>\nais que Deus d\u00e1 s\u00e3o de fato favores. E favores que a gente deve pedir.<\/p>\n<p>Mas que s\u00f3 s\u00e3o verdadeiramente favores, na medida em que levam a nossa alma a desejar os favores espirituais. As gra\u00e7as para a alma.<\/p>\n<p>\u00c9 por a\u00ed que verdadeiramente Deus atrai as almas para Ele, porque todos os favores tem este objetivo.<\/p>\n<p>N\u00e3o se pense que a cura de Lourdes \u00e9 s\u00f3 porque Nossa Senhora tem pena do homem que \u00e9 capenga.<\/p>\n<p>Ela tem pena do coxo, \u00e9 claro. Ela tem gosto em corrigir a capengui\u00e7e do coxo, \u00e9 claro.<\/p>\n<p>Mas Ela muito mais do que isto quer fazer para ele um bem para a alma.<\/p>\n<p>E serve-se de um milagre f\u00edsico, para fazer bem para a alma dele e dos outros que veem isto.<\/p>\n<p>E o bem que no caso est\u00e1 em vista \u00e9 uma grande f\u00e9 na verdade de que Ela \u00e9 medianeira todas as gra\u00e7as.<\/p>\n<figure id=\"attachment_21572\" aria-describedby=\"caption-attachment-21572\" style=\"width: 300px\" class=\"wp-caption alignleft\"><a href=\"http:\/\/www.adf.org.br\/vela-da-saude\/receba_medalha_presente.php\/?origem=1\" target=\"_blank\" rel=\"noopener noreferrer\"><img loading=\"lazy\" class=\"size-full wp-image-21572\" title=\"curar almas\" src=\"http:\/\/www.adf.org.br\/home\/wp-content\/uploads\/2013\/09\/curar-almas.jpg\" alt=\"\" width=\"300\" height=\"400\" \/><\/a><figcaption id=\"caption-attachment-21572\" class=\"wp-caption-text\">Curar as almas \u00e9 o mais importante<\/figcaption><\/figure>\n<p>Quando \u00e9 o caso de curar, Ela cura com amor materno, gosta muito de curar.<\/p>\n<p>Mas Ela cura para que?<\/p>\n<p>Para fazer sentir \u00e0s pessoas a bondade dEla. E para lhes estimular o desejo de se curarem dos males, das doen\u00e7as da alma.<\/p>\n<p>Para adquirirem os bens da alma; \u00e9 para isso que Ela faz.<\/p>\n<p>E \u00e9 assim que a coisa deve ser vista.<\/p>\n<p>Realmente considerando tamb\u00e9m a cura do corpo, mas visando sobretudo a cura da alma.<\/p>\n<p>Essas s\u00e3o considera\u00e7\u00f5es para fazer, por exemplo, na novena de Nossa Senhora de Lourdes ou durante alguma ora\u00e7\u00e3o a Ela pedindo uma gra\u00e7a que precisamos para n\u00f3s ou para os outros.<\/p>\n<p><strong>Autor: Plinio Corr\u00eaa de Oliveira, 4 de fevereiro de 1965. Sem revis\u00e3o do autor<br \/>\nFonte: Blog Lourdes e suas apari\u00e7\u00f5es\u00a0<\/strong><\/p>\n","protected":false},"excerpt":{"rendered":"<p>Nossa Senhora est\u00e1 infinitamente abaixo de Deus. E tudo quanto est\u00e1 abaixo de Nossa Senhora est\u00e1 incomensuravelmente abaixo d\u2019Ela. \u00c9 o que a perenidade das curas de Lourdes nos diz. H\u00e1 uma certa interpreta\u00e7\u00e3o da religi\u00e3o um pouco dada a pedir favores materiais, etc., etc., que desdenha os favores espirituais e que se impressiona muito [&hellip;]<\/p>\n","protected":false},"author":31,"featured_media":0,"comment_status":"open","ping_status":"open","sticky":false,"template":"","format":"standard","meta":[],"categories":[20],"tags":[524,54,370],"yoast_head":"<!-- This site is optimized with the Yoast SEO plugin v17.4 - https:\/\/yoast.com\/wordpress\/plugins\/seo\/ -->\n<title>Nossa Senhora quer curar sobretudo as almas - Associa\u00e7\u00e3o Devotos de F\u00e1tima<\/title>\n<meta name=\"robots\" content=\"index, follow, max-snippet:-1, max-image-preview:large, max-video-preview:-1\" \/>\n<link rel=\"canonical\" href=\"https:\/\/www.adf.org.br\/home\/nossa-senhora-quer-curar-sobretudo-as-almas\/\" \/>\n<meta property=\"og:locale\" content=\"pt_BR\" \/>\n<meta property=\"og:type\" content=\"article\" \/>\n<meta property=\"og:title\" content=\"Nossa Senhora quer curar sobretudo as almas - Associa\u00e7\u00e3o Devotos de F\u00e1tima\" \/>\n<meta property=\"og:description\" content=\"Nossa Senhora est\u00e1 infinitamente abaixo de Deus. E tudo quanto est\u00e1 abaixo de Nossa Senhora est\u00e1 incomensuravelmente abaixo d\u2019Ela. \u00c9 o que a perenidade das curas de Lourdes nos diz. H\u00e1 uma certa interpreta\u00e7\u00e3o da religi\u00e3o um pouco dada a pedir favores materiais, etc., etc., que desdenha os favores espirituais e que se impressiona muito [&hellip;]\" \/>\n<meta property=\"og:url\" content=\"https:\/\/www.adf.org.br\/home\/nossa-senhora-quer-curar-sobretudo-as-almas\/\" \/>\n<meta property=\"og:site_name\" content=\"Associa\u00e7\u00e3o Devotos de F\u00e1tima\" \/>\n<meta property=\"article:published_time\" content=\"2013-09-22T03:00:22+00:00\" \/>\n<meta property=\"og:image\" content=\"http:\/\/www.adf.org.br\/home\/wp-content\/uploads\/2013\/09\/Imaculada-Concei\u00e7\u00e3o-na-Bas\u00edlica-do-Ros\u00e1rio-em-Lourdes.jpg\" \/>\n<meta name=\"twitter:card\" content=\"summary_large_image\" \/>\n<meta name=\"twitter:label1\" content=\"Escrito por\" \/>\n\t<meta name=\"twitter:data1\" content=\"Gabriel Barbosa\" \/>\n\t<meta name=\"twitter:label2\" content=\"Est. tempo de leitura\" \/>\n\t<meta name=\"twitter:data2\" content=\"2 minutos\" \/>\n<script type=\"application\/ld+json\" class=\"yoast-schema-graph\">{\"@context\":\"https:\/\/schema.org\",\"@graph\":[{\"@type\":\"WebSite\",\"@id\":\"https:\/\/www.adf.org.br\/home\/#website\",\"url\":\"https:\/\/www.adf.org.br\/home\/\",\"name\":\"Associa\\u00e7\\u00e3o Devotos de F\\u00e1tima\",\"description\":\"Associa\\u00e7\\u00e3o Devotos de F\\u00e1tima\",\"potentialAction\":[{\"@type\":\"SearchAction\",\"target\":{\"@type\":\"EntryPoint\",\"urlTemplate\":\"https:\/\/www.adf.org.br\/home\/?s={search_term_string}\"},\"query-input\":\"required name=search_term_string\"}],\"inLanguage\":\"pt-BR\"},{\"@type\":\"ImageObject\",\"@id\":\"https:\/\/www.adf.org.br\/home\/nossa-senhora-quer-curar-sobretudo-as-almas\/#primaryimage\",\"inLanguage\":\"pt-BR\",\"url\":\"http:\/\/www.adf.org.br\/home\/wp-content\/uploads\/2013\/09\/Imaculada-Concei\\u00e7\\u00e3o-na-Bas\\u00edlica-do-Ros\\u00e1rio-em-Lourdes.jpg\",\"contentUrl\":\"http:\/\/www.adf.org.br\/home\/wp-content\/uploads\/2013\/09\/Imaculada-Concei\\u00e7\\u00e3o-na-Bas\\u00edlica-do-Ros\\u00e1rio-em-Lourdes.jpg\"},{\"@type\":\"WebPage\",\"@id\":\"https:\/\/www.adf.org.br\/home\/nossa-senhora-quer-curar-sobretudo-as-almas\/#webpage\",\"url\":\"https:\/\/www.adf.org.br\/home\/nossa-senhora-quer-curar-sobretudo-as-almas\/\",\"name\":\"Nossa Senhora quer curar sobretudo as almas - Associa\\u00e7\\u00e3o Devotos de F\\u00e1tima\",\"isPartOf\":{\"@id\":\"https:\/\/www.adf.org.br\/home\/#website\"},\"primaryImageOfPage\":{\"@id\":\"https:\/\/www.adf.org.br\/home\/nossa-senhora-quer-curar-sobretudo-as-almas\/#primaryimage\"},\"datePublished\":\"2013-09-22T03:00:22+00:00\",\"dateModified\":\"2013-09-22T03:00:22+00:00\",\"author\":{\"@id\":\"https:\/\/www.adf.org.br\/home\/#\/schema\/person\/f35a5c5aa7728a3dedf4ea9aa1fc2753\"},\"breadcrumb\":{\"@id\":\"https:\/\/www.adf.org.br\/home\/nossa-senhora-quer-curar-sobretudo-as-almas\/#breadcrumb\"},\"inLanguage\":\"pt-BR\",\"potentialAction\":[{\"@type\":\"ReadAction\",\"target\":[\"https:\/\/www.adf.org.br\/home\/nossa-senhora-quer-curar-sobretudo-as-almas\/\"]}]},{\"@type\":\"BreadcrumbList\",\"@id\":\"https:\/\/www.adf.org.br\/home\/nossa-senhora-quer-curar-sobretudo-as-almas\/#breadcrumb\",\"itemListElement\":[{\"@type\":\"ListItem\",\"position\":1,\"name\":\"Home\",\"item\":\"https:\/\/www.adf.org.br\/home\/\"},{\"@type\":\"ListItem\",\"position\":2,\"name\":\"Nossa Senhora quer curar sobretudo as almas\"}]},{\"@type\":\"Person\",\"@id\":\"https:\/\/www.adf.org.br\/home\/#\/schema\/person\/f35a5c5aa7728a3dedf4ea9aa1fc2753\",\"name\":\"Gabriel Barbosa\",\"image\":{\"@type\":\"ImageObject\",\"@id\":\"https:\/\/www.adf.org.br\/home\/#personlogo\",\"inLanguage\":\"pt-BR\",\"url\":\"https:\/\/secure.gravatar.com\/avatar\/2b2cb2f4637682c5605e8d36818f51ef?s=96&d=mm&r=g\",\"contentUrl\":\"https:\/\/secure.gravatar.com\/avatar\/2b2cb2f4637682c5605e8d36818f51ef?s=96&d=mm&r=g\",\"caption\":\"Gabriel Barbosa\"},\"url\":\"https:\/\/www.adf.org.br\/home\/author\/gabrielpmk-com-br\/\"}]}<\/script>\n<!-- \/ Yoast SEO plugin. -->","yoast_head_json":{"title":"Nossa Senhora quer curar sobretudo as almas - Associa\u00e7\u00e3o Devotos de F\u00e1tima","robots":{"index":"index","follow":"follow","max-snippet":"max-snippet:-1","max-image-preview":"max-image-preview:large","max-video-preview":"max-video-preview:-1"},"canonical":"https:\/\/www.adf.org.br\/home\/nossa-senhora-quer-curar-sobretudo-as-almas\/","og_locale":"pt_BR","og_type":"article","og_title":"Nossa Senhora quer curar sobretudo as almas - Associa\u00e7\u00e3o Devotos de F\u00e1tima","og_description":"Nossa Senhora est\u00e1 infinitamente abaixo de Deus. E tudo quanto est\u00e1 abaixo de Nossa Senhora est\u00e1 incomensuravelmente abaixo d\u2019Ela. \u00c9 o que a perenidade das curas de Lourdes nos diz. H\u00e1 uma certa interpreta\u00e7\u00e3o da religi\u00e3o um pouco dada a pedir favores materiais, etc., etc., que desdenha os favores espirituais e que se impressiona muito [&hellip;]","og_url":"https:\/\/www.adf.org.br\/home\/nossa-senhora-quer-curar-sobretudo-as-almas\/","og_site_name":"Associa\u00e7\u00e3o Devotos de F\u00e1tima","article_published_time":"2013-09-22T03:00:22+00:00","og_image":[{"url":"http:\/\/www.adf.org.br\/home\/wp-content\/uploads\/2013\/09\/Imaculada-Concei\u00e7\u00e3o-na-Bas\u00edlica-do-Ros\u00e1rio-em-Lourdes.jpg"}],"twitter_card":"summary_large_image","twitter_misc":{"Escrito por":"Gabriel Barbosa","Est. tempo de leitura":"2 minutos"},"schema":{"@context":"https:\/\/schema.org","@graph":[{"@type":"WebSite","@id":"https:\/\/www.adf.org.br\/home\/#website","url":"https:\/\/www.adf.org.br\/home\/","name":"Associa\u00e7\u00e3o Devotos de F\u00e1tima","description":"Associa\u00e7\u00e3o Devotos de F\u00e1tima","potentialAction":[{"@type":"SearchAction","target":{"@type":"EntryPoint","urlTemplate":"https:\/\/www.adf.org.br\/home\/?s={search_term_string}"},"query-input":"required name=search_term_string"}],"inLanguage":"pt-BR"},{"@type":"ImageObject","@id":"https:\/\/www.adf.org.br\/home\/nossa-senhora-quer-curar-sobretudo-as-almas\/#primaryimage","inLanguage":"pt-BR","url":"http:\/\/www.adf.org.br\/home\/wp-content\/uploads\/2013\/09\/Imaculada-Concei\u00e7\u00e3o-na-Bas\u00edlica-do-Ros\u00e1rio-em-Lourdes.jpg","contentUrl":"http:\/\/www.adf.org.br\/home\/wp-content\/uploads\/2013\/09\/Imaculada-Concei\u00e7\u00e3o-na-Bas\u00edlica-do-Ros\u00e1rio-em-Lourdes.jpg"},{"@type":"WebPage","@id":"https:\/\/www.adf.org.br\/home\/nossa-senhora-quer-curar-sobretudo-as-almas\/#webpage","url":"https:\/\/www.adf.org.br\/home\/nossa-senhora-quer-curar-sobretudo-as-almas\/","name":"Nossa Senhora quer curar sobretudo as almas - Associa\u00e7\u00e3o Devotos de F\u00e1tima","isPartOf":{"@id":"https:\/\/www.adf.org.br\/home\/#website"},"primaryImageOfPage":{"@id":"https:\/\/www.adf.org.br\/home\/nossa-senhora-quer-curar-sobretudo-as-almas\/#primaryimage"},"datePublished":"2013-09-22T03:00:22+00:00","dateModified":"2013-09-22T03:00:22+00:00","author":{"@id":"https:\/\/www.adf.org.br\/home\/#\/schema\/person\/f35a5c5aa7728a3dedf4ea9aa1fc2753"},"breadcrumb":{"@id":"https:\/\/www.adf.org.br\/home\/nossa-senhora-quer-curar-sobretudo-as-almas\/#breadcrumb"},"inLanguage":"pt-BR","potentialAction":[{"@type":"ReadAction","target":["https:\/\/www.adf.org.br\/home\/nossa-senhora-quer-curar-sobretudo-as-almas\/"]}]},{"@type":"BreadcrumbList","@id":"https:\/\/www.adf.org.br\/home\/nossa-senhora-quer-curar-sobretudo-as-almas\/#breadcrumb","itemListElement":[{"@type":"ListItem","position":1,"name":"Home","item":"https:\/\/www.adf.org.br\/home\/"},{"@type":"ListItem","position":2,"name":"Nossa Senhora quer curar sobretudo as almas"}]},{"@type":"Person","@id":"https:\/\/www.adf.org.br\/home\/#\/schema\/person\/f35a5c5aa7728a3dedf4ea9aa1fc2753","name":"Gabriel Barbosa","image":{"@type":"ImageObject","@id":"https:\/\/www.adf.org.br\/home\/#personlogo","inLanguage":"pt-BR","url":"https:\/\/secure.gravatar.com\/avatar\/2b2cb2f4637682c5605e8d36818f51ef?s=96&d=mm&r=g","contentUrl":"https:\/\/secure.gravatar.com\/avatar\/2b2cb2f4637682c5605e8d36818f51ef?s=96&d=mm&r=g","caption":"Gabriel Barbosa"},"url":"https:\/\/www.adf.org.br\/home\/author\/gabrielpmk-com-br\/"}]}},"_links":{"self":[{"href":"https:\/\/www.adf.org.br\/home\/wp-json\/wp\/v2\/posts\/21565"}],"collection":[{"href":"https:\/\/www.adf.org.br\/home\/wp-json\/wp\/v2\/posts"}],"about":[{"href":"https:\/\/www.adf.org.br\/home\/wp-json\/wp\/v2\/types\/post"}],"author":[{"embeddable":true,"href":"https:\/\/www.adf.org.br\/home\/wp-json\/wp\/v2\/users\/31"}],"replies":[{"embeddable":true,"href":"https:\/\/www.adf.org.br\/home\/wp-json\/wp\/v2\/comments?post=21565"}],"version-history":[{"count":0,"href":"https:\/\/www.adf.org.br\/home\/wp-json\/wp\/v2\/posts\/21565\/revisions"}],"wp:attachment":[{"href":"https:\/\/www.adf.org.br\/home\/wp-json\/wp\/v2\/media?parent=21565"}],"wp:term":[{"taxonomy":"category","embeddable":true,"href":"https:\/\/www.adf.org.br\/home\/wp-json\/wp\/v2\/categories?post=21565"},{"taxonomy":"post_tag","embeddable":true,"href":"https:\/\/www.adf.org.br\/home\/wp-json\/wp\/v2\/tags?post=21565"}],"curies":[{"name":"wp","href":"https:\/\/api.w.org\/{rel}","templated":true}]}}