{"id":2090,"date":"2010-02-10T10:35:42","date_gmt":"2010-02-10T12:35:42","guid":{"rendered":"http:\/\/www.adf.org.br\/home\/?p=2090"},"modified":"2010-02-10T10:35:42","modified_gmt":"2010-02-10T12:35:42","slug":"manifesto-da-marcha-pela-vida-pede-retirada-da-lei-do-aborto-e-apoio-a-maternidade","status":"publish","type":"post","link":"https:\/\/www.adf.org.br\/home\/manifesto-da-marcha-pela-vida-pede-retirada-da-lei-do-aborto-e-apoio-a-maternidade\/","title":{"rendered":"Manifesto da Marcha pela Vida pede retirada da lei do aborto e apoio \u00e0 maternidade"},"content":{"rendered":"<p style=\"text-align: right;\"><em><img loading=\"lazy\" class=\"alignleft size-full wp-image-2092\" title=\"ppabortoespana080210\" src=\"http:\/\/www.adf.org.br\/home\/wp-content\/uploads\/2010\/02\/ppabortoespana080210.jpg\" alt=\"ppabortoespana080210\" width=\"250\" height=\"198\" \/><\/em><\/p>\n<p>MADRI, 09 Fev. 10 \/ 05:33 am (ACI).- As <strong>mais de 80 organiza\u00e7\u00f5es<\/strong> que j\u00e1 se uniram \u00e0 convocat\u00f3ria da Marcha pela Vida &#8220;Espanha Vida Sim&#8221; do pr\u00f3ximo 7 de mar\u00e7o, publicaram um manifesto no qual solicitam ao governo <strong>a retirada da lei do aborto<\/strong>, o apoio \u00e0 maternidade e o respeito \u00e0 liberdade dos pais para educar sexualmente a seus filhos assim como o respaldo \u00e0 obje\u00e7\u00e3o de consci\u00eancia.<\/p>\n<p>No manifesto se recorda que atualmente &#8220;existe a evid\u00eancia cient\u00edfica de que do momento da fecunda\u00e7\u00e3o aparece uma nova vida humana digna de ser respeitada e protegida. Assim o ratificou o Manifesto de Madrid, apresentado em mar\u00e7o de 2009 e assinado por mais de 3000 cientistas espanh\u00f3is&#8221;.<\/p>\n<p>Ante esta certeza, indicam, <strong>&#8220;pode-se afirmar que o aborto sup\u00f5e a morte violenta de um ser humano e um terr\u00edvel drama para a mulher que o sofre&#8221;<\/strong>.<\/p>\n<p>Por isso e ante o sombrio panorama que exp\u00f5e a amplia\u00e7\u00e3o da lei do aborto, estas organiza\u00e7\u00f5es exigem &#8220;que o Governo escute \u00e0 sociedade espanhola e retire o projeto de lei do aborto que pretende passar&#8221;.<\/p>\n<p>Deste modo pedem &#8220;que nossos pol\u00edticos promovam leis que protejam o direito a viver e ser m\u00e3e, amparando a vida em todo momento e ajudando as mulheres gr\u00e1vidas a superarem qualquer problema que uma gravidez imprevista pode gerar&#8221;.<\/p>\n<p><strong>&#8220;Que se respeite o direito dos pais a formar os seus filhos em mat\u00e9ria de educa\u00e7\u00e3o sexual segundo suas pr\u00f3prias convic\u00e7\u00f5es&#8221;<\/strong>, exortam.<\/p>\n<p>Finalmente solicitam que <strong>&#8220;que se respeite o direito \u00e0 obje\u00e7\u00e3o de consci\u00eancia do pessoal da \u00e1rea de sa\u00fade<\/strong> para que possa cumprir seu compromisso de defender e cuidar a vida e a sa\u00fade desde o mesmo instante da concep\u00e7\u00e3o&#8221;.<\/p>\n<p>fonte:\u00a0<a href=\"http:\/\/www.acidigital.com\/noticia.php?id=18149\" target=\"_blank\" rel=\"noopener noreferrer\">(ACI digital)<\/a><\/p>\n","protected":false},"excerpt":{"rendered":"<p>MADRI, 09 Fev. 10 \/ 05:33 am (ACI).- As mais de 80 organiza\u00e7\u00f5es que j\u00e1 se uniram \u00e0 convocat\u00f3ria da Marcha pela Vida &#8220;Espanha Vida Sim&#8221; do pr\u00f3ximo 7 de mar\u00e7o, publicaram um manifesto no qual solicitam ao governo a retirada da lei do aborto, o apoio \u00e0 maternidade e o respeito \u00e0 liberdade dos [&hellip;]<\/p>\n","protected":false},"author":27,"featured_media":0,"comment_status":"open","ping_status":"open","sticky":false,"template":"","format":"standard","meta":[],"categories":[20],"tags":[47],"yoast_head":"<!-- This site is optimized with the Yoast SEO plugin v17.4 - https:\/\/yoast.com\/wordpress\/plugins\/seo\/ -->\n<title>Manifesto da Marcha pela Vida pede retirada da lei do aborto e apoio \u00e0 maternidade - Associa\u00e7\u00e3o Devotos de F\u00e1tima<\/title>\n<meta name=\"robots\" content=\"index, follow, max-snippet:-1, max-image-preview:large, max-video-preview:-1\" \/>\n<link rel=\"canonical\" href=\"https:\/\/www.adf.org.br\/home\/manifesto-da-marcha-pela-vida-pede-retirada-da-lei-do-aborto-e-apoio-a-maternidade\/\" \/>\n<meta property=\"og:locale\" content=\"pt_BR\" \/>\n<meta property=\"og:type\" content=\"article\" \/>\n<meta property=\"og:title\" content=\"Manifesto da Marcha pela Vida pede retirada da lei do aborto e apoio \u00e0 maternidade - Associa\u00e7\u00e3o Devotos de F\u00e1tima\" \/>\n<meta property=\"og:description\" content=\"MADRI, 09 Fev. 10 \/ 05:33 am (ACI).- As mais de 80 organiza\u00e7\u00f5es que j\u00e1 se uniram \u00e0 convocat\u00f3ria da Marcha pela Vida &#8220;Espanha Vida Sim&#8221; do pr\u00f3ximo 7 de mar\u00e7o, publicaram um manifesto no qual solicitam ao governo a retirada da lei do aborto, o apoio \u00e0 maternidade e o respeito \u00e0 liberdade dos [&hellip;]\" \/>\n<meta property=\"og:url\" content=\"https:\/\/www.adf.org.br\/home\/manifesto-da-marcha-pela-vida-pede-retirada-da-lei-do-aborto-e-apoio-a-maternidade\/\" \/>\n<meta property=\"og:site_name\" content=\"Associa\u00e7\u00e3o Devotos de F\u00e1tima\" \/>\n<meta property=\"article:published_time\" content=\"2010-02-10T12:35:42+00:00\" \/>\n<meta property=\"og:image\" content=\"http:\/\/www.adf.org.br\/home\/wp-content\/uploads\/2010\/02\/ppabortoespana080210.jpg\" \/>\n<meta name=\"twitter:card\" content=\"summary_large_image\" \/>\n<meta name=\"twitter:label1\" content=\"Escrito por\" \/>\n\t<meta name=\"twitter:data1\" content=\"Gabriel Barbosa\" \/>\n\t<meta name=\"twitter:label2\" content=\"Est. tempo de leitura\" \/>\n\t<meta name=\"twitter:data2\" content=\"1 minuto\" \/>\n<script type=\"application\/ld+json\" class=\"yoast-schema-graph\">{\"@context\":\"https:\/\/schema.org\",\"@graph\":[{\"@type\":\"WebSite\",\"@id\":\"https:\/\/www.adf.org.br\/home\/#website\",\"url\":\"https:\/\/www.adf.org.br\/home\/\",\"name\":\"Associa\\u00e7\\u00e3o Devotos de F\\u00e1tima\",\"description\":\"Associa\\u00e7\\u00e3o Devotos de F\\u00e1tima\",\"potentialAction\":[{\"@type\":\"SearchAction\",\"target\":{\"@type\":\"EntryPoint\",\"urlTemplate\":\"https:\/\/www.adf.org.br\/home\/?s={search_term_string}\"},\"query-input\":\"required name=search_term_string\"}],\"inLanguage\":\"pt-BR\"},{\"@type\":\"ImageObject\",\"@id\":\"https:\/\/www.adf.org.br\/home\/manifesto-da-marcha-pela-vida-pede-retirada-da-lei-do-aborto-e-apoio-a-maternidade\/#primaryimage\",\"inLanguage\":\"pt-BR\",\"url\":\"http:\/\/www.adf.org.br\/home\/wp-content\/uploads\/2010\/02\/ppabortoespana080210.jpg\",\"contentUrl\":\"http:\/\/www.adf.org.br\/home\/wp-content\/uploads\/2010\/02\/ppabortoespana080210.jpg\"},{\"@type\":\"WebPage\",\"@id\":\"https:\/\/www.adf.org.br\/home\/manifesto-da-marcha-pela-vida-pede-retirada-da-lei-do-aborto-e-apoio-a-maternidade\/#webpage\",\"url\":\"https:\/\/www.adf.org.br\/home\/manifesto-da-marcha-pela-vida-pede-retirada-da-lei-do-aborto-e-apoio-a-maternidade\/\",\"name\":\"Manifesto da Marcha pela Vida pede retirada da lei do aborto e apoio \\u00e0 maternidade - Associa\\u00e7\\u00e3o Devotos de F\\u00e1tima\",\"isPartOf\":{\"@id\":\"https:\/\/www.adf.org.br\/home\/#website\"},\"primaryImageOfPage\":{\"@id\":\"https:\/\/www.adf.org.br\/home\/manifesto-da-marcha-pela-vida-pede-retirada-da-lei-do-aborto-e-apoio-a-maternidade\/#primaryimage\"},\"datePublished\":\"2010-02-10T12:35:42+00:00\",\"dateModified\":\"2010-02-10T12:35:42+00:00\",\"author\":{\"@id\":\"https:\/\/www.adf.org.br\/home\/#\/schema\/person\/affa494ecf91434f3620f5392de44327\"},\"breadcrumb\":{\"@id\":\"https:\/\/www.adf.org.br\/home\/manifesto-da-marcha-pela-vida-pede-retirada-da-lei-do-aborto-e-apoio-a-maternidade\/#breadcrumb\"},\"inLanguage\":\"pt-BR\",\"potentialAction\":[{\"@type\":\"ReadAction\",\"target\":[\"https:\/\/www.adf.org.br\/home\/manifesto-da-marcha-pela-vida-pede-retirada-da-lei-do-aborto-e-apoio-a-maternidade\/\"]}]},{\"@type\":\"BreadcrumbList\",\"@id\":\"https:\/\/www.adf.org.br\/home\/manifesto-da-marcha-pela-vida-pede-retirada-da-lei-do-aborto-e-apoio-a-maternidade\/#breadcrumb\",\"itemListElement\":[{\"@type\":\"ListItem\",\"position\":1,\"name\":\"Home\",\"item\":\"https:\/\/www.adf.org.br\/home\/\"},{\"@type\":\"ListItem\",\"position\":2,\"name\":\"Manifesto da Marcha pela Vida pede retirada da lei do aborto e apoio \\u00e0 maternidade\"}]},{\"@type\":\"Person\",\"@id\":\"https:\/\/www.adf.org.br\/home\/#\/schema\/person\/affa494ecf91434f3620f5392de44327\",\"name\":\"Gabriel Barbosa\",\"image\":{\"@type\":\"ImageObject\",\"@id\":\"https:\/\/www.adf.org.br\/home\/#personlogo\",\"inLanguage\":\"pt-BR\",\"url\":\"https:\/\/secure.gravatar.com\/avatar\/ecf2eab02e30486a7038f8b2858de06a?s=96&d=mm&r=g\",\"contentUrl\":\"https:\/\/secure.gravatar.com\/avatar\/ecf2eab02e30486a7038f8b2858de06a?s=96&d=mm&r=g\",\"caption\":\"Gabriel Barbosa\"},\"url\":\"https:\/\/www.adf.org.br\/home\/author\/gabriel-aascj\/\"}]}<\/script>\n<!-- \/ Yoast SEO plugin. -->","yoast_head_json":{"title":"Manifesto da Marcha pela Vida pede retirada da lei do aborto e apoio \u00e0 maternidade - Associa\u00e7\u00e3o Devotos de F\u00e1tima","robots":{"index":"index","follow":"follow","max-snippet":"max-snippet:-1","max-image-preview":"max-image-preview:large","max-video-preview":"max-video-preview:-1"},"canonical":"https:\/\/www.adf.org.br\/home\/manifesto-da-marcha-pela-vida-pede-retirada-da-lei-do-aborto-e-apoio-a-maternidade\/","og_locale":"pt_BR","og_type":"article","og_title":"Manifesto da Marcha pela Vida pede retirada da lei do aborto e apoio \u00e0 maternidade - Associa\u00e7\u00e3o Devotos de F\u00e1tima","og_description":"MADRI, 09 Fev. 10 \/ 05:33 am (ACI).- As mais de 80 organiza\u00e7\u00f5es que j\u00e1 se uniram \u00e0 convocat\u00f3ria da Marcha pela Vida &#8220;Espanha Vida Sim&#8221; do pr\u00f3ximo 7 de mar\u00e7o, publicaram um manifesto no qual solicitam ao governo a retirada da lei do aborto, o apoio \u00e0 maternidade e o respeito \u00e0 liberdade dos [&hellip;]","og_url":"https:\/\/www.adf.org.br\/home\/manifesto-da-marcha-pela-vida-pede-retirada-da-lei-do-aborto-e-apoio-a-maternidade\/","og_site_name":"Associa\u00e7\u00e3o Devotos de F\u00e1tima","article_published_time":"2010-02-10T12:35:42+00:00","og_image":[{"url":"http:\/\/www.adf.org.br\/home\/wp-content\/uploads\/2010\/02\/ppabortoespana080210.jpg"}],"twitter_card":"summary_large_image","twitter_misc":{"Escrito por":"Gabriel Barbosa","Est. tempo de leitura":"1 minuto"},"schema":{"@context":"https:\/\/schema.org","@graph":[{"@type":"WebSite","@id":"https:\/\/www.adf.org.br\/home\/#website","url":"https:\/\/www.adf.org.br\/home\/","name":"Associa\u00e7\u00e3o Devotos de F\u00e1tima","description":"Associa\u00e7\u00e3o Devotos de F\u00e1tima","potentialAction":[{"@type":"SearchAction","target":{"@type":"EntryPoint","urlTemplate":"https:\/\/www.adf.org.br\/home\/?s={search_term_string}"},"query-input":"required name=search_term_string"}],"inLanguage":"pt-BR"},{"@type":"ImageObject","@id":"https:\/\/www.adf.org.br\/home\/manifesto-da-marcha-pela-vida-pede-retirada-da-lei-do-aborto-e-apoio-a-maternidade\/#primaryimage","inLanguage":"pt-BR","url":"http:\/\/www.adf.org.br\/home\/wp-content\/uploads\/2010\/02\/ppabortoespana080210.jpg","contentUrl":"http:\/\/www.adf.org.br\/home\/wp-content\/uploads\/2010\/02\/ppabortoespana080210.jpg"},{"@type":"WebPage","@id":"https:\/\/www.adf.org.br\/home\/manifesto-da-marcha-pela-vida-pede-retirada-da-lei-do-aborto-e-apoio-a-maternidade\/#webpage","url":"https:\/\/www.adf.org.br\/home\/manifesto-da-marcha-pela-vida-pede-retirada-da-lei-do-aborto-e-apoio-a-maternidade\/","name":"Manifesto da Marcha pela Vida pede retirada da lei do aborto e apoio \u00e0 maternidade - Associa\u00e7\u00e3o Devotos de F\u00e1tima","isPartOf":{"@id":"https:\/\/www.adf.org.br\/home\/#website"},"primaryImageOfPage":{"@id":"https:\/\/www.adf.org.br\/home\/manifesto-da-marcha-pela-vida-pede-retirada-da-lei-do-aborto-e-apoio-a-maternidade\/#primaryimage"},"datePublished":"2010-02-10T12:35:42+00:00","dateModified":"2010-02-10T12:35:42+00:00","author":{"@id":"https:\/\/www.adf.org.br\/home\/#\/schema\/person\/affa494ecf91434f3620f5392de44327"},"breadcrumb":{"@id":"https:\/\/www.adf.org.br\/home\/manifesto-da-marcha-pela-vida-pede-retirada-da-lei-do-aborto-e-apoio-a-maternidade\/#breadcrumb"},"inLanguage":"pt-BR","potentialAction":[{"@type":"ReadAction","target":["https:\/\/www.adf.org.br\/home\/manifesto-da-marcha-pela-vida-pede-retirada-da-lei-do-aborto-e-apoio-a-maternidade\/"]}]},{"@type":"BreadcrumbList","@id":"https:\/\/www.adf.org.br\/home\/manifesto-da-marcha-pela-vida-pede-retirada-da-lei-do-aborto-e-apoio-a-maternidade\/#breadcrumb","itemListElement":[{"@type":"ListItem","position":1,"name":"Home","item":"https:\/\/www.adf.org.br\/home\/"},{"@type":"ListItem","position":2,"name":"Manifesto da Marcha pela Vida pede retirada da lei do aborto e apoio \u00e0 maternidade"}]},{"@type":"Person","@id":"https:\/\/www.adf.org.br\/home\/#\/schema\/person\/affa494ecf91434f3620f5392de44327","name":"Gabriel Barbosa","image":{"@type":"ImageObject","@id":"https:\/\/www.adf.org.br\/home\/#personlogo","inLanguage":"pt-BR","url":"https:\/\/secure.gravatar.com\/avatar\/ecf2eab02e30486a7038f8b2858de06a?s=96&d=mm&r=g","contentUrl":"https:\/\/secure.gravatar.com\/avatar\/ecf2eab02e30486a7038f8b2858de06a?s=96&d=mm&r=g","caption":"Gabriel Barbosa"},"url":"https:\/\/www.adf.org.br\/home\/author\/gabriel-aascj\/"}]}},"_links":{"self":[{"href":"https:\/\/www.adf.org.br\/home\/wp-json\/wp\/v2\/posts\/2090"}],"collection":[{"href":"https:\/\/www.adf.org.br\/home\/wp-json\/wp\/v2\/posts"}],"about":[{"href":"https:\/\/www.adf.org.br\/home\/wp-json\/wp\/v2\/types\/post"}],"author":[{"embeddable":true,"href":"https:\/\/www.adf.org.br\/home\/wp-json\/wp\/v2\/users\/27"}],"replies":[{"embeddable":true,"href":"https:\/\/www.adf.org.br\/home\/wp-json\/wp\/v2\/comments?post=2090"}],"version-history":[{"count":0,"href":"https:\/\/www.adf.org.br\/home\/wp-json\/wp\/v2\/posts\/2090\/revisions"}],"wp:attachment":[{"href":"https:\/\/www.adf.org.br\/home\/wp-json\/wp\/v2\/media?parent=2090"}],"wp:term":[{"taxonomy":"category","embeddable":true,"href":"https:\/\/www.adf.org.br\/home\/wp-json\/wp\/v2\/categories?post=2090"},{"taxonomy":"post_tag","embeddable":true,"href":"https:\/\/www.adf.org.br\/home\/wp-json\/wp\/v2\/tags?post=2090"}],"curies":[{"name":"wp","href":"https:\/\/api.w.org\/{rel}","templated":true}]}}