{"id":20748,"date":"2013-06-26T00:00:42","date_gmt":"2013-06-26T03:00:42","guid":{"rendered":"http:\/\/www.adf.org.br\/home\/?p=20748"},"modified":"2013-06-26T00:00:42","modified_gmt":"2013-06-26T03:00:42","slug":"passageiros-de-um-onibus-no-rio-de-janeiro-expulsam-defensoras-do-aborto-do-coletivo","status":"publish","type":"post","link":"https:\/\/www.adf.org.br\/home\/passageiros-de-um-onibus-no-rio-de-janeiro-expulsam-defensoras-do-aborto-do-coletivo\/","title":{"rendered":"Passageiros de um \u00f4nibus no Rio de Janeiro expulsam defensoras do aborto do coletivo"},"content":{"rendered":"<div><strong>(Relato an\u00f4nimo)<\/strong><\/div>\n<blockquote>\n<figure id=\"attachment_20751\" aria-describedby=\"caption-attachment-20751\" style=\"width: 217px\" class=\"wp-caption alignright\"><a href=\"http:\/\/www.oratoriodamedalhamilagrosa.org.br\/vela-da-vida\/?origem=1\" target=\"_blank\" rel=\"noopener noreferrer\"><img loading=\"lazy\" class=\" wp-image-20751 \" title=\"Vela pela vida\" src=\"http:\/\/www.adf.org.br\/home\/wp-content\/uploads\/2013\/06\/velaaa.jpg\" alt=\"\" width=\"217\" height=\"323\" \/><\/a><figcaption id=\"caption-attachment-20751\" class=\"wp-caption-text\">Clique no pavio e acenda uma Vela Pela Vida<\/figcaption><\/figure>\n<p>Voltando de um fim de semana maravilhoso, onde participei com diversos amigos queridos (muitos que s\u00f3 conhecia no Facebook), me deparei com uma situa\u00e7\u00e3o bem inusitada.<\/p>\n<p>Ao tomar um \u00f4nibus da Rodovi\u00e1ria Novo-Rio para minha casa, me deparei com duas figuras detest\u00e1veis. Duas feministas radicais, com camisas do movimento feminista do PT, estavam no coletivo e conversavam entre si. Pude ver que elas falavam desnecessariamente mais alto, no intuito de propagandear as ideias subversivas da Ideologia de G\u00eanero. Coisas usuais como \u201ca mulher tem o direito sobre seu corpo.\u201d, \u201co brasileiro \u00e9 um povo atrasado que n\u00e3o acompanha as tend\u00eancias de grandes centros como Su\u00e9cia e Inglaterra\u201d, \u201cesses religiosos radicais que ficam impondo a religi\u00e3o no Estado Laico\u201d, etc.<\/p>\n<p>Aquela conversa estava bem desagrad\u00e1vel. Olhando para tr\u00e1s, pude ver tamb\u00e9m que todos os demais passageiros estavam incomodados com aquilo. N\u00e3o eram muitos, mas com certeza estavam desgostosos do assunto, visto que olhavam para fora do coletivo, tentando cortar o olhar das fulanas.<\/p>\n<p>Pr\u00f3ximo ao V\u00e3o Central da Ponte Rio-Niter\u00f3i, uma das ativistas, na maior cara de pau poss\u00edvel, disse:<\/p>\n<p><em><strong>\u201cN\u00e3o importa se esses religiosos ficam denunciando cl\u00ednica [de aborto] para fechar. A gente sempre arranja um jeito. Esses dias mesmo uma garota l\u00e1 com 4 meses [de gravidez], que os pais n\u00e3o queriam que tirasse, n\u00f3s conseguimos ajudar a ela a garantir o direito dela de escolher interromper a gravidez\u2026\u201d<\/strong><\/em><\/p>\n<p>N\u00e3o pude me conter e no mesmo momento levantei-me enfurecido e e acusei em voz bem alta:<\/p>\n<p>\u201cAssassinas! [&#8230;] Pessoal, elas ajudaram a matar uma criancinha de 4 meses na barriga da m\u00e3e!\u201d.<\/p>\n<p>Uma f\u00faria coletiva se instaurou no \u00f4nibus. TODOS se levantaram e come\u00e7aram a protestar com gritos de \u201cassassinas\u201d, \u201ccovardes\u201d, \u201cdesgra\u00e7adas\u201d etc. Uma senhorinha teve que ser contida para n\u00e3o agredir as feministas com a bolsa. Os passageiros exigiram que as mulheres descessem na Ilha de Mocangu\u00ea, base da Esquadra Naval, Mesmo que elas n\u00e3o ficassem l\u00e1. Dois homens pegaram as feministas e literalmente expulsaram da condu\u00e7\u00e3o!<\/p>\n<p>Um grande grito de <strong>N\u00c3O AO ABORTO<\/strong> foi ouvido. <strong>ABORTO N\u00c3O!<\/strong> todos diziam. Pedi a todos par rezarmos a ora\u00e7\u00e3o do Pai-Nosso e uma Ave-Maria pela alma inocente daquela criancinha e de tantas outras que n\u00e3o puderam conhecer a luz do dia por conta de gente nefasta como aquelas feministas desgra\u00e7adas e amaldi\u00e7oadas.<\/p>\n<p>N\u00e3o \u00e9 preciso muito mais que CORAGEM e VERGONHA NA CARA para fazermos aquilo que realmente \u00e9 preciso. Se voc\u00ea ver um desses agentes de Satan\u00e1s espalhando seu veneno pela sociedade, acuse-os daquilo que realmente s\u00e3o. Assassinos cru\u00e9is e covardes, que querem MATAR um inocente em no ventre materno.<\/p>\n<p>A Vida come\u00e7a no momento da concep\u00e7\u00e3o, conforme nos fala claramente o Pacto de San Jos\u00e9. Qualquer um que fale diferente disto, \u00e9 um mentiroso, canalha e que n\u00e3o faz nada al\u00e9m de transmitir a maldita Cultura da Morte. Sejamos n\u00f3s promotores da Cultura da Vida. Defensores ferrenhos da fam\u00edlia e dos valores crist\u00e3os. N\u00e3o tenhamos medo de fazer o que \u00e9 certo. Sejamos fortes! VIVA CRISTO REI!<\/p><\/blockquote>\n<p>Fonte: site Sentinela Cat\u00f3lico\u00a0<a href=\"http:\/\/www.sentinelacatolico.com.br\/index.php\/2013\/06\/um-nibus-pr-vida\/\">v<\/a>ia Blog Sou conservador sim, e da\u00ed?<\/p>\n","protected":false},"excerpt":{"rendered":"<p>(Relato an\u00f4nimo) Voltando de um fim de semana maravilhoso, onde participei com diversos amigos queridos (muitos que s\u00f3 conhecia no Facebook), me deparei com uma situa\u00e7\u00e3o bem inusitada. Ao tomar um \u00f4nibus da Rodovi\u00e1ria Novo-Rio para minha casa, me deparei com duas figuras detest\u00e1veis. Duas feministas radicais, com camisas do movimento feminista do PT, estavam [&hellip;]<\/p>\n","protected":false},"author":31,"featured_media":0,"comment_status":"open","ping_status":"open","sticky":false,"template":"","format":"standard","meta":[],"categories":[20],"tags":[83,695],"yoast_head":"<!-- This site is optimized with the Yoast SEO plugin v17.4 - https:\/\/yoast.com\/wordpress\/plugins\/seo\/ -->\n<title>Passageiros de um \u00f4nibus no Rio de Janeiro expulsam defensoras do aborto do coletivo - Associa\u00e7\u00e3o Devotos de F\u00e1tima<\/title>\n<meta name=\"robots\" content=\"index, follow, max-snippet:-1, max-image-preview:large, max-video-preview:-1\" \/>\n<link rel=\"canonical\" href=\"https:\/\/www.adf.org.br\/home\/passageiros-de-um-onibus-no-rio-de-janeiro-expulsam-defensoras-do-aborto-do-coletivo\/\" \/>\n<meta property=\"og:locale\" content=\"pt_BR\" \/>\n<meta property=\"og:type\" content=\"article\" \/>\n<meta property=\"og:title\" content=\"Passageiros de um \u00f4nibus no Rio de Janeiro expulsam defensoras do aborto do coletivo - Associa\u00e7\u00e3o Devotos de F\u00e1tima\" \/>\n<meta property=\"og:description\" content=\"(Relato an\u00f4nimo) Voltando de um fim de semana maravilhoso, onde participei com diversos amigos queridos (muitos que s\u00f3 conhecia no Facebook), me deparei com uma situa\u00e7\u00e3o bem inusitada. Ao tomar um \u00f4nibus da Rodovi\u00e1ria Novo-Rio para minha casa, me deparei com duas figuras detest\u00e1veis. Duas feministas radicais, com camisas do movimento feminista do PT, estavam [&hellip;]\" \/>\n<meta property=\"og:url\" content=\"https:\/\/www.adf.org.br\/home\/passageiros-de-um-onibus-no-rio-de-janeiro-expulsam-defensoras-do-aborto-do-coletivo\/\" \/>\n<meta property=\"og:site_name\" content=\"Associa\u00e7\u00e3o Devotos de F\u00e1tima\" \/>\n<meta property=\"article:published_time\" content=\"2013-06-26T03:00:42+00:00\" \/>\n<meta property=\"og:image\" content=\"http:\/\/www.adf.org.br\/home\/wp-content\/uploads\/2013\/06\/velaaa.jpg\" \/>\n<meta name=\"twitter:card\" content=\"summary_large_image\" \/>\n<meta name=\"twitter:label1\" content=\"Escrito por\" \/>\n\t<meta name=\"twitter:data1\" content=\"Gabriel Barbosa\" \/>\n\t<meta name=\"twitter:label2\" content=\"Est. tempo de leitura\" \/>\n\t<meta name=\"twitter:data2\" content=\"3 minutos\" \/>\n<script type=\"application\/ld+json\" class=\"yoast-schema-graph\">{\"@context\":\"https:\/\/schema.org\",\"@graph\":[{\"@type\":\"WebSite\",\"@id\":\"https:\/\/www.adf.org.br\/home\/#website\",\"url\":\"https:\/\/www.adf.org.br\/home\/\",\"name\":\"Associa\\u00e7\\u00e3o Devotos de F\\u00e1tima\",\"description\":\"Associa\\u00e7\\u00e3o Devotos de F\\u00e1tima\",\"potentialAction\":[{\"@type\":\"SearchAction\",\"target\":{\"@type\":\"EntryPoint\",\"urlTemplate\":\"https:\/\/www.adf.org.br\/home\/?s={search_term_string}\"},\"query-input\":\"required name=search_term_string\"}],\"inLanguage\":\"pt-BR\"},{\"@type\":\"ImageObject\",\"@id\":\"https:\/\/www.adf.org.br\/home\/passageiros-de-um-onibus-no-rio-de-janeiro-expulsam-defensoras-do-aborto-do-coletivo\/#primaryimage\",\"inLanguage\":\"pt-BR\",\"url\":\"http:\/\/www.adf.org.br\/home\/wp-content\/uploads\/2013\/06\/velaaa.jpg\",\"contentUrl\":\"http:\/\/www.adf.org.br\/home\/wp-content\/uploads\/2013\/06\/velaaa.jpg\"},{\"@type\":\"WebPage\",\"@id\":\"https:\/\/www.adf.org.br\/home\/passageiros-de-um-onibus-no-rio-de-janeiro-expulsam-defensoras-do-aborto-do-coletivo\/#webpage\",\"url\":\"https:\/\/www.adf.org.br\/home\/passageiros-de-um-onibus-no-rio-de-janeiro-expulsam-defensoras-do-aborto-do-coletivo\/\",\"name\":\"Passageiros de um \\u00f4nibus no Rio de Janeiro expulsam defensoras do aborto do coletivo - Associa\\u00e7\\u00e3o Devotos de F\\u00e1tima\",\"isPartOf\":{\"@id\":\"https:\/\/www.adf.org.br\/home\/#website\"},\"primaryImageOfPage\":{\"@id\":\"https:\/\/www.adf.org.br\/home\/passageiros-de-um-onibus-no-rio-de-janeiro-expulsam-defensoras-do-aborto-do-coletivo\/#primaryimage\"},\"datePublished\":\"2013-06-26T03:00:42+00:00\",\"dateModified\":\"2013-06-26T03:00:42+00:00\",\"author\":{\"@id\":\"https:\/\/www.adf.org.br\/home\/#\/schema\/person\/f35a5c5aa7728a3dedf4ea9aa1fc2753\"},\"breadcrumb\":{\"@id\":\"https:\/\/www.adf.org.br\/home\/passageiros-de-um-onibus-no-rio-de-janeiro-expulsam-defensoras-do-aborto-do-coletivo\/#breadcrumb\"},\"inLanguage\":\"pt-BR\",\"potentialAction\":[{\"@type\":\"ReadAction\",\"target\":[\"https:\/\/www.adf.org.br\/home\/passageiros-de-um-onibus-no-rio-de-janeiro-expulsam-defensoras-do-aborto-do-coletivo\/\"]}]},{\"@type\":\"BreadcrumbList\",\"@id\":\"https:\/\/www.adf.org.br\/home\/passageiros-de-um-onibus-no-rio-de-janeiro-expulsam-defensoras-do-aborto-do-coletivo\/#breadcrumb\",\"itemListElement\":[{\"@type\":\"ListItem\",\"position\":1,\"name\":\"Home\",\"item\":\"https:\/\/www.adf.org.br\/home\/\"},{\"@type\":\"ListItem\",\"position\":2,\"name\":\"Passageiros de um \\u00f4nibus no Rio de Janeiro expulsam defensoras do aborto do coletivo\"}]},{\"@type\":\"Person\",\"@id\":\"https:\/\/www.adf.org.br\/home\/#\/schema\/person\/f35a5c5aa7728a3dedf4ea9aa1fc2753\",\"name\":\"Gabriel Barbosa\",\"image\":{\"@type\":\"ImageObject\",\"@id\":\"https:\/\/www.adf.org.br\/home\/#personlogo\",\"inLanguage\":\"pt-BR\",\"url\":\"https:\/\/secure.gravatar.com\/avatar\/2b2cb2f4637682c5605e8d36818f51ef?s=96&d=mm&r=g\",\"contentUrl\":\"https:\/\/secure.gravatar.com\/avatar\/2b2cb2f4637682c5605e8d36818f51ef?s=96&d=mm&r=g\",\"caption\":\"Gabriel Barbosa\"},\"url\":\"https:\/\/www.adf.org.br\/home\/author\/gabrielpmk-com-br\/\"}]}<\/script>\n<!-- \/ Yoast SEO plugin. -->","yoast_head_json":{"title":"Passageiros de um \u00f4nibus no Rio de Janeiro expulsam defensoras do aborto do coletivo - Associa\u00e7\u00e3o Devotos de F\u00e1tima","robots":{"index":"index","follow":"follow","max-snippet":"max-snippet:-1","max-image-preview":"max-image-preview:large","max-video-preview":"max-video-preview:-1"},"canonical":"https:\/\/www.adf.org.br\/home\/passageiros-de-um-onibus-no-rio-de-janeiro-expulsam-defensoras-do-aborto-do-coletivo\/","og_locale":"pt_BR","og_type":"article","og_title":"Passageiros de um \u00f4nibus no Rio de Janeiro expulsam defensoras do aborto do coletivo - Associa\u00e7\u00e3o Devotos de F\u00e1tima","og_description":"(Relato an\u00f4nimo) Voltando de um fim de semana maravilhoso, onde participei com diversos amigos queridos (muitos que s\u00f3 conhecia no Facebook), me deparei com uma situa\u00e7\u00e3o bem inusitada. Ao tomar um \u00f4nibus da Rodovi\u00e1ria Novo-Rio para minha casa, me deparei com duas figuras detest\u00e1veis. Duas feministas radicais, com camisas do movimento feminista do PT, estavam [&hellip;]","og_url":"https:\/\/www.adf.org.br\/home\/passageiros-de-um-onibus-no-rio-de-janeiro-expulsam-defensoras-do-aborto-do-coletivo\/","og_site_name":"Associa\u00e7\u00e3o Devotos de F\u00e1tima","article_published_time":"2013-06-26T03:00:42+00:00","og_image":[{"url":"http:\/\/www.adf.org.br\/home\/wp-content\/uploads\/2013\/06\/velaaa.jpg"}],"twitter_card":"summary_large_image","twitter_misc":{"Escrito por":"Gabriel Barbosa","Est. tempo de leitura":"3 minutos"},"schema":{"@context":"https:\/\/schema.org","@graph":[{"@type":"WebSite","@id":"https:\/\/www.adf.org.br\/home\/#website","url":"https:\/\/www.adf.org.br\/home\/","name":"Associa\u00e7\u00e3o Devotos de F\u00e1tima","description":"Associa\u00e7\u00e3o Devotos de F\u00e1tima","potentialAction":[{"@type":"SearchAction","target":{"@type":"EntryPoint","urlTemplate":"https:\/\/www.adf.org.br\/home\/?s={search_term_string}"},"query-input":"required name=search_term_string"}],"inLanguage":"pt-BR"},{"@type":"ImageObject","@id":"https:\/\/www.adf.org.br\/home\/passageiros-de-um-onibus-no-rio-de-janeiro-expulsam-defensoras-do-aborto-do-coletivo\/#primaryimage","inLanguage":"pt-BR","url":"http:\/\/www.adf.org.br\/home\/wp-content\/uploads\/2013\/06\/velaaa.jpg","contentUrl":"http:\/\/www.adf.org.br\/home\/wp-content\/uploads\/2013\/06\/velaaa.jpg"},{"@type":"WebPage","@id":"https:\/\/www.adf.org.br\/home\/passageiros-de-um-onibus-no-rio-de-janeiro-expulsam-defensoras-do-aborto-do-coletivo\/#webpage","url":"https:\/\/www.adf.org.br\/home\/passageiros-de-um-onibus-no-rio-de-janeiro-expulsam-defensoras-do-aborto-do-coletivo\/","name":"Passageiros de um \u00f4nibus no Rio de Janeiro expulsam defensoras do aborto do coletivo - Associa\u00e7\u00e3o Devotos de F\u00e1tima","isPartOf":{"@id":"https:\/\/www.adf.org.br\/home\/#website"},"primaryImageOfPage":{"@id":"https:\/\/www.adf.org.br\/home\/passageiros-de-um-onibus-no-rio-de-janeiro-expulsam-defensoras-do-aborto-do-coletivo\/#primaryimage"},"datePublished":"2013-06-26T03:00:42+00:00","dateModified":"2013-06-26T03:00:42+00:00","author":{"@id":"https:\/\/www.adf.org.br\/home\/#\/schema\/person\/f35a5c5aa7728a3dedf4ea9aa1fc2753"},"breadcrumb":{"@id":"https:\/\/www.adf.org.br\/home\/passageiros-de-um-onibus-no-rio-de-janeiro-expulsam-defensoras-do-aborto-do-coletivo\/#breadcrumb"},"inLanguage":"pt-BR","potentialAction":[{"@type":"ReadAction","target":["https:\/\/www.adf.org.br\/home\/passageiros-de-um-onibus-no-rio-de-janeiro-expulsam-defensoras-do-aborto-do-coletivo\/"]}]},{"@type":"BreadcrumbList","@id":"https:\/\/www.adf.org.br\/home\/passageiros-de-um-onibus-no-rio-de-janeiro-expulsam-defensoras-do-aborto-do-coletivo\/#breadcrumb","itemListElement":[{"@type":"ListItem","position":1,"name":"Home","item":"https:\/\/www.adf.org.br\/home\/"},{"@type":"ListItem","position":2,"name":"Passageiros de um \u00f4nibus no Rio de Janeiro expulsam defensoras do aborto do coletivo"}]},{"@type":"Person","@id":"https:\/\/www.adf.org.br\/home\/#\/schema\/person\/f35a5c5aa7728a3dedf4ea9aa1fc2753","name":"Gabriel Barbosa","image":{"@type":"ImageObject","@id":"https:\/\/www.adf.org.br\/home\/#personlogo","inLanguage":"pt-BR","url":"https:\/\/secure.gravatar.com\/avatar\/2b2cb2f4637682c5605e8d36818f51ef?s=96&d=mm&r=g","contentUrl":"https:\/\/secure.gravatar.com\/avatar\/2b2cb2f4637682c5605e8d36818f51ef?s=96&d=mm&r=g","caption":"Gabriel Barbosa"},"url":"https:\/\/www.adf.org.br\/home\/author\/gabrielpmk-com-br\/"}]}},"_links":{"self":[{"href":"https:\/\/www.adf.org.br\/home\/wp-json\/wp\/v2\/posts\/20748"}],"collection":[{"href":"https:\/\/www.adf.org.br\/home\/wp-json\/wp\/v2\/posts"}],"about":[{"href":"https:\/\/www.adf.org.br\/home\/wp-json\/wp\/v2\/types\/post"}],"author":[{"embeddable":true,"href":"https:\/\/www.adf.org.br\/home\/wp-json\/wp\/v2\/users\/31"}],"replies":[{"embeddable":true,"href":"https:\/\/www.adf.org.br\/home\/wp-json\/wp\/v2\/comments?post=20748"}],"version-history":[{"count":0,"href":"https:\/\/www.adf.org.br\/home\/wp-json\/wp\/v2\/posts\/20748\/revisions"}],"wp:attachment":[{"href":"https:\/\/www.adf.org.br\/home\/wp-json\/wp\/v2\/media?parent=20748"}],"wp:term":[{"taxonomy":"category","embeddable":true,"href":"https:\/\/www.adf.org.br\/home\/wp-json\/wp\/v2\/categories?post=20748"},{"taxonomy":"post_tag","embeddable":true,"href":"https:\/\/www.adf.org.br\/home\/wp-json\/wp\/v2\/tags?post=20748"}],"curies":[{"name":"wp","href":"https:\/\/api.w.org\/{rel}","templated":true}]}}