{"id":20670,"date":"2013-06-21T00:00:27","date_gmt":"2013-06-21T03:00:27","guid":{"rendered":"http:\/\/www.adf.org.br\/home\/?p=20670"},"modified":"2013-06-21T00:00:27","modified_gmt":"2013-06-21T03:00:27","slug":"quase-80-dos-medicos-italianos-recusam-fazer-aborto-o-direito-a-objecao-de-consciencia-sofre-ataque-por-parte-de-deputados-esquerdistas","status":"publish","type":"post","link":"https:\/\/www.adf.org.br\/home\/quase-80-dos-medicos-italianos-recusam-fazer-aborto-o-direito-a-objecao-de-consciencia-sofre-ataque-por-parte-de-deputados-esquerdistas\/","title":{"rendered":"Quase 80% dos m\u00e9dicos italianos recusam fazer aborto; o \u201cdireito \u00e0 obje\u00e7\u00e3o de consci\u00eancia\u201d sofre ataque por parte de deputados esquerdistas"},"content":{"rendered":"<p style=\"text-align: right;\"><em>por Hilary White, Roma Correspondente do LifeSiteNews.com<\/em><\/p>\n<p style=\"text-align: center;\"><a href=\"http:\/\/www.oratoriodamedalhamilagrosa.org.br\/vela-da-vida\/?origem=1\" target=\"_blank\" rel=\"noopener noreferrer\"><img loading=\"lazy\" class=\"aligncenter  wp-image-20674\" title=\"Vela pela Vida\" src=\"http:\/\/www.adf.org.br\/home\/wp-content\/uploads\/2013\/06\/vela-da-vida.jpg\" alt=\"\" width=\"524\" height=\"211\" \/><\/a><\/p>\n<p style=\"text-align: left;\">Um relat\u00f3rio do governo italiano indicou que mais de 80% dos ginecologistas &#8211; em algumas \u00e1reas, acredita-se ser de 91% &#8211; e mais de 50% dos anestesistas e enfermeiros se recusam a participar de abortos, e o n\u00famero est\u00e1 crescendo.<\/p>\n<p>Em resposta, um grupo de parlamentares de esquerda, de v\u00e1rios partidos, t\u00eam atacado o direito \u00e0 obje\u00e7\u00e3o de consci\u00eancia, dizendo que o governo deve adotar o sistema de quotas para recrutar m\u00e9dicos dispostos a abortar os beb\u00eas.<br \/>\n<span style=\"color: #ffffff;\">.<\/span><br \/>\nUm deputado alegou que a recusa de muitos m\u00e9dicos e outros funcion\u00e1rios para participar de abortos resultou em um aumento no n\u00famero de abortos &#8220;clandestinos&#8221;, ilegais, e no n\u00famero de mulheres italianas que v\u00e3o ao exterior para se \u201cdesfazer\u201d de seus filhos.<br \/>\n<span style=\"color: #ffffff;\">.<\/span><br \/>\nMonsenhor Ignacio Barreiro, chefe do escrit\u00f3rio da Human Life International, em Roma, disse que os ativistas pr\u00f3-vida &#8220;t\u00eam que estar prontos para defender os direitos de consci\u00eancia e sabemos que os proponentes da Cultura da Morte est\u00e3o prontos para atacar o direito de recusar-se a fazer abortos &#8220;.<br \/>\n<span style=\"color: #ffffff;\">.<\/span><br \/>\n&#8220;Devemos estar atentos e preocupados, porque isso n\u00e3o \u00e9 algo novo&#8221;, acrescentou. &#8220;N\u00f3s temos que reafirmar isso. \u00c9 um direito humano b\u00e1sico &#8220;.<br \/>\n<span style=\"color: #ffffff;\">.<\/span><br \/>\nUm total de nove requerimentos foram apresentadas por deputados pr\u00f3-aborto na C\u00e2mara, no m\u00eas passado, pedindo a &#8220;implementa\u00e7\u00e3o&#8221; da Lei 194 de 1978 (legisla\u00e7\u00e3o sobre o aborto), que legalizou o aborto at\u00e9 12 semanas de gesta\u00e7\u00e3o e, posteriormente, para anomalias fetais.<br \/>\n<span style=\"color: #ffffff;\">.<\/span><br \/>\nA senadora Laura Puppato disse que o governo deve garantir que sejam feitos esfor\u00e7os para recrutar pessoal m\u00e9dico que n\u00e3o se op\u00f5e ao aborto. Ela disse que isso ser\u00e1 facilitado pela disponibilidade da droga abortiva, RU 486, que foi legalizada em 2009. Disse tamb\u00e9m que o governo deve tamb\u00e9m tomar medidas para difundir o conhecimento da &#8220;contracep\u00e7\u00e3o de emerg\u00eancia&#8221;, ou the Morning After Pill abortivo (p\u00edlula abortiva do dia seguinte), e aumentar, nas escolas, a educa\u00e7\u00e3o e informa\u00e7\u00e3o sobre a contracep\u00e7\u00e3o.<br \/>\n<span style=\"color: #ffffff;\">.<\/span><br \/>\nDonata Lenzi,\u00a0 deputada da esquerda Partito Democr\u00e1tico e chefe do comit\u00ea de assuntos sociais do Parlamento, lamentou que os n\u00fameros &#8220;significam que interrup\u00e7\u00f5es volunt\u00e1rias tornam-se muito dif\u00edcil. H\u00e1 ainda zonas de It\u00e1lia onde fazer um aborto n\u00e3o \u00e9 poss\u00edvel &#8220;.<br \/>\n<span style=\"color: #ffffff;\">.<\/span><br \/>\nDaniela Sbrollini, vice-presidente de assuntos sociais, alertou para um &#8220;desmantelamento da Lei 194 progressista&#8221;, afirmando que &#8220;o n\u00famero de abortos ilegais dobrou&#8221;. Ela disse que a redu\u00e7\u00e3o progressiva do n\u00famero de consultores dispostos a abortar &#8220;faz a aplica\u00e7\u00e3o da lei ainda mais dif\u00edcil.&#8221;<\/p>\n<p>Sbrollini disse que &#8220;a prote\u00e7\u00e3o da sa\u00fade das mulheres est\u00e1 seriamente comprometida&#8221; com a falta de m\u00e9dicos e com a longas listas de espera. Ela tamb\u00e9m pediu &#8220;uma maior divulga\u00e7\u00e3o de informa\u00e7\u00f5es para as meninas menores de idade&#8221; sobre o aborto.<\/p>\n<p>Irene Tinagli disse: &#8220;Diante desses n\u00fameros e esses fatos, eu gostaria de pedir \u00e0 Ministra da Sa\u00fade [Beatrice Lorenzin) se ela tem a inten\u00e7\u00e3o de tomar medidas urgentes para impedir que muitas mulheres sejam deixadas sozinhas, e tenham que recorrer a formas clandestinas de aborto, colocando em risco suas vidas. &#8221;<\/p>\n<p>Marisa Nicchi, do Partido da Liberdade Ecologia, da esquerda, junto com o l\u00edder da Casa Gennaro Migliore, apresentou uma mo\u00e7\u00e3o parlamentar para &#8220;obrigar todos os hospitais da rede p\u00fablica a cumprir a lei 194, em pleno reconhecimento do direito de livre escolha e \u00e0 sa\u00fade da mulher &#8220;.<\/p>\n<p>O relat\u00f3rio completo sobre a aplica\u00e7\u00e3o da Lei 194 ser\u00e1 apresentado no segundo semestre de 2013. Um relat\u00f3rio anterior, publicado em 2010, observou que houve uma &#8220;estabiliza\u00e7\u00e3o geral da obje\u00e7\u00e3o de consci\u00eancia entre os ginecologistas e anestesistas, depois de um aumento significativo nos \u00faltimos anos.&#8221;<\/p>\n<p>N\u00fameros obtidos pelo governo, em outubro passado, indicaram que a m\u00e9dia nacional de objetores, entre ginecologistas, subiu de 58,7 por cento em 2005 e de 70,7 por cento em 2009. O aumento entre os anestesiologistas foi de 45,7 por cento em 2005 e de 50,8 por cento em 2010. O n\u00famero dos\u00a0 \u201cn\u00e3o-m\u00e9dicos\u201d, funcion\u00e1rios de hospitais, que se recusam a participar de abortos aumentou de 38,6 por cento para 44,7 por cento. Em geral, os n\u00fameros s\u00e3o consideravelmente mais elevados no sul do pa\u00eds, com um relat\u00f3rio dizendo que a cidade de \u00a0N\u00e1poles, a maior aglomera\u00e7\u00e3o urbana do sul, ficou sem m\u00e9dicos dispostos a praticar abortos h\u00e1 mais de um ano, ap\u00f3s a morte do \u00faltimo m\u00e9dico abortista.<\/p>\n<p>Segundo os promotores do aborto, as restri\u00e7\u00f5es legais fizeram com que alcan\u00e7asse o \u201cstatus de lenda\u201d o n\u00famero de mulheres que se viram obrigadas a recorrer ao aborto ilegal &#8220;inseguro&#8221;. Mas os dados dispon\u00edveis indicam um quadro diferente.<\/p>\n<p>Em 1969, antes da decis\u00e3o Roe versus Wade EUA, o Dr. Christopher Tietze, um estat\u00edstico para a Planned Parenthood e para o Centro de Controle de Doen\u00e7as, escreveu para a Scientific American que o n\u00famero total de mortes por todas as causas entre as mulheres em idade reprodutiva, nos EUA, &#8220;n\u00e3o \u00e9 mais do que cerca de 50.000 por ano.&#8221; Isso torna imposs\u00edvel a alega\u00e7\u00e3o pelos defensores do aborto precoce &#8211; o que tem sido repetido desde ent\u00e3o \u2013 de que &#8220;dezenas de milhares de mulheres morrem de abortos ilegais a cada ano&#8221;.<\/p>\n<p>O Centro Nacional para Estat\u00edsticas de Sa\u00fade registra 235 mortes por aborto em 1965. &#8220;A mortalidade total de abortos ilegais era, sem d\u00favida, maior do que a indicada, mas, com toda a probabilidade, foi inferior a 1000,&#8221; escreveu o Dr. Tietze. Um relat\u00f3rio do Guttmacher Institute da Planned Parenthood admitiu, &#8220;Os Centros de Controle de Doen\u00e7as e Preven\u00e7\u00e3o estima que, em 1972, somente 130.000 mulheres obtiveram procedimentos ilegais ou auto-induzida, 39 dos quais morreram.&#8221;<\/p>\n<p><a href=\"http:\/\/www.oratoriodamedalhamilagrosa.org.br\/vela-da-vida\/?origem=1\" target=\"_blank\" rel=\"noopener noreferrer\"><img loading=\"lazy\" class=\"aligncenter size-full wp-image-20676\" title=\"Vela pela vida\" src=\"http:\/\/www.adf.org.br\/home\/wp-content\/uploads\/2013\/06\/vela-da-vida_1.jpg\" alt=\"\" width=\"600\" height=\"164\" \/><\/a><\/p>\n<p>Dr. Bernard Nathanson, que co-fundador da National Abortion Rights A\u00e7\u00e3o League (NARAL), admitiu em seu livro de 1979, &#8220;Abortar Am\u00e9rica&#8221;, que ele e seus colegas ativistas do aborto simplesmente havia inventado os n\u00fameros de mortes devida ao aborto clandestino para angariar simpatia para a sua causa.<\/p>\n<p>&#8220;Quantas mortes est\u00e1vamos falando quando o aborto era ilegal? Em NARAL, geralmente enfatizou o drama do caso individual, n\u00e3o as estat\u00edsticas de massa, mas quando falamos deste \u00faltimo era sempre de 5.000 a 10.000 mortes por ano\u201d.<\/p>\n<p>&#8220;Confesso que eu sabia que os n\u00fameros eram totalmente falsos, e suponho que os outros fizeram tamb\u00e9m, se eles parassem para pensar sobre isso. Mas, na &#8220;moralidade&#8221; da nossa revolu\u00e7\u00e3o, era uma figura \u00fatil, amplamente aceita, ent\u00e3o por que sair do nosso caminho para corrigi-lo com estat\u00edsticas honestas? A principal preocupa\u00e7\u00e3o era fazer com que as leis fossem eliminadas, e tudo, que dentro da raz\u00e3o tivesse que ser feito, era permitido&#8221;.<\/p>\n<p>O n\u00famero de m\u00e9dicos dispostos a participar de aborto est\u00e1 aumentando na maioria dos pa\u00edses ocidentais, uma tend\u00eancia decorrente das campanhas abortivas cada vez mais atacando o \u201cdireito de consci\u00eancia\u201d. Uma tentativa recente de um pol\u00edtico brit\u00e2nico para proibir a obje\u00e7\u00e3o de consci\u00eancia em toda a UE (Uni\u00e3o Europ\u00e9ia) foi derrotada e sua formula\u00e7\u00e3o revertida para reafirmar os direitos dos trabalhadores de sa\u00fade em n\u00e3o tomar parte nessa pr\u00e1tica abomin\u00e1vel.<\/p>\n<p>Fonte: Transcri\u00e7\u00e3o (tradu\u00e7\u00e3o livre) de <a href=\"http:\/\/americaneedsfatima.blogspot.com.br\/\">http:\/\/americaneedsfatima.blogspot.com.br<\/a><\/p>\n","protected":false},"excerpt":{"rendered":"<p>por Hilary White, Roma Correspondente do LifeSiteNews.com Um relat\u00f3rio do governo italiano indicou que mais de 80% dos ginecologistas &#8211; em algumas \u00e1reas, acredita-se ser de 91% &#8211; e mais de 50% dos anestesistas e enfermeiros se recusam a participar de abortos, e o n\u00famero est\u00e1 crescendo. Em resposta, um grupo de parlamentares de esquerda, [&hellip;]<\/p>\n","protected":false},"author":31,"featured_media":0,"comment_status":"open","ping_status":"open","sticky":false,"template":"","format":"standard","meta":[],"categories":[20],"tags":[47,695],"yoast_head":"<!-- This site is optimized with the Yoast SEO plugin v17.4 - https:\/\/yoast.com\/wordpress\/plugins\/seo\/ -->\n<title>Quase 80% dos m\u00e9dicos italianos recusam fazer aborto; o \u201cdireito \u00e0 obje\u00e7\u00e3o de consci\u00eancia\u201d sofre ataque por parte de deputados esquerdistas - Associa\u00e7\u00e3o Devotos de F\u00e1tima<\/title>\n<meta name=\"robots\" content=\"index, follow, max-snippet:-1, max-image-preview:large, max-video-preview:-1\" \/>\n<link rel=\"canonical\" href=\"https:\/\/www.adf.org.br\/home\/quase-80-dos-medicos-italianos-recusam-fazer-aborto-o-direito-a-objecao-de-consciencia-sofre-ataque-por-parte-de-deputados-esquerdistas\/\" \/>\n<meta property=\"og:locale\" content=\"pt_BR\" \/>\n<meta property=\"og:type\" content=\"article\" \/>\n<meta property=\"og:title\" content=\"Quase 80% dos m\u00e9dicos italianos recusam fazer aborto; o \u201cdireito \u00e0 obje\u00e7\u00e3o de consci\u00eancia\u201d sofre ataque por parte de deputados esquerdistas - Associa\u00e7\u00e3o Devotos de F\u00e1tima\" \/>\n<meta property=\"og:description\" content=\"por Hilary White, Roma Correspondente do LifeSiteNews.com Um relat\u00f3rio do governo italiano indicou que mais de 80% dos ginecologistas &#8211; em algumas \u00e1reas, acredita-se ser de 91% &#8211; e mais de 50% dos anestesistas e enfermeiros se recusam a participar de abortos, e o n\u00famero est\u00e1 crescendo. Em resposta, um grupo de parlamentares de esquerda, [&hellip;]\" \/>\n<meta property=\"og:url\" content=\"https:\/\/www.adf.org.br\/home\/quase-80-dos-medicos-italianos-recusam-fazer-aborto-o-direito-a-objecao-de-consciencia-sofre-ataque-por-parte-de-deputados-esquerdistas\/\" \/>\n<meta property=\"og:site_name\" content=\"Associa\u00e7\u00e3o Devotos de F\u00e1tima\" \/>\n<meta property=\"article:published_time\" content=\"2013-06-21T03:00:27+00:00\" \/>\n<meta property=\"og:image\" content=\"http:\/\/www.adf.org.br\/home\/wp-content\/uploads\/2013\/06\/vela-da-vida.jpg\" \/>\n<meta name=\"twitter:card\" content=\"summary_large_image\" \/>\n<meta name=\"twitter:label1\" content=\"Escrito por\" \/>\n\t<meta name=\"twitter:data1\" content=\"Gabriel Barbosa\" \/>\n\t<meta name=\"twitter:label2\" content=\"Est. tempo de leitura\" \/>\n\t<meta name=\"twitter:data2\" content=\"6 minutos\" \/>\n<script type=\"application\/ld+json\" class=\"yoast-schema-graph\">{\"@context\":\"https:\/\/schema.org\",\"@graph\":[{\"@type\":\"WebSite\",\"@id\":\"https:\/\/www.adf.org.br\/home\/#website\",\"url\":\"https:\/\/www.adf.org.br\/home\/\",\"name\":\"Associa\\u00e7\\u00e3o Devotos de F\\u00e1tima\",\"description\":\"Associa\\u00e7\\u00e3o Devotos de F\\u00e1tima\",\"potentialAction\":[{\"@type\":\"SearchAction\",\"target\":{\"@type\":\"EntryPoint\",\"urlTemplate\":\"https:\/\/www.adf.org.br\/home\/?s={search_term_string}\"},\"query-input\":\"required name=search_term_string\"}],\"inLanguage\":\"pt-BR\"},{\"@type\":\"ImageObject\",\"@id\":\"https:\/\/www.adf.org.br\/home\/quase-80-dos-medicos-italianos-recusam-fazer-aborto-o-direito-a-objecao-de-consciencia-sofre-ataque-por-parte-de-deputados-esquerdistas\/#primaryimage\",\"inLanguage\":\"pt-BR\",\"url\":\"http:\/\/www.adf.org.br\/home\/wp-content\/uploads\/2013\/06\/vela-da-vida.jpg\",\"contentUrl\":\"http:\/\/www.adf.org.br\/home\/wp-content\/uploads\/2013\/06\/vela-da-vida.jpg\"},{\"@type\":\"WebPage\",\"@id\":\"https:\/\/www.adf.org.br\/home\/quase-80-dos-medicos-italianos-recusam-fazer-aborto-o-direito-a-objecao-de-consciencia-sofre-ataque-por-parte-de-deputados-esquerdistas\/#webpage\",\"url\":\"https:\/\/www.adf.org.br\/home\/quase-80-dos-medicos-italianos-recusam-fazer-aborto-o-direito-a-objecao-de-consciencia-sofre-ataque-por-parte-de-deputados-esquerdistas\/\",\"name\":\"Quase 80% dos m\\u00e9dicos italianos recusam fazer aborto; o \\u201cdireito \\u00e0 obje\\u00e7\\u00e3o de consci\\u00eancia\\u201d sofre ataque por parte de deputados esquerdistas - Associa\\u00e7\\u00e3o Devotos de F\\u00e1tima\",\"isPartOf\":{\"@id\":\"https:\/\/www.adf.org.br\/home\/#website\"},\"primaryImageOfPage\":{\"@id\":\"https:\/\/www.adf.org.br\/home\/quase-80-dos-medicos-italianos-recusam-fazer-aborto-o-direito-a-objecao-de-consciencia-sofre-ataque-por-parte-de-deputados-esquerdistas\/#primaryimage\"},\"datePublished\":\"2013-06-21T03:00:27+00:00\",\"dateModified\":\"2013-06-21T03:00:27+00:00\",\"author\":{\"@id\":\"https:\/\/www.adf.org.br\/home\/#\/schema\/person\/f35a5c5aa7728a3dedf4ea9aa1fc2753\"},\"breadcrumb\":{\"@id\":\"https:\/\/www.adf.org.br\/home\/quase-80-dos-medicos-italianos-recusam-fazer-aborto-o-direito-a-objecao-de-consciencia-sofre-ataque-por-parte-de-deputados-esquerdistas\/#breadcrumb\"},\"inLanguage\":\"pt-BR\",\"potentialAction\":[{\"@type\":\"ReadAction\",\"target\":[\"https:\/\/www.adf.org.br\/home\/quase-80-dos-medicos-italianos-recusam-fazer-aborto-o-direito-a-objecao-de-consciencia-sofre-ataque-por-parte-de-deputados-esquerdistas\/\"]}]},{\"@type\":\"BreadcrumbList\",\"@id\":\"https:\/\/www.adf.org.br\/home\/quase-80-dos-medicos-italianos-recusam-fazer-aborto-o-direito-a-objecao-de-consciencia-sofre-ataque-por-parte-de-deputados-esquerdistas\/#breadcrumb\",\"itemListElement\":[{\"@type\":\"ListItem\",\"position\":1,\"name\":\"Home\",\"item\":\"https:\/\/www.adf.org.br\/home\/\"},{\"@type\":\"ListItem\",\"position\":2,\"name\":\"Quase 80% dos m\\u00e9dicos italianos recusam fazer aborto; o \\u201cdireito \\u00e0 obje\\u00e7\\u00e3o de consci\\u00eancia\\u201d sofre ataque por parte de deputados esquerdistas\"}]},{\"@type\":\"Person\",\"@id\":\"https:\/\/www.adf.org.br\/home\/#\/schema\/person\/f35a5c5aa7728a3dedf4ea9aa1fc2753\",\"name\":\"Gabriel Barbosa\",\"image\":{\"@type\":\"ImageObject\",\"@id\":\"https:\/\/www.adf.org.br\/home\/#personlogo\",\"inLanguage\":\"pt-BR\",\"url\":\"https:\/\/secure.gravatar.com\/avatar\/2b2cb2f4637682c5605e8d36818f51ef?s=96&d=mm&r=g\",\"contentUrl\":\"https:\/\/secure.gravatar.com\/avatar\/2b2cb2f4637682c5605e8d36818f51ef?s=96&d=mm&r=g\",\"caption\":\"Gabriel Barbosa\"},\"url\":\"https:\/\/www.adf.org.br\/home\/author\/gabrielpmk-com-br\/\"}]}<\/script>\n<!-- \/ Yoast SEO plugin. -->","yoast_head_json":{"title":"Quase 80% dos m\u00e9dicos italianos recusam fazer aborto; o \u201cdireito \u00e0 obje\u00e7\u00e3o de consci\u00eancia\u201d sofre ataque por parte de deputados esquerdistas - Associa\u00e7\u00e3o Devotos de F\u00e1tima","robots":{"index":"index","follow":"follow","max-snippet":"max-snippet:-1","max-image-preview":"max-image-preview:large","max-video-preview":"max-video-preview:-1"},"canonical":"https:\/\/www.adf.org.br\/home\/quase-80-dos-medicos-italianos-recusam-fazer-aborto-o-direito-a-objecao-de-consciencia-sofre-ataque-por-parte-de-deputados-esquerdistas\/","og_locale":"pt_BR","og_type":"article","og_title":"Quase 80% dos m\u00e9dicos italianos recusam fazer aborto; o \u201cdireito \u00e0 obje\u00e7\u00e3o de consci\u00eancia\u201d sofre ataque por parte de deputados esquerdistas - Associa\u00e7\u00e3o Devotos de F\u00e1tima","og_description":"por Hilary White, Roma Correspondente do LifeSiteNews.com Um relat\u00f3rio do governo italiano indicou que mais de 80% dos ginecologistas &#8211; em algumas \u00e1reas, acredita-se ser de 91% &#8211; e mais de 50% dos anestesistas e enfermeiros se recusam a participar de abortos, e o n\u00famero est\u00e1 crescendo. Em resposta, um grupo de parlamentares de esquerda, [&hellip;]","og_url":"https:\/\/www.adf.org.br\/home\/quase-80-dos-medicos-italianos-recusam-fazer-aborto-o-direito-a-objecao-de-consciencia-sofre-ataque-por-parte-de-deputados-esquerdistas\/","og_site_name":"Associa\u00e7\u00e3o Devotos de F\u00e1tima","article_published_time":"2013-06-21T03:00:27+00:00","og_image":[{"url":"http:\/\/www.adf.org.br\/home\/wp-content\/uploads\/2013\/06\/vela-da-vida.jpg"}],"twitter_card":"summary_large_image","twitter_misc":{"Escrito por":"Gabriel Barbosa","Est. tempo de leitura":"6 minutos"},"schema":{"@context":"https:\/\/schema.org","@graph":[{"@type":"WebSite","@id":"https:\/\/www.adf.org.br\/home\/#website","url":"https:\/\/www.adf.org.br\/home\/","name":"Associa\u00e7\u00e3o Devotos de F\u00e1tima","description":"Associa\u00e7\u00e3o Devotos de F\u00e1tima","potentialAction":[{"@type":"SearchAction","target":{"@type":"EntryPoint","urlTemplate":"https:\/\/www.adf.org.br\/home\/?s={search_term_string}"},"query-input":"required name=search_term_string"}],"inLanguage":"pt-BR"},{"@type":"ImageObject","@id":"https:\/\/www.adf.org.br\/home\/quase-80-dos-medicos-italianos-recusam-fazer-aborto-o-direito-a-objecao-de-consciencia-sofre-ataque-por-parte-de-deputados-esquerdistas\/#primaryimage","inLanguage":"pt-BR","url":"http:\/\/www.adf.org.br\/home\/wp-content\/uploads\/2013\/06\/vela-da-vida.jpg","contentUrl":"http:\/\/www.adf.org.br\/home\/wp-content\/uploads\/2013\/06\/vela-da-vida.jpg"},{"@type":"WebPage","@id":"https:\/\/www.adf.org.br\/home\/quase-80-dos-medicos-italianos-recusam-fazer-aborto-o-direito-a-objecao-de-consciencia-sofre-ataque-por-parte-de-deputados-esquerdistas\/#webpage","url":"https:\/\/www.adf.org.br\/home\/quase-80-dos-medicos-italianos-recusam-fazer-aborto-o-direito-a-objecao-de-consciencia-sofre-ataque-por-parte-de-deputados-esquerdistas\/","name":"Quase 80% dos m\u00e9dicos italianos recusam fazer aborto; o \u201cdireito \u00e0 obje\u00e7\u00e3o de consci\u00eancia\u201d sofre ataque por parte de deputados esquerdistas - Associa\u00e7\u00e3o Devotos de F\u00e1tima","isPartOf":{"@id":"https:\/\/www.adf.org.br\/home\/#website"},"primaryImageOfPage":{"@id":"https:\/\/www.adf.org.br\/home\/quase-80-dos-medicos-italianos-recusam-fazer-aborto-o-direito-a-objecao-de-consciencia-sofre-ataque-por-parte-de-deputados-esquerdistas\/#primaryimage"},"datePublished":"2013-06-21T03:00:27+00:00","dateModified":"2013-06-21T03:00:27+00:00","author":{"@id":"https:\/\/www.adf.org.br\/home\/#\/schema\/person\/f35a5c5aa7728a3dedf4ea9aa1fc2753"},"breadcrumb":{"@id":"https:\/\/www.adf.org.br\/home\/quase-80-dos-medicos-italianos-recusam-fazer-aborto-o-direito-a-objecao-de-consciencia-sofre-ataque-por-parte-de-deputados-esquerdistas\/#breadcrumb"},"inLanguage":"pt-BR","potentialAction":[{"@type":"ReadAction","target":["https:\/\/www.adf.org.br\/home\/quase-80-dos-medicos-italianos-recusam-fazer-aborto-o-direito-a-objecao-de-consciencia-sofre-ataque-por-parte-de-deputados-esquerdistas\/"]}]},{"@type":"BreadcrumbList","@id":"https:\/\/www.adf.org.br\/home\/quase-80-dos-medicos-italianos-recusam-fazer-aborto-o-direito-a-objecao-de-consciencia-sofre-ataque-por-parte-de-deputados-esquerdistas\/#breadcrumb","itemListElement":[{"@type":"ListItem","position":1,"name":"Home","item":"https:\/\/www.adf.org.br\/home\/"},{"@type":"ListItem","position":2,"name":"Quase 80% dos m\u00e9dicos italianos recusam fazer aborto; o \u201cdireito \u00e0 obje\u00e7\u00e3o de consci\u00eancia\u201d sofre ataque por parte de deputados esquerdistas"}]},{"@type":"Person","@id":"https:\/\/www.adf.org.br\/home\/#\/schema\/person\/f35a5c5aa7728a3dedf4ea9aa1fc2753","name":"Gabriel Barbosa","image":{"@type":"ImageObject","@id":"https:\/\/www.adf.org.br\/home\/#personlogo","inLanguage":"pt-BR","url":"https:\/\/secure.gravatar.com\/avatar\/2b2cb2f4637682c5605e8d36818f51ef?s=96&d=mm&r=g","contentUrl":"https:\/\/secure.gravatar.com\/avatar\/2b2cb2f4637682c5605e8d36818f51ef?s=96&d=mm&r=g","caption":"Gabriel Barbosa"},"url":"https:\/\/www.adf.org.br\/home\/author\/gabrielpmk-com-br\/"}]}},"_links":{"self":[{"href":"https:\/\/www.adf.org.br\/home\/wp-json\/wp\/v2\/posts\/20670"}],"collection":[{"href":"https:\/\/www.adf.org.br\/home\/wp-json\/wp\/v2\/posts"}],"about":[{"href":"https:\/\/www.adf.org.br\/home\/wp-json\/wp\/v2\/types\/post"}],"author":[{"embeddable":true,"href":"https:\/\/www.adf.org.br\/home\/wp-json\/wp\/v2\/users\/31"}],"replies":[{"embeddable":true,"href":"https:\/\/www.adf.org.br\/home\/wp-json\/wp\/v2\/comments?post=20670"}],"version-history":[{"count":0,"href":"https:\/\/www.adf.org.br\/home\/wp-json\/wp\/v2\/posts\/20670\/revisions"}],"wp:attachment":[{"href":"https:\/\/www.adf.org.br\/home\/wp-json\/wp\/v2\/media?parent=20670"}],"wp:term":[{"taxonomy":"category","embeddable":true,"href":"https:\/\/www.adf.org.br\/home\/wp-json\/wp\/v2\/categories?post=20670"},{"taxonomy":"post_tag","embeddable":true,"href":"https:\/\/www.adf.org.br\/home\/wp-json\/wp\/v2\/tags?post=20670"}],"curies":[{"name":"wp","href":"https:\/\/api.w.org\/{rel}","templated":true}]}}