{"id":20394,"date":"2018-11-25T00:00:41","date_gmt":"2018-11-25T02:00:41","guid":{"rendered":"http:\/\/www.adf.org.br\/home\/?p=20394"},"modified":"2018-11-25T00:00:41","modified_gmt":"2018-11-25T02:00:41","slug":"nossa-senhora-e-velhinha-pecadora","status":"publish","type":"post","link":"https:\/\/www.adf.org.br\/home\/nossa-senhora-e-velhinha-pecadora\/","title":{"rendered":"Nossa Senhora e a velhinha pecadora"},"content":{"rendered":"<p class=\"alignnone\"><img loading=\"lazy\" class=\"alignright wp-image-20398\" title=\"Maria iluminada\" src=\"http:\/\/www.adf.org.br\/home\/wp-content\/uploads\/2013\/06\/Maria-iluminada.jpg\" alt=\"\" width=\"210\" height=\"323\" \/><span style=\"font-family: verdana, geneva, sans-serif; font-size: 12pt; color: #000000;\"><span style=\"font-size: 14pt;\"><strong>L<\/strong><\/span>\u00ea-se na vida de s\u00f3ror Catarina de S. Agostinho que havia, no lugar onde morava esta serva de Deus, uma mulher chamada Maria.<\/span><br \/>\n<span style=\"color: #ffffff; font-family: verdana, geneva, sans-serif; font-size: 12pt;\"> .<\/span><br \/>\n<span style=\"font-family: verdana, geneva, sans-serif; font-size: 12pt; color: #000000;\"> A infeliz levara uma vida de pecados durante a mocidade.<\/span><\/p>\n<p class=\"alignnone\"><span style=\"font-family: verdana, geneva, sans-serif; font-size: 12pt; color: #000000;\"> E j\u00e1 envelhecida, de tal modo obstinara-se na sua perversidade, que fora expulsa pelos habitantes da cidade, e obrigada a viver numa gruta abandonada. <\/span><\/p>\n<p class=\"alignnone\"><span style=\"font-family: verdana, geneva, sans-serif; font-size: 12pt; color: #000000;\">A\u00ed morreu finalmente, sem os sacramentos e sem a assist\u00eancia de ningu\u00e9m.<\/span><br \/>\n<span style=\"color: #ffffff; font-family: verdana, geneva, sans-serif; font-size: 12pt;\"> .<\/span><br \/>\n<span style=\"font-family: verdana, geneva, sans-serif; font-size: 12pt; color: #000000;\"> Sepultaram-na no campo como um bruto qualquer. <\/span><\/p>\n<p class=\"alignnone\"><span style=\"font-family: verdana, geneva, sans-serif; font-size: 12pt; color: #000000;\">S\u00f3ror Catarina costumava recomendar a Deus com grande devo\u00e7\u00e3o as almas de todos os falecidos. Mas, ao saber da terr\u00edvel morte da pobre velha, n\u00e3o cuidou de rezar por ela, pensando, como os outros, que j\u00e1 estivesse condenada.<\/span><br \/>\n<span style=\"color: #ffffff; font-family: verdana, geneva, sans-serif; font-size: 12pt;\"> .<\/span><br \/>\n<span style=\"font-family: verdana, geneva, sans-serif; font-size: 12pt; color: #000000;\"> Eis que, passados quatro anos, em certo dia se lhe apresentou diante uma alma do purgat\u00f3rio, que lhe dizia:<\/span><\/p>\n<p class=\"alignnone\" style=\"padding-left: 90px;\"><span style=\"color: #ffffff; font-family: verdana, geneva, sans-serif; font-size: 12pt;\"> .<\/span><br \/>\n<span style=\"font-family: verdana, geneva, sans-serif; font-size: 12pt; color: #000000;\"> &#8211; S\u00f3ror Catarina, que triste sorte a minha! Tu encomendas a Deus as almas de todos os que morrem e s\u00f3 da minha alma n\u00e3o tens tido compaix\u00e3o?<\/span><br \/>\n<span style=\"color: #ffffff; font-family: verdana, geneva, sans-serif; font-size: 12pt;\"> .<\/span><br \/>\n<span style=\"font-family: verdana, geneva, sans-serif; font-size: 12pt; color: #000000;\"> \u2013 Mas quem \u00e9s tu? \u2013 disse a serva de Deus.\u2013 Eu sou, &#8211; respondeu ela \u2013 aquela pobre Maria que morreu na gruta.<\/span><br \/>\n<span style=\"color: #ffffff; font-family: verdana, geneva, sans-serif; font-size: 12pt;\"> .<\/span><br \/>\n<span style=\"font-family: verdana, geneva, sans-serif; font-size: 12pt; color: #000000;\"> \u2013 E como te salvaste? \u2013 replicou s\u00f3ror Catarina. \u2013 Sim, eu me salvei por miseric\u00f3rdia da Virgem Maria.<\/span><br \/>\n<span style=\"color: #ffffff; font-family: verdana, geneva, sans-serif; font-size: 12pt;\"> .<\/span><br \/>\n<span style=\"font-family: verdana, geneva, sans-serif; font-size: 12pt; color: #000000;\"> \u2013 E como?<\/span><br \/>\n<span style=\"color: #ffffff; font-family: verdana, geneva, sans-serif; font-size: 12pt;\"> .<\/span><br \/>\n<span style=\"font-family: verdana, geneva, sans-serif; font-size: 12pt; color: #000000;\"> \u2013 Quando eu me vi pr\u00f3xima \u00e0 morte estando justamente t\u00e3o cheia de pecados e desamparada de todos, me voltei para a M\u00e3e de Deus e lhe disse: Senhora, v\u00f3s sois o ref\u00fagio dos desamparados. <\/span><\/p>\n<p class=\"alignnone\" style=\"padding-left: 90px;\"><span style=\"font-family: verdana, geneva, sans-serif; font-size: 12pt; color: #000000;\">Aqui estou neste estado abandonada por todos. V\u00f3s sois a minha \u00fanica esperan\u00e7a, s\u00f3 v\u00f3s me podeis valer; tende piedade de mim.<\/span><br \/>\n<span style=\"color: #ffffff; font-family: verdana, geneva, sans-serif; font-size: 12pt;\"> .<\/span><br \/>\n<strong><span style=\"font-family: verdana, geneva, sans-serif; font-size: 12pt; color: #000000;\"> Ent\u00e3o a Sant\u00edssima Virgem obteve-me a gra\u00e7a de eu poder fazer um ato de contri\u00e7\u00e3o; depois morri e fui salva. <\/span><\/strong><\/p>\n<p class=\"alignnone\" style=\"padding-left: 90px;\"><span style=\"font-family: verdana, geneva, sans-serif; font-size: 12pt; color: #000000;\">Al\u00e9m disso, esta minha Rainha alcan\u00e7ou-me a gra\u00e7a de ser abreviada minha pena por sofrimentos mais intensos, por\u00e9m menos demorados. <\/span><\/p>\n<p class=\"alignnone\" style=\"padding-left: 90px;\"><span style=\"font-family: verdana, geneva, sans-serif; font-size: 12pt; color: #000000;\"><strong>S\u00f3 necessito de algumas missas para me livrar mais depressa do purgat\u00f3rio. Rogo-te que as fa\u00e7as celebrar.<\/strong> <\/span><\/p>\n<p class=\"alignnone\" style=\"padding-left: 90px;\"><span style=\"font-family: verdana, geneva, sans-serif; font-size: 12pt; color: #000000;\">Em troca, prometo-te pedir a Deus e \u00e0 Sant\u00edssima Virgem por ti.<\/span><br \/>\n<span style=\"color: #ffffff; font-family: verdana, geneva, sans-serif; font-size: 12pt;\"> .<\/span><br \/>\n<span style=\"font-family: verdana, geneva, sans-serif; font-size: 12pt; color: #000000;\"> S\u00f3ror Catarina logo fez celebrar as missas. Depois de poucos dias lhe tornou a aparecer aquela alma mais resplandecente do que o sol e lhe disse:<\/span><br \/>\n<span style=\"color: #ffffff; font-family: verdana, geneva, sans-serif; font-size: 12pt;\"> .<\/span><br \/>\n<strong><span style=\"font-family: verdana, geneva, sans-serif; font-size: 12pt; color: #800080;\"> &#8211; Agora vou para o para\u00edso cantar as miseric\u00f3rdias do Senhor e rogar por ti.<\/span><\/strong><\/p>\n<p style=\"padding-left: 90px;\"><span style=\"font-family: verdana, geneva, sans-serif; font-size: 12pt; color: #ffffff;\">.<\/span><\/p>\n<p><span style=\"font-family: verdana, geneva, sans-serif; font-size: 10pt; color: #000000;\"><em>Fonte: Santo Afonso Maria de Lig\u00f3rio, Gl\u00f3rias de Maria.<\/em><\/span><\/p>\n<h5 style=\"text-align: center;\"><span style=\"font-family: verdana, geneva, sans-serif; font-size: 12pt; color: #ffffff;\">.<\/span><br \/>\n<strong><span style=\"font-family: verdana, geneva, sans-serif; font-size: 12pt; color: #000000;\">*\u00a0 *\u00a0 *<\/span><\/strong><\/h5>\n<p><span style=\"font-family: verdana, geneva, sans-serif; font-size: 12pt; color: #000000;\"><span style=\"color: #ffffff;\">.<\/span><br \/>\n<a href=\"https:\/\/adf.org.br\/apostolosdefatima\/2\/?origem=4547#\" target=\"_blank\" rel=\"noopener noreferrer\"><img loading=\"lazy\" class=\"aligncenter wp-image-48922 size-full\" src=\"https:\/\/www.adf.org.br\/home\/wp-content\/uploads\/2018\/11\/testeira-apostolos-de-fatima-2-5.png\" alt=\"testeira-apostolos-de-fatima-2\" width=\"600\" height=\"344\" \/><\/a><br \/>\n<\/span><\/p>\n","protected":false},"excerpt":{"rendered":"<p>L\u00ea-se na vida de s\u00f3ror Catarina de S. Agostinho que havia, no lugar onde morava esta serva de Deus, uma mulher chamada Maria.<\/p>\n","protected":false},"author":31,"featured_media":48923,"comment_status":"open","ping_status":"open","sticky":false,"template":"","format":"standard","meta":[],"categories":[20],"tags":[289,1492,57],"yoast_head":"<!-- This site is optimized with the Yoast SEO plugin v17.4 - https:\/\/yoast.com\/wordpress\/plugins\/seo\/ -->\n<title>Nossa Senhora e a velhinha pecadora<\/title>\n<meta name=\"description\" content=\"Nossa Senhora e a velhinha pecadora! L\u00ea-se na vida de s\u00f3ror Catarina de S. Agostinho que havia, no lugar onde morava esta serva de Deus...\" \/>\n<meta name=\"robots\" content=\"index, follow, max-snippet:-1, max-image-preview:large, max-video-preview:-1\" \/>\n<link rel=\"canonical\" href=\"https:\/\/www.adf.org.br\/home\/nossa-senhora-e-velhinha-pecadora\/\" \/>\n<meta property=\"og:locale\" content=\"pt_BR\" \/>\n<meta property=\"og:type\" content=\"article\" \/>\n<meta property=\"og:title\" content=\"Nossa Senhora e a velhinha pecadora\" \/>\n<meta property=\"og:description\" content=\"Nossa Senhora e a velhinha pecadora! L\u00ea-se na vida de s\u00f3ror Catarina de S. Agostinho que havia, no lugar onde morava esta serva de Deus...\" \/>\n<meta property=\"og:url\" content=\"https:\/\/www.adf.org.br\/home\/nossa-senhora-e-velhinha-pecadora\/\" \/>\n<meta property=\"og:site_name\" content=\"Associa\u00e7\u00e3o Devotos de F\u00e1tima\" \/>\n<meta property=\"article:published_time\" content=\"2018-11-25T02:00:41+00:00\" \/>\n<meta name=\"twitter:card\" content=\"summary_large_image\" \/>\n<meta name=\"twitter:label1\" content=\"Escrito por\" \/>\n\t<meta name=\"twitter:data1\" content=\"Gabriel Barbosa\" \/>\n\t<meta name=\"twitter:label2\" content=\"Est. tempo de leitura\" \/>\n\t<meta name=\"twitter:data2\" content=\"2 minutos\" \/>\n<script type=\"application\/ld+json\" class=\"yoast-schema-graph\">{\"@context\":\"https:\/\/schema.org\",\"@graph\":[{\"@type\":\"WebSite\",\"@id\":\"https:\/\/www.adf.org.br\/home\/#website\",\"url\":\"https:\/\/www.adf.org.br\/home\/\",\"name\":\"Associa\\u00e7\\u00e3o Devotos de F\\u00e1tima\",\"description\":\"Associa\\u00e7\\u00e3o Devotos de F\\u00e1tima\",\"potentialAction\":[{\"@type\":\"SearchAction\",\"target\":{\"@type\":\"EntryPoint\",\"urlTemplate\":\"https:\/\/www.adf.org.br\/home\/?s={search_term_string}\"},\"query-input\":\"required name=search_term_string\"}],\"inLanguage\":\"pt-BR\"},{\"@type\":\"ImageObject\",\"@id\":\"https:\/\/www.adf.org.br\/home\/nossa-senhora-e-velhinha-pecadora\/#primaryimage\",\"inLanguage\":\"pt-BR\",\"url\":\"\",\"contentUrl\":\"\"},{\"@type\":\"WebPage\",\"@id\":\"https:\/\/www.adf.org.br\/home\/nossa-senhora-e-velhinha-pecadora\/#webpage\",\"url\":\"https:\/\/www.adf.org.br\/home\/nossa-senhora-e-velhinha-pecadora\/\",\"name\":\"Nossa Senhora e a velhinha pecadora\",\"isPartOf\":{\"@id\":\"https:\/\/www.adf.org.br\/home\/#website\"},\"primaryImageOfPage\":{\"@id\":\"https:\/\/www.adf.org.br\/home\/nossa-senhora-e-velhinha-pecadora\/#primaryimage\"},\"datePublished\":\"2018-11-25T02:00:41+00:00\",\"dateModified\":\"2018-11-25T02:00:41+00:00\",\"author\":{\"@id\":\"https:\/\/www.adf.org.br\/home\/#\/schema\/person\/f35a5c5aa7728a3dedf4ea9aa1fc2753\"},\"description\":\"Nossa Senhora e a velhinha pecadora! L\\u00ea-se na vida de s\\u00f3ror Catarina de S. Agostinho que havia, no lugar onde morava esta serva de Deus...\",\"breadcrumb\":{\"@id\":\"https:\/\/www.adf.org.br\/home\/nossa-senhora-e-velhinha-pecadora\/#breadcrumb\"},\"inLanguage\":\"pt-BR\",\"potentialAction\":[{\"@type\":\"ReadAction\",\"target\":[\"https:\/\/www.adf.org.br\/home\/nossa-senhora-e-velhinha-pecadora\/\"]}]},{\"@type\":\"BreadcrumbList\",\"@id\":\"https:\/\/www.adf.org.br\/home\/nossa-senhora-e-velhinha-pecadora\/#breadcrumb\",\"itemListElement\":[{\"@type\":\"ListItem\",\"position\":1,\"name\":\"Home\",\"item\":\"https:\/\/www.adf.org.br\/home\/\"},{\"@type\":\"ListItem\",\"position\":2,\"name\":\"Nossa Senhora e a velhinha pecadora\"}]},{\"@type\":\"Person\",\"@id\":\"https:\/\/www.adf.org.br\/home\/#\/schema\/person\/f35a5c5aa7728a3dedf4ea9aa1fc2753\",\"name\":\"Gabriel Barbosa\",\"image\":{\"@type\":\"ImageObject\",\"@id\":\"https:\/\/www.adf.org.br\/home\/#personlogo\",\"inLanguage\":\"pt-BR\",\"url\":\"https:\/\/secure.gravatar.com\/avatar\/2b2cb2f4637682c5605e8d36818f51ef?s=96&d=mm&r=g\",\"contentUrl\":\"https:\/\/secure.gravatar.com\/avatar\/2b2cb2f4637682c5605e8d36818f51ef?s=96&d=mm&r=g\",\"caption\":\"Gabriel Barbosa\"},\"url\":\"https:\/\/www.adf.org.br\/home\/author\/gabrielpmk-com-br\/\"}]}<\/script>\n<!-- \/ Yoast SEO plugin. -->","yoast_head_json":{"title":"Nossa Senhora e a velhinha pecadora","description":"Nossa Senhora e a velhinha pecadora! L\u00ea-se na vida de s\u00f3ror Catarina de S. Agostinho que havia, no lugar onde morava esta serva de Deus...","robots":{"index":"index","follow":"follow","max-snippet":"max-snippet:-1","max-image-preview":"max-image-preview:large","max-video-preview":"max-video-preview:-1"},"canonical":"https:\/\/www.adf.org.br\/home\/nossa-senhora-e-velhinha-pecadora\/","og_locale":"pt_BR","og_type":"article","og_title":"Nossa Senhora e a velhinha pecadora","og_description":"Nossa Senhora e a velhinha pecadora! L\u00ea-se na vida de s\u00f3ror Catarina de S. Agostinho que havia, no lugar onde morava esta serva de Deus...","og_url":"https:\/\/www.adf.org.br\/home\/nossa-senhora-e-velhinha-pecadora\/","og_site_name":"Associa\u00e7\u00e3o Devotos de F\u00e1tima","article_published_time":"2018-11-25T02:00:41+00:00","twitter_card":"summary_large_image","twitter_misc":{"Escrito por":"Gabriel Barbosa","Est. tempo de leitura":"2 minutos"},"schema":{"@context":"https:\/\/schema.org","@graph":[{"@type":"WebSite","@id":"https:\/\/www.adf.org.br\/home\/#website","url":"https:\/\/www.adf.org.br\/home\/","name":"Associa\u00e7\u00e3o Devotos de F\u00e1tima","description":"Associa\u00e7\u00e3o Devotos de F\u00e1tima","potentialAction":[{"@type":"SearchAction","target":{"@type":"EntryPoint","urlTemplate":"https:\/\/www.adf.org.br\/home\/?s={search_term_string}"},"query-input":"required name=search_term_string"}],"inLanguage":"pt-BR"},{"@type":"ImageObject","@id":"https:\/\/www.adf.org.br\/home\/nossa-senhora-e-velhinha-pecadora\/#primaryimage","inLanguage":"pt-BR","url":"","contentUrl":""},{"@type":"WebPage","@id":"https:\/\/www.adf.org.br\/home\/nossa-senhora-e-velhinha-pecadora\/#webpage","url":"https:\/\/www.adf.org.br\/home\/nossa-senhora-e-velhinha-pecadora\/","name":"Nossa Senhora e a velhinha pecadora","isPartOf":{"@id":"https:\/\/www.adf.org.br\/home\/#website"},"primaryImageOfPage":{"@id":"https:\/\/www.adf.org.br\/home\/nossa-senhora-e-velhinha-pecadora\/#primaryimage"},"datePublished":"2018-11-25T02:00:41+00:00","dateModified":"2018-11-25T02:00:41+00:00","author":{"@id":"https:\/\/www.adf.org.br\/home\/#\/schema\/person\/f35a5c5aa7728a3dedf4ea9aa1fc2753"},"description":"Nossa Senhora e a velhinha pecadora! L\u00ea-se na vida de s\u00f3ror Catarina de S. Agostinho que havia, no lugar onde morava esta serva de Deus...","breadcrumb":{"@id":"https:\/\/www.adf.org.br\/home\/nossa-senhora-e-velhinha-pecadora\/#breadcrumb"},"inLanguage":"pt-BR","potentialAction":[{"@type":"ReadAction","target":["https:\/\/www.adf.org.br\/home\/nossa-senhora-e-velhinha-pecadora\/"]}]},{"@type":"BreadcrumbList","@id":"https:\/\/www.adf.org.br\/home\/nossa-senhora-e-velhinha-pecadora\/#breadcrumb","itemListElement":[{"@type":"ListItem","position":1,"name":"Home","item":"https:\/\/www.adf.org.br\/home\/"},{"@type":"ListItem","position":2,"name":"Nossa Senhora e a velhinha pecadora"}]},{"@type":"Person","@id":"https:\/\/www.adf.org.br\/home\/#\/schema\/person\/f35a5c5aa7728a3dedf4ea9aa1fc2753","name":"Gabriel Barbosa","image":{"@type":"ImageObject","@id":"https:\/\/www.adf.org.br\/home\/#personlogo","inLanguage":"pt-BR","url":"https:\/\/secure.gravatar.com\/avatar\/2b2cb2f4637682c5605e8d36818f51ef?s=96&d=mm&r=g","contentUrl":"https:\/\/secure.gravatar.com\/avatar\/2b2cb2f4637682c5605e8d36818f51ef?s=96&d=mm&r=g","caption":"Gabriel Barbosa"},"url":"https:\/\/www.adf.org.br\/home\/author\/gabrielpmk-com-br\/"}]}},"_links":{"self":[{"href":"https:\/\/www.adf.org.br\/home\/wp-json\/wp\/v2\/posts\/20394"}],"collection":[{"href":"https:\/\/www.adf.org.br\/home\/wp-json\/wp\/v2\/posts"}],"about":[{"href":"https:\/\/www.adf.org.br\/home\/wp-json\/wp\/v2\/types\/post"}],"author":[{"embeddable":true,"href":"https:\/\/www.adf.org.br\/home\/wp-json\/wp\/v2\/users\/31"}],"replies":[{"embeddable":true,"href":"https:\/\/www.adf.org.br\/home\/wp-json\/wp\/v2\/comments?post=20394"}],"version-history":[{"count":0,"href":"https:\/\/www.adf.org.br\/home\/wp-json\/wp\/v2\/posts\/20394\/revisions"}],"wp:featuredmedia":[{"embeddable":true,"href":"https:\/\/www.adf.org.br\/home\/wp-json\/wp\/v2\/media\/48923"}],"wp:attachment":[{"href":"https:\/\/www.adf.org.br\/home\/wp-json\/wp\/v2\/media?parent=20394"}],"wp:term":[{"taxonomy":"category","embeddable":true,"href":"https:\/\/www.adf.org.br\/home\/wp-json\/wp\/v2\/categories?post=20394"},{"taxonomy":"post_tag","embeddable":true,"href":"https:\/\/www.adf.org.br\/home\/wp-json\/wp\/v2\/tags?post=20394"}],"curies":[{"name":"wp","href":"https:\/\/api.w.org\/{rel}","templated":true}]}}