{"id":2002,"date":"2010-02-19T00:02:14","date_gmt":"2010-02-19T02:02:14","guid":{"rendered":"http:\/\/www.adf.org.br\/home\/?p=2002"},"modified":"2010-02-19T00:02:14","modified_gmt":"2010-02-19T02:02:14","slug":"conjuracao-progressista-quer-ficar-dentro-da-igreja-para-intoxica-la","status":"publish","type":"post","link":"https:\/\/www.adf.org.br\/home\/conjuracao-progressista-quer-ficar-dentro-da-igreja-para-intoxica-la\/","title":{"rendered":"Conjura\u00e7\u00e3o progressista quer ficar dentro da Igreja para intoxic\u00e1-la"},"content":{"rendered":"<p><img loading=\"lazy\" class=\"alignleft size-full wp-image-2363\" title=\"Padre_contestatario_Vitaliano_della_Sala,_passeata_homossexual,_Roma\" src=\"http:\/\/www.adf.org.br\/home\/wp-content\/uploads\/2010\/02\/Padre_contestatario_Vitaliano_della_Sala_passeata_homossexual_Roma.jpg\" alt=\"Padre_contestatario_Vitaliano_della_Sala,_passeata_homossexual,_Roma\" width=\"263\" height=\"286\" \/>Tudo se passa na Igreja como se a esquerda cat\u00f3lica \u2012 te\u00f3logos, CEBs, etc. \u2012 tivessem proferido um segredo \u201cvoto de desobedi\u00eancia\u201d \u00e0 autoridade, especialmente em mat\u00e9rias como fam\u00edlia, anticonceptivos, experi\u00eancias com embri\u00f5es, e dogmas fundamentais como a Ressurrei\u00e7\u00e3o, divindade de Jesus Cristo, Imaculada Concei\u00e7\u00e3o, Ascens\u00e3o de Nossa Senhora, infalibilidade pontif\u00edcia, exist\u00eancia do C\u00e9u, do inferno e do purgat\u00f3rio, escreveu o di\u00e1rio pro-socialista <a href=\"http:\/\/www.elpais.com\/articulo\/sociedad\/Voto\/desobediencia\/obispos\/elpepisoc\/20091224elpepisoc_1\/Tes\" target=\"_blank\" rel=\"noopener noreferrer\">\u201cEl Pa\u00eds<\/a>\u201d de Madri.<\/p>\n<p>O jornal julga que existem na Igreja Cat\u00f3lica \u201c<em>cismas soterrados<\/em>\u201d que agem segundo a diretiva do te\u00f3logo dissidente <strong>Hans K\u00fcng (foto): \u201c<\/strong><em>nunca abandonar a Igreja\u201d.<\/em><\/p>\n<p><img loading=\"lazy\" class=\"alignright size-full wp-image-2364\" title=\"Hans_Kung\" src=\"http:\/\/www.adf.org.br\/home\/wp-content\/uploads\/2010\/02\/Hans_Kung.jpg\" alt=\"Hans_Kung\" width=\"179\" height=\"199\" \/>A estrat\u00e9gia n\u00e3o \u00e9 nova. J\u00e1 foi denunciada por <strong>S\u00e3o Pio X<\/strong> na Enc\u00edclica Pascendi: os her\u00e9ticos \u201cmodernistas\u201d preferiam ficar dentro da Igreja para melhor espalhar seus pestilentos erros.<\/p>\n<p>Os \u201cprogressistas\u201d de hoje como os \u201cmodernistas\u201d de ontem acabar\u00e3o sendo denunciados e banidos da Igreja, como muitas outras heresias.<\/p>\n<p><strong>As portas do inferno nunca prevalecer\u00e3o contra a Esposa de Cristo.<\/strong><\/p>\n<p><br class=\"spacer_\" \/><\/p>\n<p><strong>Fonte: Blog\u00a0 <a href=\"http:\/\/lumenrationis.blogspot.com\/2010\/02\/conjuracao-progressista-quer-ficar.html\" target=\"_blank\" rel=\"noopener noreferrer\">Luz de Cristo x trevas da irracionalidade<\/a><\/strong><\/p>\n","protected":false},"excerpt":{"rendered":"<p>Tudo se passa na Igreja como se a esquerda cat\u00f3lica \u2012 te\u00f3logos, CEBs, etc. \u2012 tivessem proferido um segredo \u201cvoto de desobedi\u00eancia\u201d \u00e0 autoridade, especialmente em mat\u00e9rias como fam\u00edlia, anticonceptivos, experi\u00eancias com embri\u00f5es, e dogmas fundamentais como a Ressurrei\u00e7\u00e3o, divindade de Jesus Cristo, Imaculada Concei\u00e7\u00e3o, Ascens\u00e3o de Nossa Senhora, infalibilidade pontif\u00edcia, exist\u00eancia do C\u00e9u, do [&hellip;]<\/p>\n","protected":false},"author":7,"featured_media":0,"comment_status":"open","ping_status":"open","sticky":false,"template":"","format":"standard","meta":[],"categories":[20],"tags":[],"yoast_head":"<!-- This site is optimized with the Yoast SEO plugin v17.4 - https:\/\/yoast.com\/wordpress\/plugins\/seo\/ -->\n<title>Conjura\u00e7\u00e3o progressista quer ficar dentro da Igreja para intoxic\u00e1-la - Associa\u00e7\u00e3o Devotos de F\u00e1tima<\/title>\n<meta name=\"robots\" content=\"index, follow, max-snippet:-1, max-image-preview:large, max-video-preview:-1\" \/>\n<link rel=\"canonical\" href=\"https:\/\/www.adf.org.br\/home\/conjuracao-progressista-quer-ficar-dentro-da-igreja-para-intoxica-la\/\" \/>\n<meta property=\"og:locale\" content=\"pt_BR\" \/>\n<meta property=\"og:type\" content=\"article\" \/>\n<meta property=\"og:title\" content=\"Conjura\u00e7\u00e3o progressista quer ficar dentro da Igreja para intoxic\u00e1-la - Associa\u00e7\u00e3o Devotos de F\u00e1tima\" \/>\n<meta property=\"og:description\" content=\"Tudo se passa na Igreja como se a esquerda cat\u00f3lica \u2012 te\u00f3logos, CEBs, etc. \u2012 tivessem proferido um segredo \u201cvoto de desobedi\u00eancia\u201d \u00e0 autoridade, especialmente em mat\u00e9rias como fam\u00edlia, anticonceptivos, experi\u00eancias com embri\u00f5es, e dogmas fundamentais como a Ressurrei\u00e7\u00e3o, divindade de Jesus Cristo, Imaculada Concei\u00e7\u00e3o, Ascens\u00e3o de Nossa Senhora, infalibilidade pontif\u00edcia, exist\u00eancia do C\u00e9u, do [&hellip;]\" \/>\n<meta property=\"og:url\" content=\"https:\/\/www.adf.org.br\/home\/conjuracao-progressista-quer-ficar-dentro-da-igreja-para-intoxica-la\/\" \/>\n<meta property=\"og:site_name\" content=\"Associa\u00e7\u00e3o Devotos de F\u00e1tima\" \/>\n<meta property=\"article:published_time\" content=\"2010-02-19T02:02:14+00:00\" \/>\n<meta property=\"og:image\" content=\"http:\/\/www.adf.org.br\/home\/wp-content\/uploads\/2010\/02\/Padre_contestatario_Vitaliano_della_Sala_passeata_homossexual_Roma.jpg\" \/>\n<meta name=\"twitter:card\" content=\"summary_large_image\" \/>\n<meta name=\"twitter:label1\" content=\"Escrito por\" \/>\n\t<meta name=\"twitter:data1\" content=\"adminstrador\" \/>\n\t<meta name=\"twitter:label2\" content=\"Est. tempo de leitura\" \/>\n\t<meta name=\"twitter:data2\" content=\"1 minuto\" \/>\n<script type=\"application\/ld+json\" class=\"yoast-schema-graph\">{\"@context\":\"https:\/\/schema.org\",\"@graph\":[{\"@type\":\"WebSite\",\"@id\":\"https:\/\/www.adf.org.br\/home\/#website\",\"url\":\"https:\/\/www.adf.org.br\/home\/\",\"name\":\"Associa\\u00e7\\u00e3o Devotos de F\\u00e1tima\",\"description\":\"Associa\\u00e7\\u00e3o Devotos de F\\u00e1tima\",\"potentialAction\":[{\"@type\":\"SearchAction\",\"target\":{\"@type\":\"EntryPoint\",\"urlTemplate\":\"https:\/\/www.adf.org.br\/home\/?s={search_term_string}\"},\"query-input\":\"required name=search_term_string\"}],\"inLanguage\":\"pt-BR\"},{\"@type\":\"ImageObject\",\"@id\":\"https:\/\/www.adf.org.br\/home\/conjuracao-progressista-quer-ficar-dentro-da-igreja-para-intoxica-la\/#primaryimage\",\"inLanguage\":\"pt-BR\",\"url\":\"http:\/\/www.adf.org.br\/home\/wp-content\/uploads\/2010\/02\/Padre_contestatario_Vitaliano_della_Sala_passeata_homossexual_Roma.jpg\",\"contentUrl\":\"http:\/\/www.adf.org.br\/home\/wp-content\/uploads\/2010\/02\/Padre_contestatario_Vitaliano_della_Sala_passeata_homossexual_Roma.jpg\"},{\"@type\":\"WebPage\",\"@id\":\"https:\/\/www.adf.org.br\/home\/conjuracao-progressista-quer-ficar-dentro-da-igreja-para-intoxica-la\/#webpage\",\"url\":\"https:\/\/www.adf.org.br\/home\/conjuracao-progressista-quer-ficar-dentro-da-igreja-para-intoxica-la\/\",\"name\":\"Conjura\\u00e7\\u00e3o progressista quer ficar dentro da Igreja para intoxic\\u00e1-la - Associa\\u00e7\\u00e3o Devotos de F\\u00e1tima\",\"isPartOf\":{\"@id\":\"https:\/\/www.adf.org.br\/home\/#website\"},\"primaryImageOfPage\":{\"@id\":\"https:\/\/www.adf.org.br\/home\/conjuracao-progressista-quer-ficar-dentro-da-igreja-para-intoxica-la\/#primaryimage\"},\"datePublished\":\"2010-02-19T02:02:14+00:00\",\"dateModified\":\"2010-02-19T02:02:14+00:00\",\"author\":{\"@id\":\"https:\/\/www.adf.org.br\/home\/#\/schema\/person\/a51edc55753c1552e7cd685ac3a70e86\"},\"breadcrumb\":{\"@id\":\"https:\/\/www.adf.org.br\/home\/conjuracao-progressista-quer-ficar-dentro-da-igreja-para-intoxica-la\/#breadcrumb\"},\"inLanguage\":\"pt-BR\",\"potentialAction\":[{\"@type\":\"ReadAction\",\"target\":[\"https:\/\/www.adf.org.br\/home\/conjuracao-progressista-quer-ficar-dentro-da-igreja-para-intoxica-la\/\"]}]},{\"@type\":\"BreadcrumbList\",\"@id\":\"https:\/\/www.adf.org.br\/home\/conjuracao-progressista-quer-ficar-dentro-da-igreja-para-intoxica-la\/#breadcrumb\",\"itemListElement\":[{\"@type\":\"ListItem\",\"position\":1,\"name\":\"Home\",\"item\":\"https:\/\/www.adf.org.br\/home\/\"},{\"@type\":\"ListItem\",\"position\":2,\"name\":\"Conjura\\u00e7\\u00e3o progressista quer ficar dentro da Igreja para intoxic\\u00e1-la\"}]},{\"@type\":\"Person\",\"@id\":\"https:\/\/www.adf.org.br\/home\/#\/schema\/person\/a51edc55753c1552e7cd685ac3a70e86\",\"name\":\"adminstrador\",\"image\":{\"@type\":\"ImageObject\",\"@id\":\"https:\/\/www.adf.org.br\/home\/#personlogo\",\"inLanguage\":\"pt-BR\",\"url\":\"https:\/\/secure.gravatar.com\/avatar\/?s=96&d=mm&r=g\",\"contentUrl\":\"https:\/\/secure.gravatar.com\/avatar\/?s=96&d=mm&r=g\",\"caption\":\"adminstrador\"},\"url\":\"https:\/\/www.adf.org.br\/home\/author\/adminstrador\/\"}]}<\/script>\n<!-- \/ Yoast SEO plugin. -->","yoast_head_json":{"title":"Conjura\u00e7\u00e3o progressista quer ficar dentro da Igreja para intoxic\u00e1-la - Associa\u00e7\u00e3o Devotos de F\u00e1tima","robots":{"index":"index","follow":"follow","max-snippet":"max-snippet:-1","max-image-preview":"max-image-preview:large","max-video-preview":"max-video-preview:-1"},"canonical":"https:\/\/www.adf.org.br\/home\/conjuracao-progressista-quer-ficar-dentro-da-igreja-para-intoxica-la\/","og_locale":"pt_BR","og_type":"article","og_title":"Conjura\u00e7\u00e3o progressista quer ficar dentro da Igreja para intoxic\u00e1-la - Associa\u00e7\u00e3o Devotos de F\u00e1tima","og_description":"Tudo se passa na Igreja como se a esquerda cat\u00f3lica \u2012 te\u00f3logos, CEBs, etc. \u2012 tivessem proferido um segredo \u201cvoto de desobedi\u00eancia\u201d \u00e0 autoridade, especialmente em mat\u00e9rias como fam\u00edlia, anticonceptivos, experi\u00eancias com embri\u00f5es, e dogmas fundamentais como a Ressurrei\u00e7\u00e3o, divindade de Jesus Cristo, Imaculada Concei\u00e7\u00e3o, Ascens\u00e3o de Nossa Senhora, infalibilidade pontif\u00edcia, exist\u00eancia do C\u00e9u, do [&hellip;]","og_url":"https:\/\/www.adf.org.br\/home\/conjuracao-progressista-quer-ficar-dentro-da-igreja-para-intoxica-la\/","og_site_name":"Associa\u00e7\u00e3o Devotos de F\u00e1tima","article_published_time":"2010-02-19T02:02:14+00:00","og_image":[{"url":"http:\/\/www.adf.org.br\/home\/wp-content\/uploads\/2010\/02\/Padre_contestatario_Vitaliano_della_Sala_passeata_homossexual_Roma.jpg"}],"twitter_card":"summary_large_image","twitter_misc":{"Escrito por":"adminstrador","Est. tempo de leitura":"1 minuto"},"schema":{"@context":"https:\/\/schema.org","@graph":[{"@type":"WebSite","@id":"https:\/\/www.adf.org.br\/home\/#website","url":"https:\/\/www.adf.org.br\/home\/","name":"Associa\u00e7\u00e3o Devotos de F\u00e1tima","description":"Associa\u00e7\u00e3o Devotos de F\u00e1tima","potentialAction":[{"@type":"SearchAction","target":{"@type":"EntryPoint","urlTemplate":"https:\/\/www.adf.org.br\/home\/?s={search_term_string}"},"query-input":"required name=search_term_string"}],"inLanguage":"pt-BR"},{"@type":"ImageObject","@id":"https:\/\/www.adf.org.br\/home\/conjuracao-progressista-quer-ficar-dentro-da-igreja-para-intoxica-la\/#primaryimage","inLanguage":"pt-BR","url":"http:\/\/www.adf.org.br\/home\/wp-content\/uploads\/2010\/02\/Padre_contestatario_Vitaliano_della_Sala_passeata_homossexual_Roma.jpg","contentUrl":"http:\/\/www.adf.org.br\/home\/wp-content\/uploads\/2010\/02\/Padre_contestatario_Vitaliano_della_Sala_passeata_homossexual_Roma.jpg"},{"@type":"WebPage","@id":"https:\/\/www.adf.org.br\/home\/conjuracao-progressista-quer-ficar-dentro-da-igreja-para-intoxica-la\/#webpage","url":"https:\/\/www.adf.org.br\/home\/conjuracao-progressista-quer-ficar-dentro-da-igreja-para-intoxica-la\/","name":"Conjura\u00e7\u00e3o progressista quer ficar dentro da Igreja para intoxic\u00e1-la - Associa\u00e7\u00e3o Devotos de F\u00e1tima","isPartOf":{"@id":"https:\/\/www.adf.org.br\/home\/#website"},"primaryImageOfPage":{"@id":"https:\/\/www.adf.org.br\/home\/conjuracao-progressista-quer-ficar-dentro-da-igreja-para-intoxica-la\/#primaryimage"},"datePublished":"2010-02-19T02:02:14+00:00","dateModified":"2010-02-19T02:02:14+00:00","author":{"@id":"https:\/\/www.adf.org.br\/home\/#\/schema\/person\/a51edc55753c1552e7cd685ac3a70e86"},"breadcrumb":{"@id":"https:\/\/www.adf.org.br\/home\/conjuracao-progressista-quer-ficar-dentro-da-igreja-para-intoxica-la\/#breadcrumb"},"inLanguage":"pt-BR","potentialAction":[{"@type":"ReadAction","target":["https:\/\/www.adf.org.br\/home\/conjuracao-progressista-quer-ficar-dentro-da-igreja-para-intoxica-la\/"]}]},{"@type":"BreadcrumbList","@id":"https:\/\/www.adf.org.br\/home\/conjuracao-progressista-quer-ficar-dentro-da-igreja-para-intoxica-la\/#breadcrumb","itemListElement":[{"@type":"ListItem","position":1,"name":"Home","item":"https:\/\/www.adf.org.br\/home\/"},{"@type":"ListItem","position":2,"name":"Conjura\u00e7\u00e3o progressista quer ficar dentro da Igreja para intoxic\u00e1-la"}]},{"@type":"Person","@id":"https:\/\/www.adf.org.br\/home\/#\/schema\/person\/a51edc55753c1552e7cd685ac3a70e86","name":"adminstrador","image":{"@type":"ImageObject","@id":"https:\/\/www.adf.org.br\/home\/#personlogo","inLanguage":"pt-BR","url":"https:\/\/secure.gravatar.com\/avatar\/?s=96&d=mm&r=g","contentUrl":"https:\/\/secure.gravatar.com\/avatar\/?s=96&d=mm&r=g","caption":"adminstrador"},"url":"https:\/\/www.adf.org.br\/home\/author\/adminstrador\/"}]}},"_links":{"self":[{"href":"https:\/\/www.adf.org.br\/home\/wp-json\/wp\/v2\/posts\/2002"}],"collection":[{"href":"https:\/\/www.adf.org.br\/home\/wp-json\/wp\/v2\/posts"}],"about":[{"href":"https:\/\/www.adf.org.br\/home\/wp-json\/wp\/v2\/types\/post"}],"author":[{"embeddable":true,"href":"https:\/\/www.adf.org.br\/home\/wp-json\/wp\/v2\/users\/7"}],"replies":[{"embeddable":true,"href":"https:\/\/www.adf.org.br\/home\/wp-json\/wp\/v2\/comments?post=2002"}],"version-history":[{"count":0,"href":"https:\/\/www.adf.org.br\/home\/wp-json\/wp\/v2\/posts\/2002\/revisions"}],"wp:attachment":[{"href":"https:\/\/www.adf.org.br\/home\/wp-json\/wp\/v2\/media?parent=2002"}],"wp:term":[{"taxonomy":"category","embeddable":true,"href":"https:\/\/www.adf.org.br\/home\/wp-json\/wp\/v2\/categories?post=2002"},{"taxonomy":"post_tag","embeddable":true,"href":"https:\/\/www.adf.org.br\/home\/wp-json\/wp\/v2\/tags?post=2002"}],"curies":[{"name":"wp","href":"https:\/\/api.w.org\/{rel}","templated":true}]}}