{"id":1974,"date":"2010-02-09T00:02:51","date_gmt":"2010-02-09T02:02:51","guid":{"rendered":"http:\/\/www.adf.org.br\/home\/?p=1974"},"modified":"2010-02-09T00:02:51","modified_gmt":"2010-02-09T02:02:51","slug":"chavez-substitui-nome-com-conotacao-catolica-por-outro-indigena","status":"publish","type":"post","link":"https:\/\/www.adf.org.br\/home\/chavez-substitui-nome-com-conotacao-catolica-por-outro-indigena\/","title":{"rendered":"Ch\u00e1vez substitui nome com conota\u00e7\u00e3o cat\u00f3lica por outro ind\u00edgena"},"content":{"rendered":"<p><img loading=\"lazy\" class=\"alignleft size-full wp-image-1975\" title=\"Salto_Angel\" src=\"http:\/\/www.adf.org.br\/home\/wp-content\/uploads\/2010\/02\/Salto_Angel.jpg\" alt=\"Salto_Angel\" width=\"252\" height=\"322\" \/>A queda d\u2019\u00e1gua mais alta do mundo fica na Venezuela e leva o nobre nome de \u201cSalto del Angel\u201d [foto].<\/p>\n<p>O nome deve-se ao descobridor, mas adquiriu uma conota\u00e7\u00e3o religiosa ligada a beleza simb\u00f3lica natural da cachoeira.<\/p>\n<p>Por esta raz\u00e3o, o presidente Ch\u00e1vez trocou o nome oficial da cachoeira pela palavra ind\u00edgena Churun Mer\u00fa, noticiou <a href=\"http:\/\/www.eltiempo.com\/mundo\/latinoamerica\/el-salto-del-ngel-se-llama-ahora-kerekupai-meru_6809547-1\" target=\"_blank\" rel=\"noopener noreferrer\">\u201cEl Tiempo<\/a>\u201d de Bogot\u00e1.<\/p>\n<p>\u201cQue ningu\u00e9m fale mais \u2018Salto Angel!\u2019\u201d exigiu irado o ditador.<\/p>\n<p>Um assessor observou que esse era o nome de uma outra cachoeira e Ch\u00e1vez teve que adotar outro: &#8216;Kerepakupai Mer\u00fa&#8217;. \u201cIsso \u00e9 nosso. Isso \u00e9 propriedade ind\u00edgena, nossa, aborigem. Estou falando s\u00f3 a verdade!\u201d completou o l\u00edder socialista.<\/p>\n<p>Hoje, demagogia, socialismo, indigenismo e anti-cristianismo formam um todo s\u00f3.<\/p>\n<p>\u00a0<\/p>\n<p><strong>Fonte: Blog\u00a0 <a href=\"http:\/\/esta-acontecendo.blogspot.com\/2010\/02\/chavez-substitui-nome-com-conotacao.html\" target=\"_blank\" rel=\"noopener noreferrer\">O que est\u00e1 acontecendo na Am\u00e9rica Latina<\/a><\/strong><\/p>\n","protected":false},"excerpt":{"rendered":"<p>A queda d\u2019\u00e1gua mais alta do mundo fica na Venezuela e leva o nobre nome de \u201cSalto del Angel\u201d [foto]. O nome deve-se ao descobridor, mas adquiriu uma conota\u00e7\u00e3o religiosa ligada a beleza simb\u00f3lica natural da cachoeira. Por esta raz\u00e3o, o presidente Ch\u00e1vez trocou o nome oficial da cachoeira pela palavra ind\u00edgena Churun Mer\u00fa, noticiou [&hellip;]<\/p>\n","protected":false},"author":7,"featured_media":0,"comment_status":"open","ping_status":"open","sticky":false,"template":"","format":"standard","meta":[],"categories":[20],"tags":[],"yoast_head":"<!-- This site is optimized with the Yoast SEO plugin v17.4 - https:\/\/yoast.com\/wordpress\/plugins\/seo\/ -->\n<title>Ch\u00e1vez substitui nome com conota\u00e7\u00e3o cat\u00f3lica por outro ind\u00edgena - Associa\u00e7\u00e3o Devotos de F\u00e1tima<\/title>\n<meta name=\"robots\" content=\"index, follow, max-snippet:-1, max-image-preview:large, max-video-preview:-1\" \/>\n<link rel=\"canonical\" href=\"https:\/\/www.adf.org.br\/home\/chavez-substitui-nome-com-conotacao-catolica-por-outro-indigena\/\" \/>\n<meta property=\"og:locale\" content=\"pt_BR\" \/>\n<meta property=\"og:type\" content=\"article\" \/>\n<meta property=\"og:title\" content=\"Ch\u00e1vez substitui nome com conota\u00e7\u00e3o cat\u00f3lica por outro ind\u00edgena - Associa\u00e7\u00e3o Devotos de F\u00e1tima\" \/>\n<meta property=\"og:description\" content=\"A queda d\u2019\u00e1gua mais alta do mundo fica na Venezuela e leva o nobre nome de \u201cSalto del Angel\u201d [foto]. O nome deve-se ao descobridor, mas adquiriu uma conota\u00e7\u00e3o religiosa ligada a beleza simb\u00f3lica natural da cachoeira. Por esta raz\u00e3o, o presidente Ch\u00e1vez trocou o nome oficial da cachoeira pela palavra ind\u00edgena Churun Mer\u00fa, noticiou [&hellip;]\" \/>\n<meta property=\"og:url\" content=\"https:\/\/www.adf.org.br\/home\/chavez-substitui-nome-com-conotacao-catolica-por-outro-indigena\/\" \/>\n<meta property=\"og:site_name\" content=\"Associa\u00e7\u00e3o Devotos de F\u00e1tima\" \/>\n<meta property=\"article:published_time\" content=\"2010-02-09T02:02:51+00:00\" \/>\n<meta property=\"og:image\" content=\"http:\/\/www.adf.org.br\/home\/wp-content\/uploads\/2010\/02\/Salto_Angel.jpg\" \/>\n<meta name=\"twitter:card\" content=\"summary_large_image\" \/>\n<meta name=\"twitter:label1\" content=\"Escrito por\" \/>\n\t<meta name=\"twitter:data1\" content=\"adminstrador\" \/>\n\t<meta name=\"twitter:label2\" content=\"Est. tempo de leitura\" \/>\n\t<meta name=\"twitter:data2\" content=\"1 minuto\" \/>\n<script type=\"application\/ld+json\" class=\"yoast-schema-graph\">{\"@context\":\"https:\/\/schema.org\",\"@graph\":[{\"@type\":\"WebSite\",\"@id\":\"https:\/\/www.adf.org.br\/home\/#website\",\"url\":\"https:\/\/www.adf.org.br\/home\/\",\"name\":\"Associa\\u00e7\\u00e3o Devotos de F\\u00e1tima\",\"description\":\"Associa\\u00e7\\u00e3o Devotos de F\\u00e1tima\",\"potentialAction\":[{\"@type\":\"SearchAction\",\"target\":{\"@type\":\"EntryPoint\",\"urlTemplate\":\"https:\/\/www.adf.org.br\/home\/?s={search_term_string}\"},\"query-input\":\"required name=search_term_string\"}],\"inLanguage\":\"pt-BR\"},{\"@type\":\"ImageObject\",\"@id\":\"https:\/\/www.adf.org.br\/home\/chavez-substitui-nome-com-conotacao-catolica-por-outro-indigena\/#primaryimage\",\"inLanguage\":\"pt-BR\",\"url\":\"http:\/\/www.adf.org.br\/home\/wp-content\/uploads\/2010\/02\/Salto_Angel.jpg\",\"contentUrl\":\"http:\/\/www.adf.org.br\/home\/wp-content\/uploads\/2010\/02\/Salto_Angel.jpg\"},{\"@type\":\"WebPage\",\"@id\":\"https:\/\/www.adf.org.br\/home\/chavez-substitui-nome-com-conotacao-catolica-por-outro-indigena\/#webpage\",\"url\":\"https:\/\/www.adf.org.br\/home\/chavez-substitui-nome-com-conotacao-catolica-por-outro-indigena\/\",\"name\":\"Ch\\u00e1vez substitui nome com conota\\u00e7\\u00e3o cat\\u00f3lica por outro ind\\u00edgena - Associa\\u00e7\\u00e3o Devotos de F\\u00e1tima\",\"isPartOf\":{\"@id\":\"https:\/\/www.adf.org.br\/home\/#website\"},\"primaryImageOfPage\":{\"@id\":\"https:\/\/www.adf.org.br\/home\/chavez-substitui-nome-com-conotacao-catolica-por-outro-indigena\/#primaryimage\"},\"datePublished\":\"2010-02-09T02:02:51+00:00\",\"dateModified\":\"2010-02-09T02:02:51+00:00\",\"author\":{\"@id\":\"https:\/\/www.adf.org.br\/home\/#\/schema\/person\/a51edc55753c1552e7cd685ac3a70e86\"},\"breadcrumb\":{\"@id\":\"https:\/\/www.adf.org.br\/home\/chavez-substitui-nome-com-conotacao-catolica-por-outro-indigena\/#breadcrumb\"},\"inLanguage\":\"pt-BR\",\"potentialAction\":[{\"@type\":\"ReadAction\",\"target\":[\"https:\/\/www.adf.org.br\/home\/chavez-substitui-nome-com-conotacao-catolica-por-outro-indigena\/\"]}]},{\"@type\":\"BreadcrumbList\",\"@id\":\"https:\/\/www.adf.org.br\/home\/chavez-substitui-nome-com-conotacao-catolica-por-outro-indigena\/#breadcrumb\",\"itemListElement\":[{\"@type\":\"ListItem\",\"position\":1,\"name\":\"Home\",\"item\":\"https:\/\/www.adf.org.br\/home\/\"},{\"@type\":\"ListItem\",\"position\":2,\"name\":\"Ch\\u00e1vez substitui nome com conota\\u00e7\\u00e3o cat\\u00f3lica por outro ind\\u00edgena\"}]},{\"@type\":\"Person\",\"@id\":\"https:\/\/www.adf.org.br\/home\/#\/schema\/person\/a51edc55753c1552e7cd685ac3a70e86\",\"name\":\"adminstrador\",\"image\":{\"@type\":\"ImageObject\",\"@id\":\"https:\/\/www.adf.org.br\/home\/#personlogo\",\"inLanguage\":\"pt-BR\",\"url\":\"https:\/\/secure.gravatar.com\/avatar\/?s=96&d=mm&r=g\",\"contentUrl\":\"https:\/\/secure.gravatar.com\/avatar\/?s=96&d=mm&r=g\",\"caption\":\"adminstrador\"},\"url\":\"https:\/\/www.adf.org.br\/home\/author\/adminstrador\/\"}]}<\/script>\n<!-- \/ Yoast SEO plugin. -->","yoast_head_json":{"title":"Ch\u00e1vez substitui nome com conota\u00e7\u00e3o cat\u00f3lica por outro ind\u00edgena - Associa\u00e7\u00e3o Devotos de F\u00e1tima","robots":{"index":"index","follow":"follow","max-snippet":"max-snippet:-1","max-image-preview":"max-image-preview:large","max-video-preview":"max-video-preview:-1"},"canonical":"https:\/\/www.adf.org.br\/home\/chavez-substitui-nome-com-conotacao-catolica-por-outro-indigena\/","og_locale":"pt_BR","og_type":"article","og_title":"Ch\u00e1vez substitui nome com conota\u00e7\u00e3o cat\u00f3lica por outro ind\u00edgena - Associa\u00e7\u00e3o Devotos de F\u00e1tima","og_description":"A queda d\u2019\u00e1gua mais alta do mundo fica na Venezuela e leva o nobre nome de \u201cSalto del Angel\u201d [foto]. O nome deve-se ao descobridor, mas adquiriu uma conota\u00e7\u00e3o religiosa ligada a beleza simb\u00f3lica natural da cachoeira. Por esta raz\u00e3o, o presidente Ch\u00e1vez trocou o nome oficial da cachoeira pela palavra ind\u00edgena Churun Mer\u00fa, noticiou [&hellip;]","og_url":"https:\/\/www.adf.org.br\/home\/chavez-substitui-nome-com-conotacao-catolica-por-outro-indigena\/","og_site_name":"Associa\u00e7\u00e3o Devotos de F\u00e1tima","article_published_time":"2010-02-09T02:02:51+00:00","og_image":[{"url":"http:\/\/www.adf.org.br\/home\/wp-content\/uploads\/2010\/02\/Salto_Angel.jpg"}],"twitter_card":"summary_large_image","twitter_misc":{"Escrito por":"adminstrador","Est. tempo de leitura":"1 minuto"},"schema":{"@context":"https:\/\/schema.org","@graph":[{"@type":"WebSite","@id":"https:\/\/www.adf.org.br\/home\/#website","url":"https:\/\/www.adf.org.br\/home\/","name":"Associa\u00e7\u00e3o Devotos de F\u00e1tima","description":"Associa\u00e7\u00e3o Devotos de F\u00e1tima","potentialAction":[{"@type":"SearchAction","target":{"@type":"EntryPoint","urlTemplate":"https:\/\/www.adf.org.br\/home\/?s={search_term_string}"},"query-input":"required name=search_term_string"}],"inLanguage":"pt-BR"},{"@type":"ImageObject","@id":"https:\/\/www.adf.org.br\/home\/chavez-substitui-nome-com-conotacao-catolica-por-outro-indigena\/#primaryimage","inLanguage":"pt-BR","url":"http:\/\/www.adf.org.br\/home\/wp-content\/uploads\/2010\/02\/Salto_Angel.jpg","contentUrl":"http:\/\/www.adf.org.br\/home\/wp-content\/uploads\/2010\/02\/Salto_Angel.jpg"},{"@type":"WebPage","@id":"https:\/\/www.adf.org.br\/home\/chavez-substitui-nome-com-conotacao-catolica-por-outro-indigena\/#webpage","url":"https:\/\/www.adf.org.br\/home\/chavez-substitui-nome-com-conotacao-catolica-por-outro-indigena\/","name":"Ch\u00e1vez substitui nome com conota\u00e7\u00e3o cat\u00f3lica por outro ind\u00edgena - Associa\u00e7\u00e3o Devotos de F\u00e1tima","isPartOf":{"@id":"https:\/\/www.adf.org.br\/home\/#website"},"primaryImageOfPage":{"@id":"https:\/\/www.adf.org.br\/home\/chavez-substitui-nome-com-conotacao-catolica-por-outro-indigena\/#primaryimage"},"datePublished":"2010-02-09T02:02:51+00:00","dateModified":"2010-02-09T02:02:51+00:00","author":{"@id":"https:\/\/www.adf.org.br\/home\/#\/schema\/person\/a51edc55753c1552e7cd685ac3a70e86"},"breadcrumb":{"@id":"https:\/\/www.adf.org.br\/home\/chavez-substitui-nome-com-conotacao-catolica-por-outro-indigena\/#breadcrumb"},"inLanguage":"pt-BR","potentialAction":[{"@type":"ReadAction","target":["https:\/\/www.adf.org.br\/home\/chavez-substitui-nome-com-conotacao-catolica-por-outro-indigena\/"]}]},{"@type":"BreadcrumbList","@id":"https:\/\/www.adf.org.br\/home\/chavez-substitui-nome-com-conotacao-catolica-por-outro-indigena\/#breadcrumb","itemListElement":[{"@type":"ListItem","position":1,"name":"Home","item":"https:\/\/www.adf.org.br\/home\/"},{"@type":"ListItem","position":2,"name":"Ch\u00e1vez substitui nome com conota\u00e7\u00e3o cat\u00f3lica por outro ind\u00edgena"}]},{"@type":"Person","@id":"https:\/\/www.adf.org.br\/home\/#\/schema\/person\/a51edc55753c1552e7cd685ac3a70e86","name":"adminstrador","image":{"@type":"ImageObject","@id":"https:\/\/www.adf.org.br\/home\/#personlogo","inLanguage":"pt-BR","url":"https:\/\/secure.gravatar.com\/avatar\/?s=96&d=mm&r=g","contentUrl":"https:\/\/secure.gravatar.com\/avatar\/?s=96&d=mm&r=g","caption":"adminstrador"},"url":"https:\/\/www.adf.org.br\/home\/author\/adminstrador\/"}]}},"_links":{"self":[{"href":"https:\/\/www.adf.org.br\/home\/wp-json\/wp\/v2\/posts\/1974"}],"collection":[{"href":"https:\/\/www.adf.org.br\/home\/wp-json\/wp\/v2\/posts"}],"about":[{"href":"https:\/\/www.adf.org.br\/home\/wp-json\/wp\/v2\/types\/post"}],"author":[{"embeddable":true,"href":"https:\/\/www.adf.org.br\/home\/wp-json\/wp\/v2\/users\/7"}],"replies":[{"embeddable":true,"href":"https:\/\/www.adf.org.br\/home\/wp-json\/wp\/v2\/comments?post=1974"}],"version-history":[{"count":0,"href":"https:\/\/www.adf.org.br\/home\/wp-json\/wp\/v2\/posts\/1974\/revisions"}],"wp:attachment":[{"href":"https:\/\/www.adf.org.br\/home\/wp-json\/wp\/v2\/media?parent=1974"}],"wp:term":[{"taxonomy":"category","embeddable":true,"href":"https:\/\/www.adf.org.br\/home\/wp-json\/wp\/v2\/categories?post=1974"},{"taxonomy":"post_tag","embeddable":true,"href":"https:\/\/www.adf.org.br\/home\/wp-json\/wp\/v2\/tags?post=1974"}],"curies":[{"name":"wp","href":"https:\/\/api.w.org\/{rel}","templated":true}]}}