{"id":1941,"date":"2010-02-10T00:05:48","date_gmt":"2010-02-10T02:05:48","guid":{"rendered":"http:\/\/www.adf.org.br\/home\/?p=1941"},"modified":"2010-02-10T00:05:48","modified_gmt":"2010-02-10T02:05:48","slug":"muitos-jovens-poderao-fortalecer-sua-espiritualidade-neste-carnaval","status":"publish","type":"post","link":"https:\/\/www.adf.org.br\/home\/muitos-jovens-poderao-fortalecer-sua-espiritualidade-neste-carnaval\/","title":{"rendered":"Muitos jovens poder\u00e3o fortalecer sua espiritualidade neste carnaval"},"content":{"rendered":"<p><a href=\"http:\/\/www.adf.org.br\/acaojovem\/acampamento2010\/inicio-1\" target=\"_blank\" rel=\"noopener noreferrer\"><img loading=\"lazy\" class=\"aligncenter size-full wp-image-1957\" title=\"image4\" src=\"http:\/\/www.adf.org.br\/home\/wp-content\/uploads\/2010\/02\/image4.jpg\" alt=\"image4\" width=\"604\" height=\"160\" srcset=\"https:\/\/www.adf.org.br\/home\/wp-content\/uploads\/2010\/02\/image4.jpg 604w, https:\/\/www.adf.org.br\/home\/wp-content\/uploads\/2010\/02\/image4-300x79.jpg 300w\" sizes=\"(max-width: 604px) 100vw, 604px\" \/><\/a><\/p>\n<p>Os dias de carnaval est\u00e3o chegando e como sabemos, essa \u00e9 a pior \u00e9poca do ano, pois todo tipo de pecado \u00e9 cometido. A imoralidade atinge seu auge, e o principal alvo dos erros e da decad\u00eancia moral s\u00e3o os jovens.<\/p>\n<p>Em fun\u00e7\u00e3o disso, a Associa\u00e7\u00e3o Devotos de F\u00e1tima est\u00e1 promovendo uma nova campanha para tir\u00e1-los dos grandes centros de lux\u00faria e lev\u00e1-los a<a href=\"http:\/\/www.adf.org.br\/acaojovem\/acampamento2010\/inicio-1\" target=\"_blank\" rel=\"noopener noreferrer\"> um acampamento de carnaval<\/a>, onde possam se reunir e dedicar estes cinco dias de suposta \u201cfesta\u201d a atividades totalmente dedicadas a ora\u00e7\u00f5es, considera\u00e7\u00f5es de princ\u00edpios cat\u00f3licos e \u00e0 doutrina crist\u00e3.<\/p>\n<p><span style=\"color: #ff0000;\"><a href=\"http:\/\/www.adf.org.br\/acaojovem\/acampamento2010\/inicio-1\" target=\"_blank\" rel=\"noopener noreferrer\">Clique aqui e conhe\u00e7a mais sobre o projeto.<\/a><\/span><\/p>\n<p>Este acampamento \u00e9 um projeto conjunto entre a ADF e a\u00a0<strong>e a<\/strong> <strong>A\u00e7\u00e3o Jovem Pela Terra de Santa Cruz, <\/strong>movimento que, juntamente com o apoio de amigos e colaboradores, realiza um trabalho muito especial de recupera\u00e7\u00e3o dos princ\u00edpios morais e crist\u00e3os de nossa juventude.<\/p>\n<p>Segundo, M\u00e1rcio Coutinho, Coordenador Geral da A\u00e7\u00e3o Jovem, neste acampamento os jovens participar\u00e3o de gincanas esportivas, leituras em grupo, entre outras atividades que exercitar\u00e3o pontos importantes da conviv\u00eancia com o pr\u00f3ximo e dos princ\u00edpios que devemos seguir em nosso dia-a-dia.<\/p>\n<p><strong>Mas, para que este projeto possa realmente acontecer, \u00e9 preciso reunir todo o apoio poss\u00edvel.<\/strong><\/p>\n<p>Apenas um n\u00famero muito limitado de jovens poder\u00e1 participar deste acampamento caso n\u00e3o se consiga reunir a verba necess\u00e1ria para as despesas at\u00e9 <strong>o dia 10 de fevereiro<\/strong>, data limite para confirmar aos jovens se a viagem ocorrer\u00e1 ou n\u00e3o.<\/p>\n<p><a href=\"http:\/\/www.adf.org.br\/acaojovem\/acampamento2010\/inicio-1\" target=\"_blank\" rel=\"noopener noreferrer\"><img loading=\"lazy\" class=\"alignright size-full wp-image-1943\" title=\"sua_doacao_botao\" src=\"http:\/\/www.adf.org.br\/home\/wp-content\/uploads\/2010\/02\/sua_doacao_botao1.jpg\" alt=\"sua_doacao_botao\" width=\"250\" height=\"115\" \/><\/a>Se mil pessoas puderem enviar 20 reais de doa\u00e7\u00e3o at\u00e9 esta data, pelo menos 30 jovens ter\u00e3o a oportunidade de passar o carnaval no acampamento.<\/p>\n<p><strong>Voc\u00ea pode ajudar um jovem a se livrar do pecado do carnaval. <\/strong><\/p>\n<p><strong>\u00a0<\/strong>Todos os que ajudarem esta campanha, ter\u00e3o seus nomes inscritos nas inten\u00e7\u00f5es do<strong> Ros\u00e1rio que os jovens rezar\u00e3o todos os dias<\/strong> durante a programa\u00e7\u00e3o do acampamento.<\/p>\n<p><span style=\"color: #ff0000;\">\u00a0<\/span><\/p>\n","protected":false},"excerpt":{"rendered":"<p>Os dias de carnaval est\u00e3o chegando e como sabemos, essa \u00e9 a pior \u00e9poca do ano, pois todo tipo de pecado \u00e9 cometido. A imoralidade atinge seu auge, e o principal alvo dos erros e da decad\u00eancia moral s\u00e3o os jovens. Em fun\u00e7\u00e3o disso, a Associa\u00e7\u00e3o Devotos de F\u00e1tima est\u00e1 promovendo uma nova campanha para [&hellip;]<\/p>\n","protected":false},"author":7,"featured_media":0,"comment_status":"open","ping_status":"open","sticky":false,"template":"","format":"standard","meta":[],"categories":[20],"tags":[49],"yoast_head":"<!-- This site is optimized with the Yoast SEO plugin v17.4 - https:\/\/yoast.com\/wordpress\/plugins\/seo\/ -->\n<title>Muitos jovens poder\u00e3o fortalecer sua espiritualidade neste carnaval - Associa\u00e7\u00e3o Devotos de F\u00e1tima<\/title>\n<meta name=\"robots\" content=\"index, follow, max-snippet:-1, max-image-preview:large, max-video-preview:-1\" \/>\n<link rel=\"canonical\" href=\"https:\/\/www.adf.org.br\/home\/muitos-jovens-poderao-fortalecer-sua-espiritualidade-neste-carnaval\/\" \/>\n<meta property=\"og:locale\" content=\"pt_BR\" \/>\n<meta property=\"og:type\" content=\"article\" \/>\n<meta property=\"og:title\" content=\"Muitos jovens poder\u00e3o fortalecer sua espiritualidade neste carnaval - Associa\u00e7\u00e3o Devotos de F\u00e1tima\" \/>\n<meta property=\"og:description\" content=\"Os dias de carnaval est\u00e3o chegando e como sabemos, essa \u00e9 a pior \u00e9poca do ano, pois todo tipo de pecado \u00e9 cometido. A imoralidade atinge seu auge, e o principal alvo dos erros e da decad\u00eancia moral s\u00e3o os jovens. Em fun\u00e7\u00e3o disso, a Associa\u00e7\u00e3o Devotos de F\u00e1tima est\u00e1 promovendo uma nova campanha para [&hellip;]\" \/>\n<meta property=\"og:url\" content=\"https:\/\/www.adf.org.br\/home\/muitos-jovens-poderao-fortalecer-sua-espiritualidade-neste-carnaval\/\" \/>\n<meta property=\"og:site_name\" content=\"Associa\u00e7\u00e3o Devotos de F\u00e1tima\" \/>\n<meta property=\"article:published_time\" content=\"2010-02-10T02:05:48+00:00\" \/>\n<meta property=\"og:image\" content=\"http:\/\/www.adf.org.br\/home\/wp-content\/uploads\/2010\/02\/image4.jpg\" \/>\n<meta name=\"twitter:card\" content=\"summary_large_image\" \/>\n<meta name=\"twitter:label1\" content=\"Escrito por\" \/>\n\t<meta name=\"twitter:data1\" content=\"adminstrador\" \/>\n\t<meta name=\"twitter:label2\" content=\"Est. tempo de leitura\" \/>\n\t<meta name=\"twitter:data2\" content=\"2 minutos\" \/>\n<script type=\"application\/ld+json\" class=\"yoast-schema-graph\">{\"@context\":\"https:\/\/schema.org\",\"@graph\":[{\"@type\":\"WebSite\",\"@id\":\"https:\/\/www.adf.org.br\/home\/#website\",\"url\":\"https:\/\/www.adf.org.br\/home\/\",\"name\":\"Associa\\u00e7\\u00e3o Devotos de F\\u00e1tima\",\"description\":\"Associa\\u00e7\\u00e3o Devotos de F\\u00e1tima\",\"potentialAction\":[{\"@type\":\"SearchAction\",\"target\":{\"@type\":\"EntryPoint\",\"urlTemplate\":\"https:\/\/www.adf.org.br\/home\/?s={search_term_string}\"},\"query-input\":\"required name=search_term_string\"}],\"inLanguage\":\"pt-BR\"},{\"@type\":\"ImageObject\",\"@id\":\"https:\/\/www.adf.org.br\/home\/muitos-jovens-poderao-fortalecer-sua-espiritualidade-neste-carnaval\/#primaryimage\",\"inLanguage\":\"pt-BR\",\"url\":\"http:\/\/www.adf.org.br\/home\/wp-content\/uploads\/2010\/02\/image4.jpg\",\"contentUrl\":\"http:\/\/www.adf.org.br\/home\/wp-content\/uploads\/2010\/02\/image4.jpg\"},{\"@type\":\"WebPage\",\"@id\":\"https:\/\/www.adf.org.br\/home\/muitos-jovens-poderao-fortalecer-sua-espiritualidade-neste-carnaval\/#webpage\",\"url\":\"https:\/\/www.adf.org.br\/home\/muitos-jovens-poderao-fortalecer-sua-espiritualidade-neste-carnaval\/\",\"name\":\"Muitos jovens poder\\u00e3o fortalecer sua espiritualidade neste carnaval - Associa\\u00e7\\u00e3o Devotos de F\\u00e1tima\",\"isPartOf\":{\"@id\":\"https:\/\/www.adf.org.br\/home\/#website\"},\"primaryImageOfPage\":{\"@id\":\"https:\/\/www.adf.org.br\/home\/muitos-jovens-poderao-fortalecer-sua-espiritualidade-neste-carnaval\/#primaryimage\"},\"datePublished\":\"2010-02-10T02:05:48+00:00\",\"dateModified\":\"2010-02-10T02:05:48+00:00\",\"author\":{\"@id\":\"https:\/\/www.adf.org.br\/home\/#\/schema\/person\/a51edc55753c1552e7cd685ac3a70e86\"},\"breadcrumb\":{\"@id\":\"https:\/\/www.adf.org.br\/home\/muitos-jovens-poderao-fortalecer-sua-espiritualidade-neste-carnaval\/#breadcrumb\"},\"inLanguage\":\"pt-BR\",\"potentialAction\":[{\"@type\":\"ReadAction\",\"target\":[\"https:\/\/www.adf.org.br\/home\/muitos-jovens-poderao-fortalecer-sua-espiritualidade-neste-carnaval\/\"]}]},{\"@type\":\"BreadcrumbList\",\"@id\":\"https:\/\/www.adf.org.br\/home\/muitos-jovens-poderao-fortalecer-sua-espiritualidade-neste-carnaval\/#breadcrumb\",\"itemListElement\":[{\"@type\":\"ListItem\",\"position\":1,\"name\":\"Home\",\"item\":\"https:\/\/www.adf.org.br\/home\/\"},{\"@type\":\"ListItem\",\"position\":2,\"name\":\"Muitos jovens poder\\u00e3o fortalecer sua espiritualidade neste carnaval\"}]},{\"@type\":\"Person\",\"@id\":\"https:\/\/www.adf.org.br\/home\/#\/schema\/person\/a51edc55753c1552e7cd685ac3a70e86\",\"name\":\"adminstrador\",\"image\":{\"@type\":\"ImageObject\",\"@id\":\"https:\/\/www.adf.org.br\/home\/#personlogo\",\"inLanguage\":\"pt-BR\",\"url\":\"https:\/\/secure.gravatar.com\/avatar\/?s=96&d=mm&r=g\",\"contentUrl\":\"https:\/\/secure.gravatar.com\/avatar\/?s=96&d=mm&r=g\",\"caption\":\"adminstrador\"},\"url\":\"https:\/\/www.adf.org.br\/home\/author\/adminstrador\/\"}]}<\/script>\n<!-- \/ Yoast SEO plugin. -->","yoast_head_json":{"title":"Muitos jovens poder\u00e3o fortalecer sua espiritualidade neste carnaval - Associa\u00e7\u00e3o Devotos de F\u00e1tima","robots":{"index":"index","follow":"follow","max-snippet":"max-snippet:-1","max-image-preview":"max-image-preview:large","max-video-preview":"max-video-preview:-1"},"canonical":"https:\/\/www.adf.org.br\/home\/muitos-jovens-poderao-fortalecer-sua-espiritualidade-neste-carnaval\/","og_locale":"pt_BR","og_type":"article","og_title":"Muitos jovens poder\u00e3o fortalecer sua espiritualidade neste carnaval - Associa\u00e7\u00e3o Devotos de F\u00e1tima","og_description":"Os dias de carnaval est\u00e3o chegando e como sabemos, essa \u00e9 a pior \u00e9poca do ano, pois todo tipo de pecado \u00e9 cometido. A imoralidade atinge seu auge, e o principal alvo dos erros e da decad\u00eancia moral s\u00e3o os jovens. Em fun\u00e7\u00e3o disso, a Associa\u00e7\u00e3o Devotos de F\u00e1tima est\u00e1 promovendo uma nova campanha para [&hellip;]","og_url":"https:\/\/www.adf.org.br\/home\/muitos-jovens-poderao-fortalecer-sua-espiritualidade-neste-carnaval\/","og_site_name":"Associa\u00e7\u00e3o Devotos de F\u00e1tima","article_published_time":"2010-02-10T02:05:48+00:00","og_image":[{"url":"http:\/\/www.adf.org.br\/home\/wp-content\/uploads\/2010\/02\/image4.jpg"}],"twitter_card":"summary_large_image","twitter_misc":{"Escrito por":"adminstrador","Est. tempo de leitura":"2 minutos"},"schema":{"@context":"https:\/\/schema.org","@graph":[{"@type":"WebSite","@id":"https:\/\/www.adf.org.br\/home\/#website","url":"https:\/\/www.adf.org.br\/home\/","name":"Associa\u00e7\u00e3o Devotos de F\u00e1tima","description":"Associa\u00e7\u00e3o Devotos de F\u00e1tima","potentialAction":[{"@type":"SearchAction","target":{"@type":"EntryPoint","urlTemplate":"https:\/\/www.adf.org.br\/home\/?s={search_term_string}"},"query-input":"required name=search_term_string"}],"inLanguage":"pt-BR"},{"@type":"ImageObject","@id":"https:\/\/www.adf.org.br\/home\/muitos-jovens-poderao-fortalecer-sua-espiritualidade-neste-carnaval\/#primaryimage","inLanguage":"pt-BR","url":"http:\/\/www.adf.org.br\/home\/wp-content\/uploads\/2010\/02\/image4.jpg","contentUrl":"http:\/\/www.adf.org.br\/home\/wp-content\/uploads\/2010\/02\/image4.jpg"},{"@type":"WebPage","@id":"https:\/\/www.adf.org.br\/home\/muitos-jovens-poderao-fortalecer-sua-espiritualidade-neste-carnaval\/#webpage","url":"https:\/\/www.adf.org.br\/home\/muitos-jovens-poderao-fortalecer-sua-espiritualidade-neste-carnaval\/","name":"Muitos jovens poder\u00e3o fortalecer sua espiritualidade neste carnaval - Associa\u00e7\u00e3o Devotos de F\u00e1tima","isPartOf":{"@id":"https:\/\/www.adf.org.br\/home\/#website"},"primaryImageOfPage":{"@id":"https:\/\/www.adf.org.br\/home\/muitos-jovens-poderao-fortalecer-sua-espiritualidade-neste-carnaval\/#primaryimage"},"datePublished":"2010-02-10T02:05:48+00:00","dateModified":"2010-02-10T02:05:48+00:00","author":{"@id":"https:\/\/www.adf.org.br\/home\/#\/schema\/person\/a51edc55753c1552e7cd685ac3a70e86"},"breadcrumb":{"@id":"https:\/\/www.adf.org.br\/home\/muitos-jovens-poderao-fortalecer-sua-espiritualidade-neste-carnaval\/#breadcrumb"},"inLanguage":"pt-BR","potentialAction":[{"@type":"ReadAction","target":["https:\/\/www.adf.org.br\/home\/muitos-jovens-poderao-fortalecer-sua-espiritualidade-neste-carnaval\/"]}]},{"@type":"BreadcrumbList","@id":"https:\/\/www.adf.org.br\/home\/muitos-jovens-poderao-fortalecer-sua-espiritualidade-neste-carnaval\/#breadcrumb","itemListElement":[{"@type":"ListItem","position":1,"name":"Home","item":"https:\/\/www.adf.org.br\/home\/"},{"@type":"ListItem","position":2,"name":"Muitos jovens poder\u00e3o fortalecer sua espiritualidade neste carnaval"}]},{"@type":"Person","@id":"https:\/\/www.adf.org.br\/home\/#\/schema\/person\/a51edc55753c1552e7cd685ac3a70e86","name":"adminstrador","image":{"@type":"ImageObject","@id":"https:\/\/www.adf.org.br\/home\/#personlogo","inLanguage":"pt-BR","url":"https:\/\/secure.gravatar.com\/avatar\/?s=96&d=mm&r=g","contentUrl":"https:\/\/secure.gravatar.com\/avatar\/?s=96&d=mm&r=g","caption":"adminstrador"},"url":"https:\/\/www.adf.org.br\/home\/author\/adminstrador\/"}]}},"_links":{"self":[{"href":"https:\/\/www.adf.org.br\/home\/wp-json\/wp\/v2\/posts\/1941"}],"collection":[{"href":"https:\/\/www.adf.org.br\/home\/wp-json\/wp\/v2\/posts"}],"about":[{"href":"https:\/\/www.adf.org.br\/home\/wp-json\/wp\/v2\/types\/post"}],"author":[{"embeddable":true,"href":"https:\/\/www.adf.org.br\/home\/wp-json\/wp\/v2\/users\/7"}],"replies":[{"embeddable":true,"href":"https:\/\/www.adf.org.br\/home\/wp-json\/wp\/v2\/comments?post=1941"}],"version-history":[{"count":0,"href":"https:\/\/www.adf.org.br\/home\/wp-json\/wp\/v2\/posts\/1941\/revisions"}],"wp:attachment":[{"href":"https:\/\/www.adf.org.br\/home\/wp-json\/wp\/v2\/media?parent=1941"}],"wp:term":[{"taxonomy":"category","embeddable":true,"href":"https:\/\/www.adf.org.br\/home\/wp-json\/wp\/v2\/categories?post=1941"},{"taxonomy":"post_tag","embeddable":true,"href":"https:\/\/www.adf.org.br\/home\/wp-json\/wp\/v2\/tags?post=1941"}],"curies":[{"name":"wp","href":"https:\/\/api.w.org\/{rel}","templated":true}]}}