{"id":1872,"date":"2010-02-04T00:05:23","date_gmt":"2010-02-04T02:05:23","guid":{"rendered":"http:\/\/www.adf.org.br\/home\/?p=1872"},"modified":"2010-02-04T00:05:23","modified_gmt":"2010-02-04T02:05:23","slug":"paradoxo-em-lourdes-muitos-milagres-reconhecidos-pela-ciencia-e-poucas-proclamacoes-canonicas","status":"publish","type":"post","link":"https:\/\/www.adf.org.br\/home\/paradoxo-em-lourdes-muitos-milagres-reconhecidos-pela-ciencia-e-poucas-proclamacoes-canonicas\/","title":{"rendered":"Paradoxo em Lourdes: muitos milagres reconhecidos pela ci\u00eancia e poucas proclama\u00e7\u00f5es can\u00f4nicas"},"content":{"rendered":"<p><img loading=\"lazy\" class=\"alignleft size-full wp-image-1873\" title=\"Alice_Couteault,_recebeu_o_milagre\" src=\"http:\/\/www.adf.org.br\/home\/wp-content\/uploads\/2010\/02\/Alice_Couteault_recebeu_o_milagre.jpg\" alt=\"Alice_Couteault,_recebeu_o_milagre\" width=\"273\" height=\"536\" \/>At\u00e9 1998, 6.772 casos foram julgados \u201cinexplic\u00e1veis\u201d. Mas s\u00f3 67 foram reconhecidos oficialmente pela Igreja.<\/p>\n<p>O \u00faltimo deles foi em 9 de novembro de 2005, na pessoa de Anna Santaniello, de Salerno, It\u00e1lia, curada em 19 de agosto de 1952.<\/p>\n<p>Tais cifras s\u00e3o como \u201ca \u00e1rvore que oculta a floresta que h\u00e1 por tr\u00e1s\u201d, segundo um ditado franc\u00eas.<\/p>\n<p>Com efeito, muitas pessoas n\u00e3o sabem que existe o Bureau e n\u00e3o se apresentam. Muitas outras n\u00e3o t\u00eam a documenta\u00e7\u00e3o m\u00e9dica indispens\u00e1vel ou n\u00e3o podem voltar no ano seguinte.<\/p>\n<p><em><strong>Alice Couteault, foi objeto de milagre canonicamente reconhecido<\/strong><\/em><\/p>\n<p>\u00a0Um n\u00famero ainda maior \u00e9 objeto de curas, que os beneficiados t\u00eam certeza de serem sobrenaturais, mas as doen\u00e7as n\u00e3o t\u00eam caracter\u00edsticas ou propor\u00e7\u00f5es para serem apresentadas ao Bureau, como mau funcionamento de \u00f3rg\u00e3os ou dist\u00farbios neuro-vegetativos.<\/p>\n<p>Maior ainda \u00e9 o n\u00famero de males de tipo espiritual ou moral, casos que n\u00e3o s\u00e3o suscet\u00edveis de an\u00e1lise m\u00e9dica.<\/p>\n<p>Ainda mais vasto \u00e9 o leque dos favorecidos com gra\u00e7as que resolvem problemas de \u00edndole familiar, afetiva, profissional, econ\u00f4mica etc., que n\u00e3o entram no \u00e2mbito da medicina.<br \/>\n<strong>\u00a0<\/strong><\/p>\n<p><strong>A crise da Igreja e a \u201cpusilanimidade\u201d freiam muitos reconhecimentos<\/strong><\/p>\n<p><strong><\/strong><br \/>\nPode-se perguntar: havendo mais de seis mil casos certificados como inexplic\u00e1veis, por que apenas 67 foram reconhecidos pela Igreja?<\/p>\n<p>\u00a0<br \/>\n<img loading=\"lazy\" class=\"alignright size-full wp-image-1874\" title=\"Sao_Pio_X_na_biblioteca_privada\" src=\"http:\/\/www.adf.org.br\/home\/wp-content\/uploads\/2010\/02\/Sao_Pio_X_na_biblioteca_privada.jpg\" alt=\"Sao_Pio_X_na_biblioteca_privada\" width=\"269\" height=\"467\" \/>Em 1862 \u2014 isto \u00e9, quatro anos ap\u00f3s as apari\u00e7\u00f5es \u2014 foram proclamados sete milagres, mas depois houve sil\u00eancio at\u00e9 1907. Esse per\u00edodo foi marcado por governos ateus ou anticlericais na Franca, e o Prof. Chiron julga que os Bispos deixaram-se levar pela \u201cpusilanimidade\u201d.<\/p>\n<p>Tinham medo de \u201cofender\u201d governos que impulsionavam a Revolu\u00e7\u00e3o anticrist\u00e3, se declarassem publicamente a veracidade dos milagres.<\/p>\n<p>Tal situa\u00e7\u00e3o cessou com S\u00e3o Pio X. Este Papa, consciente do dever contra-revolucion\u00e1rio de todo Vig\u00e1rio de Cristo, deu mais uma prova de sua prud\u00eancia e determina\u00e7\u00e3o.<\/p>\n<p>Incitou corajosamente os Bispos franceses a reconhecerem os milagres, de prefer\u00eancia em cerim\u00f4nia de grande aparato e edifica\u00e7\u00e3o para os fi\u00e9is. Foi assim que entre 1907 e 1913 ocorreram 33 proclama\u00e7\u00f5es, a metade de todas as havidas em quase 150 anos de milagres.<\/p>\n<p>Por\u00e9m, com a morte do Pont\u00edfice santo, o \u201cdesinteresse dos Bispos\u201d provocou um novo \u201csil\u00eancio da Igreja\u201d. A omiss\u00e3o abrandou-se um pouco no fim do espantoso cortejo de cat\u00e1strofes, com dezenas de milh\u00f5es de mortes, da Segunda Guerra Mundial.<\/p>\n<p>A partir de 1946 houve reconhecimentos eclesi\u00e1sticos, embora a conta-gotas. Mas cessaram em 1965, ano de encerramento do Conc\u00edlio Vaticano II.<\/p>\n<p>\u201cBom n\u00famero de Bispos tem podido julgar as proclama\u00e7\u00f5es de milagres como &#8216;inaptas pastoralmente&#8217;, considerando o esp\u00edrito dos tempos p\u00f3s-conciliares\u201d, conclui o Prof. Chiron.<\/p>\n<p>Entretanto, merecem men\u00e7\u00e3o duas felizes exce\u00e7\u00f5es: uma em 1976 e outra em 1978. Depois, o deserto de proclama\u00e7\u00f5es continuou at\u00e9 1999, quando o Bispo de Angoul\u00eame (Fran\u00e7a) reconheceu canonicamente o car\u00e1ter aut\u00eantico de uma cura.<\/p>\n<p>Chiron registra uma tend\u00eancia, entre altos eclesi\u00e1sticos, de tratar a palavra milagre como se fosse proibida. Em seu lugar, utilizam-se f\u00f3rmulas pouco claras para o comum dos fi\u00e9is.<br \/>\nPostaremos nos pr\u00f3ximos dias , todos os\u00a0milagres reconhecidos,\u00a0um por um.\u00a0<br \/>\n<strong><\/p>\n<p>Fonte: <a href=\"http:\/\/lourdes-150-aparicoes.blogspot.com\/2010\/01\/paradoxo-em-lourdes-muitos-milagres.html?utm_source=feedburner&amp;utm_medium=email&amp;utm_campaign=Feed%3A+Lourdes150AniversrioDasAparies+%28Lourdes+e+suas+apari%C3%A7%C3%B5es%29\" target=\"_blank\" rel=\"noopener noreferrer\">Blog\u00a0Lourdes<\/a><\/strong><a href=\"http:\/\/lourdes-150-aparicoes.blogspot.com\/2010\/01\/paradoxo-em-lourdes-muitos-milagres.html?utm_source=feedburner&amp;utm_medium=email&amp;utm_campaign=Feed%3A+Lourdes150AniversrioDasAparies+%28Lourdes+e+suas+apari%C3%A7%C3%B5es%29\" target=\"_blank\" rel=\"noopener noreferrer\">\u00a0<\/a><\/p>\n","protected":false},"excerpt":{"rendered":"<p>At\u00e9 1998, 6.772 casos foram julgados \u201cinexplic\u00e1veis\u201d. Mas s\u00f3 67 foram reconhecidos oficialmente pela Igreja. O \u00faltimo deles foi em 9 de novembro de 2005, na pessoa de Anna Santaniello, de Salerno, It\u00e1lia, curada em 19 de agosto de 1952. Tais cifras s\u00e3o como \u201ca \u00e1rvore que oculta a floresta que h\u00e1 por tr\u00e1s\u201d, segundo [&hellip;]<\/p>\n","protected":false},"author":7,"featured_media":0,"comment_status":"open","ping_status":"open","sticky":false,"template":"","format":"standard","meta":[],"categories":[20],"tags":[],"yoast_head":"<!-- This site is optimized with the Yoast SEO plugin v17.4 - https:\/\/yoast.com\/wordpress\/plugins\/seo\/ -->\n<title>Paradoxo em Lourdes: muitos milagres reconhecidos pela ci\u00eancia e poucas proclama\u00e7\u00f5es can\u00f4nicas - Associa\u00e7\u00e3o Devotos de F\u00e1tima<\/title>\n<meta name=\"robots\" content=\"index, follow, max-snippet:-1, max-image-preview:large, max-video-preview:-1\" \/>\n<link rel=\"canonical\" href=\"https:\/\/www.adf.org.br\/home\/paradoxo-em-lourdes-muitos-milagres-reconhecidos-pela-ciencia-e-poucas-proclamacoes-canonicas\/\" \/>\n<meta property=\"og:locale\" content=\"pt_BR\" \/>\n<meta property=\"og:type\" content=\"article\" \/>\n<meta property=\"og:title\" content=\"Paradoxo em Lourdes: muitos milagres reconhecidos pela ci\u00eancia e poucas proclama\u00e7\u00f5es can\u00f4nicas - Associa\u00e7\u00e3o Devotos de F\u00e1tima\" \/>\n<meta property=\"og:description\" content=\"At\u00e9 1998, 6.772 casos foram julgados \u201cinexplic\u00e1veis\u201d. Mas s\u00f3 67 foram reconhecidos oficialmente pela Igreja. O \u00faltimo deles foi em 9 de novembro de 2005, na pessoa de Anna Santaniello, de Salerno, It\u00e1lia, curada em 19 de agosto de 1952. Tais cifras s\u00e3o como \u201ca \u00e1rvore que oculta a floresta que h\u00e1 por tr\u00e1s\u201d, segundo [&hellip;]\" \/>\n<meta property=\"og:url\" content=\"https:\/\/www.adf.org.br\/home\/paradoxo-em-lourdes-muitos-milagres-reconhecidos-pela-ciencia-e-poucas-proclamacoes-canonicas\/\" \/>\n<meta property=\"og:site_name\" content=\"Associa\u00e7\u00e3o Devotos de F\u00e1tima\" \/>\n<meta property=\"article:published_time\" content=\"2010-02-04T02:05:23+00:00\" \/>\n<meta property=\"og:image\" content=\"http:\/\/www.adf.org.br\/home\/wp-content\/uploads\/2010\/02\/Alice_Couteault_recebeu_o_milagre.jpg\" \/>\n<meta name=\"twitter:card\" content=\"summary_large_image\" \/>\n<meta name=\"twitter:label1\" content=\"Escrito por\" \/>\n\t<meta name=\"twitter:data1\" content=\"adminstrador\" \/>\n\t<meta name=\"twitter:label2\" content=\"Est. tempo de leitura\" \/>\n\t<meta name=\"twitter:data2\" content=\"3 minutos\" \/>\n<script type=\"application\/ld+json\" class=\"yoast-schema-graph\">{\"@context\":\"https:\/\/schema.org\",\"@graph\":[{\"@type\":\"WebSite\",\"@id\":\"https:\/\/www.adf.org.br\/home\/#website\",\"url\":\"https:\/\/www.adf.org.br\/home\/\",\"name\":\"Associa\\u00e7\\u00e3o Devotos de F\\u00e1tima\",\"description\":\"Associa\\u00e7\\u00e3o Devotos de F\\u00e1tima\",\"potentialAction\":[{\"@type\":\"SearchAction\",\"target\":{\"@type\":\"EntryPoint\",\"urlTemplate\":\"https:\/\/www.adf.org.br\/home\/?s={search_term_string}\"},\"query-input\":\"required name=search_term_string\"}],\"inLanguage\":\"pt-BR\"},{\"@type\":\"ImageObject\",\"@id\":\"https:\/\/www.adf.org.br\/home\/paradoxo-em-lourdes-muitos-milagres-reconhecidos-pela-ciencia-e-poucas-proclamacoes-canonicas\/#primaryimage\",\"inLanguage\":\"pt-BR\",\"url\":\"http:\/\/www.adf.org.br\/home\/wp-content\/uploads\/2010\/02\/Alice_Couteault_recebeu_o_milagre.jpg\",\"contentUrl\":\"http:\/\/www.adf.org.br\/home\/wp-content\/uploads\/2010\/02\/Alice_Couteault_recebeu_o_milagre.jpg\"},{\"@type\":\"WebPage\",\"@id\":\"https:\/\/www.adf.org.br\/home\/paradoxo-em-lourdes-muitos-milagres-reconhecidos-pela-ciencia-e-poucas-proclamacoes-canonicas\/#webpage\",\"url\":\"https:\/\/www.adf.org.br\/home\/paradoxo-em-lourdes-muitos-milagres-reconhecidos-pela-ciencia-e-poucas-proclamacoes-canonicas\/\",\"name\":\"Paradoxo em Lourdes: muitos milagres reconhecidos pela ci\\u00eancia e poucas proclama\\u00e7\\u00f5es can\\u00f4nicas - Associa\\u00e7\\u00e3o Devotos de F\\u00e1tima\",\"isPartOf\":{\"@id\":\"https:\/\/www.adf.org.br\/home\/#website\"},\"primaryImageOfPage\":{\"@id\":\"https:\/\/www.adf.org.br\/home\/paradoxo-em-lourdes-muitos-milagres-reconhecidos-pela-ciencia-e-poucas-proclamacoes-canonicas\/#primaryimage\"},\"datePublished\":\"2010-02-04T02:05:23+00:00\",\"dateModified\":\"2010-02-04T02:05:23+00:00\",\"author\":{\"@id\":\"https:\/\/www.adf.org.br\/home\/#\/schema\/person\/a51edc55753c1552e7cd685ac3a70e86\"},\"breadcrumb\":{\"@id\":\"https:\/\/www.adf.org.br\/home\/paradoxo-em-lourdes-muitos-milagres-reconhecidos-pela-ciencia-e-poucas-proclamacoes-canonicas\/#breadcrumb\"},\"inLanguage\":\"pt-BR\",\"potentialAction\":[{\"@type\":\"ReadAction\",\"target\":[\"https:\/\/www.adf.org.br\/home\/paradoxo-em-lourdes-muitos-milagres-reconhecidos-pela-ciencia-e-poucas-proclamacoes-canonicas\/\"]}]},{\"@type\":\"BreadcrumbList\",\"@id\":\"https:\/\/www.adf.org.br\/home\/paradoxo-em-lourdes-muitos-milagres-reconhecidos-pela-ciencia-e-poucas-proclamacoes-canonicas\/#breadcrumb\",\"itemListElement\":[{\"@type\":\"ListItem\",\"position\":1,\"name\":\"Home\",\"item\":\"https:\/\/www.adf.org.br\/home\/\"},{\"@type\":\"ListItem\",\"position\":2,\"name\":\"Paradoxo em Lourdes: muitos milagres reconhecidos pela ci\\u00eancia e poucas proclama\\u00e7\\u00f5es can\\u00f4nicas\"}]},{\"@type\":\"Person\",\"@id\":\"https:\/\/www.adf.org.br\/home\/#\/schema\/person\/a51edc55753c1552e7cd685ac3a70e86\",\"name\":\"adminstrador\",\"image\":{\"@type\":\"ImageObject\",\"@id\":\"https:\/\/www.adf.org.br\/home\/#personlogo\",\"inLanguage\":\"pt-BR\",\"url\":\"https:\/\/secure.gravatar.com\/avatar\/?s=96&d=mm&r=g\",\"contentUrl\":\"https:\/\/secure.gravatar.com\/avatar\/?s=96&d=mm&r=g\",\"caption\":\"adminstrador\"},\"url\":\"https:\/\/www.adf.org.br\/home\/author\/adminstrador\/\"}]}<\/script>\n<!-- \/ Yoast SEO plugin. -->","yoast_head_json":{"title":"Paradoxo em Lourdes: muitos milagres reconhecidos pela ci\u00eancia e poucas proclama\u00e7\u00f5es can\u00f4nicas - Associa\u00e7\u00e3o Devotos de F\u00e1tima","robots":{"index":"index","follow":"follow","max-snippet":"max-snippet:-1","max-image-preview":"max-image-preview:large","max-video-preview":"max-video-preview:-1"},"canonical":"https:\/\/www.adf.org.br\/home\/paradoxo-em-lourdes-muitos-milagres-reconhecidos-pela-ciencia-e-poucas-proclamacoes-canonicas\/","og_locale":"pt_BR","og_type":"article","og_title":"Paradoxo em Lourdes: muitos milagres reconhecidos pela ci\u00eancia e poucas proclama\u00e7\u00f5es can\u00f4nicas - Associa\u00e7\u00e3o Devotos de F\u00e1tima","og_description":"At\u00e9 1998, 6.772 casos foram julgados \u201cinexplic\u00e1veis\u201d. Mas s\u00f3 67 foram reconhecidos oficialmente pela Igreja. O \u00faltimo deles foi em 9 de novembro de 2005, na pessoa de Anna Santaniello, de Salerno, It\u00e1lia, curada em 19 de agosto de 1952. Tais cifras s\u00e3o como \u201ca \u00e1rvore que oculta a floresta que h\u00e1 por tr\u00e1s\u201d, segundo [&hellip;]","og_url":"https:\/\/www.adf.org.br\/home\/paradoxo-em-lourdes-muitos-milagres-reconhecidos-pela-ciencia-e-poucas-proclamacoes-canonicas\/","og_site_name":"Associa\u00e7\u00e3o Devotos de F\u00e1tima","article_published_time":"2010-02-04T02:05:23+00:00","og_image":[{"url":"http:\/\/www.adf.org.br\/home\/wp-content\/uploads\/2010\/02\/Alice_Couteault_recebeu_o_milagre.jpg"}],"twitter_card":"summary_large_image","twitter_misc":{"Escrito por":"adminstrador","Est. tempo de leitura":"3 minutos"},"schema":{"@context":"https:\/\/schema.org","@graph":[{"@type":"WebSite","@id":"https:\/\/www.adf.org.br\/home\/#website","url":"https:\/\/www.adf.org.br\/home\/","name":"Associa\u00e7\u00e3o Devotos de F\u00e1tima","description":"Associa\u00e7\u00e3o Devotos de F\u00e1tima","potentialAction":[{"@type":"SearchAction","target":{"@type":"EntryPoint","urlTemplate":"https:\/\/www.adf.org.br\/home\/?s={search_term_string}"},"query-input":"required name=search_term_string"}],"inLanguage":"pt-BR"},{"@type":"ImageObject","@id":"https:\/\/www.adf.org.br\/home\/paradoxo-em-lourdes-muitos-milagres-reconhecidos-pela-ciencia-e-poucas-proclamacoes-canonicas\/#primaryimage","inLanguage":"pt-BR","url":"http:\/\/www.adf.org.br\/home\/wp-content\/uploads\/2010\/02\/Alice_Couteault_recebeu_o_milagre.jpg","contentUrl":"http:\/\/www.adf.org.br\/home\/wp-content\/uploads\/2010\/02\/Alice_Couteault_recebeu_o_milagre.jpg"},{"@type":"WebPage","@id":"https:\/\/www.adf.org.br\/home\/paradoxo-em-lourdes-muitos-milagres-reconhecidos-pela-ciencia-e-poucas-proclamacoes-canonicas\/#webpage","url":"https:\/\/www.adf.org.br\/home\/paradoxo-em-lourdes-muitos-milagres-reconhecidos-pela-ciencia-e-poucas-proclamacoes-canonicas\/","name":"Paradoxo em Lourdes: muitos milagres reconhecidos pela ci\u00eancia e poucas proclama\u00e7\u00f5es can\u00f4nicas - Associa\u00e7\u00e3o Devotos de F\u00e1tima","isPartOf":{"@id":"https:\/\/www.adf.org.br\/home\/#website"},"primaryImageOfPage":{"@id":"https:\/\/www.adf.org.br\/home\/paradoxo-em-lourdes-muitos-milagres-reconhecidos-pela-ciencia-e-poucas-proclamacoes-canonicas\/#primaryimage"},"datePublished":"2010-02-04T02:05:23+00:00","dateModified":"2010-02-04T02:05:23+00:00","author":{"@id":"https:\/\/www.adf.org.br\/home\/#\/schema\/person\/a51edc55753c1552e7cd685ac3a70e86"},"breadcrumb":{"@id":"https:\/\/www.adf.org.br\/home\/paradoxo-em-lourdes-muitos-milagres-reconhecidos-pela-ciencia-e-poucas-proclamacoes-canonicas\/#breadcrumb"},"inLanguage":"pt-BR","potentialAction":[{"@type":"ReadAction","target":["https:\/\/www.adf.org.br\/home\/paradoxo-em-lourdes-muitos-milagres-reconhecidos-pela-ciencia-e-poucas-proclamacoes-canonicas\/"]}]},{"@type":"BreadcrumbList","@id":"https:\/\/www.adf.org.br\/home\/paradoxo-em-lourdes-muitos-milagres-reconhecidos-pela-ciencia-e-poucas-proclamacoes-canonicas\/#breadcrumb","itemListElement":[{"@type":"ListItem","position":1,"name":"Home","item":"https:\/\/www.adf.org.br\/home\/"},{"@type":"ListItem","position":2,"name":"Paradoxo em Lourdes: muitos milagres reconhecidos pela ci\u00eancia e poucas proclama\u00e7\u00f5es can\u00f4nicas"}]},{"@type":"Person","@id":"https:\/\/www.adf.org.br\/home\/#\/schema\/person\/a51edc55753c1552e7cd685ac3a70e86","name":"adminstrador","image":{"@type":"ImageObject","@id":"https:\/\/www.adf.org.br\/home\/#personlogo","inLanguage":"pt-BR","url":"https:\/\/secure.gravatar.com\/avatar\/?s=96&d=mm&r=g","contentUrl":"https:\/\/secure.gravatar.com\/avatar\/?s=96&d=mm&r=g","caption":"adminstrador"},"url":"https:\/\/www.adf.org.br\/home\/author\/adminstrador\/"}]}},"_links":{"self":[{"href":"https:\/\/www.adf.org.br\/home\/wp-json\/wp\/v2\/posts\/1872"}],"collection":[{"href":"https:\/\/www.adf.org.br\/home\/wp-json\/wp\/v2\/posts"}],"about":[{"href":"https:\/\/www.adf.org.br\/home\/wp-json\/wp\/v2\/types\/post"}],"author":[{"embeddable":true,"href":"https:\/\/www.adf.org.br\/home\/wp-json\/wp\/v2\/users\/7"}],"replies":[{"embeddable":true,"href":"https:\/\/www.adf.org.br\/home\/wp-json\/wp\/v2\/comments?post=1872"}],"version-history":[{"count":0,"href":"https:\/\/www.adf.org.br\/home\/wp-json\/wp\/v2\/posts\/1872\/revisions"}],"wp:attachment":[{"href":"https:\/\/www.adf.org.br\/home\/wp-json\/wp\/v2\/media?parent=1872"}],"wp:term":[{"taxonomy":"category","embeddable":true,"href":"https:\/\/www.adf.org.br\/home\/wp-json\/wp\/v2\/categories?post=1872"},{"taxonomy":"post_tag","embeddable":true,"href":"https:\/\/www.adf.org.br\/home\/wp-json\/wp\/v2\/tags?post=1872"}],"curies":[{"name":"wp","href":"https:\/\/api.w.org\/{rel}","templated":true}]}}