{"id":18230,"date":"2013-01-24T10:07:45","date_gmt":"2013-01-24T12:07:45","guid":{"rendered":"http:\/\/www.adf.org.br\/home\/?p=18230"},"modified":"2013-01-24T10:07:45","modified_gmt":"2013-01-24T12:07:45","slug":"onde-esta-a-tolerancia-que-proclama-aos-quatro-ventos-jovens-da-cruzada-pela-familia-sao-agredidos-pelo-movimento-homossexual-no-sul-do-brasil","status":"publish","type":"post","link":"https:\/\/www.adf.org.br\/home\/onde-esta-a-tolerancia-que-proclama-aos-quatro-ventos-jovens-da-cruzada-pela-familia-sao-agredidos-pelo-movimento-homossexual-no-sul-do-brasil\/","title":{"rendered":"Onde est\u00e1 a toler\u00e2ncia que proclamam aos quatro ventos? Jovens da Cruzada Pela Fam\u00edlia s\u00e3o agredidos pelo movimento homossexual no Sul do Brasil"},"content":{"rendered":"<p>Todos os anos, os jovens da Caravana Cruzada pela Fam\u00edlia, promovida pelo Instituto Plinio Corr\u00eaa de Oliveira, percorrem o Brasil divulgando seus ideais crist\u00e3os, defendendo a fam\u00edlia e alertando a popula\u00e7\u00e3o sobre a amea\u00e7a que ronda nosso Pa\u00eds caso algumas leis sejam aprovadas, dentre elas a legaliza\u00e7\u00e3o do chamado \u201ccasamento\u201d homossexual.<\/p>\n<p><span style=\"color: #ffffff;\">.<\/span><\/p>\n<figure id=\"attachment_18231\" aria-describedby=\"caption-attachment-18231\" style=\"width: 477px\" class=\"wp-caption aligncenter\"><a href=\"http:\/\/ipco.org.br\/home\/noticias\/movimento-homossexual-agride-fisicamente-os-jovens-catolicos\" target=\"_blank\" rel=\"noopener noreferrer\"><img loading=\"lazy\" class=\" wp-image-18231  \" title=\"Intoler\u00e2ncia do movimento homossexual drante passagem da Caravana Cruzada pela Fam\u00edlia em Curitiba-PR\" src=\"http:\/\/www.adf.org.br\/home\/wp-content\/uploads\/2013\/01\/intoler\u00e2ncia-do-movimento-homossexual.jpg\" alt=\"\" width=\"477\" height=\"262\" \/><\/a><figcaption id=\"caption-attachment-18231\" class=\"wp-caption-text\">Intoler\u00e2ncia do movimento homossexual durante passagem da Caravana Cruzada pela Fam\u00edlia em Curitiba-PR. Um jovem caravanista \u00e9 covardemente agredido pelas costas e leva uma pedrada<\/figcaption><\/figure>\n<p><strong>\u00a0Sempre de forma ordeira e pac\u00edfica os jovens fazem seus protestos por onde passam, mas muitas vezes s\u00e3o agredidos e achincalhados por grupos de homossexuais que sem argumentos para discutir, atacam, agridem, xingam e provocam os jovens.<\/strong><\/p>\n<p>Foi exatamente isso o que aconteceu com a Caravana recentemente, enquanto os jovens faziam sua passagem por Curitiba (PR).<\/p>\n<p><span style=\"font-size: medium; color: #800080;\"><strong>\u00a0Mas, dessa vez, a Intoler\u00e2ncia foi ainda mais brutal e chegou aos limites da agress\u00e3o f\u00edsica.<\/strong><\/span><\/p>\n<p>Al\u00e9m de sofrerem os habituais insultos, um dos caravanistas recebeu uma pedrada na cabe\u00e7a.<\/p>\n<p><a href=\"http:\/\/ipco.org.br\/home\/noticias\/movimento-homossexual-agride-fisicamente-os-jovens-catolicos\" target=\"_blank\" rel=\"noopener noreferrer\">A a\u00e7\u00e3o foi toda filmada e o v\u00eddeo est\u00e1 sendo divulgado pelo Instituto aqui<\/a>.<\/p>\n<p><a href=\"http:\/\/ipco.org.br\/home\/noticias\/movimento-homossexual-agride-fisicamente-os-jovens-catolicos\" target=\"_blank\" rel=\"noopener noreferrer\"><img loading=\"lazy\" class=\"aligncenter size-full wp-image-18272\" title=\"Veja agora este v\u00eddeo e veja o quanto o \u00f3dio e a intoler\u00e2ncia cegam os que odeiam as Verdades Cat\u00f3licas\" src=\"http:\/\/www.adf.org.br\/home\/wp-content\/uploads\/2013\/01\/Veja-agora-este-v\u00eddeo-e-veja-o-quanto-o-\u00f3dio-e-a-intoler\u00e2ncia-cegam-os-que-odeiam-as-Verdades-Cat\u00f3licas.jpg\" alt=\"\" width=\"399\" height=\"246\" \/><\/a><\/p>\n<p>Falam muito de homofobia e persegui\u00e7\u00e3o a homossexuais na m\u00eddia, mas casos como esses, onde a persegui\u00e7\u00e3o se d\u00e1 contra os cat\u00f3licos, n\u00e3o s\u00e3o noticiados.<\/p>\n<p><strong>Voc\u00ea ir\u00e1 notar no v\u00eddeo o \u00f3dio crescente dos homossexuais, principalmente quando os caravanistas come\u00e7am a rezar a Ave Maria.<\/strong><\/p>\n<p>Ficam mais agressivos e imorais, numa clara atitude de desrespeito \u00e0 f\u00e9 cat\u00f3lica e \u00e0 devo\u00e7\u00e3o a Nossa Senhora.<\/p>\n<p>Isso tudo nos faz acreditar que estamos vivendo uma verdadeira Cristianofobia!<br \/>\nN\u00e3o podemos nem manifestar nossa F\u00e9, sem que sejamos vergonhosamente agredidos.<\/p>\n<p>Imagine voc\u00ea o que diria Nossa Senhora de F\u00e1tima se aparecesse em nossos dias?<\/p>\n<p><strong>\u00c9 por isso que pe\u00e7o que, al\u00e9m de ver o v\u00eddeo, voc\u00ea n\u00e3o deixe de divulg\u00e1-lo por onde puder.<\/strong><\/p>\n<p>Se preferir, basta fazer isso atrav\u00e9s dos bot\u00f5es que ficam acima desse texto.<\/p>\n<p>Que Nossa Senhora proteja sempre estes valorosos jovens cat\u00f3licos que se levantam para denunciar a podrid\u00e3o deste mundo, sacrificando suas f\u00e9rias escolares, ao contr\u00e1rio do que muitos fazem hoje em dia.<\/p>\n<p>\u00c9 por causa de pessoas assim que a promessa de Nossa Senhora de F\u00e1tima se cumprir\u00e1:<\/p>\n<p><span style=\"color: #800080;\"><strong>POR FIM, MEU IMACULADO CORA\u00c7\u00c3O TRIUNFAR\u00c1.<\/strong><\/span><\/p>\n","protected":false},"excerpt":{"rendered":"<p>Todos os anos, os jovens da Caravana Cruzada pela Fam\u00edlia, promovida pelo Instituto Plinio Corr\u00eaa de Oliveira, percorrem o Brasil divulgando seus ideais crist\u00e3os, defendendo a fam\u00edlia e alertando a popula\u00e7\u00e3o sobre a amea\u00e7a que ronda nosso Pa\u00eds caso algumas leis sejam aprovadas, dentre elas a legaliza\u00e7\u00e3o do chamado \u201ccasamento\u201d homossexual. . \u00a0Sempre de forma [&hellip;]<\/p>\n","protected":false},"author":31,"featured_media":0,"comment_status":"open","ping_status":"open","sticky":false,"template":"","format":"standard","meta":[],"categories":[20],"tags":[265,83,508,408,509,32],"yoast_head":"<!-- This site is optimized with the Yoast SEO plugin v17.4 - https:\/\/yoast.com\/wordpress\/plugins\/seo\/ -->\n<title>Onde est\u00e1 a toler\u00e2ncia que proclamam aos quatro ventos? Jovens da Cruzada Pela Fam\u00edlia s\u00e3o agredidos pelo movimento homossexual no Sul do Brasil - Associa\u00e7\u00e3o Devotos de F\u00e1tima<\/title>\n<meta name=\"robots\" content=\"index, follow, max-snippet:-1, max-image-preview:large, max-video-preview:-1\" \/>\n<link rel=\"canonical\" href=\"https:\/\/www.adf.org.br\/home\/onde-esta-a-tolerancia-que-proclama-aos-quatro-ventos-jovens-da-cruzada-pela-familia-sao-agredidos-pelo-movimento-homossexual-no-sul-do-brasil\/\" \/>\n<meta property=\"og:locale\" content=\"pt_BR\" \/>\n<meta property=\"og:type\" content=\"article\" \/>\n<meta property=\"og:title\" content=\"Onde est\u00e1 a toler\u00e2ncia que proclamam aos quatro ventos? Jovens da Cruzada Pela Fam\u00edlia s\u00e3o agredidos pelo movimento homossexual no Sul do Brasil - Associa\u00e7\u00e3o Devotos de F\u00e1tima\" \/>\n<meta property=\"og:description\" content=\"Todos os anos, os jovens da Caravana Cruzada pela Fam\u00edlia, promovida pelo Instituto Plinio Corr\u00eaa de Oliveira, percorrem o Brasil divulgando seus ideais crist\u00e3os, defendendo a fam\u00edlia e alertando a popula\u00e7\u00e3o sobre a amea\u00e7a que ronda nosso Pa\u00eds caso algumas leis sejam aprovadas, dentre elas a legaliza\u00e7\u00e3o do chamado \u201ccasamento\u201d homossexual. . \u00a0Sempre de forma [&hellip;]\" \/>\n<meta property=\"og:url\" content=\"https:\/\/www.adf.org.br\/home\/onde-esta-a-tolerancia-que-proclama-aos-quatro-ventos-jovens-da-cruzada-pela-familia-sao-agredidos-pelo-movimento-homossexual-no-sul-do-brasil\/\" \/>\n<meta property=\"og:site_name\" content=\"Associa\u00e7\u00e3o Devotos de F\u00e1tima\" \/>\n<meta property=\"article:published_time\" content=\"2013-01-24T12:07:45+00:00\" \/>\n<meta property=\"og:image\" content=\"http:\/\/www.adf.org.br\/home\/wp-content\/uploads\/2013\/01\/intoler\u00e2ncia-do-movimento-homossexual.jpg\" \/>\n<meta name=\"twitter:card\" content=\"summary_large_image\" \/>\n<meta name=\"twitter:label1\" content=\"Escrito por\" \/>\n\t<meta name=\"twitter:data1\" content=\"Gabriel Barbosa\" \/>\n\t<meta name=\"twitter:label2\" content=\"Est. tempo de leitura\" \/>\n\t<meta name=\"twitter:data2\" content=\"2 minutos\" \/>\n<script type=\"application\/ld+json\" class=\"yoast-schema-graph\">{\"@context\":\"https:\/\/schema.org\",\"@graph\":[{\"@type\":\"WebSite\",\"@id\":\"https:\/\/www.adf.org.br\/home\/#website\",\"url\":\"https:\/\/www.adf.org.br\/home\/\",\"name\":\"Associa\\u00e7\\u00e3o Devotos de F\\u00e1tima\",\"description\":\"Associa\\u00e7\\u00e3o Devotos de F\\u00e1tima\",\"potentialAction\":[{\"@type\":\"SearchAction\",\"target\":{\"@type\":\"EntryPoint\",\"urlTemplate\":\"https:\/\/www.adf.org.br\/home\/?s={search_term_string}\"},\"query-input\":\"required name=search_term_string\"}],\"inLanguage\":\"pt-BR\"},{\"@type\":\"ImageObject\",\"@id\":\"https:\/\/www.adf.org.br\/home\/onde-esta-a-tolerancia-que-proclama-aos-quatro-ventos-jovens-da-cruzada-pela-familia-sao-agredidos-pelo-movimento-homossexual-no-sul-do-brasil\/#primaryimage\",\"inLanguage\":\"pt-BR\",\"url\":\"http:\/\/www.adf.org.br\/home\/wp-content\/uploads\/2013\/01\/intoler\\u00e2ncia-do-movimento-homossexual.jpg\",\"contentUrl\":\"http:\/\/www.adf.org.br\/home\/wp-content\/uploads\/2013\/01\/intoler\\u00e2ncia-do-movimento-homossexual.jpg\"},{\"@type\":\"WebPage\",\"@id\":\"https:\/\/www.adf.org.br\/home\/onde-esta-a-tolerancia-que-proclama-aos-quatro-ventos-jovens-da-cruzada-pela-familia-sao-agredidos-pelo-movimento-homossexual-no-sul-do-brasil\/#webpage\",\"url\":\"https:\/\/www.adf.org.br\/home\/onde-esta-a-tolerancia-que-proclama-aos-quatro-ventos-jovens-da-cruzada-pela-familia-sao-agredidos-pelo-movimento-homossexual-no-sul-do-brasil\/\",\"name\":\"Onde est\\u00e1 a toler\\u00e2ncia que proclamam aos quatro ventos? Jovens da Cruzada Pela Fam\\u00edlia s\\u00e3o agredidos pelo movimento homossexual no Sul do Brasil - Associa\\u00e7\\u00e3o Devotos de F\\u00e1tima\",\"isPartOf\":{\"@id\":\"https:\/\/www.adf.org.br\/home\/#website\"},\"primaryImageOfPage\":{\"@id\":\"https:\/\/www.adf.org.br\/home\/onde-esta-a-tolerancia-que-proclama-aos-quatro-ventos-jovens-da-cruzada-pela-familia-sao-agredidos-pelo-movimento-homossexual-no-sul-do-brasil\/#primaryimage\"},\"datePublished\":\"2013-01-24T12:07:45+00:00\",\"dateModified\":\"2013-01-24T12:07:45+00:00\",\"author\":{\"@id\":\"https:\/\/www.adf.org.br\/home\/#\/schema\/person\/f35a5c5aa7728a3dedf4ea9aa1fc2753\"},\"breadcrumb\":{\"@id\":\"https:\/\/www.adf.org.br\/home\/onde-esta-a-tolerancia-que-proclama-aos-quatro-ventos-jovens-da-cruzada-pela-familia-sao-agredidos-pelo-movimento-homossexual-no-sul-do-brasil\/#breadcrumb\"},\"inLanguage\":\"pt-BR\",\"potentialAction\":[{\"@type\":\"ReadAction\",\"target\":[\"https:\/\/www.adf.org.br\/home\/onde-esta-a-tolerancia-que-proclama-aos-quatro-ventos-jovens-da-cruzada-pela-familia-sao-agredidos-pelo-movimento-homossexual-no-sul-do-brasil\/\"]}]},{\"@type\":\"BreadcrumbList\",\"@id\":\"https:\/\/www.adf.org.br\/home\/onde-esta-a-tolerancia-que-proclama-aos-quatro-ventos-jovens-da-cruzada-pela-familia-sao-agredidos-pelo-movimento-homossexual-no-sul-do-brasil\/#breadcrumb\",\"itemListElement\":[{\"@type\":\"ListItem\",\"position\":1,\"name\":\"Home\",\"item\":\"https:\/\/www.adf.org.br\/home\/\"},{\"@type\":\"ListItem\",\"position\":2,\"name\":\"Onde est\\u00e1 a toler\\u00e2ncia que proclamam aos quatro ventos? Jovens da Cruzada Pela Fam\\u00edlia s\\u00e3o agredidos pelo movimento homossexual no Sul do Brasil\"}]},{\"@type\":\"Person\",\"@id\":\"https:\/\/www.adf.org.br\/home\/#\/schema\/person\/f35a5c5aa7728a3dedf4ea9aa1fc2753\",\"name\":\"Gabriel Barbosa\",\"image\":{\"@type\":\"ImageObject\",\"@id\":\"https:\/\/www.adf.org.br\/home\/#personlogo\",\"inLanguage\":\"pt-BR\",\"url\":\"https:\/\/secure.gravatar.com\/avatar\/2b2cb2f4637682c5605e8d36818f51ef?s=96&d=mm&r=g\",\"contentUrl\":\"https:\/\/secure.gravatar.com\/avatar\/2b2cb2f4637682c5605e8d36818f51ef?s=96&d=mm&r=g\",\"caption\":\"Gabriel Barbosa\"},\"url\":\"https:\/\/www.adf.org.br\/home\/author\/gabrielpmk-com-br\/\"}]}<\/script>\n<!-- \/ Yoast SEO plugin. -->","yoast_head_json":{"title":"Onde est\u00e1 a toler\u00e2ncia que proclamam aos quatro ventos? Jovens da Cruzada Pela Fam\u00edlia s\u00e3o agredidos pelo movimento homossexual no Sul do Brasil - Associa\u00e7\u00e3o Devotos de F\u00e1tima","robots":{"index":"index","follow":"follow","max-snippet":"max-snippet:-1","max-image-preview":"max-image-preview:large","max-video-preview":"max-video-preview:-1"},"canonical":"https:\/\/www.adf.org.br\/home\/onde-esta-a-tolerancia-que-proclama-aos-quatro-ventos-jovens-da-cruzada-pela-familia-sao-agredidos-pelo-movimento-homossexual-no-sul-do-brasil\/","og_locale":"pt_BR","og_type":"article","og_title":"Onde est\u00e1 a toler\u00e2ncia que proclamam aos quatro ventos? Jovens da Cruzada Pela Fam\u00edlia s\u00e3o agredidos pelo movimento homossexual no Sul do Brasil - Associa\u00e7\u00e3o Devotos de F\u00e1tima","og_description":"Todos os anos, os jovens da Caravana Cruzada pela Fam\u00edlia, promovida pelo Instituto Plinio Corr\u00eaa de Oliveira, percorrem o Brasil divulgando seus ideais crist\u00e3os, defendendo a fam\u00edlia e alertando a popula\u00e7\u00e3o sobre a amea\u00e7a que ronda nosso Pa\u00eds caso algumas leis sejam aprovadas, dentre elas a legaliza\u00e7\u00e3o do chamado \u201ccasamento\u201d homossexual. . \u00a0Sempre de forma [&hellip;]","og_url":"https:\/\/www.adf.org.br\/home\/onde-esta-a-tolerancia-que-proclama-aos-quatro-ventos-jovens-da-cruzada-pela-familia-sao-agredidos-pelo-movimento-homossexual-no-sul-do-brasil\/","og_site_name":"Associa\u00e7\u00e3o Devotos de F\u00e1tima","article_published_time":"2013-01-24T12:07:45+00:00","og_image":[{"url":"http:\/\/www.adf.org.br\/home\/wp-content\/uploads\/2013\/01\/intoler\u00e2ncia-do-movimento-homossexual.jpg"}],"twitter_card":"summary_large_image","twitter_misc":{"Escrito por":"Gabriel Barbosa","Est. tempo de leitura":"2 minutos"},"schema":{"@context":"https:\/\/schema.org","@graph":[{"@type":"WebSite","@id":"https:\/\/www.adf.org.br\/home\/#website","url":"https:\/\/www.adf.org.br\/home\/","name":"Associa\u00e7\u00e3o Devotos de F\u00e1tima","description":"Associa\u00e7\u00e3o Devotos de F\u00e1tima","potentialAction":[{"@type":"SearchAction","target":{"@type":"EntryPoint","urlTemplate":"https:\/\/www.adf.org.br\/home\/?s={search_term_string}"},"query-input":"required name=search_term_string"}],"inLanguage":"pt-BR"},{"@type":"ImageObject","@id":"https:\/\/www.adf.org.br\/home\/onde-esta-a-tolerancia-que-proclama-aos-quatro-ventos-jovens-da-cruzada-pela-familia-sao-agredidos-pelo-movimento-homossexual-no-sul-do-brasil\/#primaryimage","inLanguage":"pt-BR","url":"http:\/\/www.adf.org.br\/home\/wp-content\/uploads\/2013\/01\/intoler\u00e2ncia-do-movimento-homossexual.jpg","contentUrl":"http:\/\/www.adf.org.br\/home\/wp-content\/uploads\/2013\/01\/intoler\u00e2ncia-do-movimento-homossexual.jpg"},{"@type":"WebPage","@id":"https:\/\/www.adf.org.br\/home\/onde-esta-a-tolerancia-que-proclama-aos-quatro-ventos-jovens-da-cruzada-pela-familia-sao-agredidos-pelo-movimento-homossexual-no-sul-do-brasil\/#webpage","url":"https:\/\/www.adf.org.br\/home\/onde-esta-a-tolerancia-que-proclama-aos-quatro-ventos-jovens-da-cruzada-pela-familia-sao-agredidos-pelo-movimento-homossexual-no-sul-do-brasil\/","name":"Onde est\u00e1 a toler\u00e2ncia que proclamam aos quatro ventos? Jovens da Cruzada Pela Fam\u00edlia s\u00e3o agredidos pelo movimento homossexual no Sul do Brasil - Associa\u00e7\u00e3o Devotos de F\u00e1tima","isPartOf":{"@id":"https:\/\/www.adf.org.br\/home\/#website"},"primaryImageOfPage":{"@id":"https:\/\/www.adf.org.br\/home\/onde-esta-a-tolerancia-que-proclama-aos-quatro-ventos-jovens-da-cruzada-pela-familia-sao-agredidos-pelo-movimento-homossexual-no-sul-do-brasil\/#primaryimage"},"datePublished":"2013-01-24T12:07:45+00:00","dateModified":"2013-01-24T12:07:45+00:00","author":{"@id":"https:\/\/www.adf.org.br\/home\/#\/schema\/person\/f35a5c5aa7728a3dedf4ea9aa1fc2753"},"breadcrumb":{"@id":"https:\/\/www.adf.org.br\/home\/onde-esta-a-tolerancia-que-proclama-aos-quatro-ventos-jovens-da-cruzada-pela-familia-sao-agredidos-pelo-movimento-homossexual-no-sul-do-brasil\/#breadcrumb"},"inLanguage":"pt-BR","potentialAction":[{"@type":"ReadAction","target":["https:\/\/www.adf.org.br\/home\/onde-esta-a-tolerancia-que-proclama-aos-quatro-ventos-jovens-da-cruzada-pela-familia-sao-agredidos-pelo-movimento-homossexual-no-sul-do-brasil\/"]}]},{"@type":"BreadcrumbList","@id":"https:\/\/www.adf.org.br\/home\/onde-esta-a-tolerancia-que-proclama-aos-quatro-ventos-jovens-da-cruzada-pela-familia-sao-agredidos-pelo-movimento-homossexual-no-sul-do-brasil\/#breadcrumb","itemListElement":[{"@type":"ListItem","position":1,"name":"Home","item":"https:\/\/www.adf.org.br\/home\/"},{"@type":"ListItem","position":2,"name":"Onde est\u00e1 a toler\u00e2ncia que proclamam aos quatro ventos? Jovens da Cruzada Pela Fam\u00edlia s\u00e3o agredidos pelo movimento homossexual no Sul do Brasil"}]},{"@type":"Person","@id":"https:\/\/www.adf.org.br\/home\/#\/schema\/person\/f35a5c5aa7728a3dedf4ea9aa1fc2753","name":"Gabriel Barbosa","image":{"@type":"ImageObject","@id":"https:\/\/www.adf.org.br\/home\/#personlogo","inLanguage":"pt-BR","url":"https:\/\/secure.gravatar.com\/avatar\/2b2cb2f4637682c5605e8d36818f51ef?s=96&d=mm&r=g","contentUrl":"https:\/\/secure.gravatar.com\/avatar\/2b2cb2f4637682c5605e8d36818f51ef?s=96&d=mm&r=g","caption":"Gabriel Barbosa"},"url":"https:\/\/www.adf.org.br\/home\/author\/gabrielpmk-com-br\/"}]}},"_links":{"self":[{"href":"https:\/\/www.adf.org.br\/home\/wp-json\/wp\/v2\/posts\/18230"}],"collection":[{"href":"https:\/\/www.adf.org.br\/home\/wp-json\/wp\/v2\/posts"}],"about":[{"href":"https:\/\/www.adf.org.br\/home\/wp-json\/wp\/v2\/types\/post"}],"author":[{"embeddable":true,"href":"https:\/\/www.adf.org.br\/home\/wp-json\/wp\/v2\/users\/31"}],"replies":[{"embeddable":true,"href":"https:\/\/www.adf.org.br\/home\/wp-json\/wp\/v2\/comments?post=18230"}],"version-history":[{"count":0,"href":"https:\/\/www.adf.org.br\/home\/wp-json\/wp\/v2\/posts\/18230\/revisions"}],"wp:attachment":[{"href":"https:\/\/www.adf.org.br\/home\/wp-json\/wp\/v2\/media?parent=18230"}],"wp:term":[{"taxonomy":"category","embeddable":true,"href":"https:\/\/www.adf.org.br\/home\/wp-json\/wp\/v2\/categories?post=18230"},{"taxonomy":"post_tag","embeddable":true,"href":"https:\/\/www.adf.org.br\/home\/wp-json\/wp\/v2\/tags?post=18230"}],"curies":[{"name":"wp","href":"https:\/\/api.w.org\/{rel}","templated":true}]}}