{"id":182,"date":"2020-03-23T11:21:32","date_gmt":"2020-03-23T14:21:32","guid":{"rendered":"http:\/\/adf.org.br\/home\/?p=182"},"modified":"2022-08-24T17:02:49","modified_gmt":"2022-08-24T20:02:49","slug":"gracas-alcancadas","status":"publish","type":"post","link":"https:\/\/www.adf.org.br\/home\/gracas-alcancadas\/","title":{"rendered":"Gra\u00e7as Alcan\u00e7adas"},"content":{"rendered":"<p><strong>Gra\u00e7as Alcan\u00e7adas e Testemunhos<\/strong><br \/>\nEste espa\u00e7o \u00e9 feito especialmente para voc\u00ea ler e compartilhar depoimentos. Milhares de pessoas, muitas delas participantes do\u00a0<strong><a href=\"https:\/\/adf.org.br\/apostolosdefatima\/2\/?origem=14271#Promessa\" target=\"_blank\" rel=\"noopener noreferrer\">Grupo Ap\u00f3stolos de F\u00e1tima<\/a><\/strong>, j\u00e1 testemunharam gra\u00e7as maravilhosas e v\u00eam at\u00e9 aqui para contar.<\/p>\n<p>Leia tudo\u00a0abaixo. Veja tamb\u00e9m que, ao final dos testemunhais, \u00e9 poss\u00edvel mudar de p\u00e1gina e assim continuar acessando outros relatos.<\/p>\n<p><strong>Nossa Senhora de F\u00e1tima, rogai por n\u00f3s que recorremos a V\u00f3s!<\/strong><\/p>\n<p><a href=\"#commentform\"><b>Clique aqui para escrever seu testemunho<\/b><\/a><\/p>\n","protected":false},"excerpt":{"rendered":"<p>Gra\u00e7as Alcan\u00e7adas e Testemunhos Este espa\u00e7o \u00e9 feito especialmente para voc\u00ea ler e compartilhar depoimentos. Milhares de pessoas, muitas delas participantes do\u00a0Grupo Ap\u00f3stolos de F\u00e1tima, j\u00e1 testemunharam gra\u00e7as maravilhosas e v\u00eam at\u00e9 aqui para contar. Leia tudo\u00a0abaixo. Veja tamb\u00e9m que, ao final dos testemunhais, \u00e9 poss\u00edvel mudar de p\u00e1gina e assim continuar acessando outros relatos. [&hellip;]<\/p>\n","protected":false},"author":27,"featured_media":0,"comment_status":"open","ping_status":"open","sticky":false,"template":"","format":"standard","meta":[],"categories":[8],"tags":[],"yoast_head":"<!-- This site is optimized with the Yoast SEO plugin v17.4 - https:\/\/yoast.com\/wordpress\/plugins\/seo\/ -->\n<title>Gra\u00e7as Alcan\u00e7adas - Associa\u00e7\u00e3o Devotos de F\u00e1tima<\/title>\n<meta name=\"robots\" content=\"index, follow, max-snippet:-1, max-image-preview:large, max-video-preview:-1\" \/>\n<link rel=\"canonical\" href=\"https:\/\/www.adf.org.br\/home\/gracas-alcancadas\/\" \/>\n<meta property=\"og:locale\" content=\"pt_BR\" \/>\n<meta property=\"og:type\" content=\"article\" \/>\n<meta property=\"og:title\" content=\"Gra\u00e7as Alcan\u00e7adas - Associa\u00e7\u00e3o Devotos de F\u00e1tima\" \/>\n<meta property=\"og:description\" content=\"Gra\u00e7as Alcan\u00e7adas e Testemunhos Este espa\u00e7o \u00e9 feito especialmente para voc\u00ea ler e compartilhar depoimentos. Milhares de pessoas, muitas delas participantes do\u00a0Grupo Ap\u00f3stolos de F\u00e1tima, j\u00e1 testemunharam gra\u00e7as maravilhosas e v\u00eam at\u00e9 aqui para contar. Leia tudo\u00a0abaixo. Veja tamb\u00e9m que, ao final dos testemunhais, \u00e9 poss\u00edvel mudar de p\u00e1gina e assim continuar acessando outros relatos. [&hellip;]\" \/>\n<meta property=\"og:url\" content=\"https:\/\/www.adf.org.br\/home\/gracas-alcancadas\/\" \/>\n<meta property=\"og:site_name\" content=\"Associa\u00e7\u00e3o Devotos de F\u00e1tima\" \/>\n<meta property=\"article:published_time\" content=\"2020-03-23T14:21:32+00:00\" \/>\n<meta property=\"article:modified_time\" content=\"2022-08-24T20:02:49+00:00\" \/>\n<meta name=\"twitter:card\" content=\"summary_large_image\" \/>\n<meta name=\"twitter:label1\" content=\"Escrito por\" \/>\n\t<meta name=\"twitter:data1\" content=\"Gabriel Barbosa\" \/>\n<script type=\"application\/ld+json\" class=\"yoast-schema-graph\">{\"@context\":\"https:\/\/schema.org\",\"@graph\":[{\"@type\":\"WebSite\",\"@id\":\"https:\/\/www.adf.org.br\/home\/#website\",\"url\":\"https:\/\/www.adf.org.br\/home\/\",\"name\":\"Associa\\u00e7\\u00e3o Devotos de F\\u00e1tima\",\"description\":\"Associa\\u00e7\\u00e3o Devotos de F\\u00e1tima\",\"potentialAction\":[{\"@type\":\"SearchAction\",\"target\":{\"@type\":\"EntryPoint\",\"urlTemplate\":\"https:\/\/www.adf.org.br\/home\/?s={search_term_string}\"},\"query-input\":\"required name=search_term_string\"}],\"inLanguage\":\"pt-BR\"},{\"@type\":\"WebPage\",\"@id\":\"https:\/\/www.adf.org.br\/home\/gracas-alcancadas\/#webpage\",\"url\":\"https:\/\/www.adf.org.br\/home\/gracas-alcancadas\/\",\"name\":\"Gra\\u00e7as Alcan\\u00e7adas - Associa\\u00e7\\u00e3o Devotos de F\\u00e1tima\",\"isPartOf\":{\"@id\":\"https:\/\/www.adf.org.br\/home\/#website\"},\"datePublished\":\"2020-03-23T14:21:32+00:00\",\"dateModified\":\"2022-08-24T20:02:49+00:00\",\"author\":{\"@id\":\"https:\/\/www.adf.org.br\/home\/#\/schema\/person\/affa494ecf91434f3620f5392de44327\"},\"breadcrumb\":{\"@id\":\"https:\/\/www.adf.org.br\/home\/gracas-alcancadas\/#breadcrumb\"},\"inLanguage\":\"pt-BR\",\"potentialAction\":[{\"@type\":\"ReadAction\",\"target\":[\"https:\/\/www.adf.org.br\/home\/gracas-alcancadas\/\"]}]},{\"@type\":\"BreadcrumbList\",\"@id\":\"https:\/\/www.adf.org.br\/home\/gracas-alcancadas\/#breadcrumb\",\"itemListElement\":[{\"@type\":\"ListItem\",\"position\":1,\"name\":\"Home\",\"item\":\"https:\/\/www.adf.org.br\/home\/\"},{\"@type\":\"ListItem\",\"position\":2,\"name\":\"Gra\\u00e7as Alcan\\u00e7adas\"}]},{\"@type\":\"Person\",\"@id\":\"https:\/\/www.adf.org.br\/home\/#\/schema\/person\/affa494ecf91434f3620f5392de44327\",\"name\":\"Gabriel Barbosa\",\"image\":{\"@type\":\"ImageObject\",\"@id\":\"https:\/\/www.adf.org.br\/home\/#personlogo\",\"inLanguage\":\"pt-BR\",\"url\":\"https:\/\/secure.gravatar.com\/avatar\/ecf2eab02e30486a7038f8b2858de06a?s=96&d=mm&r=g\",\"contentUrl\":\"https:\/\/secure.gravatar.com\/avatar\/ecf2eab02e30486a7038f8b2858de06a?s=96&d=mm&r=g\",\"caption\":\"Gabriel Barbosa\"},\"url\":\"https:\/\/www.adf.org.br\/home\/author\/gabriel-aascj\/\"}]}<\/script>\n<!-- \/ Yoast SEO plugin. -->","yoast_head_json":{"title":"Gra\u00e7as Alcan\u00e7adas - Associa\u00e7\u00e3o Devotos de F\u00e1tima","robots":{"index":"index","follow":"follow","max-snippet":"max-snippet:-1","max-image-preview":"max-image-preview:large","max-video-preview":"max-video-preview:-1"},"canonical":"https:\/\/www.adf.org.br\/home\/gracas-alcancadas\/","og_locale":"pt_BR","og_type":"article","og_title":"Gra\u00e7as Alcan\u00e7adas - Associa\u00e7\u00e3o Devotos de F\u00e1tima","og_description":"Gra\u00e7as Alcan\u00e7adas e Testemunhos Este espa\u00e7o \u00e9 feito especialmente para voc\u00ea ler e compartilhar depoimentos. Milhares de pessoas, muitas delas participantes do\u00a0Grupo Ap\u00f3stolos de F\u00e1tima, j\u00e1 testemunharam gra\u00e7as maravilhosas e v\u00eam at\u00e9 aqui para contar. Leia tudo\u00a0abaixo. Veja tamb\u00e9m que, ao final dos testemunhais, \u00e9 poss\u00edvel mudar de p\u00e1gina e assim continuar acessando outros relatos. [&hellip;]","og_url":"https:\/\/www.adf.org.br\/home\/gracas-alcancadas\/","og_site_name":"Associa\u00e7\u00e3o Devotos de F\u00e1tima","article_published_time":"2020-03-23T14:21:32+00:00","article_modified_time":"2022-08-24T20:02:49+00:00","twitter_card":"summary_large_image","twitter_misc":{"Escrito por":"Gabriel Barbosa"},"schema":{"@context":"https:\/\/schema.org","@graph":[{"@type":"WebSite","@id":"https:\/\/www.adf.org.br\/home\/#website","url":"https:\/\/www.adf.org.br\/home\/","name":"Associa\u00e7\u00e3o Devotos de F\u00e1tima","description":"Associa\u00e7\u00e3o Devotos de F\u00e1tima","potentialAction":[{"@type":"SearchAction","target":{"@type":"EntryPoint","urlTemplate":"https:\/\/www.adf.org.br\/home\/?s={search_term_string}"},"query-input":"required name=search_term_string"}],"inLanguage":"pt-BR"},{"@type":"WebPage","@id":"https:\/\/www.adf.org.br\/home\/gracas-alcancadas\/#webpage","url":"https:\/\/www.adf.org.br\/home\/gracas-alcancadas\/","name":"Gra\u00e7as Alcan\u00e7adas - Associa\u00e7\u00e3o Devotos de F\u00e1tima","isPartOf":{"@id":"https:\/\/www.adf.org.br\/home\/#website"},"datePublished":"2020-03-23T14:21:32+00:00","dateModified":"2022-08-24T20:02:49+00:00","author":{"@id":"https:\/\/www.adf.org.br\/home\/#\/schema\/person\/affa494ecf91434f3620f5392de44327"},"breadcrumb":{"@id":"https:\/\/www.adf.org.br\/home\/gracas-alcancadas\/#breadcrumb"},"inLanguage":"pt-BR","potentialAction":[{"@type":"ReadAction","target":["https:\/\/www.adf.org.br\/home\/gracas-alcancadas\/"]}]},{"@type":"BreadcrumbList","@id":"https:\/\/www.adf.org.br\/home\/gracas-alcancadas\/#breadcrumb","itemListElement":[{"@type":"ListItem","position":1,"name":"Home","item":"https:\/\/www.adf.org.br\/home\/"},{"@type":"ListItem","position":2,"name":"Gra\u00e7as Alcan\u00e7adas"}]},{"@type":"Person","@id":"https:\/\/www.adf.org.br\/home\/#\/schema\/person\/affa494ecf91434f3620f5392de44327","name":"Gabriel Barbosa","image":{"@type":"ImageObject","@id":"https:\/\/www.adf.org.br\/home\/#personlogo","inLanguage":"pt-BR","url":"https:\/\/secure.gravatar.com\/avatar\/ecf2eab02e30486a7038f8b2858de06a?s=96&d=mm&r=g","contentUrl":"https:\/\/secure.gravatar.com\/avatar\/ecf2eab02e30486a7038f8b2858de06a?s=96&d=mm&r=g","caption":"Gabriel Barbosa"},"url":"https:\/\/www.adf.org.br\/home\/author\/gabriel-aascj\/"}]}},"_links":{"self":[{"href":"https:\/\/www.adf.org.br\/home\/wp-json\/wp\/v2\/posts\/182"}],"collection":[{"href":"https:\/\/www.adf.org.br\/home\/wp-json\/wp\/v2\/posts"}],"about":[{"href":"https:\/\/www.adf.org.br\/home\/wp-json\/wp\/v2\/types\/post"}],"author":[{"embeddable":true,"href":"https:\/\/www.adf.org.br\/home\/wp-json\/wp\/v2\/users\/27"}],"replies":[{"embeddable":true,"href":"https:\/\/www.adf.org.br\/home\/wp-json\/wp\/v2\/comments?post=182"}],"version-history":[{"count":8,"href":"https:\/\/www.adf.org.br\/home\/wp-json\/wp\/v2\/posts\/182\/revisions"}],"predecessor-version":[{"id":69526,"href":"https:\/\/www.adf.org.br\/home\/wp-json\/wp\/v2\/posts\/182\/revisions\/69526"}],"wp:attachment":[{"href":"https:\/\/www.adf.org.br\/home\/wp-json\/wp\/v2\/media?parent=182"}],"wp:term":[{"taxonomy":"category","embeddable":true,"href":"https:\/\/www.adf.org.br\/home\/wp-json\/wp\/v2\/categories?post=182"},{"taxonomy":"post_tag","embeddable":true,"href":"https:\/\/www.adf.org.br\/home\/wp-json\/wp\/v2\/tags?post=182"}],"curies":[{"name":"wp","href":"https:\/\/api.w.org\/{rel}","templated":true}]}}