{"id":17884,"date":"2018-02-23T00:00:50","date_gmt":"2018-02-23T03:00:50","guid":{"rendered":"http:\/\/www.adf.org.br\/home\/?p=17884"},"modified":"2018-02-23T00:00:50","modified_gmt":"2018-02-23T03:00:50","slug":"consagracao-breve","status":"publish","type":"post","link":"https:\/\/www.adf.org.br\/home\/consagracao-breve\/","title":{"rendered":"Consagra\u00e7\u00e3o breve a Maria Sant\u00edssima!"},"content":{"rendered":"<p><span style=\"font-family: verdana, geneva, sans-serif; font-size: 12pt; color: #000000;\"><img loading=\"lazy\" class=\"aligncenter wp-image-46123\" title=\"consagra\u00e7\u00e3o Nossa Senhora\" src=\"http:\/\/www.adf.org.br\/home\/wp-content\/uploads\/2013\/01\/consagracao-maria.jpg\" alt=\"consagracao-maria\" width=\"560\" height=\"371\" \/><span style=\"color: #ffffff;\">.<\/span><\/span><\/p>\n<blockquote><p><span style=\"font-family: verdana, geneva, sans-serif; font-size: 12pt; color: #000000;\"><br \/>\n<span style=\"color: #800080;\"><span style=\"font-size: 14pt;\"><strong>\u00d3<\/strong><\/span> Senhora minha, \u00d3 minha M\u00e3e, eu me ofere\u00e7o todo a V\u00f3s. <\/span><\/span><\/p>\n<p><span style=\"font-family: verdana, geneva, sans-serif; font-size: 12pt; color: #800080;\">E em prova da minha devo\u00e7\u00e3o para conVosco vos consagro, neste dia, os meus olhos, os meus ouvidos, a minha boca, o meu cora\u00e7\u00e3o e inteiramente todo o meu ser. <\/span><\/p>\n<p><span style=\"font-family: verdana, geneva, sans-serif; font-size: 12pt; color: #800080;\">E porque assim sou vosso, \u00f3 incompar\u00e1vel M\u00e3e, guardai-me, defendei-me como uma coisa e propriedade vossa. Am\u00e9m.<\/span><\/p><\/blockquote>\n<p style=\"text-align: center;\">\n<p><span style=\"font-family: verdana, geneva, sans-serif; font-size: 12pt; color: #000000;\"><em><span style=\"color: #ffffff;\">.<\/span><br \/>\n<span style=\"font-size: 10pt;\">Do livro: As mais belas ora\u00e7\u00f5es a Nossa Senhora. Editora Artpress.<\/span><\/em><\/span><\/p>\n<p style=\"text-align: center;\"><span style=\"font-family: verdana, geneva, sans-serif; font-size: 12pt; color: #ffffff;\">.<\/span><br \/>\n<span style=\"font-family: verdana, geneva, sans-serif; font-size: 12pt; color: #ffffff;\">.<\/span><br \/>\n<strong><span style=\"font-family: verdana, geneva, sans-serif; font-size: 12pt; color: #000000;\">*\u00a0 *\u00a0 *<\/span><\/strong><\/p>\n<p><span style=\"font-family: verdana, geneva, sans-serif; font-size: 12pt; color: #000000;\"><span style=\"color: #ffffff;\">.<\/span><br \/>\n<a href=\"https:\/\/adf.org.br\/minhaoferta\/?origem=6667\" target=\"_blank\" rel=\"noopener noreferrer\"><img loading=\"lazy\" class=\"aligncenter wp-image-46124 size-full\" src=\"http:\/\/www.adf.org.br\/home\/wp-content\/uploads\/2013\/01\/bt_oferta_ADF-2.png\" alt=\"bt_oferta_ADF-2\" width=\"600\" height=\"190\" \/><\/a><br \/>\n<\/span><\/p>\n","protected":false},"excerpt":{"rendered":"<p>Fa\u00e7a a Consagra\u00e7\u00e3o a Nossa Senhora!<\/p>\n","protected":false},"author":31,"featured_media":46125,"comment_status":"open","ping_status":"open","sticky":false,"template":"","format":"standard","meta":[],"categories":[20],"tags":[445],"yoast_head":"<!-- This site is optimized with the Yoast SEO plugin v17.4 - https:\/\/yoast.com\/wordpress\/plugins\/seo\/ -->\n<title>Consagra\u00e7\u00e3o breve a Maria Sant\u00edssima!<\/title>\n<meta name=\"description\" content=\"Consagra\u00e7\u00e3o breve a Maria Sant\u00edssima! N\u00e3o deixe de rezar hoje e todos os dias, para que Nossa Senhora nos aben\u00e7oe.\" \/>\n<meta name=\"robots\" content=\"index, follow, max-snippet:-1, max-image-preview:large, max-video-preview:-1\" \/>\n<link rel=\"canonical\" href=\"https:\/\/www.adf.org.br\/home\/consagracao-breve\/\" \/>\n<meta property=\"og:locale\" content=\"pt_BR\" \/>\n<meta property=\"og:type\" content=\"article\" \/>\n<meta property=\"og:title\" content=\"Consagra\u00e7\u00e3o breve a Maria Sant\u00edssima!\" \/>\n<meta property=\"og:description\" content=\"Consagra\u00e7\u00e3o breve a Maria Sant\u00edssima! N\u00e3o deixe de rezar hoje e todos os dias, para que Nossa Senhora nos aben\u00e7oe.\" \/>\n<meta property=\"og:url\" content=\"https:\/\/www.adf.org.br\/home\/consagracao-breve\/\" \/>\n<meta property=\"og:site_name\" content=\"Associa\u00e7\u00e3o Devotos de F\u00e1tima\" \/>\n<meta property=\"article:published_time\" content=\"2018-02-23T03:00:50+00:00\" \/>\n<meta name=\"twitter:card\" content=\"summary_large_image\" \/>\n<meta name=\"twitter:label1\" content=\"Escrito por\" \/>\n\t<meta name=\"twitter:data1\" content=\"Gabriel Barbosa\" \/>\n<script type=\"application\/ld+json\" class=\"yoast-schema-graph\">{\"@context\":\"https:\/\/schema.org\",\"@graph\":[{\"@type\":\"WebSite\",\"@id\":\"https:\/\/www.adf.org.br\/home\/#website\",\"url\":\"https:\/\/www.adf.org.br\/home\/\",\"name\":\"Associa\\u00e7\\u00e3o Devotos de F\\u00e1tima\",\"description\":\"Associa\\u00e7\\u00e3o Devotos de F\\u00e1tima\",\"potentialAction\":[{\"@type\":\"SearchAction\",\"target\":{\"@type\":\"EntryPoint\",\"urlTemplate\":\"https:\/\/www.adf.org.br\/home\/?s={search_term_string}\"},\"query-input\":\"required name=search_term_string\"}],\"inLanguage\":\"pt-BR\"},{\"@type\":\"ImageObject\",\"@id\":\"https:\/\/www.adf.org.br\/home\/consagracao-breve\/#primaryimage\",\"inLanguage\":\"pt-BR\",\"url\":\"\",\"contentUrl\":\"\"},{\"@type\":\"WebPage\",\"@id\":\"https:\/\/www.adf.org.br\/home\/consagracao-breve\/#webpage\",\"url\":\"https:\/\/www.adf.org.br\/home\/consagracao-breve\/\",\"name\":\"Consagra\\u00e7\\u00e3o breve a Maria Sant\\u00edssima!\",\"isPartOf\":{\"@id\":\"https:\/\/www.adf.org.br\/home\/#website\"},\"primaryImageOfPage\":{\"@id\":\"https:\/\/www.adf.org.br\/home\/consagracao-breve\/#primaryimage\"},\"datePublished\":\"2018-02-23T03:00:50+00:00\",\"dateModified\":\"2018-02-23T03:00:50+00:00\",\"author\":{\"@id\":\"https:\/\/www.adf.org.br\/home\/#\/schema\/person\/f35a5c5aa7728a3dedf4ea9aa1fc2753\"},\"description\":\"Consagra\\u00e7\\u00e3o breve a Maria Sant\\u00edssima! N\\u00e3o deixe de rezar hoje e todos os dias, para que Nossa Senhora nos aben\\u00e7oe.\",\"breadcrumb\":{\"@id\":\"https:\/\/www.adf.org.br\/home\/consagracao-breve\/#breadcrumb\"},\"inLanguage\":\"pt-BR\",\"potentialAction\":[{\"@type\":\"ReadAction\",\"target\":[\"https:\/\/www.adf.org.br\/home\/consagracao-breve\/\"]}]},{\"@type\":\"BreadcrumbList\",\"@id\":\"https:\/\/www.adf.org.br\/home\/consagracao-breve\/#breadcrumb\",\"itemListElement\":[{\"@type\":\"ListItem\",\"position\":1,\"name\":\"Home\",\"item\":\"https:\/\/www.adf.org.br\/home\/\"},{\"@type\":\"ListItem\",\"position\":2,\"name\":\"Consagra\\u00e7\\u00e3o breve a Maria Sant\\u00edssima!\"}]},{\"@type\":\"Person\",\"@id\":\"https:\/\/www.adf.org.br\/home\/#\/schema\/person\/f35a5c5aa7728a3dedf4ea9aa1fc2753\",\"name\":\"Gabriel Barbosa\",\"image\":{\"@type\":\"ImageObject\",\"@id\":\"https:\/\/www.adf.org.br\/home\/#personlogo\",\"inLanguage\":\"pt-BR\",\"url\":\"https:\/\/secure.gravatar.com\/avatar\/2b2cb2f4637682c5605e8d36818f51ef?s=96&d=mm&r=g\",\"contentUrl\":\"https:\/\/secure.gravatar.com\/avatar\/2b2cb2f4637682c5605e8d36818f51ef?s=96&d=mm&r=g\",\"caption\":\"Gabriel Barbosa\"},\"url\":\"https:\/\/www.adf.org.br\/home\/author\/gabrielpmk-com-br\/\"}]}<\/script>\n<!-- \/ Yoast SEO plugin. -->","yoast_head_json":{"title":"Consagra\u00e7\u00e3o breve a Maria Sant\u00edssima!","description":"Consagra\u00e7\u00e3o breve a Maria Sant\u00edssima! N\u00e3o deixe de rezar hoje e todos os dias, para que Nossa Senhora nos aben\u00e7oe.","robots":{"index":"index","follow":"follow","max-snippet":"max-snippet:-1","max-image-preview":"max-image-preview:large","max-video-preview":"max-video-preview:-1"},"canonical":"https:\/\/www.adf.org.br\/home\/consagracao-breve\/","og_locale":"pt_BR","og_type":"article","og_title":"Consagra\u00e7\u00e3o breve a Maria Sant\u00edssima!","og_description":"Consagra\u00e7\u00e3o breve a Maria Sant\u00edssima! N\u00e3o deixe de rezar hoje e todos os dias, para que Nossa Senhora nos aben\u00e7oe.","og_url":"https:\/\/www.adf.org.br\/home\/consagracao-breve\/","og_site_name":"Associa\u00e7\u00e3o Devotos de F\u00e1tima","article_published_time":"2018-02-23T03:00:50+00:00","twitter_card":"summary_large_image","twitter_misc":{"Escrito por":"Gabriel Barbosa"},"schema":{"@context":"https:\/\/schema.org","@graph":[{"@type":"WebSite","@id":"https:\/\/www.adf.org.br\/home\/#website","url":"https:\/\/www.adf.org.br\/home\/","name":"Associa\u00e7\u00e3o Devotos de F\u00e1tima","description":"Associa\u00e7\u00e3o Devotos de F\u00e1tima","potentialAction":[{"@type":"SearchAction","target":{"@type":"EntryPoint","urlTemplate":"https:\/\/www.adf.org.br\/home\/?s={search_term_string}"},"query-input":"required name=search_term_string"}],"inLanguage":"pt-BR"},{"@type":"ImageObject","@id":"https:\/\/www.adf.org.br\/home\/consagracao-breve\/#primaryimage","inLanguage":"pt-BR","url":"","contentUrl":""},{"@type":"WebPage","@id":"https:\/\/www.adf.org.br\/home\/consagracao-breve\/#webpage","url":"https:\/\/www.adf.org.br\/home\/consagracao-breve\/","name":"Consagra\u00e7\u00e3o breve a Maria Sant\u00edssima!","isPartOf":{"@id":"https:\/\/www.adf.org.br\/home\/#website"},"primaryImageOfPage":{"@id":"https:\/\/www.adf.org.br\/home\/consagracao-breve\/#primaryimage"},"datePublished":"2018-02-23T03:00:50+00:00","dateModified":"2018-02-23T03:00:50+00:00","author":{"@id":"https:\/\/www.adf.org.br\/home\/#\/schema\/person\/f35a5c5aa7728a3dedf4ea9aa1fc2753"},"description":"Consagra\u00e7\u00e3o breve a Maria Sant\u00edssima! N\u00e3o deixe de rezar hoje e todos os dias, para que Nossa Senhora nos aben\u00e7oe.","breadcrumb":{"@id":"https:\/\/www.adf.org.br\/home\/consagracao-breve\/#breadcrumb"},"inLanguage":"pt-BR","potentialAction":[{"@type":"ReadAction","target":["https:\/\/www.adf.org.br\/home\/consagracao-breve\/"]}]},{"@type":"BreadcrumbList","@id":"https:\/\/www.adf.org.br\/home\/consagracao-breve\/#breadcrumb","itemListElement":[{"@type":"ListItem","position":1,"name":"Home","item":"https:\/\/www.adf.org.br\/home\/"},{"@type":"ListItem","position":2,"name":"Consagra\u00e7\u00e3o breve a Maria Sant\u00edssima!"}]},{"@type":"Person","@id":"https:\/\/www.adf.org.br\/home\/#\/schema\/person\/f35a5c5aa7728a3dedf4ea9aa1fc2753","name":"Gabriel Barbosa","image":{"@type":"ImageObject","@id":"https:\/\/www.adf.org.br\/home\/#personlogo","inLanguage":"pt-BR","url":"https:\/\/secure.gravatar.com\/avatar\/2b2cb2f4637682c5605e8d36818f51ef?s=96&d=mm&r=g","contentUrl":"https:\/\/secure.gravatar.com\/avatar\/2b2cb2f4637682c5605e8d36818f51ef?s=96&d=mm&r=g","caption":"Gabriel Barbosa"},"url":"https:\/\/www.adf.org.br\/home\/author\/gabrielpmk-com-br\/"}]}},"_links":{"self":[{"href":"https:\/\/www.adf.org.br\/home\/wp-json\/wp\/v2\/posts\/17884"}],"collection":[{"href":"https:\/\/www.adf.org.br\/home\/wp-json\/wp\/v2\/posts"}],"about":[{"href":"https:\/\/www.adf.org.br\/home\/wp-json\/wp\/v2\/types\/post"}],"author":[{"embeddable":true,"href":"https:\/\/www.adf.org.br\/home\/wp-json\/wp\/v2\/users\/31"}],"replies":[{"embeddable":true,"href":"https:\/\/www.adf.org.br\/home\/wp-json\/wp\/v2\/comments?post=17884"}],"version-history":[{"count":0,"href":"https:\/\/www.adf.org.br\/home\/wp-json\/wp\/v2\/posts\/17884\/revisions"}],"wp:featuredmedia":[{"embeddable":true,"href":"https:\/\/www.adf.org.br\/home\/wp-json\/wp\/v2\/media\/46125"}],"wp:attachment":[{"href":"https:\/\/www.adf.org.br\/home\/wp-json\/wp\/v2\/media?parent=17884"}],"wp:term":[{"taxonomy":"category","embeddable":true,"href":"https:\/\/www.adf.org.br\/home\/wp-json\/wp\/v2\/categories?post=17884"},{"taxonomy":"post_tag","embeddable":true,"href":"https:\/\/www.adf.org.br\/home\/wp-json\/wp\/v2\/tags?post=17884"}],"curies":[{"name":"wp","href":"https:\/\/api.w.org\/{rel}","templated":true}]}}