{"id":1707,"date":"2019-06-13T07:30:06","date_gmt":"2019-06-13T10:30:06","guid":{"rendered":"http:\/\/www.adf.org.br\/home\/?p=1707"},"modified":"2019-06-13T07:30:06","modified_gmt":"2019-06-13T10:30:06","slug":"segunda-aparicao-de-nossa-senhora-de-fatima","status":"publish","type":"post","link":"https:\/\/www.adf.org.br\/home\/segunda-aparicao-de-nossa-senhora-de-fatima\/","title":{"rendered":"Segunda Apari\u00e7\u00e3o de Nossa Senhora de F\u00e1tima"},"content":{"rendered":"<h6 style=\"text-align: center;\"><\/h6>\n<p><a href=\"https:\/\/adf.org.br\/apostolosdefatima?origem=10700\" target=\"_blank\" rel=\"noopener noreferrer\"><img loading=\"lazy\" class=\"aligncenter wp-image-52418 size-full\" src=\"https:\/\/www.adf.org.br\/home\/wp-content\/uploads\/2010\/01\/Nossa-Senhora-e-os-Tr\u00eas-Pastorinhos.png\" alt=\"Nossa Senhora e os Tr\u00eas Pastorinhos\" width=\"369\" height=\"628\" \/><\/a><\/p>\n<p><span style=\"color: #ffffff;\">.<\/span><\/p>\n<h6><span style=\"font-weight: bold; color: #000000; font-family: verdana, geneva, sans-serif; font-size: 12pt;\">13 de Junho de 1917<\/span><\/h6>\n<p><span style=\"color: #ffffff;\">.<\/span><\/p>\n<p><span style=\"font-family: verdana, geneva, sans-serif; font-size: 12pt; color: #000000;\"><strong><span style=\"font-size: 24pt;\">A<\/span><\/strong>ntes da segunda apari\u00e7\u00e3o, os pastorinhos notaram novamente um clar\u00e3o, a que chamavam rel\u00e2mpago, mas que n\u00e3o era propriamente um rel\u00e2mpago. Era o reflexo de uma luz que se aproximava. Al\u00e9m dos pastorinhos, havia, tamb\u00e9m, cerca de 50 pessoas. Mas essas pessoas n\u00e3o viam nossa senhora.<\/span><\/p>\n<p><span style=\"color: #ffffff;\">.<\/span><\/p>\n<p style=\"padding-left: 60px;\"><span style=\"font-family: verdana, geneva, sans-serif; font-size: 12pt; color: #800080;\"><strong>L\u00facia come\u00e7ou a falar com <span style=\"color: #0000ff;\"><a style=\"color: #0000ff;\" href=\"https:\/\/adf.org.br\/apostolosdefatima?origem=10700\" target=\"_blank\" rel=\"noopener noreferrer\">Nossa Senhora<\/a><\/span>:<\/strong> <em>\u201cVossemec\u00ea que me quer?\u201d<\/em><\/span><\/p>\n<p style=\"padding-left: 60px;\"><span style=\"color: #ffffff;\">.<\/span><\/p>\n<p style=\"padding-left: 60px;\"><span style=\"font-family: verdana, geneva, sans-serif; font-size: 12pt; color: #000000;\"><strong>Nossa Senhora:<\/strong> <em>\u201cQuero que venhais aqui no dia treze do m\u00eas que vem. Que Rezeis o Ter\u00e7o todos os dias, e que aprendais a ler. Depois direi o que quero\u201d.<\/em><\/span><\/p>\n<p style=\"padding-left: 90px;\"><span style=\"color: #ffffff;\">.<\/span><\/p>\n<p><span style=\"font-family: verdana, geneva, sans-serif; font-size: 12pt; color: #000000;\">L\u00facia pediu a cura de uma pessoa doente, e Nossa Senhora lhe disse: <em>\u201cSe se converter, curar-se-\u00e1 durante o ano.\u201d<\/em><\/span><\/p>\n<p><span style=\"color: #ffffff;\">.<\/span><\/p>\n<p style=\"padding-left: 60px;\"><span style=\"font-family: verdana, geneva, sans-serif; font-size: 12pt; color: #800080;\"><strong>L\u00facia:<\/strong> <em>\u201cQueria pedir-lhe para nos levar para o C\u00e9u\u201d.<\/em><\/span><\/p>\n<p style=\"padding-left: 60px;\"><span style=\"color: #ffffff;\">.<\/span><\/p>\n<p style=\"padding-left: 60px;\"><span style=\"font-family: verdana, geneva, sans-serif; font-size: 12pt; color: #000000;\"><strong>Nossa Senhora:<\/strong> <em>\u201cSim. A Jacinta e o Francisco, levo-os em breve. Mas tu, ficas c\u00e1 mais algum tempo. Jesus quer servir-se de ti para me fazer conhecer e amar. Ele quer estabelecer no mundo a devo\u00e7\u00e3o ao Meu Imaculado Cora\u00e7\u00e3o. <span style=\"font-weight: bold;\">A quem a abra\u00e7ar, prometo a salva\u00e7\u00e3o<\/span>. <span style=\"font-weight: bold;\">E ser\u00e3o queridas de DEUS estas almas, como flores postas por Mim a adornar o Seu trono<\/span>\u201d.<\/em><\/span><\/p>\n<p style=\"padding-left: 60px;\"><span style=\"color: #ffffff;\">.<\/span><\/p>\n<p style=\"padding-left: 60px;\"><span style=\"font-family: verdana, geneva, sans-serif; font-size: 12pt; color: #800080;\"><strong>L\u00facia:<\/strong> <em>\u201cFico c\u00e1 sozinha?\u201d<\/em><\/span><\/p>\n<p style=\"padding-left: 60px;\"><span style=\"color: #ffffff;\">.<\/span><\/p>\n<p style=\"padding-left: 60px;\"><span style=\"font-family: verdana, geneva, sans-serif; font-size: 12pt; color: #000000;\"><strong>Nossa Senhora:<\/strong> <em>\u201cN\u00e3o filha. E tu sofres muito? N\u00e3o desanimes. Eu nunca te deixarei. O meu Imaculado Cora\u00e7\u00e3o ser\u00e1 o teu ref\u00fagio, e o caminho que te conduzir\u00e1 at\u00e9 Deus\u201d.<\/em><\/span><\/p>\n<p style=\"padding-left: 90px;\"><span style=\"color: #ffffff;\">.<\/span><\/p>\n<p><span style=\"font-family: verdana, geneva, sans-serif; font-size: 12pt; color: #000000;\">Foi no momento em que disse estas \u00faltimas palavras, que Nossa Senhora abriu as m\u00e3os e iluminou os pastorinhos, pela segunda vez, com o reflexo dessa luz imensa. Nela eles sentiram-se como que envolvidos por Deus.<\/span><\/p>\n<p><span style=\"color: #ffffff;\">.<\/span><\/p>\n<p style=\"padding-left: 60px;\"><span style=\"font-family: verdana, geneva, sans-serif; font-size: 12pt; color: #000000;\">\u00c0 frente da palma da m\u00e3o direita de <strong>Nossa Senhora, estava um Cora\u00e7\u00e3o cercado de espinhos, que pareciam estar cravados nele. Os tr\u00eas pastorinhos compreenderam que era o Imaculado Cora\u00e7\u00e3o de Maria, ofendido pelos pecados da humanidade, que queriam ser reparados.<\/strong><\/span><\/p>\n<p style=\"padding-left: 90px;\"><span style=\"color: #ffffff;\">.<\/span><\/p>\n<p><span style=\"font-family: verdana, geneva, sans-serif; font-size: 12pt; color: #000000;\">Nossa Senhora, envolta ainda na luz que dEla irradiava, elevou-se sem esfor\u00e7o, suavemente,\u00a0<\/span><span style=\"font-family: verdana, geneva, sans-serif; font-size: 12pt; color: #000000;\">at\u00e9 desaparecer.<\/span><\/p>\n<p><span style=\"color: #ffffff;\">.<\/span><\/p>\n<hr \/>\n<p style=\"text-align: center;\"><span style=\"font-family: verdana, geneva, sans-serif; font-size: 14pt; color: #800080;\"><b>Coloque seus pedidos de ora\u00e7\u00e3o na pr\u00f3xima Missa de Nossa Senhora de F\u00e1tima.<\/b><\/span><\/p>\n<p><span style=\"font-family: verdana, geneva, sans-serif; font-size: 12pt; color: #ffffff;\">.<\/span><\/p>\n<p style=\"text-align: center;\"><span style=\"font-family: verdana, geneva, sans-serif; font-size: 12pt; color: #000000;\"><span style=\"font-weight: 400;\">Ligue <\/span><b>GRATUITAMENTE<\/b><span style=\"font-weight: 400;\"> para:<\/span><\/span><\/p>\n<p style=\"text-align: center;\"><a href=\"tel:08006082128\" target=\"_blank\" rel=\"noopener noreferrer\"><span style=\"font-size: 24pt;\"><strong><span style=\"font-family: verdana, geneva, sans-serif; color: #0000ff;\">0800 608 2128<\/span><\/strong><\/span><\/a><\/p>\n<p style=\"text-align: center;\"><span style=\"font-weight: 400; font-family: verdana, geneva, sans-serif; font-size: 12pt; color: #000000;\">Se estiver no celular, somente clique sobre o n\u00famero para discar automaticamente.<\/span><\/p>\n<p><span style=\"font-family: verdana, geneva, sans-serif; font-size: 12pt; color: #ffffff;\">.<\/span><\/p>\n<p style=\"text-align: center;\"><span style=\"font-weight: 400; font-family: verdana, geneva, sans-serif; font-size: 12pt; color: #000000;\">E registre suas preces no Livro de Missas.<\/span><\/p>\n<p><span style=\"font-family: verdana, geneva, sans-serif; font-size: 12pt; color: #ffffff;\">.<\/span><\/p>\n<p style=\"text-align: center;\"><span style=\"color: #800080;\"><em><span style=\"font-weight: 400; font-family: verdana, geneva, sans-serif; font-size: 12pt;\">Que Nossa Senhora derrame muitas b\u00ean\u00e7\u00e3os em voc\u00ea e em toda sua fam\u00edlia.<\/span><\/em><\/span><\/p>\n<p><span style=\"color: #ffffff;\">.<\/span><\/p>\n","protected":false},"excerpt":{"rendered":"<p>. 13 de Junho de 1917 . Antes da segunda apari\u00e7\u00e3o, os pastorinhos notaram novamente um clar\u00e3o, a que chamavam rel\u00e2mpago, mas que n\u00e3o era propriamente um rel\u00e2mpago. Era o reflexo de uma luz que se aproximava. Al\u00e9m dos pastorinhos, havia, tamb\u00e9m, cerca de 50 pessoas. Mas essas pessoas n\u00e3o viam nossa senhora. . L\u00facia [&hellip;]<\/p>\n","protected":false},"author":9,"featured_media":52424,"comment_status":"open","ping_status":"open","sticky":false,"template":"","format":"standard","meta":[],"categories":[20,56],"tags":[43,2242,2969],"yoast_head":"<!-- This site is optimized with the Yoast SEO plugin v17.4 - https:\/\/yoast.com\/wordpress\/plugins\/seo\/ -->\n<title>Segunda Apari\u00e7\u00e3o de Nossa Senhora de F\u00e1tima - Associa\u00e7\u00e3o Devotos de F\u00e1tima<\/title>\n<meta name=\"description\" content=\"Saiba como foi a segunda apari\u00e7\u00e3o de Nossa Senhora de F\u00e1tima aos tr\u00eas pastorinhos e que importante mensagem ELA deixou para o mundo.\" \/>\n<meta name=\"robots\" content=\"index, follow, max-snippet:-1, max-image-preview:large, max-video-preview:-1\" \/>\n<link rel=\"canonical\" href=\"https:\/\/www.adf.org.br\/home\/segunda-aparicao-de-nossa-senhora-de-fatima\/\" \/>\n<meta property=\"og:locale\" content=\"pt_BR\" \/>\n<meta property=\"og:type\" content=\"article\" \/>\n<meta property=\"og:title\" content=\"Segunda Apari\u00e7\u00e3o de Nossa Senhora de F\u00e1tima - Associa\u00e7\u00e3o Devotos de F\u00e1tima\" \/>\n<meta property=\"og:description\" content=\"Saiba como foi a segunda apari\u00e7\u00e3o de Nossa Senhora de F\u00e1tima aos tr\u00eas pastorinhos e que importante mensagem ELA deixou para o mundo.\" \/>\n<meta property=\"og:url\" content=\"https:\/\/www.adf.org.br\/home\/segunda-aparicao-de-nossa-senhora-de-fatima\/\" \/>\n<meta property=\"og:site_name\" content=\"Associa\u00e7\u00e3o Devotos de F\u00e1tima\" \/>\n<meta property=\"article:published_time\" content=\"2019-06-13T10:30:06+00:00\" \/>\n<meta name=\"twitter:card\" content=\"summary_large_image\" \/>\n<meta name=\"twitter:label1\" content=\"Escrito por\" \/>\n\t<meta name=\"twitter:data1\" content=\"administrador\" \/>\n\t<meta name=\"twitter:label2\" content=\"Est. tempo de leitura\" \/>\n\t<meta name=\"twitter:data2\" content=\"2 minutos\" \/>\n<script type=\"application\/ld+json\" class=\"yoast-schema-graph\">{\"@context\":\"https:\/\/schema.org\",\"@graph\":[{\"@type\":\"WebSite\",\"@id\":\"https:\/\/www.adf.org.br\/home\/#website\",\"url\":\"https:\/\/www.adf.org.br\/home\/\",\"name\":\"Associa\\u00e7\\u00e3o Devotos de F\\u00e1tima\",\"description\":\"Associa\\u00e7\\u00e3o Devotos de F\\u00e1tima\",\"potentialAction\":[{\"@type\":\"SearchAction\",\"target\":{\"@type\":\"EntryPoint\",\"urlTemplate\":\"https:\/\/www.adf.org.br\/home\/?s={search_term_string}\"},\"query-input\":\"required name=search_term_string\"}],\"inLanguage\":\"pt-BR\"},{\"@type\":\"ImageObject\",\"@id\":\"https:\/\/www.adf.org.br\/home\/segunda-aparicao-de-nossa-senhora-de-fatima\/#primaryimage\",\"inLanguage\":\"pt-BR\",\"url\":\"\",\"contentUrl\":\"\"},{\"@type\":\"WebPage\",\"@id\":\"https:\/\/www.adf.org.br\/home\/segunda-aparicao-de-nossa-senhora-de-fatima\/#webpage\",\"url\":\"https:\/\/www.adf.org.br\/home\/segunda-aparicao-de-nossa-senhora-de-fatima\/\",\"name\":\"Segunda Apari\\u00e7\\u00e3o de Nossa Senhora de F\\u00e1tima - Associa\\u00e7\\u00e3o Devotos de F\\u00e1tima\",\"isPartOf\":{\"@id\":\"https:\/\/www.adf.org.br\/home\/#website\"},\"primaryImageOfPage\":{\"@id\":\"https:\/\/www.adf.org.br\/home\/segunda-aparicao-de-nossa-senhora-de-fatima\/#primaryimage\"},\"datePublished\":\"2019-06-13T10:30:06+00:00\",\"dateModified\":\"2019-06-13T10:30:06+00:00\",\"author\":{\"@id\":\"https:\/\/www.adf.org.br\/home\/#\/schema\/person\/03b50b7f0711bc818ead306331657cb5\"},\"description\":\"Saiba como foi a segunda apari\\u00e7\\u00e3o de Nossa Senhora de F\\u00e1tima aos tr\\u00eas pastorinhos e que importante mensagem ELA deixou para o mundo.\",\"breadcrumb\":{\"@id\":\"https:\/\/www.adf.org.br\/home\/segunda-aparicao-de-nossa-senhora-de-fatima\/#breadcrumb\"},\"inLanguage\":\"pt-BR\",\"potentialAction\":[{\"@type\":\"ReadAction\",\"target\":[\"https:\/\/www.adf.org.br\/home\/segunda-aparicao-de-nossa-senhora-de-fatima\/\"]}]},{\"@type\":\"BreadcrumbList\",\"@id\":\"https:\/\/www.adf.org.br\/home\/segunda-aparicao-de-nossa-senhora-de-fatima\/#breadcrumb\",\"itemListElement\":[{\"@type\":\"ListItem\",\"position\":1,\"name\":\"Home\",\"item\":\"https:\/\/www.adf.org.br\/home\/\"},{\"@type\":\"ListItem\",\"position\":2,\"name\":\"Segunda Apari\\u00e7\\u00e3o de Nossa Senhora de F\\u00e1tima\"}]},{\"@type\":\"Person\",\"@id\":\"https:\/\/www.adf.org.br\/home\/#\/schema\/person\/03b50b7f0711bc818ead306331657cb5\",\"name\":\"administrador\",\"image\":{\"@type\":\"ImageObject\",\"@id\":\"https:\/\/www.adf.org.br\/home\/#personlogo\",\"inLanguage\":\"pt-BR\",\"url\":\"https:\/\/secure.gravatar.com\/avatar\/2f4d3b4697b7c5df630d1489d9c80573?s=96&d=mm&r=g\",\"contentUrl\":\"https:\/\/secure.gravatar.com\/avatar\/2f4d3b4697b7c5df630d1489d9c80573?s=96&d=mm&r=g\",\"caption\":\"administrador\"},\"url\":\"https:\/\/www.adf.org.br\/home\/author\/administrador\/\"}]}<\/script>\n<!-- \/ Yoast SEO plugin. -->","yoast_head_json":{"title":"Segunda Apari\u00e7\u00e3o de Nossa Senhora de F\u00e1tima - Associa\u00e7\u00e3o Devotos de F\u00e1tima","description":"Saiba como foi a segunda apari\u00e7\u00e3o de Nossa Senhora de F\u00e1tima aos tr\u00eas pastorinhos e que importante mensagem ELA deixou para o mundo.","robots":{"index":"index","follow":"follow","max-snippet":"max-snippet:-1","max-image-preview":"max-image-preview:large","max-video-preview":"max-video-preview:-1"},"canonical":"https:\/\/www.adf.org.br\/home\/segunda-aparicao-de-nossa-senhora-de-fatima\/","og_locale":"pt_BR","og_type":"article","og_title":"Segunda Apari\u00e7\u00e3o de Nossa Senhora de F\u00e1tima - Associa\u00e7\u00e3o Devotos de F\u00e1tima","og_description":"Saiba como foi a segunda apari\u00e7\u00e3o de Nossa Senhora de F\u00e1tima aos tr\u00eas pastorinhos e que importante mensagem ELA deixou para o mundo.","og_url":"https:\/\/www.adf.org.br\/home\/segunda-aparicao-de-nossa-senhora-de-fatima\/","og_site_name":"Associa\u00e7\u00e3o Devotos de F\u00e1tima","article_published_time":"2019-06-13T10:30:06+00:00","twitter_card":"summary_large_image","twitter_misc":{"Escrito por":"administrador","Est. tempo de leitura":"2 minutos"},"schema":{"@context":"https:\/\/schema.org","@graph":[{"@type":"WebSite","@id":"https:\/\/www.adf.org.br\/home\/#website","url":"https:\/\/www.adf.org.br\/home\/","name":"Associa\u00e7\u00e3o Devotos de F\u00e1tima","description":"Associa\u00e7\u00e3o Devotos de F\u00e1tima","potentialAction":[{"@type":"SearchAction","target":{"@type":"EntryPoint","urlTemplate":"https:\/\/www.adf.org.br\/home\/?s={search_term_string}"},"query-input":"required name=search_term_string"}],"inLanguage":"pt-BR"},{"@type":"ImageObject","@id":"https:\/\/www.adf.org.br\/home\/segunda-aparicao-de-nossa-senhora-de-fatima\/#primaryimage","inLanguage":"pt-BR","url":"","contentUrl":""},{"@type":"WebPage","@id":"https:\/\/www.adf.org.br\/home\/segunda-aparicao-de-nossa-senhora-de-fatima\/#webpage","url":"https:\/\/www.adf.org.br\/home\/segunda-aparicao-de-nossa-senhora-de-fatima\/","name":"Segunda Apari\u00e7\u00e3o de Nossa Senhora de F\u00e1tima - Associa\u00e7\u00e3o Devotos de F\u00e1tima","isPartOf":{"@id":"https:\/\/www.adf.org.br\/home\/#website"},"primaryImageOfPage":{"@id":"https:\/\/www.adf.org.br\/home\/segunda-aparicao-de-nossa-senhora-de-fatima\/#primaryimage"},"datePublished":"2019-06-13T10:30:06+00:00","dateModified":"2019-06-13T10:30:06+00:00","author":{"@id":"https:\/\/www.adf.org.br\/home\/#\/schema\/person\/03b50b7f0711bc818ead306331657cb5"},"description":"Saiba como foi a segunda apari\u00e7\u00e3o de Nossa Senhora de F\u00e1tima aos tr\u00eas pastorinhos e que importante mensagem ELA deixou para o mundo.","breadcrumb":{"@id":"https:\/\/www.adf.org.br\/home\/segunda-aparicao-de-nossa-senhora-de-fatima\/#breadcrumb"},"inLanguage":"pt-BR","potentialAction":[{"@type":"ReadAction","target":["https:\/\/www.adf.org.br\/home\/segunda-aparicao-de-nossa-senhora-de-fatima\/"]}]},{"@type":"BreadcrumbList","@id":"https:\/\/www.adf.org.br\/home\/segunda-aparicao-de-nossa-senhora-de-fatima\/#breadcrumb","itemListElement":[{"@type":"ListItem","position":1,"name":"Home","item":"https:\/\/www.adf.org.br\/home\/"},{"@type":"ListItem","position":2,"name":"Segunda Apari\u00e7\u00e3o de Nossa Senhora de F\u00e1tima"}]},{"@type":"Person","@id":"https:\/\/www.adf.org.br\/home\/#\/schema\/person\/03b50b7f0711bc818ead306331657cb5","name":"administrador","image":{"@type":"ImageObject","@id":"https:\/\/www.adf.org.br\/home\/#personlogo","inLanguage":"pt-BR","url":"https:\/\/secure.gravatar.com\/avatar\/2f4d3b4697b7c5df630d1489d9c80573?s=96&d=mm&r=g","contentUrl":"https:\/\/secure.gravatar.com\/avatar\/2f4d3b4697b7c5df630d1489d9c80573?s=96&d=mm&r=g","caption":"administrador"},"url":"https:\/\/www.adf.org.br\/home\/author\/administrador\/"}]}},"_links":{"self":[{"href":"https:\/\/www.adf.org.br\/home\/wp-json\/wp\/v2\/posts\/1707"}],"collection":[{"href":"https:\/\/www.adf.org.br\/home\/wp-json\/wp\/v2\/posts"}],"about":[{"href":"https:\/\/www.adf.org.br\/home\/wp-json\/wp\/v2\/types\/post"}],"author":[{"embeddable":true,"href":"https:\/\/www.adf.org.br\/home\/wp-json\/wp\/v2\/users\/9"}],"replies":[{"embeddable":true,"href":"https:\/\/www.adf.org.br\/home\/wp-json\/wp\/v2\/comments?post=1707"}],"version-history":[{"count":0,"href":"https:\/\/www.adf.org.br\/home\/wp-json\/wp\/v2\/posts\/1707\/revisions"}],"wp:featuredmedia":[{"embeddable":true,"href":"https:\/\/www.adf.org.br\/home\/wp-json\/wp\/v2\/media\/52424"}],"wp:attachment":[{"href":"https:\/\/www.adf.org.br\/home\/wp-json\/wp\/v2\/media?parent=1707"}],"wp:term":[{"taxonomy":"category","embeddable":true,"href":"https:\/\/www.adf.org.br\/home\/wp-json\/wp\/v2\/categories?post=1707"},{"taxonomy":"post_tag","embeddable":true,"href":"https:\/\/www.adf.org.br\/home\/wp-json\/wp\/v2\/tags?post=1707"}],"curies":[{"name":"wp","href":"https:\/\/api.w.org\/{rel}","templated":true}]}}