{"id":17038,"date":"2012-10-26T00:00:00","date_gmt":"2012-10-26T02:00:00","guid":{"rendered":"http:\/\/www.adf.org.br\/home\/?p=17038"},"modified":"2012-10-26T00:00:00","modified_gmt":"2012-10-26T02:00:00","slug":"receba-10-santinhos-ja-bentos-de-nossa-senhora-de-fatima","status":"publish","type":"post","link":"https:\/\/www.adf.org.br\/home\/receba-10-santinhos-ja-bentos-de-nossa-senhora-de-fatima\/","title":{"rendered":"Receba 10 santinhos j\u00e1 bentos de Nossa Senhora de F\u00e1tima"},"content":{"rendered":"<p><a href=\"http:\/\/www.adf.org.br\/home\/2012\/10\/santinhos\/?origem=1\" target=\"_blank\" rel=\"noopener noreferrer\"><img loading=\"lazy\" class=\"aligncenter size-full wp-image-17041\" title=\"santinhos bentos de Nsra de F\u00e1tima\" src=\"http:\/\/www.adf.org.br\/home\/wp-content\/uploads\/2012\/10\/santinhos-bentos-de-Nsra-de-F\u00e1tima.jpg\" alt=\"\" width=\"600\" height=\"222\" \/><\/a><\/p>\n<p>Voc\u00ea gostaria de receber na sua casa <span style=\"color: #0000ff; font-size: medium;\"><strong>10 santinhos<\/strong><\/span> j\u00e1 bentos com a <em>\u201cOra\u00e7\u00e3o para pedir B\u00ean\u00e7\u00e3os a Nossa Senhora de F\u00e1tima\u201d<\/em>?<\/p>\n<p><span style=\"text-decoration: underline;\"><a href=\"http:\/\/www.adf.org.br\/home\/2012\/10\/santinhos\/?origem=1\" target=\"_blank\" rel=\"noopener noreferrer\">Veja como receb\u00ea-los.<\/a><\/span><\/p>\n<p>Este pode ser o momento ideal para voc\u00ea fazer apostolado pessoal e disseminar a devo\u00e7\u00e3o a Nossa Senhora de F\u00e1tima para as pessoas que voc\u00ea ama e precisam de f\u00e9.<\/p>\n<p><strong>Voc\u00ea j\u00e1 parou para pensar que cada santinho<\/strong><strong> \u00e9 a oportunidade de salvar uma alma?<\/strong><\/p>\n<p>Ent\u00e3o, propague a <a href=\"http:\/\/www.adf.org.br\/home\/2012\/10\/santinhos\/?origem=1\" target=\"_blank\" rel=\"noopener noreferrer\"><span style=\"text-decoration: underline;\">devo\u00e7\u00e3o ao Imaculado Cora\u00e7\u00e3o de Maria<\/span><\/a>, pois como Ela nos prometeu:<\/p>\n<p style=\"text-align: center;\"><span style=\"color: #0000ff; font-size: medium;\"><strong><em>\u201cDeus quer estabelecer no mundo<\/em><\/strong><strong><em><br \/>\na devo\u00e7\u00e3o ao Meu Imaculado Cora\u00e7\u00e3o\u201d<\/em><\/strong><\/span><\/p>\n<p style=\"text-align: left;\">Estes santinhos foram impressos por uma amiga de nossa Associa\u00e7\u00e3o que, por sua f\u00e9 e devo\u00e7\u00e3o, se comprometeu a produzi-los espontaneamente.<\/p>\n<p>E, voc\u00ea pode dar seguimento a este gesto de f\u00e9. Voc\u00ea poder\u00e1 ajudar pessoas a se aproximarem ainda mais da Sant\u00edssima Virgem.<\/p>\n<p>Veja abaixo como \u00e9 o <a href=\"http:\/\/cl.s4.exct.net\/?qs=72b757d6f9af3967dbbb9dd9ccc277682763f55485df739673bbc7e94fc5e049\" target=\"_blank\" rel=\"noopener noreferrer\">santinho<\/a> com a \u201cOra\u00e7\u00e3o para pedir as B\u00ean\u00e7\u00e3os de Nossa Senhora de F\u00e1tima\u201d:<\/p>\n<p><a href=\"http:\/\/www.adf.org.br\/home\/2012\/10\/santinhos\/?origem=1\" target=\"_blank\" rel=\"noopener noreferrer\"><img loading=\"lazy\" class=\"aligncenter size-full wp-image-17045\" title=\"santinhos de Nossa Senhora de F\u00e1tima\" src=\"http:\/\/www.adf.org.br\/home\/wp-content\/uploads\/2012\/10\/santinhos-de-Nossa-Senhora-de-F\u00e1tima.jpg\" alt=\"\" width=\"241\" height=\"210\" \/><\/a><\/p>\n<p style=\"text-align: center;\"><span style=\"text-decoration: underline;\"><a href=\"http:\/\/www.adf.org.br\/home\/2012\/10\/santinhos\/?origem=1\" target=\"_blank\" rel=\"noopener noreferrer\">Veja como receber estes santinhos j\u00e1 bentos<\/a><\/span><\/p>\n<table style=\"width: 280px; height: 139px;\" border=\"0\" cellspacing=\"0\" cellpadding=\"0\" align=\"center\">\n<tbody>\n<tr>\n<td bgcolor=\"#fcf08a\"><center><strong>MAS ATEN\u00c7\u00c3O:<\/strong><\/center><strong><br \/>\n<\/strong>S\u00e3o poucas unidades; \u00a0Pe\u00e7a somente se for entreg\u00e1-los aos seus amigos que precisam de ajuda espiritual;N\u00e3o pe\u00e7a se voc\u00ea for apenas guard\u00e1-los;Nossa Senhora de F\u00e1tima est\u00e1<br \/>\nvendo o seu gesto desde agora;<\/td>\n<\/tr>\n<\/tbody>\n<\/table>\n<p>Fa\u00e7a isso em honra ao Imaculado Cora\u00e7\u00e3o de Maria. Certamente Ela retribuir\u00e1 a sua dedica\u00e7\u00e3o sincera.<\/p>\n","protected":false},"excerpt":{"rendered":"<p>Voc\u00ea gostaria de receber na sua casa 10 santinhos j\u00e1 bentos com a \u201cOra\u00e7\u00e3o para pedir B\u00ean\u00e7\u00e3os a Nossa Senhora de F\u00e1tima\u201d? Veja como receb\u00ea-los. Este pode ser o momento ideal para voc\u00ea fazer apostolado pessoal e disseminar a devo\u00e7\u00e3o a Nossa Senhora de F\u00e1tima para as pessoas que voc\u00ea ama e precisam de f\u00e9. [&hellip;]<\/p>\n","protected":false},"author":31,"featured_media":0,"comment_status":"open","ping_status":"open","sticky":false,"template":"","format":"standard","meta":[],"categories":[20],"tags":[489],"yoast_head":"<!-- This site is optimized with the Yoast SEO plugin v17.4 - https:\/\/yoast.com\/wordpress\/plugins\/seo\/ -->\n<title>Receba 10 santinhos j\u00e1 bentos de Nossa Senhora de F\u00e1tima - Associa\u00e7\u00e3o Devotos de F\u00e1tima<\/title>\n<meta name=\"robots\" content=\"index, follow, max-snippet:-1, max-image-preview:large, max-video-preview:-1\" \/>\n<link rel=\"canonical\" href=\"https:\/\/www.adf.org.br\/home\/receba-10-santinhos-ja-bentos-de-nossa-senhora-de-fatima\/\" \/>\n<meta property=\"og:locale\" content=\"pt_BR\" \/>\n<meta property=\"og:type\" content=\"article\" \/>\n<meta property=\"og:title\" content=\"Receba 10 santinhos j\u00e1 bentos de Nossa Senhora de F\u00e1tima - Associa\u00e7\u00e3o Devotos de F\u00e1tima\" \/>\n<meta property=\"og:description\" content=\"Voc\u00ea gostaria de receber na sua casa 10 santinhos j\u00e1 bentos com a \u201cOra\u00e7\u00e3o para pedir B\u00ean\u00e7\u00e3os a Nossa Senhora de F\u00e1tima\u201d? Veja como receb\u00ea-los. Este pode ser o momento ideal para voc\u00ea fazer apostolado pessoal e disseminar a devo\u00e7\u00e3o a Nossa Senhora de F\u00e1tima para as pessoas que voc\u00ea ama e precisam de f\u00e9. [&hellip;]\" \/>\n<meta property=\"og:url\" content=\"https:\/\/www.adf.org.br\/home\/receba-10-santinhos-ja-bentos-de-nossa-senhora-de-fatima\/\" \/>\n<meta property=\"og:site_name\" content=\"Associa\u00e7\u00e3o Devotos de F\u00e1tima\" \/>\n<meta property=\"article:published_time\" content=\"2012-10-26T02:00:00+00:00\" \/>\n<meta property=\"og:image\" content=\"http:\/\/www.adf.org.br\/home\/wp-content\/uploads\/2012\/10\/santinhos-bentos-de-Nsra-de-F\u00e1tima.jpg\" \/>\n<meta name=\"twitter:card\" content=\"summary_large_image\" \/>\n<meta name=\"twitter:label1\" content=\"Escrito por\" \/>\n\t<meta name=\"twitter:data1\" content=\"Gabriel Barbosa\" \/>\n\t<meta name=\"twitter:label2\" content=\"Est. tempo de leitura\" \/>\n\t<meta name=\"twitter:data2\" content=\"1 minuto\" \/>\n<script type=\"application\/ld+json\" class=\"yoast-schema-graph\">{\"@context\":\"https:\/\/schema.org\",\"@graph\":[{\"@type\":\"WebSite\",\"@id\":\"https:\/\/www.adf.org.br\/home\/#website\",\"url\":\"https:\/\/www.adf.org.br\/home\/\",\"name\":\"Associa\\u00e7\\u00e3o Devotos de F\\u00e1tima\",\"description\":\"Associa\\u00e7\\u00e3o Devotos de F\\u00e1tima\",\"potentialAction\":[{\"@type\":\"SearchAction\",\"target\":{\"@type\":\"EntryPoint\",\"urlTemplate\":\"https:\/\/www.adf.org.br\/home\/?s={search_term_string}\"},\"query-input\":\"required name=search_term_string\"}],\"inLanguage\":\"pt-BR\"},{\"@type\":\"ImageObject\",\"@id\":\"https:\/\/www.adf.org.br\/home\/receba-10-santinhos-ja-bentos-de-nossa-senhora-de-fatima\/#primaryimage\",\"inLanguage\":\"pt-BR\",\"url\":\"http:\/\/www.adf.org.br\/home\/wp-content\/uploads\/2012\/10\/santinhos-bentos-de-Nsra-de-F\\u00e1tima.jpg\",\"contentUrl\":\"http:\/\/www.adf.org.br\/home\/wp-content\/uploads\/2012\/10\/santinhos-bentos-de-Nsra-de-F\\u00e1tima.jpg\"},{\"@type\":\"WebPage\",\"@id\":\"https:\/\/www.adf.org.br\/home\/receba-10-santinhos-ja-bentos-de-nossa-senhora-de-fatima\/#webpage\",\"url\":\"https:\/\/www.adf.org.br\/home\/receba-10-santinhos-ja-bentos-de-nossa-senhora-de-fatima\/\",\"name\":\"Receba 10 santinhos j\\u00e1 bentos de Nossa Senhora de F\\u00e1tima - Associa\\u00e7\\u00e3o Devotos de F\\u00e1tima\",\"isPartOf\":{\"@id\":\"https:\/\/www.adf.org.br\/home\/#website\"},\"primaryImageOfPage\":{\"@id\":\"https:\/\/www.adf.org.br\/home\/receba-10-santinhos-ja-bentos-de-nossa-senhora-de-fatima\/#primaryimage\"},\"datePublished\":\"2012-10-26T02:00:00+00:00\",\"dateModified\":\"2012-10-26T02:00:00+00:00\",\"author\":{\"@id\":\"https:\/\/www.adf.org.br\/home\/#\/schema\/person\/f35a5c5aa7728a3dedf4ea9aa1fc2753\"},\"breadcrumb\":{\"@id\":\"https:\/\/www.adf.org.br\/home\/receba-10-santinhos-ja-bentos-de-nossa-senhora-de-fatima\/#breadcrumb\"},\"inLanguage\":\"pt-BR\",\"potentialAction\":[{\"@type\":\"ReadAction\",\"target\":[\"https:\/\/www.adf.org.br\/home\/receba-10-santinhos-ja-bentos-de-nossa-senhora-de-fatima\/\"]}]},{\"@type\":\"BreadcrumbList\",\"@id\":\"https:\/\/www.adf.org.br\/home\/receba-10-santinhos-ja-bentos-de-nossa-senhora-de-fatima\/#breadcrumb\",\"itemListElement\":[{\"@type\":\"ListItem\",\"position\":1,\"name\":\"Home\",\"item\":\"https:\/\/www.adf.org.br\/home\/\"},{\"@type\":\"ListItem\",\"position\":2,\"name\":\"Receba 10 santinhos j\\u00e1 bentos de Nossa Senhora de F\\u00e1tima\"}]},{\"@type\":\"Person\",\"@id\":\"https:\/\/www.adf.org.br\/home\/#\/schema\/person\/f35a5c5aa7728a3dedf4ea9aa1fc2753\",\"name\":\"Gabriel Barbosa\",\"image\":{\"@type\":\"ImageObject\",\"@id\":\"https:\/\/www.adf.org.br\/home\/#personlogo\",\"inLanguage\":\"pt-BR\",\"url\":\"https:\/\/secure.gravatar.com\/avatar\/2b2cb2f4637682c5605e8d36818f51ef?s=96&d=mm&r=g\",\"contentUrl\":\"https:\/\/secure.gravatar.com\/avatar\/2b2cb2f4637682c5605e8d36818f51ef?s=96&d=mm&r=g\",\"caption\":\"Gabriel Barbosa\"},\"url\":\"https:\/\/www.adf.org.br\/home\/author\/gabrielpmk-com-br\/\"}]}<\/script>\n<!-- \/ Yoast SEO plugin. -->","yoast_head_json":{"title":"Receba 10 santinhos j\u00e1 bentos de Nossa Senhora de F\u00e1tima - Associa\u00e7\u00e3o Devotos de F\u00e1tima","robots":{"index":"index","follow":"follow","max-snippet":"max-snippet:-1","max-image-preview":"max-image-preview:large","max-video-preview":"max-video-preview:-1"},"canonical":"https:\/\/www.adf.org.br\/home\/receba-10-santinhos-ja-bentos-de-nossa-senhora-de-fatima\/","og_locale":"pt_BR","og_type":"article","og_title":"Receba 10 santinhos j\u00e1 bentos de Nossa Senhora de F\u00e1tima - Associa\u00e7\u00e3o Devotos de F\u00e1tima","og_description":"Voc\u00ea gostaria de receber na sua casa 10 santinhos j\u00e1 bentos com a \u201cOra\u00e7\u00e3o para pedir B\u00ean\u00e7\u00e3os a Nossa Senhora de F\u00e1tima\u201d? Veja como receb\u00ea-los. Este pode ser o momento ideal para voc\u00ea fazer apostolado pessoal e disseminar a devo\u00e7\u00e3o a Nossa Senhora de F\u00e1tima para as pessoas que voc\u00ea ama e precisam de f\u00e9. [&hellip;]","og_url":"https:\/\/www.adf.org.br\/home\/receba-10-santinhos-ja-bentos-de-nossa-senhora-de-fatima\/","og_site_name":"Associa\u00e7\u00e3o Devotos de F\u00e1tima","article_published_time":"2012-10-26T02:00:00+00:00","og_image":[{"url":"http:\/\/www.adf.org.br\/home\/wp-content\/uploads\/2012\/10\/santinhos-bentos-de-Nsra-de-F\u00e1tima.jpg"}],"twitter_card":"summary_large_image","twitter_misc":{"Escrito por":"Gabriel Barbosa","Est. tempo de leitura":"1 minuto"},"schema":{"@context":"https:\/\/schema.org","@graph":[{"@type":"WebSite","@id":"https:\/\/www.adf.org.br\/home\/#website","url":"https:\/\/www.adf.org.br\/home\/","name":"Associa\u00e7\u00e3o Devotos de F\u00e1tima","description":"Associa\u00e7\u00e3o Devotos de F\u00e1tima","potentialAction":[{"@type":"SearchAction","target":{"@type":"EntryPoint","urlTemplate":"https:\/\/www.adf.org.br\/home\/?s={search_term_string}"},"query-input":"required name=search_term_string"}],"inLanguage":"pt-BR"},{"@type":"ImageObject","@id":"https:\/\/www.adf.org.br\/home\/receba-10-santinhos-ja-bentos-de-nossa-senhora-de-fatima\/#primaryimage","inLanguage":"pt-BR","url":"http:\/\/www.adf.org.br\/home\/wp-content\/uploads\/2012\/10\/santinhos-bentos-de-Nsra-de-F\u00e1tima.jpg","contentUrl":"http:\/\/www.adf.org.br\/home\/wp-content\/uploads\/2012\/10\/santinhos-bentos-de-Nsra-de-F\u00e1tima.jpg"},{"@type":"WebPage","@id":"https:\/\/www.adf.org.br\/home\/receba-10-santinhos-ja-bentos-de-nossa-senhora-de-fatima\/#webpage","url":"https:\/\/www.adf.org.br\/home\/receba-10-santinhos-ja-bentos-de-nossa-senhora-de-fatima\/","name":"Receba 10 santinhos j\u00e1 bentos de Nossa Senhora de F\u00e1tima - Associa\u00e7\u00e3o Devotos de F\u00e1tima","isPartOf":{"@id":"https:\/\/www.adf.org.br\/home\/#website"},"primaryImageOfPage":{"@id":"https:\/\/www.adf.org.br\/home\/receba-10-santinhos-ja-bentos-de-nossa-senhora-de-fatima\/#primaryimage"},"datePublished":"2012-10-26T02:00:00+00:00","dateModified":"2012-10-26T02:00:00+00:00","author":{"@id":"https:\/\/www.adf.org.br\/home\/#\/schema\/person\/f35a5c5aa7728a3dedf4ea9aa1fc2753"},"breadcrumb":{"@id":"https:\/\/www.adf.org.br\/home\/receba-10-santinhos-ja-bentos-de-nossa-senhora-de-fatima\/#breadcrumb"},"inLanguage":"pt-BR","potentialAction":[{"@type":"ReadAction","target":["https:\/\/www.adf.org.br\/home\/receba-10-santinhos-ja-bentos-de-nossa-senhora-de-fatima\/"]}]},{"@type":"BreadcrumbList","@id":"https:\/\/www.adf.org.br\/home\/receba-10-santinhos-ja-bentos-de-nossa-senhora-de-fatima\/#breadcrumb","itemListElement":[{"@type":"ListItem","position":1,"name":"Home","item":"https:\/\/www.adf.org.br\/home\/"},{"@type":"ListItem","position":2,"name":"Receba 10 santinhos j\u00e1 bentos de Nossa Senhora de F\u00e1tima"}]},{"@type":"Person","@id":"https:\/\/www.adf.org.br\/home\/#\/schema\/person\/f35a5c5aa7728a3dedf4ea9aa1fc2753","name":"Gabriel Barbosa","image":{"@type":"ImageObject","@id":"https:\/\/www.adf.org.br\/home\/#personlogo","inLanguage":"pt-BR","url":"https:\/\/secure.gravatar.com\/avatar\/2b2cb2f4637682c5605e8d36818f51ef?s=96&d=mm&r=g","contentUrl":"https:\/\/secure.gravatar.com\/avatar\/2b2cb2f4637682c5605e8d36818f51ef?s=96&d=mm&r=g","caption":"Gabriel Barbosa"},"url":"https:\/\/www.adf.org.br\/home\/author\/gabrielpmk-com-br\/"}]}},"_links":{"self":[{"href":"https:\/\/www.adf.org.br\/home\/wp-json\/wp\/v2\/posts\/17038"}],"collection":[{"href":"https:\/\/www.adf.org.br\/home\/wp-json\/wp\/v2\/posts"}],"about":[{"href":"https:\/\/www.adf.org.br\/home\/wp-json\/wp\/v2\/types\/post"}],"author":[{"embeddable":true,"href":"https:\/\/www.adf.org.br\/home\/wp-json\/wp\/v2\/users\/31"}],"replies":[{"embeddable":true,"href":"https:\/\/www.adf.org.br\/home\/wp-json\/wp\/v2\/comments?post=17038"}],"version-history":[{"count":0,"href":"https:\/\/www.adf.org.br\/home\/wp-json\/wp\/v2\/posts\/17038\/revisions"}],"wp:attachment":[{"href":"https:\/\/www.adf.org.br\/home\/wp-json\/wp\/v2\/media?parent=17038"}],"wp:term":[{"taxonomy":"category","embeddable":true,"href":"https:\/\/www.adf.org.br\/home\/wp-json\/wp\/v2\/categories?post=17038"},{"taxonomy":"post_tag","embeddable":true,"href":"https:\/\/www.adf.org.br\/home\/wp-json\/wp\/v2\/tags?post=17038"}],"curies":[{"name":"wp","href":"https:\/\/api.w.org\/{rel}","templated":true}]}}