{"id":16549,"date":"2012-09-22T00:01:50","date_gmt":"2012-09-22T03:01:50","guid":{"rendered":"http:\/\/www.adf.org.br\/home\/?p=16549"},"modified":"2012-09-22T00:01:50","modified_gmt":"2012-09-22T03:01:50","slug":"origem-das-ladainhas-ladainha-de-nossa-senhora","status":"publish","type":"post","link":"https:\/\/www.adf.org.br\/home\/origem-das-ladainhas-ladainha-de-nossa-senhora\/","title":{"rendered":"Origem das Ladainhas &#8211; Ladainha de Nossa Senhora"},"content":{"rendered":"<p><span style=\"font-size: medium; color: #800080;\"><strong>A palavra ladainha vem do grego e significa s\u00faplica.<\/strong><\/span><\/p>\n<p><a href=\"http:\/\/www.adf.org.br\/cd-oracoes\/?origem=1\" target=\"_blank\" rel=\"noopener noreferrer\"><img loading=\"lazy\" class=\"aligncenter size-full wp-image-16553\" title=\"Ou\u00e7a lindas ora\u00e7\u00f5es a Nossa Senhora\" src=\"http:\/\/www.adf.org.br\/home\/wp-content\/uploads\/2012\/09\/cd_oracoes_topo.jpg\" alt=\"\" width=\"600\" height=\"196\" \/><\/a><\/p>\n<p>Mas desde o in\u00edcio da Igreja ela foi utilizada para indicar n\u00e3o quaisquer s\u00faplicas, mas as que eram rezadas em conjunto pelos fi\u00e9is que iam em prociss\u00e3o \u00e0s diversas igrejas. H\u00e1, naturalmente, numerosas ladainhas, dependendo do que \u00e9 pedido nas diversas prociss\u00f5es.<\/p>\n<p><span style=\"color: #ffffff;\">.<\/span>Quando a casa na qual morou Nossa Senhora na Palestina foi transportada milagrosamente para a cidade de Loreto (It\u00e1lia), em 1291, a feliz novidade espalhou-se rapidamente, dando in\u00edcio a numerosas peregrina\u00e7\u00f5es.<\/p>\n<div><span style=\"color: #ffffff;\">.<\/span><\/div>\n<div>Com o correr do tempo, uma s\u00e9rie de s\u00faplicas a Nossa Senhora foi sendo composta pelos peregrinos que ali iam, os quais A invocavam por seus principais t\u00edtulos de gl\u00f3ria. Posteriormente essa ladainha era cantada diariamente no Santu\u00e1rio, e os peregrinos que de l\u00e1 voltavam a popularizaram em todo o orbe cat\u00f3lico. Chama-se lauretana por ter sua origem em Loreto.<\/div>\n<div><span style=\"color: #ffffff;\">.<\/span><\/div>\n<div>Algumas invoca\u00e7\u00f5es t\u00eam sido acrescentadas pelos Papas ao longo dos tempos, outras s\u00e3o agregadas para honrar a prote\u00e7\u00e3o de Nossa Senhora a alguma Ordem religiosa, como fazem os carmelitas, os quais rezam a ladainha lauretana carmelitana, com quatro invoca\u00e7\u00f5es a mais. Mas o corpo central das ladainhas permanece o mesmo.<\/div>\n<div><span style=\"color: #ffffff;\">.<\/span><\/div>\n<div><span style=\"color: #0000ff; font-family: arial,helvetica,sans-serif; font-size: medium;\"><strong>Composi\u00e7\u00e3o\u00a0da\u00a0Ladainha<\/strong><\/span><\/div>\n<div><span style=\"color: #ffffff;\">.<\/span><\/div>\n<div>No in\u00edcio da Ladainha Lauretana, as invoca\u00e7\u00f5es n\u00e3o se dirigem a Nossa Senhora, mas a Nosso Senhor e \u00e0 Sant\u00edssima Trindade, pois dizemos Senhor, tende piedade de n\u00f3s, Jesus Cristo, ouvi-nos, etc. Depois invocamos o Padre Eterno, o Filho e o Esp\u00edrito Santo. Por qu\u00ea?<\/div>\n<div><span style=\"color: #ffffff;\">.<\/span><\/div>\n<div>Tudo em Nossa Senhora nos conduz a seu divino Filho, e por meio dEle \u00e0 Sant\u00edssima Trindade, que \u00e9 nosso fim \u00faltimo. Isto \u00e9 algo que os protestantes n\u00e3o entendem ou n\u00e3o querem entender: Maria Sant\u00edssima \u00e9 o melhor caminho para se chegar a Deus.<\/div>\n<div><span style=\"color: #ffffff;\">.<\/span><\/div>\n<div>Ap\u00f3s essa introdu\u00e7\u00e3o da ladainha, seguem-se tr\u00eas invoca\u00e7\u00f5es, nas quais pronunciamos o nome da Virgem (Santa Maria) e lembramos dois de seus principais privil\u00e9gios: o ser M\u00e3e de Deus e Virgem das virgens. A seguir, h\u00e1 um grupo de 13 invoca\u00e7\u00f5es para honrarmos a Maternidade de Nossa Senhora, e outras seis para honrar sua Virgindade. Em seguida, 13 figuras simb\u00f3licas; quatro invoca\u00e7\u00f5es de sua miseric\u00f3rdia e, finalmente, 12 invoca\u00e7\u00f5es dEla enquanto Rainha gloriosa e poderosa.<\/div>\n<div><span style=\"color: #ffffff;\">.<\/span><\/div>\n<div>Em geral, \u00e9 no grupo das 13 invoca\u00e7\u00f5es com figuras simb\u00f3licas que surgem as maiores dificuldades de compreens\u00e3o. Nossa civiliza\u00e7\u00e3o fechou-se para o simbolismo, e aquilo que poderia ser at\u00e9 evidente em outras \u00e9pocas, hoje ficou obscurecido pelo exclusivismo concedido ao esp\u00edrito pr\u00e1tico. A pr\u00f3pria vida contempor\u00e2nea contribui para isto. Assim, por exemplo, como explicar ou ressaltar, a pessoas que ficam fechadas em cidades feias e perigosas, a beleza de uma estrela? Igualmente, o ritmo de vida corrida e excitante de hoje n\u00e3o favorece a medita\u00e7\u00e3o ou a contempla\u00e7\u00e3o das maravilhas da cria\u00e7\u00e3o.<a href=\"http:\/\/www.adf.org.br\/cd-oracoes\/?origem=1\" target=\"_blank\" rel=\"noopener noreferrer\"><img loading=\"lazy\" class=\"aligncenter  wp-image-16558\" title=\"CD S\u00faplicas a Virgem Maria\" src=\"http:\/\/www.adf.org.br\/home\/wp-content\/uploads\/2012\/09\/CD-s\u00faplicar-a-virgem-maria1.jpg\" alt=\"\" width=\"494\" height=\"235\" \/><\/a><\/div>\n<div><span style=\"color: #ffffff;\">.<\/span><\/div>\n<div><span style=\"color: #0000ff; font-family: arial,helvetica,sans-serif; font-size: medium;\"><strong>Alguns\u00a0Significados<\/strong><\/span><\/div>\n<div><span style=\"color: #ffffff;\">.<\/span><\/div>\n<div>Vejamos ent\u00e3o o significado destas 13 invoca\u00e7\u00f5es simb\u00f3licas.<\/div>\n<div><span style=\"color: #ffffff;\">.<\/span><\/div>\n<div><span style=\"color: #800080;\"><strong>Espelho de Justi\u00e7a\u00a0\u2014<\/strong><\/span> Justi\u00e7a, aqui, entende-se em seu sentido mais amplo de santidade. Nossa Senhora \u00e9 chamada assim, porque Ela \u00e9 um espelho da perfei\u00e7\u00e3o crist\u00e3. Toda perfei\u00e7\u00e3o pode ser admirada nEla, do mesmo modo como podemos admirar uma luz refletida na \u00e1gua.<\/div>\n<div><span style=\"color: #ffffff;\">.<\/span><\/div>\n<div><strong><span style=\"color: #800080;\">Sede da Sabedoria\u00a0\u2014<\/span><\/strong> Nosso Senhor Jesus Cristo \u00e9 a Sabedoria, pois, enquanto Deus, tudo sabe e tudo conhece. Ora, Nossa Senhora durante nove meses encerrou dentro de si seu divino Filho; Ela foi, portanto, a sede da Sabedoria. E continua a s\u00ea-lo, pois \u00e9 nEla que encontramos infalivelmente a Nosso Senhor.<\/div>\n<div><span style=\"color: #ffffff;\">.<\/span><\/div>\n<div><strong><span style=\"color: #800080;\">Causa de Nossa Alegria\u00a0\u2014<\/span><\/strong> a verdadeira alegria n\u00e3o \u00e9 o riso. Rir muito nem sempre significa felicidade. \u00c9 muito mais feliz a m\u00e3e carregando amorosamente seu filho do que um papalvo que ri \u00e0-toa. E a maior alegria que um homem pode ter \u00e9 a de salvar-se e estar com Deus por toda a eternidade. Ora, antes da vinda de Nosso Senhor, o C\u00e9u estava fechado para n\u00f3s. Foi o sacrif\u00edcio do Calv\u00e1rio que nos reconciliou com o Criador e nos proporcionou a verdadeira e eterna felicidade. Como foi por meio de Nossa Senhora que o Redentor da humanidade veio \u00e0 Terra, Maria Sant\u00edssima \u00e9, pois, a causa de nossa maior alegria.<\/div>\n<div><span style=\"color: #ffffff;\">.<\/span><\/div>\n<div><strong><span style=\"color: #800080;\">Vaso Espiritual\u00a0\u2014<\/span><\/strong> Nada tem mais valor do que a verdadeira F\u00e9. Na Paix\u00e3o e Morte de Nosso Senhor, quando at\u00e9 os Ap\u00f3stolos duvidaram e fugiram, foi Nossa Senhora quem recolheu e guardou, como num vaso sagrado, o tesouro da F\u00e9 inabal\u00e1vel.<\/div>\n<div><span style=\"color: #ffffff;\">.<\/span><\/div>\n<div><strong><span style=\"color: #800080;\">Vaso Honor\u00edfico\u00a0\u2014<\/span><\/strong> Em nossa \u00e9poca, a honra quase n\u00e3o \u00e9 considerada. Pelo contr\u00e1rio, muitas vezes a falta de car\u00e1ter e a sem-vergonhice s\u00e3o louvadas. Mas a honra e a gl\u00f3ria, na realidade, valem muito. E Nossa Senhora guardou cuidadosamente em sua alma todas a gra\u00e7as recebidas, e manteve a honra do g\u00eanero humano deca\u00eddo. Se n\u00e3o tivesse existido Nossa Senhora, ficaria faltando na cria\u00e7\u00e3o quem representasse a perfei\u00e7\u00e3o da criatura, fiel at\u00e9 o extremo hero\u00edsmo.<\/div>\n<div><span style=\"color: #ffffff;\">.<\/span><\/div>\n<div><strong><span style=\"color: #800080;\">Vaso Insigne de Devo\u00e7\u00e3o\u00a0\u2014<\/span><\/strong> Devoto quer dizer dedicado a Deus. A criatura que mais se dedicou e viveu em fun\u00e7\u00e3o de Deus foi Nossa Senhora, tendo-o realizado de forma tal, que melhor \u00e9 imposs\u00edvel.<\/div>\n<div><span style=\"color: #ffffff;\">.<\/span><\/div>\n<div><strong><span style=\"color: #800080;\">Rosa M\u00edstica\u00a0\u2014<\/span><\/strong> A rosa \u00e9 a rainha das flores. \u00c9 aquela que possui de forma mais definida e espl\u00eandida tudo quanto carateriza uma flor. Igualmente Nossa Senhora, no campo da vida espiritual ou m\u00edstica, possui de forma mais primorosa tudo aquilo que representa a perfei\u00e7\u00e3o.<\/div>\n<div><span style=\"color: #ffffff;\">.<\/span><\/div>\n<div><strong><span style=\"color: #800080;\">Torre de Davi\u00a0\u2014<\/span><\/strong> Lemos na Sagrada Escritura que o rei Davi tomou a fortaleza de Jerusal\u00e9m dos jebuseus e edificou a cidade em torno dela. &#8220;E Davi habitou a fortaleza, e por isso se chamou cidade de Davi&#8221; (Paralip\u00f4menos, 11-7). Naturalmente, o rei Davi fortificou a cidade, para torn\u00e1-la inexpugn\u00e1vel, e a dotou de forte guarni\u00e7\u00e3o. A Igreja Cat\u00f3lica \u00e9 a nova Jerusal\u00e9m, e nela temos uma torre ou fortaleza que nenhum inimigo pode invadir ou destruir, que \u00e9 Nossa Senhora. Ela constitui o ponto de maior resist\u00eancia e melhor defesa. Por isso, nesta invoca\u00e7\u00e3o honramos a Nossa Senhora reconhecendo que nunca houve, nem haver\u00e1, quem melhor proteja os fi\u00e9is e defenda a honra de Deus do que Ela.<\/div>\n<div><span style=\"color: #ffffff;\">.<\/span><\/div>\n<div><strong><span style=\"color: #800080;\">Torre de Marfim\u00a0\u2014<\/span><\/strong> O marfim \u00e9 um material que tem carater\u00edsticas raras na natureza. Ele \u00e9 ao mesmo tempo muito forte e muito claro. Igualmente Nossa Senhora \u00e9 muito forte espiritualmente, a maior inimiga dos inimigos de Deus, e de uma pureza alv\u00edssima. Assim Ela contraria a id\u00e9ia falsa de que as coisas de Deus devam ser sempre muito doces, suaves e fracas, ou que a verdadeira for\u00e7a t\u00eam-na os impuros.<\/div>\n<div><span style=\"color: #ffffff;\">.<\/span><\/div>\n<div><strong><span style=\"color: #800080;\"><a href=\"http:\/\/www.adf.org.br\/cd-oracoes\/?origem=1\" target=\"_blank\" rel=\"noopener noreferrer\"><img loading=\"lazy\" class=\"alignright  wp-image-16561\" title=\"cd\" src=\"http:\/\/www.adf.org.br\/home\/wp-content\/uploads\/2012\/09\/cd1.jpg\" alt=\"\" width=\"355\" height=\"249\" \/><\/a>Casa de Ouro\u00a0\u2014<\/span><\/strong> O ouro \u00e9 o mais nobre dos metais. Por isso, sempre que desejamos dar alguma coisa que seja insuper\u00e1vel, a oferecemos em ouro \u2014 uma medalha de ouro numa competi\u00e7\u00e3o, por exemplo. Se tiv\u00e9ssemos que receber o pr\u00f3prio Deus, procurar\u00edamos faz\u00ea-lo numa casa que n\u00e3o fosse super\u00e1vel, neste sentido uma casa de ouro. E a Virgem Sant\u00edssima \u00e9 a casa de ouro que acolheu Nosso Senhor quando veio ao mundo.<\/div>\n<div><span style=\"color: #ffffff;\">.<\/span><\/div>\n<div><strong><span style=\"color: #800080;\">Arca da Alian\u00e7a\u00a0\u2014<\/span><\/strong> No Antigo Testamento, na Arca da Alian\u00e7a ficavam guardadas as t\u00e1buas da lei dadas por Deus a Mois\u00e9s e um punhado do man\u00e1 recebido milagrosamente no deserto. Por isso ela lembrava as promessas e a prote\u00e7\u00e3o de Deus. Nossa Senhora \u00e9, no Novo Testamento, a Arca da Alian\u00e7a que protege o povo eleito da Igreja Cat\u00f3lica e lembra as infinitas miseric\u00f3rdias de Deus.<\/div>\n<div><span style=\"color: #ffffff;\">.<\/span><\/div>\n<div><strong><span style=\"color: #800080;\">Porta do C\u00e9u\u00a0\u2014<\/span><\/strong> Nossa Senhora \u00e9 invocada desse modo, pois foi por meio dEla que Jesus Cristo veio \u00e0 Terra, e \u00e9 por Ela que nos v\u00eam todas as gra\u00e7as, as quais t\u00eam como finalidade nos levar ao C\u00e9u, nossa morada eterna. Assim, Ela favorece nossa entrada no C\u00e9u, como a porta favorece a entrada num local.<\/div>\n<div><span style=\"color: #ffffff;\">.<\/span><\/div>\n<div><strong><span style=\"color: #800080;\">Estrela da Manh\u00e3\u00a0\u2014<\/span><\/strong> Pouco antes de nascer o sol, quando a escurid\u00e3o \u00e9 maior e vai come\u00e7ar a clarear, aparece no horizonte uma estrela de maior luminosidade. Depois, quando as outras estrelas desaparecem na claridade nascente, ela ainda permanece. Assim foi Nossa Senhora, pois seu nascimento significava que logo nasceria o Sol de Justi\u00e7a, Nosso Senhor Jesus Cristo. E quando a F\u00e9 se perdia at\u00e9 entre o povo eleito, Ela continuava a acreditar e esperar. Ela \u00e9 o modelo da perseveran\u00e7a na prova\u00e7\u00e3o e o an\u00fancio da Luz que vir\u00e1.<\/div>\n<div><span style=\"color: #ffffff;\">.<\/span><\/div>\n<div>Temos assim, resumidamente, algumas explica\u00e7\u00f5es das invoca\u00e7\u00f5es da Ladainha Lauretana. Esperemos que a compreens\u00e3o delas nos ajude a rezar com maior fervor t\u00e3o merit\u00f3ria ora\u00e7\u00e3o.<\/div>\n<div>_________<\/div>\n<p><em>Retirado do livo: Na Escola de Maria &#8211;\u00a0Andr\u00e9 Damino &#8211; Ed. Paulinas, 4\u00aa edi\u00e7\u00e3o, S\u00e3o Paulo, 1962<\/em><\/p>\n<p><em>Fonte: Blog Alexandria Cat\u00f3lica<\/em><\/p>\n","protected":false},"excerpt":{"rendered":"<p>A palavra ladainha vem do grego e significa s\u00faplica. Mas desde o in\u00edcio da Igreja ela foi utilizada para indicar n\u00e3o quaisquer s\u00faplicas, mas as que eram rezadas em conjunto pelos fi\u00e9is que iam em prociss\u00e3o \u00e0s diversas igrejas. H\u00e1, naturalmente, numerosas ladainhas, dependendo do que \u00e9 pedido nas diversas prociss\u00f5es. .Quando a casa na [&hellip;]<\/p>\n","protected":false},"author":31,"featured_media":0,"comment_status":"open","ping_status":"open","sticky":false,"template":"","format":"standard","meta":[],"categories":[20],"tags":[457,638],"yoast_head":"<!-- This site is optimized with the Yoast SEO plugin v17.4 - https:\/\/yoast.com\/wordpress\/plugins\/seo\/ -->\n<title>Origem das Ladainhas - Ladainha de Nossa Senhora - Associa\u00e7\u00e3o Devotos de F\u00e1tima<\/title>\n<meta name=\"robots\" content=\"index, follow, max-snippet:-1, max-image-preview:large, max-video-preview:-1\" \/>\n<link rel=\"canonical\" href=\"https:\/\/www.adf.org.br\/home\/origem-das-ladainhas-ladainha-de-nossa-senhora\/\" \/>\n<meta property=\"og:locale\" content=\"pt_BR\" \/>\n<meta property=\"og:type\" content=\"article\" \/>\n<meta property=\"og:title\" content=\"Origem das Ladainhas - Ladainha de Nossa Senhora - Associa\u00e7\u00e3o Devotos de F\u00e1tima\" \/>\n<meta property=\"og:description\" content=\"A palavra ladainha vem do grego e significa s\u00faplica. Mas desde o in\u00edcio da Igreja ela foi utilizada para indicar n\u00e3o quaisquer s\u00faplicas, mas as que eram rezadas em conjunto pelos fi\u00e9is que iam em prociss\u00e3o \u00e0s diversas igrejas. H\u00e1, naturalmente, numerosas ladainhas, dependendo do que \u00e9 pedido nas diversas prociss\u00f5es. .Quando a casa na [&hellip;]\" \/>\n<meta property=\"og:url\" content=\"https:\/\/www.adf.org.br\/home\/origem-das-ladainhas-ladainha-de-nossa-senhora\/\" \/>\n<meta property=\"og:site_name\" content=\"Associa\u00e7\u00e3o Devotos de F\u00e1tima\" \/>\n<meta property=\"article:published_time\" content=\"2012-09-22T03:01:50+00:00\" \/>\n<meta property=\"og:image\" content=\"http:\/\/www.adf.org.br\/home\/wp-content\/uploads\/2012\/09\/cd_oracoes_topo.jpg\" \/>\n<meta name=\"twitter:card\" content=\"summary_large_image\" \/>\n<meta name=\"twitter:label1\" content=\"Escrito por\" \/>\n\t<meta name=\"twitter:data1\" content=\"Gabriel Barbosa\" \/>\n\t<meta name=\"twitter:label2\" content=\"Est. tempo de leitura\" \/>\n\t<meta name=\"twitter:data2\" content=\"7 minutos\" \/>\n<script type=\"application\/ld+json\" class=\"yoast-schema-graph\">{\"@context\":\"https:\/\/schema.org\",\"@graph\":[{\"@type\":\"WebSite\",\"@id\":\"https:\/\/www.adf.org.br\/home\/#website\",\"url\":\"https:\/\/www.adf.org.br\/home\/\",\"name\":\"Associa\\u00e7\\u00e3o Devotos de F\\u00e1tima\",\"description\":\"Associa\\u00e7\\u00e3o Devotos de F\\u00e1tima\",\"potentialAction\":[{\"@type\":\"SearchAction\",\"target\":{\"@type\":\"EntryPoint\",\"urlTemplate\":\"https:\/\/www.adf.org.br\/home\/?s={search_term_string}\"},\"query-input\":\"required name=search_term_string\"}],\"inLanguage\":\"pt-BR\"},{\"@type\":\"ImageObject\",\"@id\":\"https:\/\/www.adf.org.br\/home\/origem-das-ladainhas-ladainha-de-nossa-senhora\/#primaryimage\",\"inLanguage\":\"pt-BR\",\"url\":\"http:\/\/www.adf.org.br\/home\/wp-content\/uploads\/2012\/09\/cd_oracoes_topo.jpg\",\"contentUrl\":\"http:\/\/www.adf.org.br\/home\/wp-content\/uploads\/2012\/09\/cd_oracoes_topo.jpg\"},{\"@type\":\"WebPage\",\"@id\":\"https:\/\/www.adf.org.br\/home\/origem-das-ladainhas-ladainha-de-nossa-senhora\/#webpage\",\"url\":\"https:\/\/www.adf.org.br\/home\/origem-das-ladainhas-ladainha-de-nossa-senhora\/\",\"name\":\"Origem das Ladainhas - Ladainha de Nossa Senhora - Associa\\u00e7\\u00e3o Devotos de F\\u00e1tima\",\"isPartOf\":{\"@id\":\"https:\/\/www.adf.org.br\/home\/#website\"},\"primaryImageOfPage\":{\"@id\":\"https:\/\/www.adf.org.br\/home\/origem-das-ladainhas-ladainha-de-nossa-senhora\/#primaryimage\"},\"datePublished\":\"2012-09-22T03:01:50+00:00\",\"dateModified\":\"2012-09-22T03:01:50+00:00\",\"author\":{\"@id\":\"https:\/\/www.adf.org.br\/home\/#\/schema\/person\/f35a5c5aa7728a3dedf4ea9aa1fc2753\"},\"breadcrumb\":{\"@id\":\"https:\/\/www.adf.org.br\/home\/origem-das-ladainhas-ladainha-de-nossa-senhora\/#breadcrumb\"},\"inLanguage\":\"pt-BR\",\"potentialAction\":[{\"@type\":\"ReadAction\",\"target\":[\"https:\/\/www.adf.org.br\/home\/origem-das-ladainhas-ladainha-de-nossa-senhora\/\"]}]},{\"@type\":\"BreadcrumbList\",\"@id\":\"https:\/\/www.adf.org.br\/home\/origem-das-ladainhas-ladainha-de-nossa-senhora\/#breadcrumb\",\"itemListElement\":[{\"@type\":\"ListItem\",\"position\":1,\"name\":\"Home\",\"item\":\"https:\/\/www.adf.org.br\/home\/\"},{\"@type\":\"ListItem\",\"position\":2,\"name\":\"Origem das Ladainhas &#8211; Ladainha de Nossa Senhora\"}]},{\"@type\":\"Person\",\"@id\":\"https:\/\/www.adf.org.br\/home\/#\/schema\/person\/f35a5c5aa7728a3dedf4ea9aa1fc2753\",\"name\":\"Gabriel Barbosa\",\"image\":{\"@type\":\"ImageObject\",\"@id\":\"https:\/\/www.adf.org.br\/home\/#personlogo\",\"inLanguage\":\"pt-BR\",\"url\":\"https:\/\/secure.gravatar.com\/avatar\/2b2cb2f4637682c5605e8d36818f51ef?s=96&d=mm&r=g\",\"contentUrl\":\"https:\/\/secure.gravatar.com\/avatar\/2b2cb2f4637682c5605e8d36818f51ef?s=96&d=mm&r=g\",\"caption\":\"Gabriel Barbosa\"},\"url\":\"https:\/\/www.adf.org.br\/home\/author\/gabrielpmk-com-br\/\"}]}<\/script>\n<!-- \/ Yoast SEO plugin. -->","yoast_head_json":{"title":"Origem das Ladainhas - Ladainha de Nossa Senhora - Associa\u00e7\u00e3o Devotos de F\u00e1tima","robots":{"index":"index","follow":"follow","max-snippet":"max-snippet:-1","max-image-preview":"max-image-preview:large","max-video-preview":"max-video-preview:-1"},"canonical":"https:\/\/www.adf.org.br\/home\/origem-das-ladainhas-ladainha-de-nossa-senhora\/","og_locale":"pt_BR","og_type":"article","og_title":"Origem das Ladainhas - Ladainha de Nossa Senhora - Associa\u00e7\u00e3o Devotos de F\u00e1tima","og_description":"A palavra ladainha vem do grego e significa s\u00faplica. Mas desde o in\u00edcio da Igreja ela foi utilizada para indicar n\u00e3o quaisquer s\u00faplicas, mas as que eram rezadas em conjunto pelos fi\u00e9is que iam em prociss\u00e3o \u00e0s diversas igrejas. H\u00e1, naturalmente, numerosas ladainhas, dependendo do que \u00e9 pedido nas diversas prociss\u00f5es. .Quando a casa na [&hellip;]","og_url":"https:\/\/www.adf.org.br\/home\/origem-das-ladainhas-ladainha-de-nossa-senhora\/","og_site_name":"Associa\u00e7\u00e3o Devotos de F\u00e1tima","article_published_time":"2012-09-22T03:01:50+00:00","og_image":[{"url":"http:\/\/www.adf.org.br\/home\/wp-content\/uploads\/2012\/09\/cd_oracoes_topo.jpg"}],"twitter_card":"summary_large_image","twitter_misc":{"Escrito por":"Gabriel Barbosa","Est. tempo de leitura":"7 minutos"},"schema":{"@context":"https:\/\/schema.org","@graph":[{"@type":"WebSite","@id":"https:\/\/www.adf.org.br\/home\/#website","url":"https:\/\/www.adf.org.br\/home\/","name":"Associa\u00e7\u00e3o Devotos de F\u00e1tima","description":"Associa\u00e7\u00e3o Devotos de F\u00e1tima","potentialAction":[{"@type":"SearchAction","target":{"@type":"EntryPoint","urlTemplate":"https:\/\/www.adf.org.br\/home\/?s={search_term_string}"},"query-input":"required name=search_term_string"}],"inLanguage":"pt-BR"},{"@type":"ImageObject","@id":"https:\/\/www.adf.org.br\/home\/origem-das-ladainhas-ladainha-de-nossa-senhora\/#primaryimage","inLanguage":"pt-BR","url":"http:\/\/www.adf.org.br\/home\/wp-content\/uploads\/2012\/09\/cd_oracoes_topo.jpg","contentUrl":"http:\/\/www.adf.org.br\/home\/wp-content\/uploads\/2012\/09\/cd_oracoes_topo.jpg"},{"@type":"WebPage","@id":"https:\/\/www.adf.org.br\/home\/origem-das-ladainhas-ladainha-de-nossa-senhora\/#webpage","url":"https:\/\/www.adf.org.br\/home\/origem-das-ladainhas-ladainha-de-nossa-senhora\/","name":"Origem das Ladainhas - Ladainha de Nossa Senhora - Associa\u00e7\u00e3o Devotos de F\u00e1tima","isPartOf":{"@id":"https:\/\/www.adf.org.br\/home\/#website"},"primaryImageOfPage":{"@id":"https:\/\/www.adf.org.br\/home\/origem-das-ladainhas-ladainha-de-nossa-senhora\/#primaryimage"},"datePublished":"2012-09-22T03:01:50+00:00","dateModified":"2012-09-22T03:01:50+00:00","author":{"@id":"https:\/\/www.adf.org.br\/home\/#\/schema\/person\/f35a5c5aa7728a3dedf4ea9aa1fc2753"},"breadcrumb":{"@id":"https:\/\/www.adf.org.br\/home\/origem-das-ladainhas-ladainha-de-nossa-senhora\/#breadcrumb"},"inLanguage":"pt-BR","potentialAction":[{"@type":"ReadAction","target":["https:\/\/www.adf.org.br\/home\/origem-das-ladainhas-ladainha-de-nossa-senhora\/"]}]},{"@type":"BreadcrumbList","@id":"https:\/\/www.adf.org.br\/home\/origem-das-ladainhas-ladainha-de-nossa-senhora\/#breadcrumb","itemListElement":[{"@type":"ListItem","position":1,"name":"Home","item":"https:\/\/www.adf.org.br\/home\/"},{"@type":"ListItem","position":2,"name":"Origem das Ladainhas &#8211; Ladainha de Nossa Senhora"}]},{"@type":"Person","@id":"https:\/\/www.adf.org.br\/home\/#\/schema\/person\/f35a5c5aa7728a3dedf4ea9aa1fc2753","name":"Gabriel Barbosa","image":{"@type":"ImageObject","@id":"https:\/\/www.adf.org.br\/home\/#personlogo","inLanguage":"pt-BR","url":"https:\/\/secure.gravatar.com\/avatar\/2b2cb2f4637682c5605e8d36818f51ef?s=96&d=mm&r=g","contentUrl":"https:\/\/secure.gravatar.com\/avatar\/2b2cb2f4637682c5605e8d36818f51ef?s=96&d=mm&r=g","caption":"Gabriel Barbosa"},"url":"https:\/\/www.adf.org.br\/home\/author\/gabrielpmk-com-br\/"}]}},"_links":{"self":[{"href":"https:\/\/www.adf.org.br\/home\/wp-json\/wp\/v2\/posts\/16549"}],"collection":[{"href":"https:\/\/www.adf.org.br\/home\/wp-json\/wp\/v2\/posts"}],"about":[{"href":"https:\/\/www.adf.org.br\/home\/wp-json\/wp\/v2\/types\/post"}],"author":[{"embeddable":true,"href":"https:\/\/www.adf.org.br\/home\/wp-json\/wp\/v2\/users\/31"}],"replies":[{"embeddable":true,"href":"https:\/\/www.adf.org.br\/home\/wp-json\/wp\/v2\/comments?post=16549"}],"version-history":[{"count":0,"href":"https:\/\/www.adf.org.br\/home\/wp-json\/wp\/v2\/posts\/16549\/revisions"}],"wp:attachment":[{"href":"https:\/\/www.adf.org.br\/home\/wp-json\/wp\/v2\/media?parent=16549"}],"wp:term":[{"taxonomy":"category","embeddable":true,"href":"https:\/\/www.adf.org.br\/home\/wp-json\/wp\/v2\/categories?post=16549"},{"taxonomy":"post_tag","embeddable":true,"href":"https:\/\/www.adf.org.br\/home\/wp-json\/wp\/v2\/tags?post=16549"}],"curies":[{"name":"wp","href":"https:\/\/api.w.org\/{rel}","templated":true}]}}