{"id":16336,"date":"2012-09-11T00:00:21","date_gmt":"2012-09-11T03:00:21","guid":{"rendered":"http:\/\/www.adf.org.br\/home\/?p=16336"},"modified":"2012-09-11T00:00:21","modified_gmt":"2012-09-11T03:00:21","slug":"cantiga-de-nossa-senhora-de-castro-marim","status":"publish","type":"post","link":"https:\/\/www.adf.org.br\/home\/cantiga-de-nossa-senhora-de-castro-marim\/","title":{"rendered":"Cantiga de Nossa Senhora de Castro Marim"},"content":{"rendered":"<p style=\"padding-left: 60px;\"><span style=\"font-size: medium; color: #0000ff;\"><strong>Esta cantiga refere-se ao surgimento da devo\u00e7\u00e3o a Nossa Senhora de Castro Marim (Algarve, s\u00e9culo XII), especial protetora dos portugueses cativos dos mouros.<\/strong><\/span><\/p>\n<figure id=\"attachment_16340\" aria-describedby=\"caption-attachment-16340\" style=\"width: 286px\" class=\"wp-caption alignright\"><a href=\"http:\/\/www.adf.org.br\/cd-oracoes\/?origem=1\" target=\"_blank\" rel=\"noopener noreferrer\"><img loading=\"lazy\" class=\"size-full wp-image-16340\" title=\"Nossa Senhora dos M\u00e1rtires, Castro Marim\" src=\"http:\/\/www.adf.org.br\/home\/wp-content\/uploads\/2012\/09\/Nossa-Senhora-dos-M\u00e1rtires-Castro-Marim.jpg\" alt=\"\" width=\"286\" height=\"400\" \/><\/a><figcaption id=\"caption-attachment-16340\" class=\"wp-caption-text\">Nossa Senhora dos M\u00e1rtires, Castro Marim<\/figcaption><\/figure>\n<p>Captivo de um p\u00earro moiro<br \/>\nEm terras de moiraria<br \/>\nDebaixo de duros ferros,<br \/>\nUm pobre crist\u00e3o vivia.<\/p>\n<p>Negro p\u00e3o e \u00e1gua turva<br \/>\nS\u00f3 lhe davam por medida<br \/>\nDe manh\u00e3 at\u00e9 \u00e0 tarde<br \/>\nA um moinho moia;<br \/>\nE \u00e0 noite o perro infiel,<br \/>\nCom medo que lhe fugisse,<br \/>\nN\u2019um caix\u00e3o grande o fechava,<br \/>\nMuito forte em demasia.<\/p>\n<p>Depois, em cima deitado,<br \/>\nEm tom de mofa dizia,<br \/>\nComo quem Deus n\u00e3o conhece,<br \/>\nEsta horr\u00edvel heresia:<br \/>\n&#8211; Livre-se d\u2019aqui agora<br \/>\nA tua Virgem Maria!<\/p>\n<p>Chorava o pobre crist\u00e3o,<br \/>\nMas seus males n\u00e3o carpia.<br \/>\nA blasf\u00eamia que escutava<br \/>\nEra o que s\u00f3 lhe do\u00eda.<br \/>\nTodo em l\u00e1grimas banhado,<br \/>\nDesta maneira dizia:<br \/>\n\u2013 Senhora! Que n\u00e3o castigas<\/p>\n<p>Esta grande aleivosia?!<\/p>\n<p>Se ele bem A invocava<br \/>\nMelhor a Senhora o ouvia.<\/p>\n<p>Uma noite \u00e0 meia noite,<br \/>\nO caix\u00e3o que se movia!<br \/>\nSem que ningu\u00e9m lhe tocasse,<br \/>\nAo mar direito corria!<br \/>\nO moiro, no melhor sono<br \/>\nEm cima d\u2019ele dormia.<br \/>\nAdeus, terra de moirama!<br \/>\nA terra ao largo fugia&#8230;<\/p>\n<p>Assim tr\u00eas noites vogaram,<br \/>\nTr\u00eas noites e mais dois dias!<br \/>\nO moiro, como encantado,<br \/>\nDo sono n\u00e3o se bulia.<\/p>\n<p>J\u00e1 desponta a manh\u00e3 clara,<\/p>\n<figure id=\"attachment_16341\" aria-describedby=\"caption-attachment-16341\" style=\"width: 290px\" class=\"wp-caption alignright\"><a href=\"http:\/\/www.adf.org.br\/cd-oracoes\/?origem=1\" target=\"_blank\" rel=\"noopener noreferrer\"><img loading=\"lazy\" class=\"size-full wp-image-16341\" title=\"Nossa Senhora dos M\u00e1rtires, Castro Marim. Igreja matriz\" src=\"http:\/\/www.adf.org.br\/home\/wp-content\/uploads\/2012\/09\/Nossa-Senhora-dos-M\u00e1rtires-04-Castro-Marim-matriz.jpg\" alt=\"\" width=\"290\" height=\"400\" \/><\/a><figcaption id=\"caption-attachment-16341\" class=\"wp-caption-text\">Nossa Senhora dos M\u00e1rtires, Castro Marim. Igreja matriz<\/figcaption><\/figure>\n<p>Manh\u00e3 do terceiro dia!<br \/>\nNovas areias se mostram,<br \/>\nNovos c\u00e9us, nova alegria!<\/p>\n<p>J\u00e1 perto se ouve roncar<br \/>\nO mar pela penedia.<br \/>\nO ladrar de muitos c\u00e3es<br \/>\nPor toda a costa se ouvia.<br \/>\nDa torre o galo tr\u00eas vezes<br \/>\nEste milagre anuncia!<br \/>\nOs sinos do campan\u00e1rio<br \/>\nRepicavam \u00e0 porfia,<br \/>\nSem que ningu\u00e9m os tangesse,Porque tudo inda dormia.<\/p>\n<p>Com os sinos acorda o moiro, Sem atinar com o que via.<br \/>\nJ\u00e1 muito contrito e humilhado<br \/>\nPara o captivo dizia:<br \/>\n\u2013 Crist\u00e3o, que terra \u00e9 esta<br \/>\nDe t\u00e3o alta senhoria?<br \/>\nNa tua terra, crist\u00e3o,<br \/>\nCantam galos \u00e0 porfia,<br \/>\nTocam sinos, ladram c\u00e3es,<br \/>\nLogo ao despertar do dia?<br \/>\n\u2013 Esta terra sei que \u00e9 minha,<br \/>\nMas eu n\u00e3o a conhecia&#8230;<br \/>\nNa minha terra, senhor,<br \/>\nCantam c\u00e3es, repicam sinos,<br \/>\nLogo ao despontar do dia&#8230;<br \/>\n\u2013 Ergue-se, crist\u00e3o, perdoa-me<br \/>\nTodo o mal que eu te fazia:<br \/>\nOntem eras meu escravo<br \/>\nTeu servo seu n\u2019este dia.<\/p>\n<p>J\u00e1 todos v\u00e3o, j\u00e1 se partem,<\/p>\n<figure id=\"attachment_16342\" aria-describedby=\"caption-attachment-16342\" style=\"width: 355px\" class=\"wp-caption alignright\"><a href=\"http:\/\/www.adf.org.br\/cd-oracoes\/?origem=1\" target=\"_blank\" rel=\"noopener noreferrer\"><img loading=\"lazy\" class=\" wp-image-16342 \" title=\"Clique aqui e veja como receber o CD\" src=\"http:\/\/www.adf.org.br\/home\/wp-content\/uploads\/2012\/09\/cd.jpg\" alt=\"\" width=\"355\" height=\"249\" \/><\/a><figcaption id=\"caption-attachment-16342\" class=\"wp-caption-text\">Clique no Cd e veja como receb\u00ea-lo em sua casa<\/figcaption><\/figure>\n<p>Caminho da santa ermida;<br \/>\nO moiro, por Deus tocado,<br \/>\nD\u2019esta maneira dizia:<br \/>\n\u2013 Oh M\u00e3e de Deus poderosa,<br \/>\nPiedosa Virgem Maria,<br \/>\nPerdoa-me os meus pecados<br \/>\nQue eu crist\u00e3o me tornaria!Para ver este milagre<br \/>\nToda a gente ali corria;<br \/>\nCom seus gib\u00f5es encarnados<br \/>\nOs da justi\u00e7a assistiam.<br \/>\nEis que aos p\u00e9s da Virgem Santa<br \/>\nD\u2019\u00e1gua uma fonte se abria;<br \/>\nT\u00e3o cristalina e t\u00e3o pura;<br \/>\nQue linda que ela corria!<br \/>\nCom esta \u00e1gua bendita<br \/>\n\u00c1gua de tanta valia,<br \/>\nFoi logo ali batizado<br \/>\nO moiro da Babaria.<\/p>\n<p>E para maior milagre,<br \/>\nAo cabo de sete dias<br \/>\nMesmo no meio das \u00e1guas<br \/>\nUm verde freixo nascia<br \/>\nT\u00e3o copadinho e t\u00e3o verde,<br \/>\nOh que bem que parecia!<\/p>\n<p>Desde ent\u00e3o ficou a Virgem<br \/>\nTendo grande romaria;<br \/>\nDe Portugal e Castela<br \/>\nTodos, ali, corre em seu dia.<\/p>\n<div><em>(Fonte: Alberto Pimentel, \u201cHist\u00f3ria do Culto de Nossa Senhora em Portugal\u201d)<\/em><\/div>\n<div><em>Extra\u00eddo do Blog Ora\u00e7\u00f5es e Milagres Medievais<\/em><\/div>\n","protected":false},"excerpt":{"rendered":"<p>Esta cantiga refere-se ao surgimento da devo\u00e7\u00e3o a Nossa Senhora de Castro Marim (Algarve, s\u00e9culo XII), especial protetora dos portugueses cativos dos mouros. Captivo de um p\u00earro moiro Em terras de moiraria Debaixo de duros ferros, Um pobre crist\u00e3o vivia. Negro p\u00e3o e \u00e1gua turva S\u00f3 lhe davam por medida De manh\u00e3 at\u00e9 \u00e0 tarde [&hellip;]<\/p>\n","protected":false},"author":31,"featured_media":0,"comment_status":"open","ping_status":"open","sticky":false,"template":"","format":"standard","meta":[],"categories":[20],"tags":[457,304],"yoast_head":"<!-- This site is optimized with the Yoast SEO plugin v17.4 - https:\/\/yoast.com\/wordpress\/plugins\/seo\/ -->\n<title>Cantiga de Nossa Senhora de Castro Marim - Associa\u00e7\u00e3o Devotos de F\u00e1tima<\/title>\n<meta name=\"robots\" content=\"index, follow, max-snippet:-1, max-image-preview:large, max-video-preview:-1\" \/>\n<link rel=\"canonical\" href=\"https:\/\/www.adf.org.br\/home\/cantiga-de-nossa-senhora-de-castro-marim\/\" \/>\n<meta property=\"og:locale\" content=\"pt_BR\" \/>\n<meta property=\"og:type\" content=\"article\" \/>\n<meta property=\"og:title\" content=\"Cantiga de Nossa Senhora de Castro Marim - Associa\u00e7\u00e3o Devotos de F\u00e1tima\" \/>\n<meta property=\"og:description\" content=\"Esta cantiga refere-se ao surgimento da devo\u00e7\u00e3o a Nossa Senhora de Castro Marim (Algarve, s\u00e9culo XII), especial protetora dos portugueses cativos dos mouros. Captivo de um p\u00earro moiro Em terras de moiraria Debaixo de duros ferros, Um pobre crist\u00e3o vivia. Negro p\u00e3o e \u00e1gua turva S\u00f3 lhe davam por medida De manh\u00e3 at\u00e9 \u00e0 tarde [&hellip;]\" \/>\n<meta property=\"og:url\" content=\"https:\/\/www.adf.org.br\/home\/cantiga-de-nossa-senhora-de-castro-marim\/\" \/>\n<meta property=\"og:site_name\" content=\"Associa\u00e7\u00e3o Devotos de F\u00e1tima\" \/>\n<meta property=\"article:published_time\" content=\"2012-09-11T03:00:21+00:00\" \/>\n<meta property=\"og:image\" content=\"http:\/\/www.adf.org.br\/home\/wp-content\/uploads\/2012\/09\/Nossa-Senhora-dos-M\u00e1rtires-Castro-Marim.jpg\" \/>\n<meta name=\"twitter:card\" content=\"summary_large_image\" \/>\n<meta name=\"twitter:label1\" content=\"Escrito por\" \/>\n\t<meta name=\"twitter:data1\" content=\"Gabriel Barbosa\" \/>\n\t<meta name=\"twitter:label2\" content=\"Est. tempo de leitura\" \/>\n\t<meta name=\"twitter:data2\" content=\"3 minutos\" \/>\n<script type=\"application\/ld+json\" class=\"yoast-schema-graph\">{\"@context\":\"https:\/\/schema.org\",\"@graph\":[{\"@type\":\"WebSite\",\"@id\":\"https:\/\/www.adf.org.br\/home\/#website\",\"url\":\"https:\/\/www.adf.org.br\/home\/\",\"name\":\"Associa\\u00e7\\u00e3o Devotos de F\\u00e1tima\",\"description\":\"Associa\\u00e7\\u00e3o Devotos de F\\u00e1tima\",\"potentialAction\":[{\"@type\":\"SearchAction\",\"target\":{\"@type\":\"EntryPoint\",\"urlTemplate\":\"https:\/\/www.adf.org.br\/home\/?s={search_term_string}\"},\"query-input\":\"required name=search_term_string\"}],\"inLanguage\":\"pt-BR\"},{\"@type\":\"ImageObject\",\"@id\":\"https:\/\/www.adf.org.br\/home\/cantiga-de-nossa-senhora-de-castro-marim\/#primaryimage\",\"inLanguage\":\"pt-BR\",\"url\":\"http:\/\/www.adf.org.br\/home\/wp-content\/uploads\/2012\/09\/Nossa-Senhora-dos-M\\u00e1rtires-Castro-Marim.jpg\",\"contentUrl\":\"http:\/\/www.adf.org.br\/home\/wp-content\/uploads\/2012\/09\/Nossa-Senhora-dos-M\\u00e1rtires-Castro-Marim.jpg\"},{\"@type\":\"WebPage\",\"@id\":\"https:\/\/www.adf.org.br\/home\/cantiga-de-nossa-senhora-de-castro-marim\/#webpage\",\"url\":\"https:\/\/www.adf.org.br\/home\/cantiga-de-nossa-senhora-de-castro-marim\/\",\"name\":\"Cantiga de Nossa Senhora de Castro Marim - Associa\\u00e7\\u00e3o Devotos de F\\u00e1tima\",\"isPartOf\":{\"@id\":\"https:\/\/www.adf.org.br\/home\/#website\"},\"primaryImageOfPage\":{\"@id\":\"https:\/\/www.adf.org.br\/home\/cantiga-de-nossa-senhora-de-castro-marim\/#primaryimage\"},\"datePublished\":\"2012-09-11T03:00:21+00:00\",\"dateModified\":\"2012-09-11T03:00:21+00:00\",\"author\":{\"@id\":\"https:\/\/www.adf.org.br\/home\/#\/schema\/person\/f35a5c5aa7728a3dedf4ea9aa1fc2753\"},\"breadcrumb\":{\"@id\":\"https:\/\/www.adf.org.br\/home\/cantiga-de-nossa-senhora-de-castro-marim\/#breadcrumb\"},\"inLanguage\":\"pt-BR\",\"potentialAction\":[{\"@type\":\"ReadAction\",\"target\":[\"https:\/\/www.adf.org.br\/home\/cantiga-de-nossa-senhora-de-castro-marim\/\"]}]},{\"@type\":\"BreadcrumbList\",\"@id\":\"https:\/\/www.adf.org.br\/home\/cantiga-de-nossa-senhora-de-castro-marim\/#breadcrumb\",\"itemListElement\":[{\"@type\":\"ListItem\",\"position\":1,\"name\":\"Home\",\"item\":\"https:\/\/www.adf.org.br\/home\/\"},{\"@type\":\"ListItem\",\"position\":2,\"name\":\"Cantiga de Nossa Senhora de Castro Marim\"}]},{\"@type\":\"Person\",\"@id\":\"https:\/\/www.adf.org.br\/home\/#\/schema\/person\/f35a5c5aa7728a3dedf4ea9aa1fc2753\",\"name\":\"Gabriel Barbosa\",\"image\":{\"@type\":\"ImageObject\",\"@id\":\"https:\/\/www.adf.org.br\/home\/#personlogo\",\"inLanguage\":\"pt-BR\",\"url\":\"https:\/\/secure.gravatar.com\/avatar\/2b2cb2f4637682c5605e8d36818f51ef?s=96&d=mm&r=g\",\"contentUrl\":\"https:\/\/secure.gravatar.com\/avatar\/2b2cb2f4637682c5605e8d36818f51ef?s=96&d=mm&r=g\",\"caption\":\"Gabriel Barbosa\"},\"url\":\"https:\/\/www.adf.org.br\/home\/author\/gabrielpmk-com-br\/\"}]}<\/script>\n<!-- \/ Yoast SEO plugin. -->","yoast_head_json":{"title":"Cantiga de Nossa Senhora de Castro Marim - Associa\u00e7\u00e3o Devotos de F\u00e1tima","robots":{"index":"index","follow":"follow","max-snippet":"max-snippet:-1","max-image-preview":"max-image-preview:large","max-video-preview":"max-video-preview:-1"},"canonical":"https:\/\/www.adf.org.br\/home\/cantiga-de-nossa-senhora-de-castro-marim\/","og_locale":"pt_BR","og_type":"article","og_title":"Cantiga de Nossa Senhora de Castro Marim - Associa\u00e7\u00e3o Devotos de F\u00e1tima","og_description":"Esta cantiga refere-se ao surgimento da devo\u00e7\u00e3o a Nossa Senhora de Castro Marim (Algarve, s\u00e9culo XII), especial protetora dos portugueses cativos dos mouros. Captivo de um p\u00earro moiro Em terras de moiraria Debaixo de duros ferros, Um pobre crist\u00e3o vivia. Negro p\u00e3o e \u00e1gua turva S\u00f3 lhe davam por medida De manh\u00e3 at\u00e9 \u00e0 tarde [&hellip;]","og_url":"https:\/\/www.adf.org.br\/home\/cantiga-de-nossa-senhora-de-castro-marim\/","og_site_name":"Associa\u00e7\u00e3o Devotos de F\u00e1tima","article_published_time":"2012-09-11T03:00:21+00:00","og_image":[{"url":"http:\/\/www.adf.org.br\/home\/wp-content\/uploads\/2012\/09\/Nossa-Senhora-dos-M\u00e1rtires-Castro-Marim.jpg"}],"twitter_card":"summary_large_image","twitter_misc":{"Escrito por":"Gabriel Barbosa","Est. tempo de leitura":"3 minutos"},"schema":{"@context":"https:\/\/schema.org","@graph":[{"@type":"WebSite","@id":"https:\/\/www.adf.org.br\/home\/#website","url":"https:\/\/www.adf.org.br\/home\/","name":"Associa\u00e7\u00e3o Devotos de F\u00e1tima","description":"Associa\u00e7\u00e3o Devotos de F\u00e1tima","potentialAction":[{"@type":"SearchAction","target":{"@type":"EntryPoint","urlTemplate":"https:\/\/www.adf.org.br\/home\/?s={search_term_string}"},"query-input":"required name=search_term_string"}],"inLanguage":"pt-BR"},{"@type":"ImageObject","@id":"https:\/\/www.adf.org.br\/home\/cantiga-de-nossa-senhora-de-castro-marim\/#primaryimage","inLanguage":"pt-BR","url":"http:\/\/www.adf.org.br\/home\/wp-content\/uploads\/2012\/09\/Nossa-Senhora-dos-M\u00e1rtires-Castro-Marim.jpg","contentUrl":"http:\/\/www.adf.org.br\/home\/wp-content\/uploads\/2012\/09\/Nossa-Senhora-dos-M\u00e1rtires-Castro-Marim.jpg"},{"@type":"WebPage","@id":"https:\/\/www.adf.org.br\/home\/cantiga-de-nossa-senhora-de-castro-marim\/#webpage","url":"https:\/\/www.adf.org.br\/home\/cantiga-de-nossa-senhora-de-castro-marim\/","name":"Cantiga de Nossa Senhora de Castro Marim - Associa\u00e7\u00e3o Devotos de F\u00e1tima","isPartOf":{"@id":"https:\/\/www.adf.org.br\/home\/#website"},"primaryImageOfPage":{"@id":"https:\/\/www.adf.org.br\/home\/cantiga-de-nossa-senhora-de-castro-marim\/#primaryimage"},"datePublished":"2012-09-11T03:00:21+00:00","dateModified":"2012-09-11T03:00:21+00:00","author":{"@id":"https:\/\/www.adf.org.br\/home\/#\/schema\/person\/f35a5c5aa7728a3dedf4ea9aa1fc2753"},"breadcrumb":{"@id":"https:\/\/www.adf.org.br\/home\/cantiga-de-nossa-senhora-de-castro-marim\/#breadcrumb"},"inLanguage":"pt-BR","potentialAction":[{"@type":"ReadAction","target":["https:\/\/www.adf.org.br\/home\/cantiga-de-nossa-senhora-de-castro-marim\/"]}]},{"@type":"BreadcrumbList","@id":"https:\/\/www.adf.org.br\/home\/cantiga-de-nossa-senhora-de-castro-marim\/#breadcrumb","itemListElement":[{"@type":"ListItem","position":1,"name":"Home","item":"https:\/\/www.adf.org.br\/home\/"},{"@type":"ListItem","position":2,"name":"Cantiga de Nossa Senhora de Castro Marim"}]},{"@type":"Person","@id":"https:\/\/www.adf.org.br\/home\/#\/schema\/person\/f35a5c5aa7728a3dedf4ea9aa1fc2753","name":"Gabriel Barbosa","image":{"@type":"ImageObject","@id":"https:\/\/www.adf.org.br\/home\/#personlogo","inLanguage":"pt-BR","url":"https:\/\/secure.gravatar.com\/avatar\/2b2cb2f4637682c5605e8d36818f51ef?s=96&d=mm&r=g","contentUrl":"https:\/\/secure.gravatar.com\/avatar\/2b2cb2f4637682c5605e8d36818f51ef?s=96&d=mm&r=g","caption":"Gabriel Barbosa"},"url":"https:\/\/www.adf.org.br\/home\/author\/gabrielpmk-com-br\/"}]}},"_links":{"self":[{"href":"https:\/\/www.adf.org.br\/home\/wp-json\/wp\/v2\/posts\/16336"}],"collection":[{"href":"https:\/\/www.adf.org.br\/home\/wp-json\/wp\/v2\/posts"}],"about":[{"href":"https:\/\/www.adf.org.br\/home\/wp-json\/wp\/v2\/types\/post"}],"author":[{"embeddable":true,"href":"https:\/\/www.adf.org.br\/home\/wp-json\/wp\/v2\/users\/31"}],"replies":[{"embeddable":true,"href":"https:\/\/www.adf.org.br\/home\/wp-json\/wp\/v2\/comments?post=16336"}],"version-history":[{"count":0,"href":"https:\/\/www.adf.org.br\/home\/wp-json\/wp\/v2\/posts\/16336\/revisions"}],"wp:attachment":[{"href":"https:\/\/www.adf.org.br\/home\/wp-json\/wp\/v2\/media?parent=16336"}],"wp:term":[{"taxonomy":"category","embeddable":true,"href":"https:\/\/www.adf.org.br\/home\/wp-json\/wp\/v2\/categories?post=16336"},{"taxonomy":"post_tag","embeddable":true,"href":"https:\/\/www.adf.org.br\/home\/wp-json\/wp\/v2\/tags?post=16336"}],"curies":[{"name":"wp","href":"https:\/\/api.w.org\/{rel}","templated":true}]}}