{"id":16036,"date":"2012-08-28T00:00:42","date_gmt":"2012-08-28T03:00:42","guid":{"rendered":"http:\/\/www.adf.org.br\/home\/?p=16036"},"modified":"2012-08-28T00:00:42","modified_gmt":"2012-08-28T03:00:42","slug":"a-fantastic-intriguing-title-3","status":"publish","type":"post","link":"https:\/\/www.adf.org.br\/home\/a-fantastic-intriguing-title-3\/","title":{"rendered":"Nossa Senhora e a Mod\u00e9stia: Legado Espiritual atrav\u00e9s de Maria e com Maria &#8211; Parte Final"},"content":{"rendered":"<p><a href=\"http:\/\/www.adf.org.br\/home\/2012\/08\/nossa-senhora-e-a-modestia-parte-i\/\" target=\"_blank\" rel=\"noopener noreferrer\">Parte I<\/a> | <a href=\"http:\/\/www.adf.org.br\/home\/2012\/08\/nossa-senhora-e-a-modestia-sinais-dados-pela-virgem-de-fatima-parte-ii\/\" target=\"_blank\" rel=\"noopener noreferrer\">Parte II<\/a> | <a href=\"http:\/\/www.adf.org.br\/home\/2012\/08\/a-fantastic-intriguing-title-2\" target=\"_blank\" rel=\"noopener noreferrer\">Parte III<\/a><\/p>\n<p><span style=\"font-size: medium; color: #0000ff;\"><strong>Legado Espiritual atrav\u00e9s de Maria e com Maria<\/strong><\/span><\/p>\n<p>Por isso, estou escrevendo para deixar como uma esp\u00e9cie de legado espiritual, estas advert\u00eancias da pr\u00f3pria Nossa Senhora, que quer mais do que ningu\u00e9m preservar os cat\u00f3licos e suas fam\u00edlias da corrup\u00e7\u00e3o deste mundo, que quer a santifica\u00e7\u00e3o a sua salva\u00e7\u00e3o e de seus filhos.<\/p>\n<p>Meu cora\u00e7\u00e3o sacerdotal quer <strong><em>ecoar uma vez mais para as vossas almas as palavras de nossa M\u00e3e celeste e tal qual ela, nela, atrav\u00e9s dela e com ela<\/em><\/strong>, quer clamar de novo: Acautelai-vos, filhos, os tempos s\u00e3o maus, o mundo \u00e9 corrupto, a pr\u00f3pria Igreja Cat\u00f3lica est\u00e1 profundamente ferida por seus pr\u00f3prios membros, a ira de Deus est\u00e1 pr\u00f3xima, e castigos terr\u00edveis devem vir para purificar o mundo dos seus pecados!<\/p>\n<p><span style=\"color: #0000ff;\"><strong>N\u00c3O SIGA A NOVA RELIGI\u00c3O, N\u00c3O SIGA A MODA<\/strong><\/span><\/p>\n<p>Ent\u00e3o, tenham cuidado e ou\u00e7am com aten\u00e7\u00e3o: n\u00e3o sigam os cl\u00e9rigos modernistas e sua nova religi\u00e3o, nem aqueles que se comprometem com eles! <span style=\"background-color: #00ffff;\">N\u00e3o sigam o mundo e suas modas, n\u00e3o deixem seus filhos queridos serem corrompidos pelo sistema escolar, pela televis\u00e3o, m\u00e1 companhia, m\u00fasica ruim, m\u00e1 literatura<\/span>\u2026<\/p>\n<p><a href=\"http:\/\/oratoriodamedalhamilagrosa.org.br\/home\/acenda-sua-vela-30\/?origem=1\" target=\"_blank\" rel=\"noopener noreferrer\"><img loading=\"lazy\" class=\"alignleft  wp-image-16051\" title=\"fam\u00edlia de Santa Gianna\" src=\"http:\/\/www.adf.org.br\/home\/wp-content\/uploads\/2012\/08\/familia_santa_gianna.jpg\" alt=\"\" width=\"245\" height=\"333\" \/><\/a>Que tamb\u00e9m as m\u00e3es sempre proporcionem, \u00e0 imagem de Maria, um bom exemplo de mod\u00e9stia crist\u00e3 aos seus filhos. \u201c<strong><em>Enquanto a mod\u00e9stia n\u00e3o for colocada em pr\u00e1tica, a sociedade vai continuar a degradar<\/em><\/strong>\u201d disse o Papa Pio XII. \u201c<strong><em>A sociedade revela o que \u00e9 pelas roupas que veste<\/em><\/strong>\u201c. Da mesma forma, uma pessoa se revela pelas roupas que ela est\u00e1 vestindo.<\/p>\n<p style=\"padding-left: 60px;\"><span style=\"color: #800080;\">Por exemplo, a moda hoje para as mulheres \u00e9 ter decotes, camisas justas, cal\u00e7as apertadas, vestidos justos e\/ou curtos.<\/span><\/p>\n<p style=\"padding-left: 60px;\"><span style=\"color: #800080;\">At\u00e9 pouco tempo atr\u00e1s, esse tipo de vestu\u00e1rio era indicativo de uma mulher de m\u00e1 fama atraindo os homens para o pecado. <\/span><\/p>\n<p style=\"padding-left: 60px;\"><span style=\"color: #800080;\">Por qual mist\u00e9rio ou l\u00f3gica s\u00e3o essas modas agora praticadas por todas as mulheres at\u00e9 mesmo as que se dizem cat\u00f3licas?<\/span><\/p>\n<p>N\u00e3o somos as testemunhas horrorizadas dessas pessoas que, na maior desola\u00e7\u00e3o da Corte Celestial, para a alegria dos dem\u00f4nios, e para o esc\u00e2ndalo das almas inocentes, se atrevem a entrar em tal vestimenta na Igreja e at\u00e9 mesmo se aproximar da mesa da comunh\u00e3o?<\/p>\n<p>E o que \u00e9 mais chocante \u00e9 ver como h\u00e1 pessoas (at\u00e9 entre nossos fi\u00e9is) que acham isso aceit\u00e1vel. N\u00e3o s\u00e3o essas modas apontadas e condenadas por Nossa Senhora em Quito, La Salette e F\u00e1tima?<\/p>\n<p>Deve-se, infelizmente, temer que somente os castigos que vir\u00e3o ser\u00e3o capazes de abrir os olhos de tantas pessoas.<\/p>\n<p>Essas formas impuras, que exaltam as formas do corpo e mostram a carne, revelam, como o Papa Pio XII diz, o que esta sociedade realmente \u00e9 e aquilo que ele representa. Mas sabemos que esta sociedade, que promove estas modas impuras, \u00e9 a mesma que promove a educa\u00e7\u00e3o sexual para crian\u00e7as, que vende e exibe contraceptivos e pornografia em todos os lugares, que aborta seus beb\u00eas e promove a homossexualidade.<\/p>\n<p><strong>Como \u00e9, ent\u00e3o, que as nossas mulheres \u201ccat\u00f3licas\u201d podem seguir essas modas abomin\u00e1veis, s\u00edmbolos e express\u00f5es de todos esses crimes desta sociedade decadente?<\/strong><\/p>\n<p>Que as senhoras cat\u00f3licas, que carregam a gra\u00e7a do batismo em suas almas, considerem sua responsabilidade ao faz\u00ea-lo! Que elas possam refletir sobre as l\u00e1grimas de Nossa Senhora do Monte de La Salette e que elas possam, por amor de Deus e de Maria, nunca mais seguir essas modas que est\u00e3o arrastando almas para o inferno.<\/p>\n<p>N\u00e3o \u00e9 porque \u00e9 a \u201c\u00faltima moda\u201d e porque \u201ctodo mundo faz\u201d que a falta de mod\u00e9stia n\u00e3o \u00e9 mais pecado. Deus n\u00e3o mudou Sua lei, e as palavras do Esp\u00edrito Santo pela boca de S\u00e3o Paulo ainda se aplicam a nossos dias!:<\/p>\n<p style=\"padding-left: 60px;\"><em>Ora, as obras da carne s\u00e3o manifestas. S\u00e3o elas: fornica\u00e7\u00e3o, impureza, <strong>imod\u00e9stia<\/strong>\u2026 sobre as quais vos previno, como j\u00e1 vos disse, que os que fazem tais coisas n\u00e3o possuir\u00e3o o reino de Deus. <\/em>(Gl 5,19-21)<\/p>\n<p style=\"padding-left: 60px;\"><em>Porque sabei-o bem, nenhum fornicador, ou <strong>impudico<\/strong>,ou avaro, o qual \u00e9 um id\u00f3latra do dinheiro, ter\u00e1 heran\u00e7a no reino de Cristo e de Deus.\u00a0\u00a0\u00a0\u00a0\u00a0 Saibam e entendam que nenhum fornicador, ou <strong>impuro<\/strong>, ou avarento (por que \u00e9 idolatria) tem qualquer heran\u00e7a no reino de Cristo e de Deus. Ningu\u00e9m vos seduza com palavras v\u00e3s; porque por estas coisas vem a ira de Deus sobre os filhos rebeldes. N\u00e3o queirais, pois, ter comunica\u00e7\u00e3o com eles. <\/em>(Ef 5,5-7)<\/p>\n<p><strong>Mais uma vez, vamos prestar aten\u00e7\u00e3o ao aviso de Nossa Senhora:<\/strong><\/p>\n<p><span style=\"color: #0000ff; font-size: medium;\"><em>\u201cVir\u00e1 um tempo em que certas modas ofender\u00e3o muito a Nosso Senhor. As pessoas que servem a Deus n\u00e3o devem seguir esses estilos.\u201d (Nossa Senhora de F\u00e1tima, 1917).<\/em><\/span><\/p>\n<p>Estas \u201ccertas modas\u201d s\u00e3o as de hoje que estamos denunciando, porque muitos perderam o senso de dec\u00eancia e ignoram completamente a nobreza e o valor da mod\u00e9stia.<\/p>\n<p>T\u00e3o poucos ouvem as advert\u00eancias de Nossa Senhora! \u00c9 muito mais f\u00e1cil seguir as modas do mundo, a fim de evitar ser retratado como \u201cantiquado\u201d, \u201ctacanho\u201d, \u201cfan\u00e1tico\u201d, etc.<\/p>\n<p>Ent\u00e3o at\u00e9 muitos cat\u00f3licos, infelizmente, acham que esta quest\u00e3o de moda \u00e9 uma quest\u00e3o sem import\u00e2ncia. Pelo contr\u00e1rio, a Virgem Maria, S\u00e3o Paulo, os Papas e tantos santos t\u00eam insistido tanto sobre este assunto, indicando que ele est\u00e1 longe de ser uma ninharia.<\/p>\n<p>A beata Jacinta, repetindo quase palavra por palavra a advert\u00eancia de Nossa Senhora, disse:<\/p>\n<p><span style=\"color: #800080;\"><em><a href=\"http:\/\/oratoriodamedalhamilagrosa.org.br\/home\/acenda-sua-vela-30\/?origem=1\" target=\"_blank\" rel=\"noopener noreferrer\"><img loading=\"lazy\" class=\"alignleft size-full wp-image-16057\" title=\"Beata Jacinta\" src=\"http:\/\/www.adf.org.br\/home\/wp-content\/uploads\/2012\/08\/jacinta.jpg\" alt=\"\" width=\"150\" height=\"150\" \/><\/a>\u201cOs pecados que lan\u00e7am a maioria das almas no inferno, s\u00e3o os pecados de impureza. Certos estilos que ser\u00e3o inventados ir\u00e3o ofender muito Nosso Senhor. <strong>As pessoas que servem a Deus n\u00e3o devem seguir essas modas.<\/strong>\u201d<\/em><\/span><\/p>\n<p>Como \u00e9 poss\u00edvel que essas modas <em>que ofendem muito Nosso Senhor<\/em>, vieram a ser adotadas por fam\u00edlias cat\u00f3licas? A pequena Jacinta, inspirada por Nossa Senhora, responde e nos diz que essas modas <em>ser\u00e3o inventadas<\/em>. <strong><\/strong><\/p>\n<p><strong>F<em><strong>o<\/strong>ram inventadas<\/em><\/strong> <strong><em>por grupos de pessoas <\/em><\/strong>que t\u00eam a inten\u00e7\u00e3o de servir ao diabo e destruir a Igreja Cat\u00f3lica.<\/p>\n<p>A revela\u00e7\u00e3o de Jacinta sobre a inven\u00e7\u00e3o diab\u00f3lica foi escrita cerca de oitenta\u00a0anos ap\u00f3s\u00a0a mensagem de Nossa Senhora em La Salette! \u00c9 uma pena que tantos cat\u00f3licos desistiram desta batalha pela mod\u00e9stia enquanto, pelo contr\u00e1rio, h\u00e1 pessoas m\u00e1 intencionadas que n\u00e3o se cansam de promover a imoralidade.<\/p>\n<p>Se para os cat\u00f3licos t\u00edbios a mod\u00e9stia n\u00e3o tem import\u00e2ncia, certamente n\u00e3o \u00e9 assim para os promotores da imoralidade das vestes.<\/p>\n<p><strong>Por isso, \u00e9 de joelhos e em nome de Nossa Senhora que vos pe\u00e7o: ponderem atentamente essas cita\u00e7\u00f5es das tr\u00eas grandes mensagens de Nossa M\u00e3e do C\u00e9u, para compreenderem de onde essas modas imodestas e indecentes v\u00eam.<\/strong><\/p>\n<p>Elas s\u00e3o a realiza\u00e7\u00e3o de um plano diab\u00f3lico para destruir suas fam\u00edlias, a sociedade e a Igreja Cat\u00f3lica. Este colapso de todos os valores morais, que destroem tudo que leva o nome de Cristo, foi anunciado por Nossa Senhora para os tempos em que estamos agora.<\/p>\n<p>\u00c9 por isso que, depois de termos sido informados desse trama por pessoas inclusive da Santa Igreja, n\u00e3o podemos pensar que essas \u201cnovas modas\u201d s\u00e3o o resultado normal das mudan\u00e7as na sociedade e que elas n\u00e3o s\u00e3o t\u00e3o seriamente erradas quanto eram antes!<\/p>\n<p>N\u00e3o sejam seduzidos pelo canto das sereias dos tempos modernos e n\u00e3o pensem que esta mar\u00e9 suja, que tem devastado nossos pa\u00edses ocidentais e a Igreja, \u00e9 uma evolu\u00e7\u00e3o dos costumes e que podemos seguir impunemente.<\/p>\n<p><strong>\u00c9 por isso que, com Maria e por Maria, pe\u00e7o-vos novamente, pela santifica\u00e7\u00e3o e salva\u00e7\u00e3o de sua alma: \u201cN\u00e3o sigam essas novas modas, elas ofendem muito Nosso Senhor e levam as almas para o inferno\u201d.<\/strong><\/p>\n<p style=\"text-align: center;\"><a href=\"http:\/\/oratoriodamedalhamilagrosa.org.br\/home\/acenda-sua-vela-30\/?origem=1\" target=\"_blank\" rel=\"noopener noreferrer\"><img loading=\"lazy\" class=\"aligncenter size-full wp-image-16075\" title=\"Acenda sua vela\" src=\"http:\/\/www.adf.org.br\/home\/wp-content\/uploads\/2012\/08\/banner_oratorio11.jpg\" alt=\"\" width=\"450\" height=\"159\" \/><\/a><span style=\"color: #800000;\"><strong><span style=\"font-size: medium;\">Acenda agora uma vela virtual pedindo aux\u00edlio de Nossa Senhora para que voc\u00ea se vista sempre com mod\u00e9stia<\/span><\/strong><\/span><\/p>\n<p>As palavras de Nossa Senhora, os exemplos dos santos e o conhecimento dos planos diab\u00f3licos para destruir a Igreja Cat\u00f3lica atrav\u00e9s da imod\u00e9stia e \u201cliberaliza\u00e7\u00e3o\u201d da mulher devem ser suficientes para convencer todos os cat\u00f3licos a impedir tais modas e princ\u00edpios de entrarem em suas casas.<\/p>\n<p>Se os homens s\u00e3o seriamente culpados pelo seu olhar imoral, ainda mais as mulheres o ser\u00e3o por quebrarem as normas da mod\u00e9stia estabelecidas pela Igreja. \u00c9 sobre essa declara\u00e7\u00e3o clara de Nosso Senhor que devemos basear nosso julgamento em rela\u00e7\u00e3o \u00e0 moda, m\u00fasica moderna, dan\u00e7as, filmes, e todos esses tipos de entretenimento.<\/p>\n<p>A quest\u00e3o que um cat\u00f3lico deve se perguntar sobre essas coisas n\u00e3o \u00e9 se elas s\u00e3o atuais, na moda, ou se todo mundo est\u00e1 fazendo isso, mas se s\u00e3o para si e para outros uma ocasi\u00e3o de pecado.<\/p>\n<p>N\u00e3o \u00e9 por outra raz\u00e3o, por exemplo, que a m\u00fasica Rock\u2019n \u2018Roll \u00e9 t\u00e3o m\u00e1, porque essa m\u00fasica e sua dan\u00e7a s\u00e3o uma incita\u00e7\u00e3o direta e volunt\u00e1ria \u00e0s paix\u00f5es e todos os tipos de impureza.<\/p>\n<p><em><strong>\u201cFoge do pecado como da face de uma serpente, pois se tu vens perto deles, eles v\u00e3o tomar conta de ti\u201d (Eclesiastes 21,2).<\/strong><\/em><\/p>\n<p><span style=\"font-size: medium; color: #0000ff;\"><strong>Coragem! A Gra\u00e7a tem abundado ainda mais!<\/strong><\/span><\/p>\n<p>\u00c9 indispens\u00e1vel uma maior vigil\u00e2ncia nestes tempos conturbados sobre as vossas almas e as almas de seus filhos. Nossas almas est\u00e3o, de fato, em maior perigo nestes dias, mas n\u00e3o nos esque\u00e7amos de que Deus, em Sua infinita miseric\u00f3rdia, nos dar\u00e1 ainda mais abundantes gra\u00e7as para superar essa dificuldade tremenda.<\/p>\n<p>Ele prometeu que nunca nos deixar\u00e1 ser tentados al\u00e9m de nossas for\u00e7as, e S\u00e3o Paulo nos assegura que:<em> \u201conde a ofensa tiver abundado, a gra\u00e7a tem abundado ainda mais\u201d (Rom. 5,20).<\/em><\/p>\n<p>O Sagrado Cora\u00e7\u00e3o de Jesus derramar\u00e1 Sua miseric\u00f3rdia em abund\u00e2ncia nas nossas almas. Devemos rezar o ros\u00e1rio todos os dias com toda a fam\u00edlia. Lembre-se das palavras da Irm\u00e3 L\u00facia: <em>\u201cAgora \u00e9 necess\u00e1rio que cada um de n\u00f3s comece a reformar-se espiritualmente\u201d.<\/em><\/p>\n<p>Que o Imaculado Cora\u00e7\u00e3o de Maria seja o ref\u00fagio que levar\u00e1 nossas almas ao c\u00e9u, e para isso mantenha nossas fam\u00edlias sob a sua mais especial prote\u00e7\u00e3o.<\/p>\n<p><span style=\"font-size: x-small;\">Fonte: Transcri\u00e7\u00e3o (parcial) de \u201cA grande guerra\u201d.<\/span><\/p>\n<p><span style=\"font-size: x-small;\"><span style=\"text-decoration: underline;\">Nota do blog que republicou a mat\u00e9ria<\/span>: deve-se ressaltar que n\u00e3o \u00e9 s\u00f3 o fato da cal\u00e7a ser apertada que a torna imodesta, \u00e9 claro que isso aumenta o grau da imod\u00e9stia; o uso de cal\u00e7as por mulheres, mesmo que larga, vai contra a natureza e aqui est\u00e1 a gravidade maior.<\/span><\/p>\n<p><span style=\"font-size: x-small;\"><em>Fonte: Blog Rosa Maria<\/em><\/span><\/p>\n","protected":false},"excerpt":{"rendered":"<p>Parte I | Parte II | Parte III Legado Espiritual atrav\u00e9s de Maria e com Maria Por isso, estou escrevendo para deixar como uma esp\u00e9cie de legado espiritual, estas advert\u00eancias da pr\u00f3pria Nossa Senhora, que quer mais do que ningu\u00e9m preservar os cat\u00f3licos e suas fam\u00edlias da corrup\u00e7\u00e3o deste mundo, que quer a santifica\u00e7\u00e3o a [&hellip;]<\/p>\n","protected":false},"author":31,"featured_media":0,"comment_status":"open","ping_status":"open","sticky":false,"template":"","format":"standard","meta":[],"categories":[20],"tags":[685,51],"yoast_head":"<!-- This site is optimized with the Yoast SEO plugin v17.4 - https:\/\/yoast.com\/wordpress\/plugins\/seo\/ -->\n<title>Nossa Senhora e a Mod\u00e9stia: Legado Espiritual atrav\u00e9s de Maria e com Maria - Parte Final - Associa\u00e7\u00e3o Devotos de F\u00e1tima<\/title>\n<meta name=\"robots\" content=\"index, follow, max-snippet:-1, max-image-preview:large, max-video-preview:-1\" \/>\n<link rel=\"canonical\" href=\"https:\/\/www.adf.org.br\/home\/a-fantastic-intriguing-title-3\/\" \/>\n<meta property=\"og:locale\" content=\"pt_BR\" \/>\n<meta property=\"og:type\" content=\"article\" \/>\n<meta property=\"og:title\" content=\"Nossa Senhora e a Mod\u00e9stia: Legado Espiritual atrav\u00e9s de Maria e com Maria - Parte Final - Associa\u00e7\u00e3o Devotos de F\u00e1tima\" \/>\n<meta property=\"og:description\" content=\"Parte I | Parte II | Parte III Legado Espiritual atrav\u00e9s de Maria e com Maria Por isso, estou escrevendo para deixar como uma esp\u00e9cie de legado espiritual, estas advert\u00eancias da pr\u00f3pria Nossa Senhora, que quer mais do que ningu\u00e9m preservar os cat\u00f3licos e suas fam\u00edlias da corrup\u00e7\u00e3o deste mundo, que quer a santifica\u00e7\u00e3o a [&hellip;]\" \/>\n<meta property=\"og:url\" content=\"https:\/\/www.adf.org.br\/home\/a-fantastic-intriguing-title-3\/\" \/>\n<meta property=\"og:site_name\" content=\"Associa\u00e7\u00e3o Devotos de F\u00e1tima\" \/>\n<meta property=\"article:published_time\" content=\"2012-08-28T03:00:42+00:00\" \/>\n<meta property=\"og:image\" content=\"http:\/\/www.adf.org.br\/home\/wp-content\/uploads\/2012\/08\/familia_santa_gianna.jpg\" \/>\n<meta name=\"twitter:card\" content=\"summary_large_image\" \/>\n<meta name=\"twitter:label1\" content=\"Escrito por\" \/>\n\t<meta name=\"twitter:data1\" content=\"Gabriel Barbosa\" \/>\n\t<meta name=\"twitter:label2\" content=\"Est. tempo de leitura\" \/>\n\t<meta name=\"twitter:data2\" content=\"9 minutos\" \/>\n<script type=\"application\/ld+json\" class=\"yoast-schema-graph\">{\"@context\":\"https:\/\/schema.org\",\"@graph\":[{\"@type\":\"WebSite\",\"@id\":\"https:\/\/www.adf.org.br\/home\/#website\",\"url\":\"https:\/\/www.adf.org.br\/home\/\",\"name\":\"Associa\\u00e7\\u00e3o Devotos de F\\u00e1tima\",\"description\":\"Associa\\u00e7\\u00e3o Devotos de F\\u00e1tima\",\"potentialAction\":[{\"@type\":\"SearchAction\",\"target\":{\"@type\":\"EntryPoint\",\"urlTemplate\":\"https:\/\/www.adf.org.br\/home\/?s={search_term_string}\"},\"query-input\":\"required name=search_term_string\"}],\"inLanguage\":\"pt-BR\"},{\"@type\":\"ImageObject\",\"@id\":\"https:\/\/www.adf.org.br\/home\/a-fantastic-intriguing-title-3\/#primaryimage\",\"inLanguage\":\"pt-BR\",\"url\":\"http:\/\/www.adf.org.br\/home\/wp-content\/uploads\/2012\/08\/familia_santa_gianna.jpg\",\"contentUrl\":\"http:\/\/www.adf.org.br\/home\/wp-content\/uploads\/2012\/08\/familia_santa_gianna.jpg\"},{\"@type\":\"WebPage\",\"@id\":\"https:\/\/www.adf.org.br\/home\/a-fantastic-intriguing-title-3\/#webpage\",\"url\":\"https:\/\/www.adf.org.br\/home\/a-fantastic-intriguing-title-3\/\",\"name\":\"Nossa Senhora e a Mod\\u00e9stia: Legado Espiritual atrav\\u00e9s de Maria e com Maria - Parte Final - Associa\\u00e7\\u00e3o Devotos de F\\u00e1tima\",\"isPartOf\":{\"@id\":\"https:\/\/www.adf.org.br\/home\/#website\"},\"primaryImageOfPage\":{\"@id\":\"https:\/\/www.adf.org.br\/home\/a-fantastic-intriguing-title-3\/#primaryimage\"},\"datePublished\":\"2012-08-28T03:00:42+00:00\",\"dateModified\":\"2012-08-28T03:00:42+00:00\",\"author\":{\"@id\":\"https:\/\/www.adf.org.br\/home\/#\/schema\/person\/f35a5c5aa7728a3dedf4ea9aa1fc2753\"},\"breadcrumb\":{\"@id\":\"https:\/\/www.adf.org.br\/home\/a-fantastic-intriguing-title-3\/#breadcrumb\"},\"inLanguage\":\"pt-BR\",\"potentialAction\":[{\"@type\":\"ReadAction\",\"target\":[\"https:\/\/www.adf.org.br\/home\/a-fantastic-intriguing-title-3\/\"]}]},{\"@type\":\"BreadcrumbList\",\"@id\":\"https:\/\/www.adf.org.br\/home\/a-fantastic-intriguing-title-3\/#breadcrumb\",\"itemListElement\":[{\"@type\":\"ListItem\",\"position\":1,\"name\":\"Home\",\"item\":\"https:\/\/www.adf.org.br\/home\/\"},{\"@type\":\"ListItem\",\"position\":2,\"name\":\"Nossa Senhora e a Mod\\u00e9stia: Legado Espiritual atrav\\u00e9s de Maria e com Maria &#8211; Parte Final\"}]},{\"@type\":\"Person\",\"@id\":\"https:\/\/www.adf.org.br\/home\/#\/schema\/person\/f35a5c5aa7728a3dedf4ea9aa1fc2753\",\"name\":\"Gabriel Barbosa\",\"image\":{\"@type\":\"ImageObject\",\"@id\":\"https:\/\/www.adf.org.br\/home\/#personlogo\",\"inLanguage\":\"pt-BR\",\"url\":\"https:\/\/secure.gravatar.com\/avatar\/2b2cb2f4637682c5605e8d36818f51ef?s=96&d=mm&r=g\",\"contentUrl\":\"https:\/\/secure.gravatar.com\/avatar\/2b2cb2f4637682c5605e8d36818f51ef?s=96&d=mm&r=g\",\"caption\":\"Gabriel Barbosa\"},\"url\":\"https:\/\/www.adf.org.br\/home\/author\/gabrielpmk-com-br\/\"}]}<\/script>\n<!-- \/ Yoast SEO plugin. -->","yoast_head_json":{"title":"Nossa Senhora e a Mod\u00e9stia: Legado Espiritual atrav\u00e9s de Maria e com Maria - Parte Final - Associa\u00e7\u00e3o Devotos de F\u00e1tima","robots":{"index":"index","follow":"follow","max-snippet":"max-snippet:-1","max-image-preview":"max-image-preview:large","max-video-preview":"max-video-preview:-1"},"canonical":"https:\/\/www.adf.org.br\/home\/a-fantastic-intriguing-title-3\/","og_locale":"pt_BR","og_type":"article","og_title":"Nossa Senhora e a Mod\u00e9stia: Legado Espiritual atrav\u00e9s de Maria e com Maria - Parte Final - Associa\u00e7\u00e3o Devotos de F\u00e1tima","og_description":"Parte I | Parte II | Parte III Legado Espiritual atrav\u00e9s de Maria e com Maria Por isso, estou escrevendo para deixar como uma esp\u00e9cie de legado espiritual, estas advert\u00eancias da pr\u00f3pria Nossa Senhora, que quer mais do que ningu\u00e9m preservar os cat\u00f3licos e suas fam\u00edlias da corrup\u00e7\u00e3o deste mundo, que quer a santifica\u00e7\u00e3o a [&hellip;]","og_url":"https:\/\/www.adf.org.br\/home\/a-fantastic-intriguing-title-3\/","og_site_name":"Associa\u00e7\u00e3o Devotos de F\u00e1tima","article_published_time":"2012-08-28T03:00:42+00:00","og_image":[{"url":"http:\/\/www.adf.org.br\/home\/wp-content\/uploads\/2012\/08\/familia_santa_gianna.jpg"}],"twitter_card":"summary_large_image","twitter_misc":{"Escrito por":"Gabriel Barbosa","Est. tempo de leitura":"9 minutos"},"schema":{"@context":"https:\/\/schema.org","@graph":[{"@type":"WebSite","@id":"https:\/\/www.adf.org.br\/home\/#website","url":"https:\/\/www.adf.org.br\/home\/","name":"Associa\u00e7\u00e3o Devotos de F\u00e1tima","description":"Associa\u00e7\u00e3o Devotos de F\u00e1tima","potentialAction":[{"@type":"SearchAction","target":{"@type":"EntryPoint","urlTemplate":"https:\/\/www.adf.org.br\/home\/?s={search_term_string}"},"query-input":"required name=search_term_string"}],"inLanguage":"pt-BR"},{"@type":"ImageObject","@id":"https:\/\/www.adf.org.br\/home\/a-fantastic-intriguing-title-3\/#primaryimage","inLanguage":"pt-BR","url":"http:\/\/www.adf.org.br\/home\/wp-content\/uploads\/2012\/08\/familia_santa_gianna.jpg","contentUrl":"http:\/\/www.adf.org.br\/home\/wp-content\/uploads\/2012\/08\/familia_santa_gianna.jpg"},{"@type":"WebPage","@id":"https:\/\/www.adf.org.br\/home\/a-fantastic-intriguing-title-3\/#webpage","url":"https:\/\/www.adf.org.br\/home\/a-fantastic-intriguing-title-3\/","name":"Nossa Senhora e a Mod\u00e9stia: Legado Espiritual atrav\u00e9s de Maria e com Maria - Parte Final - Associa\u00e7\u00e3o Devotos de F\u00e1tima","isPartOf":{"@id":"https:\/\/www.adf.org.br\/home\/#website"},"primaryImageOfPage":{"@id":"https:\/\/www.adf.org.br\/home\/a-fantastic-intriguing-title-3\/#primaryimage"},"datePublished":"2012-08-28T03:00:42+00:00","dateModified":"2012-08-28T03:00:42+00:00","author":{"@id":"https:\/\/www.adf.org.br\/home\/#\/schema\/person\/f35a5c5aa7728a3dedf4ea9aa1fc2753"},"breadcrumb":{"@id":"https:\/\/www.adf.org.br\/home\/a-fantastic-intriguing-title-3\/#breadcrumb"},"inLanguage":"pt-BR","potentialAction":[{"@type":"ReadAction","target":["https:\/\/www.adf.org.br\/home\/a-fantastic-intriguing-title-3\/"]}]},{"@type":"BreadcrumbList","@id":"https:\/\/www.adf.org.br\/home\/a-fantastic-intriguing-title-3\/#breadcrumb","itemListElement":[{"@type":"ListItem","position":1,"name":"Home","item":"https:\/\/www.adf.org.br\/home\/"},{"@type":"ListItem","position":2,"name":"Nossa Senhora e a Mod\u00e9stia: Legado Espiritual atrav\u00e9s de Maria e com Maria &#8211; Parte Final"}]},{"@type":"Person","@id":"https:\/\/www.adf.org.br\/home\/#\/schema\/person\/f35a5c5aa7728a3dedf4ea9aa1fc2753","name":"Gabriel Barbosa","image":{"@type":"ImageObject","@id":"https:\/\/www.adf.org.br\/home\/#personlogo","inLanguage":"pt-BR","url":"https:\/\/secure.gravatar.com\/avatar\/2b2cb2f4637682c5605e8d36818f51ef?s=96&d=mm&r=g","contentUrl":"https:\/\/secure.gravatar.com\/avatar\/2b2cb2f4637682c5605e8d36818f51ef?s=96&d=mm&r=g","caption":"Gabriel Barbosa"},"url":"https:\/\/www.adf.org.br\/home\/author\/gabrielpmk-com-br\/"}]}},"_links":{"self":[{"href":"https:\/\/www.adf.org.br\/home\/wp-json\/wp\/v2\/posts\/16036"}],"collection":[{"href":"https:\/\/www.adf.org.br\/home\/wp-json\/wp\/v2\/posts"}],"about":[{"href":"https:\/\/www.adf.org.br\/home\/wp-json\/wp\/v2\/types\/post"}],"author":[{"embeddable":true,"href":"https:\/\/www.adf.org.br\/home\/wp-json\/wp\/v2\/users\/31"}],"replies":[{"embeddable":true,"href":"https:\/\/www.adf.org.br\/home\/wp-json\/wp\/v2\/comments?post=16036"}],"version-history":[{"count":0,"href":"https:\/\/www.adf.org.br\/home\/wp-json\/wp\/v2\/posts\/16036\/revisions"}],"wp:attachment":[{"href":"https:\/\/www.adf.org.br\/home\/wp-json\/wp\/v2\/media?parent=16036"}],"wp:term":[{"taxonomy":"category","embeddable":true,"href":"https:\/\/www.adf.org.br\/home\/wp-json\/wp\/v2\/categories?post=16036"},{"taxonomy":"post_tag","embeddable":true,"href":"https:\/\/www.adf.org.br\/home\/wp-json\/wp\/v2\/tags?post=16036"}],"curies":[{"name":"wp","href":"https:\/\/api.w.org\/{rel}","templated":true}]}}