{"id":15621,"date":"2012-07-29T00:00:13","date_gmt":"2012-07-29T03:00:13","guid":{"rendered":"http:\/\/www.adf.org.br\/home\/?p=15621"},"modified":"2012-07-29T00:00:13","modified_gmt":"2012-07-29T03:00:13","slug":"oracao-de-maria-santissima-despedindo-se-da-igreja-militante","status":"publish","type":"post","link":"https:\/\/www.adf.org.br\/home\/oracao-de-maria-santissima-despedindo-se-da-igreja-militante\/","title":{"rendered":"Ora\u00e7\u00e3o de Maria Sant\u00edssima, despedindo-se da Igreja Militante"},"content":{"rendered":"<p>\u201cIgreja santa e cat\u00f3lica que, no futuro, te chamar\u00e1s romana, m\u00e3e e senhora minha, verdadeiro tesouro de minha alma: fostes o \u00fanico consolo de meu desterro; o ref\u00fagio e al\u00edvio de meus trabalhos; minha alegria, descanso e esperan\u00e7a.<\/p>\n<p>\u201cA ti sempre dei todo meu cora\u00e7\u00e3o e meus cuidados, mas j\u00e1 \u00e9 tempo de partir e me despedir de tua doce companhia e chegar ao fim de minha viagem.<\/p>\n<p>\u201cIgreja, minha honra e minha gl\u00f3ria, deixo-te na vida mortal, mas na eterna te encontrarei com alegria, naquele Ser que tudo encerra.<\/p>\n<p>\u201cDe l\u00e1, te olharei com carinho e pedirei pelo teu crescimento, \u00eaxitos e progressos.\u201d<\/p>\n<p style=\"text-align: center;\">\u00a0<a href=\"http:\/\/www.adf.org.br\/cd-oracoes\/?origem=1\" target=\"_blank\" rel=\"noopener noreferrer\"><img loading=\"lazy\" class=\"aligncenter  wp-image-15624\" title=\"CD S\u00faplicas a Virgem Maria\" src=\"http:\/\/www.adf.org.br\/home\/wp-content\/uploads\/2012\/07\/CD-s\u00faplicar-a-virgem-maria1.jpg\" alt=\"\" width=\"599\" height=\"285\" \/><\/a><\/p>\n<p><em>(Fonte: \u201cM\u00edstica Cidade de Deus\u201d \u2013 Volume VIII \u2013 Contra-Capa)<\/em><\/p>\n<p><em>Extra\u00eddo do site: <a href=\"http:\/\/opoderdaoracao.com.br\/home\/oracao\/oracao-de-maria-santissima-despedindo-se-da-igreja-militante\/\" target=\"_blank\" rel=\"noopener noreferrer\">O poder da Ora\u00e7\u00e3o<\/a><\/em><\/p>\n","protected":false},"excerpt":{"rendered":"<p>\u201cIgreja santa e cat\u00f3lica que, no futuro, te chamar\u00e1s romana, m\u00e3e e senhora minha, verdadeiro tesouro de minha alma: fostes o \u00fanico consolo de meu desterro; o ref\u00fagio e al\u00edvio de meus trabalhos; minha alegria, descanso e esperan\u00e7a. \u201cA ti sempre dei todo meu cora\u00e7\u00e3o e meus cuidados, mas j\u00e1 \u00e9 tempo de partir e [&hellip;]<\/p>\n","protected":false},"author":31,"featured_media":0,"comment_status":"open","ping_status":"open","sticky":false,"template":"","format":"standard","meta":[],"categories":[20,14],"tags":[457],"yoast_head":"<!-- This site is optimized with the Yoast SEO plugin v17.4 - https:\/\/yoast.com\/wordpress\/plugins\/seo\/ -->\n<title>Ora\u00e7\u00e3o de Maria Sant\u00edssima, despedindo-se da Igreja Militante - Associa\u00e7\u00e3o Devotos de F\u00e1tima<\/title>\n<meta name=\"robots\" content=\"index, follow, max-snippet:-1, max-image-preview:large, max-video-preview:-1\" \/>\n<link rel=\"canonical\" href=\"https:\/\/www.adf.org.br\/home\/oracao-de-maria-santissima-despedindo-se-da-igreja-militante\/\" \/>\n<meta property=\"og:locale\" content=\"pt_BR\" \/>\n<meta property=\"og:type\" content=\"article\" \/>\n<meta property=\"og:title\" content=\"Ora\u00e7\u00e3o de Maria Sant\u00edssima, despedindo-se da Igreja Militante - Associa\u00e7\u00e3o Devotos de F\u00e1tima\" \/>\n<meta property=\"og:description\" content=\"\u201cIgreja santa e cat\u00f3lica que, no futuro, te chamar\u00e1s romana, m\u00e3e e senhora minha, verdadeiro tesouro de minha alma: fostes o \u00fanico consolo de meu desterro; o ref\u00fagio e al\u00edvio de meus trabalhos; minha alegria, descanso e esperan\u00e7a. \u201cA ti sempre dei todo meu cora\u00e7\u00e3o e meus cuidados, mas j\u00e1 \u00e9 tempo de partir e [&hellip;]\" \/>\n<meta property=\"og:url\" content=\"https:\/\/www.adf.org.br\/home\/oracao-de-maria-santissima-despedindo-se-da-igreja-militante\/\" \/>\n<meta property=\"og:site_name\" content=\"Associa\u00e7\u00e3o Devotos de F\u00e1tima\" \/>\n<meta property=\"article:published_time\" content=\"2012-07-29T03:00:13+00:00\" \/>\n<meta property=\"og:image\" content=\"http:\/\/www.adf.org.br\/home\/wp-content\/uploads\/2012\/07\/CD-s\u00faplicar-a-virgem-maria1.jpg\" \/>\n<meta name=\"twitter:card\" content=\"summary_large_image\" \/>\n<meta name=\"twitter:label1\" content=\"Escrito por\" \/>\n\t<meta name=\"twitter:data1\" content=\"Gabriel Barbosa\" \/>\n\t<meta name=\"twitter:label2\" content=\"Est. tempo de leitura\" \/>\n\t<meta name=\"twitter:data2\" content=\"1 minuto\" \/>\n<script type=\"application\/ld+json\" class=\"yoast-schema-graph\">{\"@context\":\"https:\/\/schema.org\",\"@graph\":[{\"@type\":\"WebSite\",\"@id\":\"https:\/\/www.adf.org.br\/home\/#website\",\"url\":\"https:\/\/www.adf.org.br\/home\/\",\"name\":\"Associa\\u00e7\\u00e3o Devotos de F\\u00e1tima\",\"description\":\"Associa\\u00e7\\u00e3o Devotos de F\\u00e1tima\",\"potentialAction\":[{\"@type\":\"SearchAction\",\"target\":{\"@type\":\"EntryPoint\",\"urlTemplate\":\"https:\/\/www.adf.org.br\/home\/?s={search_term_string}\"},\"query-input\":\"required name=search_term_string\"}],\"inLanguage\":\"pt-BR\"},{\"@type\":\"ImageObject\",\"@id\":\"https:\/\/www.adf.org.br\/home\/oracao-de-maria-santissima-despedindo-se-da-igreja-militante\/#primaryimage\",\"inLanguage\":\"pt-BR\",\"url\":\"http:\/\/www.adf.org.br\/home\/wp-content\/uploads\/2012\/07\/CD-s\\u00faplicar-a-virgem-maria1.jpg\",\"contentUrl\":\"http:\/\/www.adf.org.br\/home\/wp-content\/uploads\/2012\/07\/CD-s\\u00faplicar-a-virgem-maria1.jpg\"},{\"@type\":\"WebPage\",\"@id\":\"https:\/\/www.adf.org.br\/home\/oracao-de-maria-santissima-despedindo-se-da-igreja-militante\/#webpage\",\"url\":\"https:\/\/www.adf.org.br\/home\/oracao-de-maria-santissima-despedindo-se-da-igreja-militante\/\",\"name\":\"Ora\\u00e7\\u00e3o de Maria Sant\\u00edssima, despedindo-se da Igreja Militante - Associa\\u00e7\\u00e3o Devotos de F\\u00e1tima\",\"isPartOf\":{\"@id\":\"https:\/\/www.adf.org.br\/home\/#website\"},\"primaryImageOfPage\":{\"@id\":\"https:\/\/www.adf.org.br\/home\/oracao-de-maria-santissima-despedindo-se-da-igreja-militante\/#primaryimage\"},\"datePublished\":\"2012-07-29T03:00:13+00:00\",\"dateModified\":\"2012-07-29T03:00:13+00:00\",\"author\":{\"@id\":\"https:\/\/www.adf.org.br\/home\/#\/schema\/person\/f35a5c5aa7728a3dedf4ea9aa1fc2753\"},\"breadcrumb\":{\"@id\":\"https:\/\/www.adf.org.br\/home\/oracao-de-maria-santissima-despedindo-se-da-igreja-militante\/#breadcrumb\"},\"inLanguage\":\"pt-BR\",\"potentialAction\":[{\"@type\":\"ReadAction\",\"target\":[\"https:\/\/www.adf.org.br\/home\/oracao-de-maria-santissima-despedindo-se-da-igreja-militante\/\"]}]},{\"@type\":\"BreadcrumbList\",\"@id\":\"https:\/\/www.adf.org.br\/home\/oracao-de-maria-santissima-despedindo-se-da-igreja-militante\/#breadcrumb\",\"itemListElement\":[{\"@type\":\"ListItem\",\"position\":1,\"name\":\"Home\",\"item\":\"https:\/\/www.adf.org.br\/home\/\"},{\"@type\":\"ListItem\",\"position\":2,\"name\":\"Ora\\u00e7\\u00e3o de Maria Sant\\u00edssima, despedindo-se da Igreja Militante\"}]},{\"@type\":\"Person\",\"@id\":\"https:\/\/www.adf.org.br\/home\/#\/schema\/person\/f35a5c5aa7728a3dedf4ea9aa1fc2753\",\"name\":\"Gabriel Barbosa\",\"image\":{\"@type\":\"ImageObject\",\"@id\":\"https:\/\/www.adf.org.br\/home\/#personlogo\",\"inLanguage\":\"pt-BR\",\"url\":\"https:\/\/secure.gravatar.com\/avatar\/2b2cb2f4637682c5605e8d36818f51ef?s=96&d=mm&r=g\",\"contentUrl\":\"https:\/\/secure.gravatar.com\/avatar\/2b2cb2f4637682c5605e8d36818f51ef?s=96&d=mm&r=g\",\"caption\":\"Gabriel Barbosa\"},\"url\":\"https:\/\/www.adf.org.br\/home\/author\/gabrielpmk-com-br\/\"}]}<\/script>\n<!-- \/ Yoast SEO plugin. -->","yoast_head_json":{"title":"Ora\u00e7\u00e3o de Maria Sant\u00edssima, despedindo-se da Igreja Militante - Associa\u00e7\u00e3o Devotos de F\u00e1tima","robots":{"index":"index","follow":"follow","max-snippet":"max-snippet:-1","max-image-preview":"max-image-preview:large","max-video-preview":"max-video-preview:-1"},"canonical":"https:\/\/www.adf.org.br\/home\/oracao-de-maria-santissima-despedindo-se-da-igreja-militante\/","og_locale":"pt_BR","og_type":"article","og_title":"Ora\u00e7\u00e3o de Maria Sant\u00edssima, despedindo-se da Igreja Militante - Associa\u00e7\u00e3o Devotos de F\u00e1tima","og_description":"\u201cIgreja santa e cat\u00f3lica que, no futuro, te chamar\u00e1s romana, m\u00e3e e senhora minha, verdadeiro tesouro de minha alma: fostes o \u00fanico consolo de meu desterro; o ref\u00fagio e al\u00edvio de meus trabalhos; minha alegria, descanso e esperan\u00e7a. \u201cA ti sempre dei todo meu cora\u00e7\u00e3o e meus cuidados, mas j\u00e1 \u00e9 tempo de partir e [&hellip;]","og_url":"https:\/\/www.adf.org.br\/home\/oracao-de-maria-santissima-despedindo-se-da-igreja-militante\/","og_site_name":"Associa\u00e7\u00e3o Devotos de F\u00e1tima","article_published_time":"2012-07-29T03:00:13+00:00","og_image":[{"url":"http:\/\/www.adf.org.br\/home\/wp-content\/uploads\/2012\/07\/CD-s\u00faplicar-a-virgem-maria1.jpg"}],"twitter_card":"summary_large_image","twitter_misc":{"Escrito por":"Gabriel Barbosa","Est. tempo de leitura":"1 minuto"},"schema":{"@context":"https:\/\/schema.org","@graph":[{"@type":"WebSite","@id":"https:\/\/www.adf.org.br\/home\/#website","url":"https:\/\/www.adf.org.br\/home\/","name":"Associa\u00e7\u00e3o Devotos de F\u00e1tima","description":"Associa\u00e7\u00e3o Devotos de F\u00e1tima","potentialAction":[{"@type":"SearchAction","target":{"@type":"EntryPoint","urlTemplate":"https:\/\/www.adf.org.br\/home\/?s={search_term_string}"},"query-input":"required name=search_term_string"}],"inLanguage":"pt-BR"},{"@type":"ImageObject","@id":"https:\/\/www.adf.org.br\/home\/oracao-de-maria-santissima-despedindo-se-da-igreja-militante\/#primaryimage","inLanguage":"pt-BR","url":"http:\/\/www.adf.org.br\/home\/wp-content\/uploads\/2012\/07\/CD-s\u00faplicar-a-virgem-maria1.jpg","contentUrl":"http:\/\/www.adf.org.br\/home\/wp-content\/uploads\/2012\/07\/CD-s\u00faplicar-a-virgem-maria1.jpg"},{"@type":"WebPage","@id":"https:\/\/www.adf.org.br\/home\/oracao-de-maria-santissima-despedindo-se-da-igreja-militante\/#webpage","url":"https:\/\/www.adf.org.br\/home\/oracao-de-maria-santissima-despedindo-se-da-igreja-militante\/","name":"Ora\u00e7\u00e3o de Maria Sant\u00edssima, despedindo-se da Igreja Militante - Associa\u00e7\u00e3o Devotos de F\u00e1tima","isPartOf":{"@id":"https:\/\/www.adf.org.br\/home\/#website"},"primaryImageOfPage":{"@id":"https:\/\/www.adf.org.br\/home\/oracao-de-maria-santissima-despedindo-se-da-igreja-militante\/#primaryimage"},"datePublished":"2012-07-29T03:00:13+00:00","dateModified":"2012-07-29T03:00:13+00:00","author":{"@id":"https:\/\/www.adf.org.br\/home\/#\/schema\/person\/f35a5c5aa7728a3dedf4ea9aa1fc2753"},"breadcrumb":{"@id":"https:\/\/www.adf.org.br\/home\/oracao-de-maria-santissima-despedindo-se-da-igreja-militante\/#breadcrumb"},"inLanguage":"pt-BR","potentialAction":[{"@type":"ReadAction","target":["https:\/\/www.adf.org.br\/home\/oracao-de-maria-santissima-despedindo-se-da-igreja-militante\/"]}]},{"@type":"BreadcrumbList","@id":"https:\/\/www.adf.org.br\/home\/oracao-de-maria-santissima-despedindo-se-da-igreja-militante\/#breadcrumb","itemListElement":[{"@type":"ListItem","position":1,"name":"Home","item":"https:\/\/www.adf.org.br\/home\/"},{"@type":"ListItem","position":2,"name":"Ora\u00e7\u00e3o de Maria Sant\u00edssima, despedindo-se da Igreja Militante"}]},{"@type":"Person","@id":"https:\/\/www.adf.org.br\/home\/#\/schema\/person\/f35a5c5aa7728a3dedf4ea9aa1fc2753","name":"Gabriel Barbosa","image":{"@type":"ImageObject","@id":"https:\/\/www.adf.org.br\/home\/#personlogo","inLanguage":"pt-BR","url":"https:\/\/secure.gravatar.com\/avatar\/2b2cb2f4637682c5605e8d36818f51ef?s=96&d=mm&r=g","contentUrl":"https:\/\/secure.gravatar.com\/avatar\/2b2cb2f4637682c5605e8d36818f51ef?s=96&d=mm&r=g","caption":"Gabriel Barbosa"},"url":"https:\/\/www.adf.org.br\/home\/author\/gabrielpmk-com-br\/"}]}},"_links":{"self":[{"href":"https:\/\/www.adf.org.br\/home\/wp-json\/wp\/v2\/posts\/15621"}],"collection":[{"href":"https:\/\/www.adf.org.br\/home\/wp-json\/wp\/v2\/posts"}],"about":[{"href":"https:\/\/www.adf.org.br\/home\/wp-json\/wp\/v2\/types\/post"}],"author":[{"embeddable":true,"href":"https:\/\/www.adf.org.br\/home\/wp-json\/wp\/v2\/users\/31"}],"replies":[{"embeddable":true,"href":"https:\/\/www.adf.org.br\/home\/wp-json\/wp\/v2\/comments?post=15621"}],"version-history":[{"count":0,"href":"https:\/\/www.adf.org.br\/home\/wp-json\/wp\/v2\/posts\/15621\/revisions"}],"wp:attachment":[{"href":"https:\/\/www.adf.org.br\/home\/wp-json\/wp\/v2\/media?parent=15621"}],"wp:term":[{"taxonomy":"category","embeddable":true,"href":"https:\/\/www.adf.org.br\/home\/wp-json\/wp\/v2\/categories?post=15621"},{"taxonomy":"post_tag","embeddable":true,"href":"https:\/\/www.adf.org.br\/home\/wp-json\/wp\/v2\/tags?post=15621"}],"curies":[{"name":"wp","href":"https:\/\/api.w.org\/{rel}","templated":true}]}}