{"id":1300,"date":"2009-12-11T00:05:24","date_gmt":"2009-12-11T02:05:24","guid":{"rendered":"http:\/\/www.adf.org.br\/home\/?p=1300"},"modified":"2009-12-11T00:05:24","modified_gmt":"2009-12-11T02:05:24","slug":"os-doze-emblemas-da-santissima-virgem-parte-iii","status":"publish","type":"post","link":"https:\/\/www.adf.org.br\/home\/os-doze-emblemas-da-santissima-virgem-parte-iii\/","title":{"rendered":"Os doze emblemas da Sant\u00edssima Virgem &#8211; parte III"},"content":{"rendered":"<p><strong>IV \u2013 Arco-\u00edris<\/strong><br \/>\n<img loading=\"lazy\" class=\"size-full wp-image-1301  alignleft\" src=\"http:\/\/www.adf.org.br\/home\/wp-content\/uploads\/2009\/12\/NossaSenhora_China.jpg\" width=\"180\" height=\"265\" \/><\/p>\n<p>O primeiro ato de No\u00e9, ap\u00f3s sair da arca, foi construir um altar e oferecer um sacrif\u00edcio a Deus, pois era homem justo. \u201cJusto\u201d, na Sagrada Escritura, exprime retid\u00e3o no agir ou no proceder.<\/p>\n<p>Este ato de homenagem e gratid\u00e3o agradou muito ao Senhor. Em compensa\u00e7\u00e3o, ele fez a promessa a No\u00e9: <em>\u201cEu n\u00e3o amaldi\u00e7oarei mais a Terra em raz\u00e3o da maldade dos homens. N\u00e3o mais enviarei, pois, a\u00e7oite sobre os viventes como fiz agora. Em nenhuma parte do mundo faltar\u00e1 a semente e o mel, o frio e o calor, o ver\u00e3o e o inverno, a noite e o dia\u201d <\/em>(Gen. 8, 21-22)<em>.<\/em> Aben\u00e7oou No\u00e9 e seus filhos, dizendo:<\/p>\n<p><em>\u201cCrescei e multiplicai-vos, enchei toda a Terra, exercei vosso dom\u00ednio sobre todos os animais. Eis que estabele\u00e7o uma alian\u00e7a convosco, e este \u00e9 o sinal de que haver\u00e1 entre mim e v\u00f3s, e toda alma viva de gera\u00e7\u00e3o em gera\u00e7\u00e3o: Porei meu arco entre as nuvens, e quando ele aparecer, recordar-me-\u00e1 da alian\u00e7a que vos prometi, e n\u00e3o voltar\u00e3o mais as \u00e1guas do dil\u00favio a destruir toda a terra\u201d<\/em> (Gen. 9, 9-13).<\/p>\n<p>1. O arco-\u00edris \u00e9 um gracioso fen\u00f4meno. Segundo a ci\u00eancia, \u00e9 produzido pelos raios do sol que, atravessando as nuvens densas de vapor de \u00e1gua, se decomp\u00f5em em suas cores simples. Anuncia o fim da tempestade e o come\u00e7o da serenidade.<\/p>\n<p>Ora, a presen\u00e7a de Maria Sant\u00edssima em qualquer lugar da Terra anuncia o fim da \u201ctempestade\u201d de castigos, suscitada pelos pecados, e o come\u00e7o de um tempo bom que nunca haveria de ser alterado.<\/p>\n<p>2. O arco-\u00edris \u00e9 como um arco cintilante que une a Terra ao C\u00e9u. Nossa Senhora \u00e9 um \u201carco\u201d de irisa\u00e7\u00f5es divinas. Reconciliou a Terra com o C\u00e9u, o homem com Deus, o abismo da mis\u00e9ria com o abismo de miseric\u00f3rdia.<\/p>\n<p>3. O arco-\u00edris aparece entre as nuvens, e \u00e9 uma recorda\u00e7\u00e3o de Deus e da promessa que Ele fez de n\u00e3o mais exterminar o g\u00eanero humano.<\/p>\n<p>Nossa Senhora torna Deus presente aos homens, mesmo quando as \u201cnuvens\u201d do pecado se condensam sobre o mundo. Sua \u00edntima alian\u00e7a com a humanidade pecadora foi assegurada mediante a sua co-reden\u00e7\u00e3o.<\/p>\n<p>4. Ap\u00f3s a tempestade, o arco-\u00edris, com a variedade e o brilho de suas cores, repousa o olhar de quem o contempla.<\/p>\n<p>Com a variedade e o esplendor de suas virtudes, Maria Sant\u00edssima regala o \u201colhar\u201d da alma que A contempla, atrai o cora\u00e7\u00e3o, eleva o esp\u00edrito \u00e0s considera\u00e7\u00f5es das verdades transcendentais e leva a pessoa a abandonar e a detestar o pecado e o v\u00edcio.<\/p>\n<p>5. O arco-\u00edris brilha com as sete cores b\u00e1sicas de que se comp\u00f5e a luz. Nossa Senhora resplandece com os sete dons do Esp\u00edrito Santo, prodigalizados a Ela por Deus com verdadeira munific\u00eancia.<\/p>\n<p><a name=\"_Toc125862023\"><\/a><a name=\"_Toc123816407\"><\/a><em><strong>V \u2013 A escada de Jac\u00f3(7)<\/strong><\/em><\/p>\n<table border=\"0\" cellspacing=\"0\" cellpadding=\"10\" width=\"1\" align=\"left\">\n<tbody>\n<tr>\n<td><img loading=\"lazy\" class=\"size-full wp-image-1302\" title=\"Imaculadaconceicao\" src=\"http:\/\/www.adf.org.br\/home\/wp-content\/uploads\/2009\/12\/Imaculadaconceicao.jpg\" alt=\"Imaculada Concei\u00e7\u00e3o \" width=\"109\" height=\"265\" \/><\/p>\n<div class=\"mceTemp\">\n<dl id=\"attachment_1302\" class=\"wp-caption alignleft\" style=\"width: 119px;\">\n<dt class=\"wp-caption-dt\"><\/dt>\n<dd class=\"wp-caption-dd\">Imaculada Concei\u00e7\u00e3o <\/dd>\n<\/dl>\n<\/div>\n<\/td>\n<\/tr>\n<\/tbody>\n<\/table>\n<p>Jac\u00f3, temendo a vingan\u00e7a de Esa\u00fa, fugiu para a Mesopot\u00e2mia, indo \u00e0 casa de Lab\u00e3o, seu tio. \u00c0 tarde, chegou muito cansado a uma cidade chamada Lusa. Para descansar um pouco, deitou-se sobre a terra, apoiando sua cabe\u00e7a sobre uma pedra. Em sonho teve uma misteriosa vis\u00e3o. Pareceu-lhe ver uma escada que, da Terra, chegava at\u00e9 o C\u00e9u. Deus estava no alto da escada e olhava os anjos que desciam e subiam.<\/p>\n<p>Foi-lhe revelado que aquele era o Senhor, Deus de Abra\u00e3o e de Isaac, o qual lhe deu por heran\u00e7a, para ele e para seus descendentes, aquela terra sobre a qual descansava, e assegurou-lhe uma posteridade incont\u00e1vel, na qual seriam aben\u00e7oadas todas as na\u00e7\u00f5es, garantindo proteg\u00ea-lo sempre e conduzi-lo de novo \u00e0 terra de Cana\u00e3.<\/p>\n<p>Quando acordou, Jac\u00f3 aben\u00e7oou a pedra, erigindo-a como um monumento. E fez um voto tr\u00edplice: a) honrar a Deus sempre mais do que tinha feito at\u00e9 ent\u00e3o; b) dar \u00e0quela pedra e \u00e0quele lugar o nome de \u201cCasa de Deus\u201d; c) oferecer ao Senhor a d\u00e9cima parte de todos os bens que d\u2019Ele havia recebido.<\/p>\n<p>1. A Escada toca com uma extremidade a Terra, e com a outra o C\u00e9u. Maria Sant\u00edssima, enquanto pura criatura, por um lado toca a Terra. E por outro lado toca o C\u00e9u, visto que Deus A fez sua M\u00e3e, elevando-A a uma dignidade que A liga ao infinito.<\/p>\n<p>2. A Escada de Jac\u00f3 unia a Terra ao C\u00e9u. Maria Sant\u00edssima, como Medianeira Universal, uniu a Terra ao C\u00e9u, o mundo vis\u00edvel ao invis\u00edvel, as coisas terrenas \u00e0s celestes.<\/p>\n<p>3. Com a escada facilmente se sobe ao alto. Com Nossa Senhora e com o aux\u00edlio da devo\u00e7\u00e3o a Ela, sobe-se facilmente ao C\u00e9u.<\/p>\n<p><a name=\"_Toc125862024\"><\/a><a name=\"_Toc123816408\"><\/a><strong>VI \u2013 Sar\u00e7a ardente(8)<\/strong><\/p>\n<p>Ap\u00f3s muito tempo na corte do Fara\u00f3, Mois\u00e9s deu-se conta de que se tramava algo contra ele. Deixou ent\u00e3o o Egito e se retirou para Madian. Casou-se com uma das filhas de Jetro e se dedicou ao pastoreio de suas ovelhas. Certo dia, conduzindo o rebanho, chegou perto do \u201cMonte de Deus\u201d, como era chamado o Monte Sinai.<\/p>\n<p>Ali um Anjo do Senhor lhe apareceu em meio a um arbusto em chamas. Mois\u00e9s observou que, apesar das chamas, o arbusto n\u00e3o se consumia. Ao se aproximar para esclarecer o fen\u00f4meno de um arbusto que ardia sem se consumir, ouviu a voz do Senhor: <em>\u201cMois\u00e9s, Mois\u00e9s!\u201d.<\/em> Eis-me aqui, respondeu. <em>\u201cN\u00e3o te aproximes daqui. Retira os p\u00e9s das sand\u00e1lias, porque a terra que pisas \u00e9 santa. Eu sou o Deus de teus pais, o Deus de Abra\u00e3o, o Deus de Isaac e o Deus de Jac\u00f3\u201d <\/em>(Ex 3, 4-6)<em>. <\/em><\/p>\n<p>1. A sar\u00e7a ardia sem se consumir. Maria Sant\u00edssima concebeu e deu \u00e0 luz o Homem-Deus sem se despojar de sua virgindade.<\/p>\n<p>2. Na sar\u00e7a ardente estava Deus. Em Maria Sant\u00edssima, no seu pur\u00edssimo seio, estava o Homem-Deus.<\/p>\n<p>3. Deus mandou que Mois\u00e9s retirasse as sand\u00e1lias em sinal de humildade e respeito ao aproximar-se da sar\u00e7a. Com vivos sentimentos de respeito e humildade devem os homens acercar-se da M\u00e3e de Deus.<\/p>\n<p>4. Somente ap\u00f3s se aproximar da sar\u00e7a ardente \u00e9 que Mois\u00e9s recebeu a autoridade e a capacidade para vencer os opressores do povo eleito. Somente aproximando-se de Nossa Senhora \u00e9 que os chefes do povo cat\u00f3lico poder\u00e3o vencer os inimigos e os opressores da verdadeira Igreja e da Cristandade.<\/p>\n<p>Em outras palavras, essa \u00e9 a condi\u00e7\u00e3o para os verdadeiros cat\u00f3licos desfazerem as tramas diab\u00f3licas e vencerem os promotores da Revolu\u00e7\u00e3o gn\u00f3stica e igualit\u00e1ria, como demonstrou o Prof. Plinio Corr\u00eaa de Oliveira em sua conhecida obra <em>Revolu\u00e7\u00e3o e Contra-Revolu\u00e7\u00e3o<\/em>.<\/p>\n<p><a name=\"_Toc125862025\"><\/a><a name=\"_Toc123816409\"><\/a><strong>VII \u2013 Manto de Gede\u00e3o(9)<\/strong><\/p>\n<p>Por volta do ano 1285 a.C., D\u00e9bora, Barac e Jael (Ju\u00edzes, 4 a 6) \u2013\u2013 que mataram o general S\u00edsara \u2013\u2013 libertaram o povo eleito do dom\u00ednio dos cananeus. Mas, por causa de suas reiteradas prevarica\u00e7\u00f5es, o povo eleito foi novamente entregue por Deus ao jugo, desta vez dos madianitas.<\/p>\n<p>Por\u00e9m, tendo-se de novo arrependido com cora\u00e7\u00e3o contrito, Deus encarregou Gede\u00e3o da miss\u00e3o de destruir o altar de Baal, erigido na cidade de nome Ofra, e de libertar o povo eleito da opress\u00e3o dos madianitas, estabelecidos nas plan\u00edcies de Jezrael.<\/p>\n<p>Sendo de car\u00e1ter t\u00edmido e vacilante,(10) Gede\u00e3o pediu dois prod\u00edgios como prova de que Deus iria lhe conceder a vit\u00f3ria sobre os inimigos. O primeiro consistiria em ele colocar um manto de l\u00e3 ao relento, durante a noite. Se o manto ficasse coberto de orvalho e a terra permanecesse seca ao redor dele, Gede\u00e3o estaria seguro de que Deus queria libertar Israel por interm\u00e9dio dele. Assim se fez.<\/p>\n<p>Na manh\u00e3 seguinte, ao espremer o manto, encheu-se um barril com o orvalho. O segundo prod\u00edgio pedido por Gede\u00e3o foi o contr\u00e1rio: que, colocado novamente ao relento durante a noite, apenas o manto permanecesse seco, e molhado tudo ao redor dele. De fato, na manh\u00e3 seguinte isso se cumpriu.<\/p>\n<p>Garantido com tais sinais, Gede\u00e3o, com apenas 300 guerreiros escolhidos, derrotou o inimigo, prendeu dois pr\u00edncipes madianitas e os matou.<\/p>\n<p>1. O manto de Gede\u00e3o era de um tecido feito de pele, coberto por uma l\u00e3 branca sem mancha. Nossa Senhora era a candura em pessoa: nos pensamentos, nos afetos, nas palavras e nas a\u00e7\u00f5es.<\/p>\n<p>2. O orvalho do c\u00e9u caiu sobre o manto de Gede\u00e3o. Sobre a Sant\u00edssima Virgem baixou, como d\u00e1diva de nosso resgate, o Verbo de Deus como <em>\u201cuma chuva sobre o manto\u201d. <\/em><\/p>\n<p>3. O manto ficou todo embebido do orvalho, enquanto tudo ao redor dele permaneceu seco. Somente Nossa Senhora, entre todas as criaturas da Terra, foi inundada, desde o primeiro instante de sua exist\u00eancia, do \u201corvalho\u201d da gra\u00e7a divina, enquanto as demais criaturas estavam \u201csecas\u201d devido \u00e0 culpa original e atual.<\/p>\n<p>4. O manto de Gede\u00e3o foi o estandarte da vit\u00f3ria. O mesmo se pode dizer de Nossa Senhora, m\u00e3e d\u2019Aquele que disse: <em>\u201cTende confian\u00e7a, Eu venci o mundo!\u201d <\/em>(Jn, 16,33).<\/p>\n<p>5. O manto de Gede\u00e3o, <em>\u201cembora proveniente do corpo, desconhece as suas paix\u00f5es\u201d <\/em>(S\u00e3o Jer\u00f4nimo). Maria Sant\u00edssima, sendo de carne humana como as demais pessoas, n\u00e3o teve nenhuma das debilidades da carne.<\/p>\n<p><strong>Fonte: <a href=\"http:\/\/www.catolicismo.com.br\/materia\/materia.cfm?IDmat=A1D6947D-3048-313C-2E1E9712973BBE9F&amp;mes=Maio2008&amp;pag=3\" target=\"_blank\" rel=\"noopener noreferrer\">Catolicismo<\/a><\/strong><a href=\"http:\/\/www.catolicismo.com.br\/materia\/materia.cfm?IDmat=A1D6947D-3048-313C-2E1E9712973BBE9F&amp;mes=Maio2008&amp;pag=3\" target=\"_blank\" rel=\"noopener noreferrer\"> <\/a><\/p>\n","protected":false},"excerpt":{"rendered":"<p>IV \u2013 Arco-\u00edris O primeiro ato de No\u00e9, ap\u00f3s sair da arca, foi construir um altar e oferecer um sacrif\u00edcio a Deus, pois era homem justo. \u201cJusto\u201d, na Sagrada Escritura, exprime retid\u00e3o no agir ou no proceder. Este ato de homenagem e gratid\u00e3o agradou muito ao Senhor. Em compensa\u00e7\u00e3o, ele fez a promessa a No\u00e9: [&hellip;]<\/p>\n","protected":false},"author":27,"featured_media":0,"comment_status":"open","ping_status":"open","sticky":false,"template":"","format":"standard","meta":[],"categories":[20],"tags":[38],"yoast_head":"<!-- This site is optimized with the Yoast SEO plugin v17.4 - https:\/\/yoast.com\/wordpress\/plugins\/seo\/ -->\n<title>Os doze emblemas da Sant\u00edssima Virgem - parte III - Associa\u00e7\u00e3o Devotos de F\u00e1tima<\/title>\n<meta name=\"robots\" content=\"index, follow, max-snippet:-1, max-image-preview:large, max-video-preview:-1\" \/>\n<link rel=\"canonical\" href=\"https:\/\/www.adf.org.br\/home\/os-doze-emblemas-da-santissima-virgem-parte-iii\/\" \/>\n<meta property=\"og:locale\" content=\"pt_BR\" \/>\n<meta property=\"og:type\" content=\"article\" \/>\n<meta property=\"og:title\" content=\"Os doze emblemas da Sant\u00edssima Virgem - parte III - Associa\u00e7\u00e3o Devotos de F\u00e1tima\" \/>\n<meta property=\"og:description\" content=\"IV \u2013 Arco-\u00edris O primeiro ato de No\u00e9, ap\u00f3s sair da arca, foi construir um altar e oferecer um sacrif\u00edcio a Deus, pois era homem justo. \u201cJusto\u201d, na Sagrada Escritura, exprime retid\u00e3o no agir ou no proceder. Este ato de homenagem e gratid\u00e3o agradou muito ao Senhor. Em compensa\u00e7\u00e3o, ele fez a promessa a No\u00e9: [&hellip;]\" \/>\n<meta property=\"og:url\" content=\"https:\/\/www.adf.org.br\/home\/os-doze-emblemas-da-santissima-virgem-parte-iii\/\" \/>\n<meta property=\"og:site_name\" content=\"Associa\u00e7\u00e3o Devotos de F\u00e1tima\" \/>\n<meta property=\"article:published_time\" content=\"2009-12-11T02:05:24+00:00\" \/>\n<meta property=\"og:image\" content=\"http:\/\/www.adf.org.br\/home\/wp-content\/uploads\/2009\/12\/NossaSenhora_China.jpg\" \/>\n<meta name=\"twitter:card\" content=\"summary_large_image\" \/>\n<meta name=\"twitter:label1\" content=\"Escrito por\" \/>\n\t<meta name=\"twitter:data1\" content=\"Gabriel Barbosa\" \/>\n\t<meta name=\"twitter:label2\" content=\"Est. tempo de leitura\" \/>\n\t<meta name=\"twitter:data2\" content=\"8 minutos\" \/>\n<script type=\"application\/ld+json\" class=\"yoast-schema-graph\">{\"@context\":\"https:\/\/schema.org\",\"@graph\":[{\"@type\":\"WebSite\",\"@id\":\"https:\/\/www.adf.org.br\/home\/#website\",\"url\":\"https:\/\/www.adf.org.br\/home\/\",\"name\":\"Associa\\u00e7\\u00e3o Devotos de F\\u00e1tima\",\"description\":\"Associa\\u00e7\\u00e3o Devotos de F\\u00e1tima\",\"potentialAction\":[{\"@type\":\"SearchAction\",\"target\":{\"@type\":\"EntryPoint\",\"urlTemplate\":\"https:\/\/www.adf.org.br\/home\/?s={search_term_string}\"},\"query-input\":\"required name=search_term_string\"}],\"inLanguage\":\"pt-BR\"},{\"@type\":\"ImageObject\",\"@id\":\"https:\/\/www.adf.org.br\/home\/os-doze-emblemas-da-santissima-virgem-parte-iii\/#primaryimage\",\"inLanguage\":\"pt-BR\",\"url\":\"http:\/\/www.adf.org.br\/home\/wp-content\/uploads\/2009\/12\/NossaSenhora_China.jpg\",\"contentUrl\":\"http:\/\/www.adf.org.br\/home\/wp-content\/uploads\/2009\/12\/NossaSenhora_China.jpg\"},{\"@type\":\"WebPage\",\"@id\":\"https:\/\/www.adf.org.br\/home\/os-doze-emblemas-da-santissima-virgem-parte-iii\/#webpage\",\"url\":\"https:\/\/www.adf.org.br\/home\/os-doze-emblemas-da-santissima-virgem-parte-iii\/\",\"name\":\"Os doze emblemas da Sant\\u00edssima Virgem - parte III - Associa\\u00e7\\u00e3o Devotos de F\\u00e1tima\",\"isPartOf\":{\"@id\":\"https:\/\/www.adf.org.br\/home\/#website\"},\"primaryImageOfPage\":{\"@id\":\"https:\/\/www.adf.org.br\/home\/os-doze-emblemas-da-santissima-virgem-parte-iii\/#primaryimage\"},\"datePublished\":\"2009-12-11T02:05:24+00:00\",\"dateModified\":\"2009-12-11T02:05:24+00:00\",\"author\":{\"@id\":\"https:\/\/www.adf.org.br\/home\/#\/schema\/person\/affa494ecf91434f3620f5392de44327\"},\"breadcrumb\":{\"@id\":\"https:\/\/www.adf.org.br\/home\/os-doze-emblemas-da-santissima-virgem-parte-iii\/#breadcrumb\"},\"inLanguage\":\"pt-BR\",\"potentialAction\":[{\"@type\":\"ReadAction\",\"target\":[\"https:\/\/www.adf.org.br\/home\/os-doze-emblemas-da-santissima-virgem-parte-iii\/\"]}]},{\"@type\":\"BreadcrumbList\",\"@id\":\"https:\/\/www.adf.org.br\/home\/os-doze-emblemas-da-santissima-virgem-parte-iii\/#breadcrumb\",\"itemListElement\":[{\"@type\":\"ListItem\",\"position\":1,\"name\":\"Home\",\"item\":\"https:\/\/www.adf.org.br\/home\/\"},{\"@type\":\"ListItem\",\"position\":2,\"name\":\"Os doze emblemas da Sant\\u00edssima Virgem &#8211; parte III\"}]},{\"@type\":\"Person\",\"@id\":\"https:\/\/www.adf.org.br\/home\/#\/schema\/person\/affa494ecf91434f3620f5392de44327\",\"name\":\"Gabriel Barbosa\",\"image\":{\"@type\":\"ImageObject\",\"@id\":\"https:\/\/www.adf.org.br\/home\/#personlogo\",\"inLanguage\":\"pt-BR\",\"url\":\"https:\/\/secure.gravatar.com\/avatar\/ecf2eab02e30486a7038f8b2858de06a?s=96&d=mm&r=g\",\"contentUrl\":\"https:\/\/secure.gravatar.com\/avatar\/ecf2eab02e30486a7038f8b2858de06a?s=96&d=mm&r=g\",\"caption\":\"Gabriel Barbosa\"},\"url\":\"https:\/\/www.adf.org.br\/home\/author\/gabriel-aascj\/\"}]}<\/script>\n<!-- \/ Yoast SEO plugin. -->","yoast_head_json":{"title":"Os doze emblemas da Sant\u00edssima Virgem - parte III - Associa\u00e7\u00e3o Devotos de F\u00e1tima","robots":{"index":"index","follow":"follow","max-snippet":"max-snippet:-1","max-image-preview":"max-image-preview:large","max-video-preview":"max-video-preview:-1"},"canonical":"https:\/\/www.adf.org.br\/home\/os-doze-emblemas-da-santissima-virgem-parte-iii\/","og_locale":"pt_BR","og_type":"article","og_title":"Os doze emblemas da Sant\u00edssima Virgem - parte III - Associa\u00e7\u00e3o Devotos de F\u00e1tima","og_description":"IV \u2013 Arco-\u00edris O primeiro ato de No\u00e9, ap\u00f3s sair da arca, foi construir um altar e oferecer um sacrif\u00edcio a Deus, pois era homem justo. \u201cJusto\u201d, na Sagrada Escritura, exprime retid\u00e3o no agir ou no proceder. Este ato de homenagem e gratid\u00e3o agradou muito ao Senhor. Em compensa\u00e7\u00e3o, ele fez a promessa a No\u00e9: [&hellip;]","og_url":"https:\/\/www.adf.org.br\/home\/os-doze-emblemas-da-santissima-virgem-parte-iii\/","og_site_name":"Associa\u00e7\u00e3o Devotos de F\u00e1tima","article_published_time":"2009-12-11T02:05:24+00:00","og_image":[{"url":"http:\/\/www.adf.org.br\/home\/wp-content\/uploads\/2009\/12\/NossaSenhora_China.jpg"}],"twitter_card":"summary_large_image","twitter_misc":{"Escrito por":"Gabriel Barbosa","Est. tempo de leitura":"8 minutos"},"schema":{"@context":"https:\/\/schema.org","@graph":[{"@type":"WebSite","@id":"https:\/\/www.adf.org.br\/home\/#website","url":"https:\/\/www.adf.org.br\/home\/","name":"Associa\u00e7\u00e3o Devotos de F\u00e1tima","description":"Associa\u00e7\u00e3o Devotos de F\u00e1tima","potentialAction":[{"@type":"SearchAction","target":{"@type":"EntryPoint","urlTemplate":"https:\/\/www.adf.org.br\/home\/?s={search_term_string}"},"query-input":"required name=search_term_string"}],"inLanguage":"pt-BR"},{"@type":"ImageObject","@id":"https:\/\/www.adf.org.br\/home\/os-doze-emblemas-da-santissima-virgem-parte-iii\/#primaryimage","inLanguage":"pt-BR","url":"http:\/\/www.adf.org.br\/home\/wp-content\/uploads\/2009\/12\/NossaSenhora_China.jpg","contentUrl":"http:\/\/www.adf.org.br\/home\/wp-content\/uploads\/2009\/12\/NossaSenhora_China.jpg"},{"@type":"WebPage","@id":"https:\/\/www.adf.org.br\/home\/os-doze-emblemas-da-santissima-virgem-parte-iii\/#webpage","url":"https:\/\/www.adf.org.br\/home\/os-doze-emblemas-da-santissima-virgem-parte-iii\/","name":"Os doze emblemas da Sant\u00edssima Virgem - parte III - Associa\u00e7\u00e3o Devotos de F\u00e1tima","isPartOf":{"@id":"https:\/\/www.adf.org.br\/home\/#website"},"primaryImageOfPage":{"@id":"https:\/\/www.adf.org.br\/home\/os-doze-emblemas-da-santissima-virgem-parte-iii\/#primaryimage"},"datePublished":"2009-12-11T02:05:24+00:00","dateModified":"2009-12-11T02:05:24+00:00","author":{"@id":"https:\/\/www.adf.org.br\/home\/#\/schema\/person\/affa494ecf91434f3620f5392de44327"},"breadcrumb":{"@id":"https:\/\/www.adf.org.br\/home\/os-doze-emblemas-da-santissima-virgem-parte-iii\/#breadcrumb"},"inLanguage":"pt-BR","potentialAction":[{"@type":"ReadAction","target":["https:\/\/www.adf.org.br\/home\/os-doze-emblemas-da-santissima-virgem-parte-iii\/"]}]},{"@type":"BreadcrumbList","@id":"https:\/\/www.adf.org.br\/home\/os-doze-emblemas-da-santissima-virgem-parte-iii\/#breadcrumb","itemListElement":[{"@type":"ListItem","position":1,"name":"Home","item":"https:\/\/www.adf.org.br\/home\/"},{"@type":"ListItem","position":2,"name":"Os doze emblemas da Sant\u00edssima Virgem &#8211; parte III"}]},{"@type":"Person","@id":"https:\/\/www.adf.org.br\/home\/#\/schema\/person\/affa494ecf91434f3620f5392de44327","name":"Gabriel Barbosa","image":{"@type":"ImageObject","@id":"https:\/\/www.adf.org.br\/home\/#personlogo","inLanguage":"pt-BR","url":"https:\/\/secure.gravatar.com\/avatar\/ecf2eab02e30486a7038f8b2858de06a?s=96&d=mm&r=g","contentUrl":"https:\/\/secure.gravatar.com\/avatar\/ecf2eab02e30486a7038f8b2858de06a?s=96&d=mm&r=g","caption":"Gabriel Barbosa"},"url":"https:\/\/www.adf.org.br\/home\/author\/gabriel-aascj\/"}]}},"_links":{"self":[{"href":"https:\/\/www.adf.org.br\/home\/wp-json\/wp\/v2\/posts\/1300"}],"collection":[{"href":"https:\/\/www.adf.org.br\/home\/wp-json\/wp\/v2\/posts"}],"about":[{"href":"https:\/\/www.adf.org.br\/home\/wp-json\/wp\/v2\/types\/post"}],"author":[{"embeddable":true,"href":"https:\/\/www.adf.org.br\/home\/wp-json\/wp\/v2\/users\/27"}],"replies":[{"embeddable":true,"href":"https:\/\/www.adf.org.br\/home\/wp-json\/wp\/v2\/comments?post=1300"}],"version-history":[{"count":0,"href":"https:\/\/www.adf.org.br\/home\/wp-json\/wp\/v2\/posts\/1300\/revisions"}],"wp:attachment":[{"href":"https:\/\/www.adf.org.br\/home\/wp-json\/wp\/v2\/media?parent=1300"}],"wp:term":[{"taxonomy":"category","embeddable":true,"href":"https:\/\/www.adf.org.br\/home\/wp-json\/wp\/v2\/categories?post=1300"},{"taxonomy":"post_tag","embeddable":true,"href":"https:\/\/www.adf.org.br\/home\/wp-json\/wp\/v2\/tags?post=1300"}],"curies":[{"name":"wp","href":"https:\/\/api.w.org\/{rel}","templated":true}]}}