{"id":1289,"date":"2009-12-09T00:04:57","date_gmt":"2009-12-09T02:04:57","guid":{"rendered":"http:\/\/www.adf.org.br\/home\/?p=1289"},"modified":"2009-12-09T00:04:57","modified_gmt":"2009-12-09T02:04:57","slug":"os-doze-emblemas-da-santissima-virgem-parte-i","status":"publish","type":"post","link":"https:\/\/www.adf.org.br\/home\/os-doze-emblemas-da-santissima-virgem-parte-i\/","title":{"rendered":"Os doze emblemas da Sant\u00edssima Virgem &#8211; parte I"},"content":{"rendered":"<p><em><strong>O presente artigo relaciona-se com outro, publicado pelo boletim, intitulado As prefiguras b\u00edblicas de Nossa Senhora: uma an\u00e1lise de personagens femininas do Antigo Testamento, cujas vidas prenunciaram a M\u00e3e de Deus. Trata-se de um aprofundamento, com vistas a auxiliar os leitores a adquirir maior conhecimento daquela que \u00e9 a obra-prima da cria\u00e7\u00e3o, e assim aumentar sua devo\u00e7\u00e3o a Ela. Por <\/strong><\/em><strong><span style=\"text-decoration: underline;\">Marcos Aur\u00e9lio Vieira<\/span><\/strong><\/p>\n<table border=\"0\" cellspacing=\"0\" cellpadding=\"10\" width=\"1\" align=\"left\">\n<tbody>\n<tr>\n<td>\u00a0<\/td>\n<\/tr>\n<\/tbody>\n<\/table>\n<p><!-- A1D9540C-3048-313C-2ECA7E28AE8B807C(2) --><span><img loading=\"lazy\" class=\"alignleft size-full wp-image-1290\" title=\"Capa_maio\" src=\"http:\/\/www.adf.org.br\/home\/wp-content\/uploads\/2009\/12\/Capa_maio.jpg\" alt=\"Capa_maio\" width=\"198\" height=\"265\" \/>A<\/span>o longo dos tempos, o conhecimento e a doutrina a respeito da Sant\u00edssima Virgem, bem como a devo\u00e7\u00e3o a Ela, desenvolvem-se segundo uma trajet\u00f3ria muito especial. N\u00e3o \u00e9 um crescimento sempre cont\u00ednuo, mas muitas vezes ritmado, como o movimento das ondas numa mar\u00e9 montante.<\/p>\n<p>As ondas erguem-se, atingem um cl\u00edmax e rebentam; depois retrocedem, at\u00e9 que a onda seguinte leve mais adiante o impulso da mar\u00e9. Trajet\u00f3ria que pode tamb\u00e9m ser comparada ao crescimento de uma \u00e1rvore. H\u00e1 sucessivas eclos\u00f5es primaveris, seguidas de repousos invernais. Cada per\u00edodo descobre mais algum tra\u00e7o da fisionomia da Virgem Sant\u00edssima.<\/p>\n<p>Em seu <em>Tratado da Verdadeira Devo\u00e7\u00e3o \u00e0 Sant\u00edssima Virgem,<\/em> S\u00e3o Lu\u00eds Maria Grignion de Montfort diz: <em>&#8220;A alma da Sant\u00edssima Virgem se comunicar\u00e1 a n\u00f3s para glorificar o Senhor; seu esp\u00edrito tomar\u00e1 o lugar vosso para regozijar-se em Deus, contanto que pratiqueis fielmente esta devo\u00e7\u00e3o\u201d.<\/em>(1)<\/p>\n<p>Como Nossa Senhora comunica sua alma e seu esp\u00edrito aos seus fi\u00e9is? Em que consiste tal comunica\u00e7\u00e3o?<\/p>\n<p>\u00c9 como que a infus\u00e3o em nossa alma da intelec\u00e7\u00e3o e do querer d\u2019Ela, iluminando a nossa compreens\u00e3o e movimentando a nossa vontade. \u00c9 um favor alt\u00edssimo e gratuito, pois receber algo da compreens\u00e3o, da for\u00e7a de vontade e da santidade da M\u00e3e de Deus \u00e9 um bem inating\u00edvel pelas nossas for\u00e7as.<\/p>\n<p>Basta ponderar que se trata da mais alta das meras criaturas. Uma santidade mais alta do que a de todos os anjos e todos os santos juntos, inferior apenas \u00e0 santidade infinita de Nosso Senhor Jesus Cristo, verdadeiro Deus e verdadeiro homem. Ao imp\u00e9rio de Nossa Senhora est\u00e1 submetido tudo o que existe abaixo de Deus.<\/p>\n<p>Tudo quanto \u00e9 meramente humano se desfaz com o tempo. Pelo contr\u00e1rio, o que \u00e9 de Nossa Senhora, por ser Ela cheia de gra\u00e7a, permanece. Unindo-nos assim \u00e0 Virgem Sant\u00edssima, nossos atos podem frutificar por tempo indeterminado, podem produzir conseq\u00fc\u00eancias boas at\u00e9 o fim do mundo.<\/p>\n<p>Podemos ter a esperan\u00e7a de que, praticando bem e fielmente a devo\u00e7\u00e3o verdadeira a Nossa Senhora, Ela nos comunicar\u00e1 o seu esp\u00edrito e a sua alma, donde efeitos maravilhosos se realizar\u00e3o em n\u00f3s e por meio de n\u00f3s.<\/p>\n<p><strong>Condi\u00e7\u00f5es para conhecer a Sant\u00edssima Virgem<\/strong><\/p>\n<p>Ainda no <em>Tratado da Verdadeira Devo\u00e7\u00e3o,<\/em> S\u00e3o Lu\u00eds Grignion de Montfort fala das condi\u00e7\u00f5es para o conhecimento da Sant\u00edssima Virgem. Segundo ele, a pessoa deve procurar primeiro limpar-se do esp\u00edrito do mundo. Mas, como em nossa \u00e9poca o esp\u00edrito que o mundo adotou \u00e9 um esp\u00edrito revolucion\u00e1rio, \u00e9 preciso primeiramente procurar desfazer-se da mentalidade da Revolu\u00e7\u00e3o universal, para que Nossa Senhora nos comunique seu entendimento das coisas, condi\u00e7\u00e3o pr\u00e9via para depois a amarmos, porque o reto amor nasce do reto conhecimento. S\u00f3 quando se conheceu bem \u00e9 que se ama retamente.<\/p>\n<p>E \u00e0 medida que se ama, o pr\u00f3prio amor leva a querer conhecer mais, como que empurra a alma nas vias do conhecimento. Portanto, o primeiro passo, depois da \u201climpeza preliminar\u201d da alma, \u00e9 conhecer bem Nossa Senhora. E S\u00e3o Lu\u00eds indica as condi\u00e7\u00f5es.<\/p>\n<p>A primeira condi\u00e7\u00e3o \u00e9, desde logo, a ora\u00e7\u00e3o. Mas ele especifica: Para este caso, n\u00e3o \u00e9 qualquer ora\u00e7\u00e3o, ela necessita ter como objetivo pedir o conhecimento da Sant\u00edssima Virgem. \u00c9 uma alt\u00edssima gra\u00e7a a se pedir a Deus Nosso Senhor. Rogar ao Divino Esp\u00edrito Santo \u2014 do qual exatamente partem as gra\u00e7as \u2014 que nos torne aptos a conhecer bem Nossa Senhora, a Esposa do Divino Esp\u00edrito Santo.(2)<\/p>\n<p><strong>Os doze emblemas da Sant\u00edssima Virgem<\/strong><\/p>\n<table border=\"0\" cellspacing=\"0\" cellpadding=\"10\" width=\"1\" align=\"left\">\n<tbody>\n<tr>\n<td>\u00a0<\/p>\n<p><figure id=\"attachment_1291\" aria-describedby=\"caption-attachment-1291\" style=\"width: 140px\" class=\"wp-caption alignleft\"><img loading=\"lazy\" class=\"size-full wp-image-1291\" title=\"Madona_manto_protetor\" src=\"http:\/\/www.adf.org.br\/home\/wp-content\/uploads\/2009\/12\/Madona_manto_protetor.jpg\" alt=\"Madona do Manto Protetor \" width=\"140\" height=\"265\" \/><figcaption id=\"caption-attachment-1291\" class=\"wp-caption-text\">Madona do Manto Protetor <\/figcaption><\/figure><\/td>\n<\/tr>\n<\/tbody>\n<\/table>\n<p>A fim de conhecermos bem e cada vez mais profundamente Nossa Senhora, trataremos aqui de seus emblemas, em continua\u00e7\u00e3o ao que aqui publicamos h\u00e1 dois anos, em nosso artigo sobre as prefiguras d\u2019Ela ao longo da Hist\u00f3ria.<\/p>\n<p>Da palavra \u201cemblema\u201d proveio o adjetivo \u201cemblem\u00e1tico\u201d. Deriva do latim (<em>emblema, atis<\/em>), que o tomou do grego (<em>emblema, atos<\/em>),(3) encerrando uma id\u00e9ia geralmente moral, apresentada atrav\u00e9s de um ser vivo ou objeto concreto.<\/p>\n<p>Exemplo de emblema pode-se notar no hino da Hora Prima, do <em>Pequeno Of\u00edcio da Imaculada Concei\u00e7\u00e3o:<\/em><\/p>\n<p><em>\u201cSalve, prudente Virgem, destinada<\/em><\/p>\n<p><em>Para dar ao Senhor digna morada.<\/em><\/p>\n<p><em>Com as <strong>sete colunas<\/strong> da Escritura,<\/em><\/p>\n<p><em>Do templo a mesa ornou-Vos em figura.<\/em><\/p>\n<p><em>Fostes livre do mal que o mundo espanta,<\/em><\/p>\n<p><em>E no seio materno, sempre santa.<\/em><\/p>\n<p><em>Porta dos Santos: Eva, m\u00e3e da vida.<\/em><\/p>\n<p><strong><em>Estrela de Jac\u00f3<\/em><\/strong><em> aparecida.<\/em><\/p>\n<p><em>Sois armado esquadr\u00e3o contra Luzbel;<\/em><\/p>\n<p><em>Sede amparo e ref\u00fagio \u00e0 grei fiel\u201d. <\/em><\/p>\n<p>As express\u00f5es <em>\u201csete colunas\u201d<\/em> e <em>\u201cestrela de Jac\u00f3\u201d<\/em> s\u00e3o emblem\u00e1ticas da Sant\u00edssima Virgem.<\/p>\n<p><strong>Diferen\u00e7a entre prefigura e emblema<\/strong><\/p>\n<p>Por uma s\u00e9rie de acontecimentos, epis\u00f3dios, etc., a Provid\u00eancia foi fazendo aparecer ao longo da Hist\u00f3ria personagens femininas que apresentassem tra\u00e7os d\u2019Aquela de quem Ele haveria de nascer. S\u00e3o as prefiguras.<\/p>\n<p>Por meio de sucessivas apresenta\u00e7\u00f5es, Deus forneceu, de um lado, os elementos para que nas <strong>prefiguras<\/strong> as pessoas retas fossem entrevendo a magnitude e a beleza de Nossa Senhora. De outro lado, aquelas prefiguras davam ensejo a que essas pessoas praticassem as virtudes de louvor, admira\u00e7\u00e3o, gratid\u00e3o e imita\u00e7\u00e3o, e de alguma forma cultuassem antecipadamente a futura M\u00e3e de Deus.<\/p>\n<p>A par disto, os <strong>emblemas <\/strong>\u2014 seres vivos ou objetos concretos \u2014, na medida em que foram surgindo, permitiam que as almas elevadas tamb\u00e9m fossem percebendo as sublimes <strong>fun\u00e7\u00f5es <\/strong>que Nossa Senhora haveria de exercer, e realmente exerce para sempre.<\/p>\n<p>Os doze principais emblemas abaixo comentados \u2014 relacionados em itens numerados com algarismos romanos \u2014 s\u00e3o simbolizados pelas doze estrelas que circundavam a fronte da Sant\u00edssima Virgem, vistas por S\u00e3o Jo\u00e3o Evangelista. Eles formam como que o diadema ao redor de sua formosa e radiante fronte. Diz S\u00e3o Jo\u00e3o: <em>\u201cApareceu em seguida um grande sinal no C\u00e9u: uma Mulher revestida de sol, a lua debaixo dos p\u00e9s, e na cabe\u00e7a uma coroa de doze estrelas\u201d<\/em>(Apoc. 12,1).<\/p>\n<p><strong>Fonte: <a href=\"http:\/\/www.catolicismo.com.br\/materia\/materia.cfm?idmat=A1D6947D-3048-313C-2E1E9712973BBE9F\" target=\"_blank\" rel=\"noopener noreferrer\">Catolicismo<\/a><\/strong><a href=\"http:\/\/www.catolicismo.com.br\/materia\/materia.cfm?idmat=A1D6947D-3048-313C-2E1E9712973BBE9F\" target=\"_blank\" rel=\"noopener noreferrer\"> <\/a><\/p>\n","protected":false},"excerpt":{"rendered":"<p>O presente artigo relaciona-se com outro, publicado pelo boletim, intitulado As prefiguras b\u00edblicas de Nossa Senhora: uma an\u00e1lise de personagens femininas do Antigo Testamento, cujas vidas prenunciaram a M\u00e3e de Deus. Trata-se de um aprofundamento, com vistas a auxiliar os leitores a adquirir maior conhecimento daquela que \u00e9 a obra-prima da cria\u00e7\u00e3o, e assim aumentar [&hellip;]<\/p>\n","protected":false},"author":27,"featured_media":0,"comment_status":"open","ping_status":"open","sticky":false,"template":"","format":"standard","meta":[],"categories":[20],"tags":[38],"yoast_head":"<!-- This site is optimized with the Yoast SEO plugin v17.4 - https:\/\/yoast.com\/wordpress\/plugins\/seo\/ -->\n<title>Os doze emblemas da Sant\u00edssima Virgem - parte I - Associa\u00e7\u00e3o Devotos de F\u00e1tima<\/title>\n<meta name=\"robots\" content=\"index, follow, max-snippet:-1, max-image-preview:large, max-video-preview:-1\" \/>\n<link rel=\"canonical\" href=\"https:\/\/www.adf.org.br\/home\/os-doze-emblemas-da-santissima-virgem-parte-i\/\" \/>\n<meta property=\"og:locale\" content=\"pt_BR\" \/>\n<meta property=\"og:type\" content=\"article\" \/>\n<meta property=\"og:title\" content=\"Os doze emblemas da Sant\u00edssima Virgem - parte I - Associa\u00e7\u00e3o Devotos de F\u00e1tima\" \/>\n<meta property=\"og:description\" content=\"O presente artigo relaciona-se com outro, publicado pelo boletim, intitulado As prefiguras b\u00edblicas de Nossa Senhora: uma an\u00e1lise de personagens femininas do Antigo Testamento, cujas vidas prenunciaram a M\u00e3e de Deus. Trata-se de um aprofundamento, com vistas a auxiliar os leitores a adquirir maior conhecimento daquela que \u00e9 a obra-prima da cria\u00e7\u00e3o, e assim aumentar [&hellip;]\" \/>\n<meta property=\"og:url\" content=\"https:\/\/www.adf.org.br\/home\/os-doze-emblemas-da-santissima-virgem-parte-i\/\" \/>\n<meta property=\"og:site_name\" content=\"Associa\u00e7\u00e3o Devotos de F\u00e1tima\" \/>\n<meta property=\"article:published_time\" content=\"2009-12-09T02:04:57+00:00\" \/>\n<meta property=\"og:image\" content=\"http:\/\/www.adf.org.br\/home\/wp-content\/uploads\/2009\/12\/Capa_maio.jpg\" \/>\n<meta name=\"twitter:card\" content=\"summary_large_image\" \/>\n<meta name=\"twitter:label1\" content=\"Escrito por\" \/>\n\t<meta name=\"twitter:data1\" content=\"Gabriel Barbosa\" \/>\n\t<meta name=\"twitter:label2\" content=\"Est. tempo de leitura\" \/>\n\t<meta name=\"twitter:data2\" content=\"6 minutos\" \/>\n<script type=\"application\/ld+json\" class=\"yoast-schema-graph\">{\"@context\":\"https:\/\/schema.org\",\"@graph\":[{\"@type\":\"WebSite\",\"@id\":\"https:\/\/www.adf.org.br\/home\/#website\",\"url\":\"https:\/\/www.adf.org.br\/home\/\",\"name\":\"Associa\\u00e7\\u00e3o Devotos de F\\u00e1tima\",\"description\":\"Associa\\u00e7\\u00e3o Devotos de F\\u00e1tima\",\"potentialAction\":[{\"@type\":\"SearchAction\",\"target\":{\"@type\":\"EntryPoint\",\"urlTemplate\":\"https:\/\/www.adf.org.br\/home\/?s={search_term_string}\"},\"query-input\":\"required name=search_term_string\"}],\"inLanguage\":\"pt-BR\"},{\"@type\":\"ImageObject\",\"@id\":\"https:\/\/www.adf.org.br\/home\/os-doze-emblemas-da-santissima-virgem-parte-i\/#primaryimage\",\"inLanguage\":\"pt-BR\",\"url\":\"http:\/\/www.adf.org.br\/home\/wp-content\/uploads\/2009\/12\/Capa_maio.jpg\",\"contentUrl\":\"http:\/\/www.adf.org.br\/home\/wp-content\/uploads\/2009\/12\/Capa_maio.jpg\"},{\"@type\":\"WebPage\",\"@id\":\"https:\/\/www.adf.org.br\/home\/os-doze-emblemas-da-santissima-virgem-parte-i\/#webpage\",\"url\":\"https:\/\/www.adf.org.br\/home\/os-doze-emblemas-da-santissima-virgem-parte-i\/\",\"name\":\"Os doze emblemas da Sant\\u00edssima Virgem - parte I - Associa\\u00e7\\u00e3o Devotos de F\\u00e1tima\",\"isPartOf\":{\"@id\":\"https:\/\/www.adf.org.br\/home\/#website\"},\"primaryImageOfPage\":{\"@id\":\"https:\/\/www.adf.org.br\/home\/os-doze-emblemas-da-santissima-virgem-parte-i\/#primaryimage\"},\"datePublished\":\"2009-12-09T02:04:57+00:00\",\"dateModified\":\"2009-12-09T02:04:57+00:00\",\"author\":{\"@id\":\"https:\/\/www.adf.org.br\/home\/#\/schema\/person\/affa494ecf91434f3620f5392de44327\"},\"breadcrumb\":{\"@id\":\"https:\/\/www.adf.org.br\/home\/os-doze-emblemas-da-santissima-virgem-parte-i\/#breadcrumb\"},\"inLanguage\":\"pt-BR\",\"potentialAction\":[{\"@type\":\"ReadAction\",\"target\":[\"https:\/\/www.adf.org.br\/home\/os-doze-emblemas-da-santissima-virgem-parte-i\/\"]}]},{\"@type\":\"BreadcrumbList\",\"@id\":\"https:\/\/www.adf.org.br\/home\/os-doze-emblemas-da-santissima-virgem-parte-i\/#breadcrumb\",\"itemListElement\":[{\"@type\":\"ListItem\",\"position\":1,\"name\":\"Home\",\"item\":\"https:\/\/www.adf.org.br\/home\/\"},{\"@type\":\"ListItem\",\"position\":2,\"name\":\"Os doze emblemas da Sant\\u00edssima Virgem &#8211; parte I\"}]},{\"@type\":\"Person\",\"@id\":\"https:\/\/www.adf.org.br\/home\/#\/schema\/person\/affa494ecf91434f3620f5392de44327\",\"name\":\"Gabriel Barbosa\",\"image\":{\"@type\":\"ImageObject\",\"@id\":\"https:\/\/www.adf.org.br\/home\/#personlogo\",\"inLanguage\":\"pt-BR\",\"url\":\"https:\/\/secure.gravatar.com\/avatar\/ecf2eab02e30486a7038f8b2858de06a?s=96&d=mm&r=g\",\"contentUrl\":\"https:\/\/secure.gravatar.com\/avatar\/ecf2eab02e30486a7038f8b2858de06a?s=96&d=mm&r=g\",\"caption\":\"Gabriel Barbosa\"},\"url\":\"https:\/\/www.adf.org.br\/home\/author\/gabriel-aascj\/\"}]}<\/script>\n<!-- \/ Yoast SEO plugin. -->","yoast_head_json":{"title":"Os doze emblemas da Sant\u00edssima Virgem - parte I - Associa\u00e7\u00e3o Devotos de F\u00e1tima","robots":{"index":"index","follow":"follow","max-snippet":"max-snippet:-1","max-image-preview":"max-image-preview:large","max-video-preview":"max-video-preview:-1"},"canonical":"https:\/\/www.adf.org.br\/home\/os-doze-emblemas-da-santissima-virgem-parte-i\/","og_locale":"pt_BR","og_type":"article","og_title":"Os doze emblemas da Sant\u00edssima Virgem - parte I - Associa\u00e7\u00e3o Devotos de F\u00e1tima","og_description":"O presente artigo relaciona-se com outro, publicado pelo boletim, intitulado As prefiguras b\u00edblicas de Nossa Senhora: uma an\u00e1lise de personagens femininas do Antigo Testamento, cujas vidas prenunciaram a M\u00e3e de Deus. Trata-se de um aprofundamento, com vistas a auxiliar os leitores a adquirir maior conhecimento daquela que \u00e9 a obra-prima da cria\u00e7\u00e3o, e assim aumentar [&hellip;]","og_url":"https:\/\/www.adf.org.br\/home\/os-doze-emblemas-da-santissima-virgem-parte-i\/","og_site_name":"Associa\u00e7\u00e3o Devotos de F\u00e1tima","article_published_time":"2009-12-09T02:04:57+00:00","og_image":[{"url":"http:\/\/www.adf.org.br\/home\/wp-content\/uploads\/2009\/12\/Capa_maio.jpg"}],"twitter_card":"summary_large_image","twitter_misc":{"Escrito por":"Gabriel Barbosa","Est. tempo de leitura":"6 minutos"},"schema":{"@context":"https:\/\/schema.org","@graph":[{"@type":"WebSite","@id":"https:\/\/www.adf.org.br\/home\/#website","url":"https:\/\/www.adf.org.br\/home\/","name":"Associa\u00e7\u00e3o Devotos de F\u00e1tima","description":"Associa\u00e7\u00e3o Devotos de F\u00e1tima","potentialAction":[{"@type":"SearchAction","target":{"@type":"EntryPoint","urlTemplate":"https:\/\/www.adf.org.br\/home\/?s={search_term_string}"},"query-input":"required name=search_term_string"}],"inLanguage":"pt-BR"},{"@type":"ImageObject","@id":"https:\/\/www.adf.org.br\/home\/os-doze-emblemas-da-santissima-virgem-parte-i\/#primaryimage","inLanguage":"pt-BR","url":"http:\/\/www.adf.org.br\/home\/wp-content\/uploads\/2009\/12\/Capa_maio.jpg","contentUrl":"http:\/\/www.adf.org.br\/home\/wp-content\/uploads\/2009\/12\/Capa_maio.jpg"},{"@type":"WebPage","@id":"https:\/\/www.adf.org.br\/home\/os-doze-emblemas-da-santissima-virgem-parte-i\/#webpage","url":"https:\/\/www.adf.org.br\/home\/os-doze-emblemas-da-santissima-virgem-parte-i\/","name":"Os doze emblemas da Sant\u00edssima Virgem - parte I - Associa\u00e7\u00e3o Devotos de F\u00e1tima","isPartOf":{"@id":"https:\/\/www.adf.org.br\/home\/#website"},"primaryImageOfPage":{"@id":"https:\/\/www.adf.org.br\/home\/os-doze-emblemas-da-santissima-virgem-parte-i\/#primaryimage"},"datePublished":"2009-12-09T02:04:57+00:00","dateModified":"2009-12-09T02:04:57+00:00","author":{"@id":"https:\/\/www.adf.org.br\/home\/#\/schema\/person\/affa494ecf91434f3620f5392de44327"},"breadcrumb":{"@id":"https:\/\/www.adf.org.br\/home\/os-doze-emblemas-da-santissima-virgem-parte-i\/#breadcrumb"},"inLanguage":"pt-BR","potentialAction":[{"@type":"ReadAction","target":["https:\/\/www.adf.org.br\/home\/os-doze-emblemas-da-santissima-virgem-parte-i\/"]}]},{"@type":"BreadcrumbList","@id":"https:\/\/www.adf.org.br\/home\/os-doze-emblemas-da-santissima-virgem-parte-i\/#breadcrumb","itemListElement":[{"@type":"ListItem","position":1,"name":"Home","item":"https:\/\/www.adf.org.br\/home\/"},{"@type":"ListItem","position":2,"name":"Os doze emblemas da Sant\u00edssima Virgem &#8211; parte I"}]},{"@type":"Person","@id":"https:\/\/www.adf.org.br\/home\/#\/schema\/person\/affa494ecf91434f3620f5392de44327","name":"Gabriel Barbosa","image":{"@type":"ImageObject","@id":"https:\/\/www.adf.org.br\/home\/#personlogo","inLanguage":"pt-BR","url":"https:\/\/secure.gravatar.com\/avatar\/ecf2eab02e30486a7038f8b2858de06a?s=96&d=mm&r=g","contentUrl":"https:\/\/secure.gravatar.com\/avatar\/ecf2eab02e30486a7038f8b2858de06a?s=96&d=mm&r=g","caption":"Gabriel Barbosa"},"url":"https:\/\/www.adf.org.br\/home\/author\/gabriel-aascj\/"}]}},"_links":{"self":[{"href":"https:\/\/www.adf.org.br\/home\/wp-json\/wp\/v2\/posts\/1289"}],"collection":[{"href":"https:\/\/www.adf.org.br\/home\/wp-json\/wp\/v2\/posts"}],"about":[{"href":"https:\/\/www.adf.org.br\/home\/wp-json\/wp\/v2\/types\/post"}],"author":[{"embeddable":true,"href":"https:\/\/www.adf.org.br\/home\/wp-json\/wp\/v2\/users\/27"}],"replies":[{"embeddable":true,"href":"https:\/\/www.adf.org.br\/home\/wp-json\/wp\/v2\/comments?post=1289"}],"version-history":[{"count":0,"href":"https:\/\/www.adf.org.br\/home\/wp-json\/wp\/v2\/posts\/1289\/revisions"}],"wp:attachment":[{"href":"https:\/\/www.adf.org.br\/home\/wp-json\/wp\/v2\/media?parent=1289"}],"wp:term":[{"taxonomy":"category","embeddable":true,"href":"https:\/\/www.adf.org.br\/home\/wp-json\/wp\/v2\/categories?post=1289"},{"taxonomy":"post_tag","embeddable":true,"href":"https:\/\/www.adf.org.br\/home\/wp-json\/wp\/v2\/tags?post=1289"}],"curies":[{"name":"wp","href":"https:\/\/api.w.org\/{rel}","templated":true}]}}