{"id":12643,"date":"2012-01-31T00:00:25","date_gmt":"2012-01-31T02:00:25","guid":{"rendered":"http:\/\/www.adf.org.br\/home\/?p=12643"},"modified":"2012-01-31T00:00:25","modified_gmt":"2012-01-31T02:00:25","slug":"bispos-nigerianos-em-favor-da-punicao-do-casamento-homossexual","status":"publish","type":"post","link":"https:\/\/www.adf.org.br\/home\/bispos-nigerianos-em-favor-da-punicao-do-casamento-homossexual\/","title":{"rendered":"Bispos nigerianos em favor da puni\u00e7\u00e3o do &#8220;casamento&#8221; homossexual"},"content":{"rendered":"<p class=\"mceTemp\">\n<dl id=\"attachment_12646\" class=\"wp-caption alignleft\" style=\"width: 210px;\">\n<dt class=\"wp-caption-dt\"><a rel=\"attachment wp-att-12646\" href=\"http:\/\/www.adf.org.br\/home\/2012\/01\/bispos-nigerianos-em-favor-da-punicao-do-casamento-homossexual\/bispos-nigerianos\/\"><img loading=\"lazy\" class=\"size-full wp-image-12646\" title=\"Bispos nigerianos\" src=\"http:\/\/www.adf.org.br\/home\/wp-content\/uploads\/2012\/01\/Bispos-nigerianos.jpg\" alt=\"\" width=\"200\" height=\"150\" \/><\/a><\/dt>\n<dd class=\"wp-caption-dd\" style=\"text-align: center;\"><span style=\"color: #0000ff;\">Bispos nigerianos<\/span><\/dd>\n<\/dl>\n<p>A  Confer\u00eancia Nacional dos Bispos da Nig\u00e9ria elogiou a aprova\u00e7\u00e3o pelo  Senado do pa\u00eds de projeto tornando ilegais as \u201cuni\u00f5es de casais do mesmo  sexo\u201d bem como as manifesta\u00e7\u00f5es p\u00fablicas de homossexualidade. Para os bispos,\u00a0<strong>a decis\u00e3o dos senadores foi \u201ccorajosa e promotora de esperan\u00e7a\u201d. <\/strong><\/p>\n<p>Aprovada  em 29 de novembro, a lei suscitou uma tempestade de queixas e amea\u00e7as  partidas de chefes de Estado estrangeiros, como o primeiro-ministro  ingl\u00eas David Cameron e do Obama.<\/p>\n<p>Em 7 de dezembro, a Confer\u00eancia Episcopal da Nig\u00e9ria emitiu declara\u00e7\u00e3o dizendo: \u201c<strong>Queremos  apoiar firmemente a proibi\u00e7\u00e3o da uni\u00e3o do mesmo sexo como express\u00e3o ao  mesmo tempo de nossos valores culturais nigerianos e de nossas cren\u00e7as  religiosas enquanto crist\u00e3os<\/strong>\u201d.<\/p>\n<p>Tamb\u00e9m a declara\u00e7\u00e3o episcopal causou mal-estar no exterior e at\u00e9 entre proeminentes bispos cat\u00f3licos. Entre estes, a ag\u00eancia <em>LifeSiteNews<\/em> cita  o arcebispo de Westminster, Inglaterra, Mons. Vincent Nichols, que se  manifestou num sentido favor\u00e1vel a essas uni\u00f5es sodom\u00edticas.<\/p>\n<p>Os bispos nigerianos insistiram em que<strong> a proibi\u00e7\u00e3o de atos p\u00fablicos de \u201cafeto\u201d homossexuais \u00e9 \u201cessencial para a sa\u00fade moral do pa\u00eds<\/strong>\u201d. \u201cMuito longe de ser uma nega\u00e7\u00e3o de um direito fundamental de alguns nigerianos que adotem essas condutas,<strong> a proibi\u00e7\u00e3o protege nossa sociedade da usurpa\u00e7\u00e3o de seu direito \u00e0 sa\u00fade moral e \u00e0 dec\u00eancia cultural<\/strong>\u201d, explicaram.<\/p>\n<p>Os  bispos est\u00e3o bem conscientes de que a \u201cNig\u00e9ria de fato foi interpelada  diretamente por alguns pa\u00edses ocidentais para reverter essa decis\u00e3o sob  pena de perder certas ajudas e apoios\u201d.<\/p>\n<p>A  coragem do povo nigeriano, manifestada por seus legisladores e bispos,  enfrentou as press\u00f5es da Inglaterra, Canad\u00e1 e outros pa\u00edses  \u201ccivilizados\u201d que exigem dos pa\u00edses africanos rescindir suas leis pela  fam\u00edlia.<\/p>\n<p>A  lei ainda deve voltar \u00e0 C\u00e2mara e ser assinada pelo presidente Goodluck  Jonathan. Da\u00ed a import\u00e2ncia das press\u00f5es externas, pois os legisladores  nigerianos defendem o pensamento e os costumes dos eleitores  massivamente contr\u00e1rios a uma uni\u00e3o contr\u00e1ria \u00e0 Lei de Deus e da Ordem  Natural.<\/p>\n<p>Os prelados acrescentaram:<strong> \u201cDeclaramos  que pa\u00eds algum tem o direito de impor a outro, normas que visam  subverter nossos valores culturais e sociais s\u00f3 para satisfazer a  ex\u00f3ticos desejos e tend\u00eancias de alguns poucos\u201d.<\/strong><\/p>\n<p><em>Fonte: site de Dom Bergonzini<\/em><strong><br \/>\n <\/strong><\/p>\n","protected":false},"excerpt":{"rendered":"<p>Bispos nigerianos A Confer\u00eancia Nacional dos Bispos da Nig\u00e9ria elogiou a aprova\u00e7\u00e3o pelo Senado do pa\u00eds de projeto tornando ilegais as \u201cuni\u00f5es de casais do mesmo sexo\u201d bem como as manifesta\u00e7\u00f5es p\u00fablicas de homossexualidade. Para os bispos,\u00a0a decis\u00e3o dos senadores foi \u201ccorajosa e promotora de esperan\u00e7a\u201d. Aprovada em 29 de novembro, a lei suscitou uma [&hellip;]<\/p>\n","protected":false},"author":31,"featured_media":0,"comment_status":"open","ping_status":"open","sticky":false,"template":"","format":"standard","meta":[],"categories":[20],"tags":[265],"yoast_head":"<!-- This site is optimized with the Yoast SEO plugin v17.4 - https:\/\/yoast.com\/wordpress\/plugins\/seo\/ -->\n<title>Bispos nigerianos em favor da puni\u00e7\u00e3o do &quot;casamento&quot; homossexual - Associa\u00e7\u00e3o Devotos de F\u00e1tima<\/title>\n<meta name=\"robots\" content=\"index, follow, max-snippet:-1, max-image-preview:large, max-video-preview:-1\" \/>\n<link rel=\"canonical\" href=\"https:\/\/www.adf.org.br\/home\/bispos-nigerianos-em-favor-da-punicao-do-casamento-homossexual\/\" \/>\n<meta property=\"og:locale\" content=\"pt_BR\" \/>\n<meta property=\"og:type\" content=\"article\" \/>\n<meta property=\"og:title\" content=\"Bispos nigerianos em favor da puni\u00e7\u00e3o do &quot;casamento&quot; homossexual - Associa\u00e7\u00e3o Devotos de F\u00e1tima\" \/>\n<meta property=\"og:description\" content=\"Bispos nigerianos A Confer\u00eancia Nacional dos Bispos da Nig\u00e9ria elogiou a aprova\u00e7\u00e3o pelo Senado do pa\u00eds de projeto tornando ilegais as \u201cuni\u00f5es de casais do mesmo sexo\u201d bem como as manifesta\u00e7\u00f5es p\u00fablicas de homossexualidade. Para os bispos,\u00a0a decis\u00e3o dos senadores foi \u201ccorajosa e promotora de esperan\u00e7a\u201d. Aprovada em 29 de novembro, a lei suscitou uma [&hellip;]\" \/>\n<meta property=\"og:url\" content=\"https:\/\/www.adf.org.br\/home\/bispos-nigerianos-em-favor-da-punicao-do-casamento-homossexual\/\" \/>\n<meta property=\"og:site_name\" content=\"Associa\u00e7\u00e3o Devotos de F\u00e1tima\" \/>\n<meta property=\"article:published_time\" content=\"2012-01-31T02:00:25+00:00\" \/>\n<meta property=\"og:image\" content=\"http:\/\/www.adf.org.br\/home\/wp-content\/uploads\/2012\/01\/Bispos-nigerianos.jpg\" \/>\n<meta name=\"twitter:card\" content=\"summary_large_image\" \/>\n<meta name=\"twitter:label1\" content=\"Escrito por\" \/>\n\t<meta name=\"twitter:data1\" content=\"Gabriel Barbosa\" \/>\n\t<meta name=\"twitter:label2\" content=\"Est. tempo de leitura\" \/>\n\t<meta name=\"twitter:data2\" content=\"2 minutos\" \/>\n<script type=\"application\/ld+json\" class=\"yoast-schema-graph\">{\"@context\":\"https:\/\/schema.org\",\"@graph\":[{\"@type\":\"WebSite\",\"@id\":\"https:\/\/www.adf.org.br\/home\/#website\",\"url\":\"https:\/\/www.adf.org.br\/home\/\",\"name\":\"Associa\\u00e7\\u00e3o Devotos de F\\u00e1tima\",\"description\":\"Associa\\u00e7\\u00e3o Devotos de F\\u00e1tima\",\"potentialAction\":[{\"@type\":\"SearchAction\",\"target\":{\"@type\":\"EntryPoint\",\"urlTemplate\":\"https:\/\/www.adf.org.br\/home\/?s={search_term_string}\"},\"query-input\":\"required name=search_term_string\"}],\"inLanguage\":\"pt-BR\"},{\"@type\":\"ImageObject\",\"@id\":\"https:\/\/www.adf.org.br\/home\/bispos-nigerianos-em-favor-da-punicao-do-casamento-homossexual\/#primaryimage\",\"inLanguage\":\"pt-BR\",\"url\":\"http:\/\/www.adf.org.br\/home\/wp-content\/uploads\/2012\/01\/Bispos-nigerianos.jpg\",\"contentUrl\":\"http:\/\/www.adf.org.br\/home\/wp-content\/uploads\/2012\/01\/Bispos-nigerianos.jpg\"},{\"@type\":\"WebPage\",\"@id\":\"https:\/\/www.adf.org.br\/home\/bispos-nigerianos-em-favor-da-punicao-do-casamento-homossexual\/#webpage\",\"url\":\"https:\/\/www.adf.org.br\/home\/bispos-nigerianos-em-favor-da-punicao-do-casamento-homossexual\/\",\"name\":\"Bispos nigerianos em favor da puni\\u00e7\\u00e3o do \\\"casamento\\\" homossexual - Associa\\u00e7\\u00e3o Devotos de F\\u00e1tima\",\"isPartOf\":{\"@id\":\"https:\/\/www.adf.org.br\/home\/#website\"},\"primaryImageOfPage\":{\"@id\":\"https:\/\/www.adf.org.br\/home\/bispos-nigerianos-em-favor-da-punicao-do-casamento-homossexual\/#primaryimage\"},\"datePublished\":\"2012-01-31T02:00:25+00:00\",\"dateModified\":\"2012-01-31T02:00:25+00:00\",\"author\":{\"@id\":\"https:\/\/www.adf.org.br\/home\/#\/schema\/person\/f35a5c5aa7728a3dedf4ea9aa1fc2753\"},\"breadcrumb\":{\"@id\":\"https:\/\/www.adf.org.br\/home\/bispos-nigerianos-em-favor-da-punicao-do-casamento-homossexual\/#breadcrumb\"},\"inLanguage\":\"pt-BR\",\"potentialAction\":[{\"@type\":\"ReadAction\",\"target\":[\"https:\/\/www.adf.org.br\/home\/bispos-nigerianos-em-favor-da-punicao-do-casamento-homossexual\/\"]}]},{\"@type\":\"BreadcrumbList\",\"@id\":\"https:\/\/www.adf.org.br\/home\/bispos-nigerianos-em-favor-da-punicao-do-casamento-homossexual\/#breadcrumb\",\"itemListElement\":[{\"@type\":\"ListItem\",\"position\":1,\"name\":\"Home\",\"item\":\"https:\/\/www.adf.org.br\/home\/\"},{\"@type\":\"ListItem\",\"position\":2,\"name\":\"Bispos nigerianos em favor da puni\\u00e7\\u00e3o do &#8220;casamento&#8221; homossexual\"}]},{\"@type\":\"Person\",\"@id\":\"https:\/\/www.adf.org.br\/home\/#\/schema\/person\/f35a5c5aa7728a3dedf4ea9aa1fc2753\",\"name\":\"Gabriel Barbosa\",\"image\":{\"@type\":\"ImageObject\",\"@id\":\"https:\/\/www.adf.org.br\/home\/#personlogo\",\"inLanguage\":\"pt-BR\",\"url\":\"https:\/\/secure.gravatar.com\/avatar\/2b2cb2f4637682c5605e8d36818f51ef?s=96&d=mm&r=g\",\"contentUrl\":\"https:\/\/secure.gravatar.com\/avatar\/2b2cb2f4637682c5605e8d36818f51ef?s=96&d=mm&r=g\",\"caption\":\"Gabriel Barbosa\"},\"url\":\"https:\/\/www.adf.org.br\/home\/author\/gabrielpmk-com-br\/\"}]}<\/script>\n<!-- \/ Yoast SEO plugin. -->","yoast_head_json":{"title":"Bispos nigerianos em favor da puni\u00e7\u00e3o do \"casamento\" homossexual - Associa\u00e7\u00e3o Devotos de F\u00e1tima","robots":{"index":"index","follow":"follow","max-snippet":"max-snippet:-1","max-image-preview":"max-image-preview:large","max-video-preview":"max-video-preview:-1"},"canonical":"https:\/\/www.adf.org.br\/home\/bispos-nigerianos-em-favor-da-punicao-do-casamento-homossexual\/","og_locale":"pt_BR","og_type":"article","og_title":"Bispos nigerianos em favor da puni\u00e7\u00e3o do \"casamento\" homossexual - Associa\u00e7\u00e3o Devotos de F\u00e1tima","og_description":"Bispos nigerianos A Confer\u00eancia Nacional dos Bispos da Nig\u00e9ria elogiou a aprova\u00e7\u00e3o pelo Senado do pa\u00eds de projeto tornando ilegais as \u201cuni\u00f5es de casais do mesmo sexo\u201d bem como as manifesta\u00e7\u00f5es p\u00fablicas de homossexualidade. Para os bispos,\u00a0a decis\u00e3o dos senadores foi \u201ccorajosa e promotora de esperan\u00e7a\u201d. Aprovada em 29 de novembro, a lei suscitou uma [&hellip;]","og_url":"https:\/\/www.adf.org.br\/home\/bispos-nigerianos-em-favor-da-punicao-do-casamento-homossexual\/","og_site_name":"Associa\u00e7\u00e3o Devotos de F\u00e1tima","article_published_time":"2012-01-31T02:00:25+00:00","og_image":[{"url":"http:\/\/www.adf.org.br\/home\/wp-content\/uploads\/2012\/01\/Bispos-nigerianos.jpg"}],"twitter_card":"summary_large_image","twitter_misc":{"Escrito por":"Gabriel Barbosa","Est. tempo de leitura":"2 minutos"},"schema":{"@context":"https:\/\/schema.org","@graph":[{"@type":"WebSite","@id":"https:\/\/www.adf.org.br\/home\/#website","url":"https:\/\/www.adf.org.br\/home\/","name":"Associa\u00e7\u00e3o Devotos de F\u00e1tima","description":"Associa\u00e7\u00e3o Devotos de F\u00e1tima","potentialAction":[{"@type":"SearchAction","target":{"@type":"EntryPoint","urlTemplate":"https:\/\/www.adf.org.br\/home\/?s={search_term_string}"},"query-input":"required name=search_term_string"}],"inLanguage":"pt-BR"},{"@type":"ImageObject","@id":"https:\/\/www.adf.org.br\/home\/bispos-nigerianos-em-favor-da-punicao-do-casamento-homossexual\/#primaryimage","inLanguage":"pt-BR","url":"http:\/\/www.adf.org.br\/home\/wp-content\/uploads\/2012\/01\/Bispos-nigerianos.jpg","contentUrl":"http:\/\/www.adf.org.br\/home\/wp-content\/uploads\/2012\/01\/Bispos-nigerianos.jpg"},{"@type":"WebPage","@id":"https:\/\/www.adf.org.br\/home\/bispos-nigerianos-em-favor-da-punicao-do-casamento-homossexual\/#webpage","url":"https:\/\/www.adf.org.br\/home\/bispos-nigerianos-em-favor-da-punicao-do-casamento-homossexual\/","name":"Bispos nigerianos em favor da puni\u00e7\u00e3o do \"casamento\" homossexual - Associa\u00e7\u00e3o Devotos de F\u00e1tima","isPartOf":{"@id":"https:\/\/www.adf.org.br\/home\/#website"},"primaryImageOfPage":{"@id":"https:\/\/www.adf.org.br\/home\/bispos-nigerianos-em-favor-da-punicao-do-casamento-homossexual\/#primaryimage"},"datePublished":"2012-01-31T02:00:25+00:00","dateModified":"2012-01-31T02:00:25+00:00","author":{"@id":"https:\/\/www.adf.org.br\/home\/#\/schema\/person\/f35a5c5aa7728a3dedf4ea9aa1fc2753"},"breadcrumb":{"@id":"https:\/\/www.adf.org.br\/home\/bispos-nigerianos-em-favor-da-punicao-do-casamento-homossexual\/#breadcrumb"},"inLanguage":"pt-BR","potentialAction":[{"@type":"ReadAction","target":["https:\/\/www.adf.org.br\/home\/bispos-nigerianos-em-favor-da-punicao-do-casamento-homossexual\/"]}]},{"@type":"BreadcrumbList","@id":"https:\/\/www.adf.org.br\/home\/bispos-nigerianos-em-favor-da-punicao-do-casamento-homossexual\/#breadcrumb","itemListElement":[{"@type":"ListItem","position":1,"name":"Home","item":"https:\/\/www.adf.org.br\/home\/"},{"@type":"ListItem","position":2,"name":"Bispos nigerianos em favor da puni\u00e7\u00e3o do &#8220;casamento&#8221; homossexual"}]},{"@type":"Person","@id":"https:\/\/www.adf.org.br\/home\/#\/schema\/person\/f35a5c5aa7728a3dedf4ea9aa1fc2753","name":"Gabriel Barbosa","image":{"@type":"ImageObject","@id":"https:\/\/www.adf.org.br\/home\/#personlogo","inLanguage":"pt-BR","url":"https:\/\/secure.gravatar.com\/avatar\/2b2cb2f4637682c5605e8d36818f51ef?s=96&d=mm&r=g","contentUrl":"https:\/\/secure.gravatar.com\/avatar\/2b2cb2f4637682c5605e8d36818f51ef?s=96&d=mm&r=g","caption":"Gabriel Barbosa"},"url":"https:\/\/www.adf.org.br\/home\/author\/gabrielpmk-com-br\/"}]}},"_links":{"self":[{"href":"https:\/\/www.adf.org.br\/home\/wp-json\/wp\/v2\/posts\/12643"}],"collection":[{"href":"https:\/\/www.adf.org.br\/home\/wp-json\/wp\/v2\/posts"}],"about":[{"href":"https:\/\/www.adf.org.br\/home\/wp-json\/wp\/v2\/types\/post"}],"author":[{"embeddable":true,"href":"https:\/\/www.adf.org.br\/home\/wp-json\/wp\/v2\/users\/31"}],"replies":[{"embeddable":true,"href":"https:\/\/www.adf.org.br\/home\/wp-json\/wp\/v2\/comments?post=12643"}],"version-history":[{"count":0,"href":"https:\/\/www.adf.org.br\/home\/wp-json\/wp\/v2\/posts\/12643\/revisions"}],"wp:attachment":[{"href":"https:\/\/www.adf.org.br\/home\/wp-json\/wp\/v2\/media?parent=12643"}],"wp:term":[{"taxonomy":"category","embeddable":true,"href":"https:\/\/www.adf.org.br\/home\/wp-json\/wp\/v2\/categories?post=12643"},{"taxonomy":"post_tag","embeddable":true,"href":"https:\/\/www.adf.org.br\/home\/wp-json\/wp\/v2\/tags?post=12643"}],"curies":[{"name":"wp","href":"https:\/\/api.w.org\/{rel}","templated":true}]}}