{"id":12613,"date":"2012-01-27T12:53:32","date_gmt":"2012-01-27T14:53:32","guid":{"rendered":"http:\/\/www.adf.org.br\/home\/?p=12613"},"modified":"2012-01-27T12:53:32","modified_gmt":"2012-01-27T14:53:32","slug":"dom-gomez-reza-a-missa-por-54-milhoes-de-bebes-mortos-pelo-aborto-nos-eua","status":"publish","type":"post","link":"https:\/\/www.adf.org.br\/home\/dom-gomez-reza-a-missa-por-54-milhoes-de-bebes-mortos-pelo-aborto-nos-eua\/","title":{"rendered":"Dom G\u00f3mez reza a Missa por 54 milh\u00f5es de beb\u00eas mortos pelo aborto nos EUA"},"content":{"rendered":"<p><span style=\"color: #ff0000;\"><strong>O Arcebispo de Los Angeles (Estados Unidos), rezou uma Missa de r\u00e9quiem pelos mais de 53 milh\u00f5es de beb\u00eas abortados nesse pa\u00eds desde que a Corte Suprema legalizou o aborto com a senten\u00e7a Roe vs Wade em 1973.<\/strong><\/span><\/p>\n<dl id=\"attachment_12614\" class=\"wp-caption alignleft\" style=\"width: 350px;\">\n<dt class=\"wp-caption-dt\"><a href=\"http:\/\/www.oratoriodamedalhamilagrosa.org.br\/vela-da-vida\/?origem=1\" target=\"_blank\" rel=\"noopener noreferrer\"><img loading=\"lazy\" class=\"size-full wp-image-12614\" title=\"Missa pelos beb\u00eas mortos pelo aborto\" src=\"http:\/\/www.adf.org.br\/home\/wp-content\/uploads\/2012\/01\/missa-pelos-beb\u00eas-mortos-pelo-aborto.jpg\" alt=\"\" width=\"340\" height=\"269\" \/><\/a><\/dt>\n<dd class=\"wp-caption-dd\">\n<p><span style=\"color: #333399;\"><strong>Imagens da Missa<\/strong><\/span><\/p>\n<\/dd>\n<\/dl>\n<p>Em sua homilia na Catedral de Nossa Senhora de Los Angeles no  s\u00e1bado 21 de janeiro, o Arcebispo assinalou que &#8220;n\u00e3o podemos jamais  deixar de fazer que o mundo saiba a verdade&#8221; j\u00e1 que a humanidade das  pessoas n\u00e3o \u00e9 uma &#8220;verdade religiosa ou cat\u00f3lica&#8221; e sim uma &#8220;verdade da  biologia e da ci\u00eancia&#8221;.<\/p>\n<p>O Prelado criticou a senten\u00e7a da Corte Suprema que em 1973 deu ao estado a potestade de reger os direitos das pessoas.<\/p>\n<p>As  palavras do Arcebispo foram pronunciadas um dia depois de que a  administra\u00e7\u00e3o Obama anunciasse que n\u00e3o ampliar\u00e1 a isen\u00e7\u00e3o para os grupos  religiosos que se op\u00f5em ao pagamento de planos de seguro m\u00e9dico para  seus empregados que incluem esteriliza\u00e7\u00e3o e anticoncepcionais, inclusive  os de efeito abortivo.<\/p>\n<p>Dom Jos\u00e9 G\u00f3mez se referiu ao Evangelho do dia, que narra a fuga ao Egito da Sagrada Fam\u00edlia para evitar que o Menino Jesus fosse assassinado logo que o rei Herodes  ordenou acabar com todos os pequenos var\u00f5es com menos de dois anos.<\/p>\n<p><strong>O Arcebispo alentou a rezar aos Santos Inocentes pelo estado da  Calif\u00f3rnia e pelos Estados Unidos, e advertiu que ainda &#8220;existem  Herodes&#8221; que aceitam e promovem a injusti\u00e7a do aborto.<\/strong><\/p>\n<p>&#8220;O rei  Herodes \u00e9 um s\u00edmbolo de todos os governantes e todas as for\u00e7as de nosso  mundo que temem e est\u00e3o ciumentos de Deus\u2026 representa todos os que  querem expulsar Deus do mundo e erradic\u00e1-lo da mem\u00f3ria da sociedade&#8221;,  disse o Prelado.<\/p>\n<blockquote>\n<p><span style=\"color: #333399;\"><strong>N\u00c3O VAMOS PERMITIR QUE LEIS COMO ESTA DOS EUA SEJAM APROVADAS NO BRASIL! <a href=\"http:\/\/www.oratoriodamedalhamilagrosa.org.br\/vela-da-vida\/?origem=1\" target=\"_blank\" rel=\"noopener noreferrer\">ACENDA AQUI<\/a> E VELA DA VIDA, ASSIM VOC\u00ca DEIXA REGISTRADO QUE \u00c9 CONTRA ESTE ATO DESEMUNO QUE \u00c9 O ABORTO.<\/strong><\/span><\/p>\n<p>O amparo da vida humana, precisou logo, &#8220;\u00e9 vital para a civiliza\u00e7\u00e3o porque em uma crian\u00e7a e na fam\u00edlia vemos o amor de Deus&#8221;.<\/p>\n<p>Deste  modo exortou os presentes a serem &#8220;guardi\u00e3es do direito \u00e0 vida&#8221; como  S\u00e3o Jos\u00e9 quando respondeu \u00e0 voz de Deus que lhe pediu partir para o  Egito.<\/p>\n<p>&#8220;Precisamos dizer ao mundo as boas not\u00edcias deste Menino, que o  Filho de Deus se fez carne no seio de Maria e que cada filho de uma m\u00e3e  pode ser o filho de Deus&#8221;, concluiu.<\/p>\n<\/blockquote>\n<p>Fonte: ACI<\/p>\n","protected":false},"excerpt":{"rendered":"<p>O Arcebispo de Los Angeles (Estados Unidos), rezou uma Missa de r\u00e9quiem pelos mais de 53 milh\u00f5es de beb\u00eas abortados nesse pa\u00eds desde que a Corte Suprema legalizou o aborto com a senten\u00e7a Roe vs Wade em 1973. Imagens da Missa Em sua homilia na Catedral de Nossa Senhora de Los Angeles no s\u00e1bado 21 [&hellip;]<\/p>\n","protected":false},"author":31,"featured_media":0,"comment_status":"open","ping_status":"open","sticky":false,"template":"","format":"standard","meta":[],"categories":[20],"tags":[400,392],"yoast_head":"<!-- This site is optimized with the Yoast SEO plugin v17.4 - https:\/\/yoast.com\/wordpress\/plugins\/seo\/ -->\n<title>Dom G\u00f3mez reza a Missa por 54 milh\u00f5es de beb\u00eas mortos pelo aborto nos EUA - Associa\u00e7\u00e3o Devotos de F\u00e1tima<\/title>\n<meta name=\"robots\" content=\"index, follow, max-snippet:-1, max-image-preview:large, max-video-preview:-1\" \/>\n<link rel=\"canonical\" href=\"https:\/\/www.adf.org.br\/home\/dom-gomez-reza-a-missa-por-54-milhoes-de-bebes-mortos-pelo-aborto-nos-eua\/\" \/>\n<meta property=\"og:locale\" content=\"pt_BR\" \/>\n<meta property=\"og:type\" content=\"article\" \/>\n<meta property=\"og:title\" content=\"Dom G\u00f3mez reza a Missa por 54 milh\u00f5es de beb\u00eas mortos pelo aborto nos EUA - Associa\u00e7\u00e3o Devotos de F\u00e1tima\" \/>\n<meta property=\"og:description\" content=\"O Arcebispo de Los Angeles (Estados Unidos), rezou uma Missa de r\u00e9quiem pelos mais de 53 milh\u00f5es de beb\u00eas abortados nesse pa\u00eds desde que a Corte Suprema legalizou o aborto com a senten\u00e7a Roe vs Wade em 1973. Imagens da Missa Em sua homilia na Catedral de Nossa Senhora de Los Angeles no s\u00e1bado 21 [&hellip;]\" \/>\n<meta property=\"og:url\" content=\"https:\/\/www.adf.org.br\/home\/dom-gomez-reza-a-missa-por-54-milhoes-de-bebes-mortos-pelo-aborto-nos-eua\/\" \/>\n<meta property=\"og:site_name\" content=\"Associa\u00e7\u00e3o Devotos de F\u00e1tima\" \/>\n<meta property=\"article:published_time\" content=\"2012-01-27T14:53:32+00:00\" \/>\n<meta property=\"og:image\" content=\"http:\/\/www.adf.org.br\/home\/wp-content\/uploads\/2012\/01\/missa-pelos-beb\u00eas-mortos-pelo-aborto.jpg\" \/>\n<meta name=\"twitter:card\" content=\"summary_large_image\" \/>\n<meta name=\"twitter:label1\" content=\"Escrito por\" \/>\n\t<meta name=\"twitter:data1\" content=\"Gabriel Barbosa\" \/>\n\t<meta name=\"twitter:label2\" content=\"Est. tempo de leitura\" \/>\n\t<meta name=\"twitter:data2\" content=\"2 minutos\" \/>\n<script type=\"application\/ld+json\" class=\"yoast-schema-graph\">{\"@context\":\"https:\/\/schema.org\",\"@graph\":[{\"@type\":\"WebSite\",\"@id\":\"https:\/\/www.adf.org.br\/home\/#website\",\"url\":\"https:\/\/www.adf.org.br\/home\/\",\"name\":\"Associa\\u00e7\\u00e3o Devotos de F\\u00e1tima\",\"description\":\"Associa\\u00e7\\u00e3o Devotos de F\\u00e1tima\",\"potentialAction\":[{\"@type\":\"SearchAction\",\"target\":{\"@type\":\"EntryPoint\",\"urlTemplate\":\"https:\/\/www.adf.org.br\/home\/?s={search_term_string}\"},\"query-input\":\"required name=search_term_string\"}],\"inLanguage\":\"pt-BR\"},{\"@type\":\"ImageObject\",\"@id\":\"https:\/\/www.adf.org.br\/home\/dom-gomez-reza-a-missa-por-54-milhoes-de-bebes-mortos-pelo-aborto-nos-eua\/#primaryimage\",\"inLanguage\":\"pt-BR\",\"url\":\"http:\/\/www.adf.org.br\/home\/wp-content\/uploads\/2012\/01\/missa-pelos-beb\\u00eas-mortos-pelo-aborto.jpg\",\"contentUrl\":\"http:\/\/www.adf.org.br\/home\/wp-content\/uploads\/2012\/01\/missa-pelos-beb\\u00eas-mortos-pelo-aborto.jpg\"},{\"@type\":\"WebPage\",\"@id\":\"https:\/\/www.adf.org.br\/home\/dom-gomez-reza-a-missa-por-54-milhoes-de-bebes-mortos-pelo-aborto-nos-eua\/#webpage\",\"url\":\"https:\/\/www.adf.org.br\/home\/dom-gomez-reza-a-missa-por-54-milhoes-de-bebes-mortos-pelo-aborto-nos-eua\/\",\"name\":\"Dom G\\u00f3mez reza a Missa por 54 milh\\u00f5es de beb\\u00eas mortos pelo aborto nos EUA - Associa\\u00e7\\u00e3o Devotos de F\\u00e1tima\",\"isPartOf\":{\"@id\":\"https:\/\/www.adf.org.br\/home\/#website\"},\"primaryImageOfPage\":{\"@id\":\"https:\/\/www.adf.org.br\/home\/dom-gomez-reza-a-missa-por-54-milhoes-de-bebes-mortos-pelo-aborto-nos-eua\/#primaryimage\"},\"datePublished\":\"2012-01-27T14:53:32+00:00\",\"dateModified\":\"2012-01-27T14:53:32+00:00\",\"author\":{\"@id\":\"https:\/\/www.adf.org.br\/home\/#\/schema\/person\/f35a5c5aa7728a3dedf4ea9aa1fc2753\"},\"breadcrumb\":{\"@id\":\"https:\/\/www.adf.org.br\/home\/dom-gomez-reza-a-missa-por-54-milhoes-de-bebes-mortos-pelo-aborto-nos-eua\/#breadcrumb\"},\"inLanguage\":\"pt-BR\",\"potentialAction\":[{\"@type\":\"ReadAction\",\"target\":[\"https:\/\/www.adf.org.br\/home\/dom-gomez-reza-a-missa-por-54-milhoes-de-bebes-mortos-pelo-aborto-nos-eua\/\"]}]},{\"@type\":\"BreadcrumbList\",\"@id\":\"https:\/\/www.adf.org.br\/home\/dom-gomez-reza-a-missa-por-54-milhoes-de-bebes-mortos-pelo-aborto-nos-eua\/#breadcrumb\",\"itemListElement\":[{\"@type\":\"ListItem\",\"position\":1,\"name\":\"Home\",\"item\":\"https:\/\/www.adf.org.br\/home\/\"},{\"@type\":\"ListItem\",\"position\":2,\"name\":\"Dom G\\u00f3mez reza a Missa por 54 milh\\u00f5es de beb\\u00eas mortos pelo aborto nos EUA\"}]},{\"@type\":\"Person\",\"@id\":\"https:\/\/www.adf.org.br\/home\/#\/schema\/person\/f35a5c5aa7728a3dedf4ea9aa1fc2753\",\"name\":\"Gabriel Barbosa\",\"image\":{\"@type\":\"ImageObject\",\"@id\":\"https:\/\/www.adf.org.br\/home\/#personlogo\",\"inLanguage\":\"pt-BR\",\"url\":\"https:\/\/secure.gravatar.com\/avatar\/2b2cb2f4637682c5605e8d36818f51ef?s=96&d=mm&r=g\",\"contentUrl\":\"https:\/\/secure.gravatar.com\/avatar\/2b2cb2f4637682c5605e8d36818f51ef?s=96&d=mm&r=g\",\"caption\":\"Gabriel Barbosa\"},\"url\":\"https:\/\/www.adf.org.br\/home\/author\/gabrielpmk-com-br\/\"}]}<\/script>\n<!-- \/ Yoast SEO plugin. -->","yoast_head_json":{"title":"Dom G\u00f3mez reza a Missa por 54 milh\u00f5es de beb\u00eas mortos pelo aborto nos EUA - Associa\u00e7\u00e3o Devotos de F\u00e1tima","robots":{"index":"index","follow":"follow","max-snippet":"max-snippet:-1","max-image-preview":"max-image-preview:large","max-video-preview":"max-video-preview:-1"},"canonical":"https:\/\/www.adf.org.br\/home\/dom-gomez-reza-a-missa-por-54-milhoes-de-bebes-mortos-pelo-aborto-nos-eua\/","og_locale":"pt_BR","og_type":"article","og_title":"Dom G\u00f3mez reza a Missa por 54 milh\u00f5es de beb\u00eas mortos pelo aborto nos EUA - Associa\u00e7\u00e3o Devotos de F\u00e1tima","og_description":"O Arcebispo de Los Angeles (Estados Unidos), rezou uma Missa de r\u00e9quiem pelos mais de 53 milh\u00f5es de beb\u00eas abortados nesse pa\u00eds desde que a Corte Suprema legalizou o aborto com a senten\u00e7a Roe vs Wade em 1973. Imagens da Missa Em sua homilia na Catedral de Nossa Senhora de Los Angeles no s\u00e1bado 21 [&hellip;]","og_url":"https:\/\/www.adf.org.br\/home\/dom-gomez-reza-a-missa-por-54-milhoes-de-bebes-mortos-pelo-aborto-nos-eua\/","og_site_name":"Associa\u00e7\u00e3o Devotos de F\u00e1tima","article_published_time":"2012-01-27T14:53:32+00:00","og_image":[{"url":"http:\/\/www.adf.org.br\/home\/wp-content\/uploads\/2012\/01\/missa-pelos-beb\u00eas-mortos-pelo-aborto.jpg"}],"twitter_card":"summary_large_image","twitter_misc":{"Escrito por":"Gabriel Barbosa","Est. tempo de leitura":"2 minutos"},"schema":{"@context":"https:\/\/schema.org","@graph":[{"@type":"WebSite","@id":"https:\/\/www.adf.org.br\/home\/#website","url":"https:\/\/www.adf.org.br\/home\/","name":"Associa\u00e7\u00e3o Devotos de F\u00e1tima","description":"Associa\u00e7\u00e3o Devotos de F\u00e1tima","potentialAction":[{"@type":"SearchAction","target":{"@type":"EntryPoint","urlTemplate":"https:\/\/www.adf.org.br\/home\/?s={search_term_string}"},"query-input":"required name=search_term_string"}],"inLanguage":"pt-BR"},{"@type":"ImageObject","@id":"https:\/\/www.adf.org.br\/home\/dom-gomez-reza-a-missa-por-54-milhoes-de-bebes-mortos-pelo-aborto-nos-eua\/#primaryimage","inLanguage":"pt-BR","url":"http:\/\/www.adf.org.br\/home\/wp-content\/uploads\/2012\/01\/missa-pelos-beb\u00eas-mortos-pelo-aborto.jpg","contentUrl":"http:\/\/www.adf.org.br\/home\/wp-content\/uploads\/2012\/01\/missa-pelos-beb\u00eas-mortos-pelo-aborto.jpg"},{"@type":"WebPage","@id":"https:\/\/www.adf.org.br\/home\/dom-gomez-reza-a-missa-por-54-milhoes-de-bebes-mortos-pelo-aborto-nos-eua\/#webpage","url":"https:\/\/www.adf.org.br\/home\/dom-gomez-reza-a-missa-por-54-milhoes-de-bebes-mortos-pelo-aborto-nos-eua\/","name":"Dom G\u00f3mez reza a Missa por 54 milh\u00f5es de beb\u00eas mortos pelo aborto nos EUA - Associa\u00e7\u00e3o Devotos de F\u00e1tima","isPartOf":{"@id":"https:\/\/www.adf.org.br\/home\/#website"},"primaryImageOfPage":{"@id":"https:\/\/www.adf.org.br\/home\/dom-gomez-reza-a-missa-por-54-milhoes-de-bebes-mortos-pelo-aborto-nos-eua\/#primaryimage"},"datePublished":"2012-01-27T14:53:32+00:00","dateModified":"2012-01-27T14:53:32+00:00","author":{"@id":"https:\/\/www.adf.org.br\/home\/#\/schema\/person\/f35a5c5aa7728a3dedf4ea9aa1fc2753"},"breadcrumb":{"@id":"https:\/\/www.adf.org.br\/home\/dom-gomez-reza-a-missa-por-54-milhoes-de-bebes-mortos-pelo-aborto-nos-eua\/#breadcrumb"},"inLanguage":"pt-BR","potentialAction":[{"@type":"ReadAction","target":["https:\/\/www.adf.org.br\/home\/dom-gomez-reza-a-missa-por-54-milhoes-de-bebes-mortos-pelo-aborto-nos-eua\/"]}]},{"@type":"BreadcrumbList","@id":"https:\/\/www.adf.org.br\/home\/dom-gomez-reza-a-missa-por-54-milhoes-de-bebes-mortos-pelo-aborto-nos-eua\/#breadcrumb","itemListElement":[{"@type":"ListItem","position":1,"name":"Home","item":"https:\/\/www.adf.org.br\/home\/"},{"@type":"ListItem","position":2,"name":"Dom G\u00f3mez reza a Missa por 54 milh\u00f5es de beb\u00eas mortos pelo aborto nos EUA"}]},{"@type":"Person","@id":"https:\/\/www.adf.org.br\/home\/#\/schema\/person\/f35a5c5aa7728a3dedf4ea9aa1fc2753","name":"Gabriel Barbosa","image":{"@type":"ImageObject","@id":"https:\/\/www.adf.org.br\/home\/#personlogo","inLanguage":"pt-BR","url":"https:\/\/secure.gravatar.com\/avatar\/2b2cb2f4637682c5605e8d36818f51ef?s=96&d=mm&r=g","contentUrl":"https:\/\/secure.gravatar.com\/avatar\/2b2cb2f4637682c5605e8d36818f51ef?s=96&d=mm&r=g","caption":"Gabriel Barbosa"},"url":"https:\/\/www.adf.org.br\/home\/author\/gabrielpmk-com-br\/"}]}},"_links":{"self":[{"href":"https:\/\/www.adf.org.br\/home\/wp-json\/wp\/v2\/posts\/12613"}],"collection":[{"href":"https:\/\/www.adf.org.br\/home\/wp-json\/wp\/v2\/posts"}],"about":[{"href":"https:\/\/www.adf.org.br\/home\/wp-json\/wp\/v2\/types\/post"}],"author":[{"embeddable":true,"href":"https:\/\/www.adf.org.br\/home\/wp-json\/wp\/v2\/users\/31"}],"replies":[{"embeddable":true,"href":"https:\/\/www.adf.org.br\/home\/wp-json\/wp\/v2\/comments?post=12613"}],"version-history":[{"count":0,"href":"https:\/\/www.adf.org.br\/home\/wp-json\/wp\/v2\/posts\/12613\/revisions"}],"wp:attachment":[{"href":"https:\/\/www.adf.org.br\/home\/wp-json\/wp\/v2\/media?parent=12613"}],"wp:term":[{"taxonomy":"category","embeddable":true,"href":"https:\/\/www.adf.org.br\/home\/wp-json\/wp\/v2\/categories?post=12613"},{"taxonomy":"post_tag","embeddable":true,"href":"https:\/\/www.adf.org.br\/home\/wp-json\/wp\/v2\/tags?post=12613"}],"curies":[{"name":"wp","href":"https:\/\/api.w.org\/{rel}","templated":true}]}}