{"id":12556,"date":"2012-01-26T00:00:54","date_gmt":"2012-01-26T02:00:54","guid":{"rendered":"http:\/\/www.adf.org.br\/home\/?p=12556"},"modified":"2012-01-26T00:00:54","modified_gmt":"2012-01-26T02:00:54","slug":"prostrar-se-indica-sempre-adoracao","status":"publish","type":"post","link":"https:\/\/www.adf.org.br\/home\/prostrar-se-indica-sempre-adoracao\/","title":{"rendered":"Prostrar-se: indica sempre adora\u00e7\u00e3o?"},"content":{"rendered":"<p><a rel=\"attachment wp-att-12562\" href=\"http:\/\/www.adf.org.br\/home\/2012\/01\/prostrar-se-indica-sempre-adoracao\/prostar\/\"><img loading=\"lazy\" class=\"alignleft size-full wp-image-12562\" title=\"prostar\" src=\"http:\/\/www.adf.org.br\/home\/wp-content\/uploads\/2012\/01\/prostar.jpg\" alt=\"\" width=\"247\" height=\"291\" \/><\/a>O fato de se curvar, seja para o que for, n\u00e3o implica autom\u00e1tica e necessariamente, em um ato id\u00f3latra, ou num culto de adora\u00e7\u00e3o (<em>latria<\/em>), que \u00e9 devido unicamente a Deus.<\/p>\n<p><strong>Temos que entender que h\u00e1 v\u00e1rios modos de se prostar perante outrem: quando se presta honras, quando algu\u00e9m \u00e9 digno de respeito.<\/strong> Para exemplificar pode-se citar os pa\u00edses mon\u00e1rquicos, ou mesmo no Brasil Imperial, onde as pessoas se curvavam ao imperador. Isso n\u00e3o \u00e9 adora\u00e7\u00e3o.<\/p>\n<p>\u00c9 uma forma respeitosa, cerimoniosa, de demonstrar considera\u00e7\u00e3o elevada e submiss\u00e3o. Isso tamb\u00e9m acontecia com os reis citados na Sagrada Escritura.<\/p>\n<p><strong>Exemplos:<\/strong><\/p>\n<p><span style=\"color: #800000;\"><em>E, levantando Davi os seus olhos, viu o anjo do SENHOR, que estava entre a terra e o c\u00e9u, com a sua espada desembainhada na sua m\u00e3o estendida contra Jerusal\u00e9m; ent\u00e3o Davi e os anci\u00e3os, se prostraram sobre os seus rostos. (1Cr 21:16)<\/em><\/span><\/p>\n<p><span style=\"color: #993300;\"><em>Ent\u00e3o o SENHOR abriu os olhos a Bala\u00e3o, e ele viu o anjo do SENHOR, que estava no caminho e a sua espada desembainhada na m\u00e3o; pelo que inclinou a cabe\u00e7a, e prostrou-se sobre a sua face. (Num 22:31)<\/em><\/span><\/p>\n<p><span style=\"color: #800000;\"><em>E sucedeu que, subindo a chama do altar para o c\u00e9u, o anjo do SENHOR subiu na chama do altar; o que vendo Mano\u00e1 e sua mulher, ca\u00edram em terra sobre seus rostos. (Ju\u00edzes 13:20)<\/em><\/span><\/p>\n<p><span style=\"color: #993300;\"><em>Vendo, pois, Abigail a Davi, apressou-se, e desceu do jumento, e prostrou-se sobre o seu rosto diante de Davi, e se inclinou \u00e0 terra. (1Sm 25:23)<\/em><\/span><\/p>\n<p><span style=\"color: #800000;\"><em>E mandou o rei Salom\u00e3o, e o fizeram descer do altar; e veio, e prostrou-se perante o rei Salom\u00e3o, e Salom\u00e3o lhe disse: Vai para tua casa. (1Re 1:53)<\/em><\/span><\/p>\n<p><span style=\"color: #993300;\"><em>Estando, pois, Obadias j\u00e1 em caminho, eis que Elias o encontrou; e Obadias, reconhecendo-o, prostrou-se sobre o seu rosto, e disse: \u00c9s tu o meu senhor Elias? (1Re 18:7)<\/em><\/span><\/p>\n<p><span style=\"color: #800000;\"><em>E, n\u00e3o tendo ele com que pagar, o seu senhor mandou que ele, e sua mulher e seus filhos fossem vendidos, com tudo quanto tinha, para que a d\u00edvida se lhe pagasse. Ent\u00e3o aquele servo, <span style=\"text-decoration: underline;\">prostrando-se, o reverenciava<\/span>, dizendo: Senhor, s\u00ea generoso para comigo, e tudo te pagarei. (Mat 18:25-26)<\/em><\/span><\/p>\n<p><span style=\"color: #993300;\"><em>Ent\u00e3o saiu Mois\u00e9s ao encontro de seu sogro, <span style=\"text-decoration: underline;\">e inclinou-se<\/span>, e beijou-o, e perguntaram um ao outro como estavam, e entraram na tenda. (Exo 18:7)<\/em><\/span><\/p>\n<p><strong>Os gentios se prostrariam \u00e0 Jerusal\u00e9m:<\/strong><\/p>\n<p>Tamb\u00e9m vir\u00e3o a ti, <span style=\"text-decoration: underline;\">inclinando-se<\/span>, os filhos dos que te oprimiram; <span style=\"text-decoration: underline;\">e prostrar-se-\u00e3o<\/span> \u00e0s plantas dos teus p\u00e9s todos os que te desprezaram; e chamar-te-\u00e3o a cidade do SENHOR, a Si\u00e3o do Santo de Israel. (Is 60:14)<\/p>\n<p><strong>Josu\u00e9 se prostra perante um objeto santo:<\/strong><\/p>\n<p>Ent\u00e3o Josu\u00e9 rasgou as suas vestes, e <span style=\"text-decoration: underline;\">se prostrou em terra sobre o seu rosto perante a arca do SENHOR at\u00e9 \u00e0 tarde<\/span>, ele e os anci\u00e3os de Israel; e deitaram p\u00f3 sobre as suas cabe\u00e7as. (Jos 7:6)<\/p>\n<p><strong>Hebreus se prostraram ao Senhor e ao Rei:<\/strong><\/p>\n<p>Ent\u00e3o disse Davi a toda a congrega\u00e7\u00e3o: Agora louvai ao SENHOR vosso Deus. Ent\u00e3o toda a congrega\u00e7\u00e3o louvou ao SENHOR Deus de seus pais, e <span style=\"text-decoration: underline;\">inclinaram-se, e prostraram-se perante o SENHOR, e o rei<\/span>. (1Cr 29:20)<\/p>\n<p>Nesta passagem aparecem justamente dois atos semelhantes, por\u00e9m com sentidos e raz\u00f5es diferentes: eles se prostram a Deus, para ador\u00e1-lo, mas tamb\u00e9m ao Rei, para reverenci\u00e1-lo.<\/p>\n<p><a rel=\"attachment wp-att-12563\" href=\"http:\/\/www.adf.org.br\/home\/2012\/01\/prostrar-se-indica-sempre-adoracao\/missa-nossa-senhora-2\/\"><img loading=\"lazy\" class=\"alignright size-full wp-image-12563\" title=\"missa nossa senhora\" src=\"http:\/\/www.adf.org.br\/home\/wp-content\/uploads\/2012\/01\/missa-nossa-senhora.jpg\" alt=\"\" width=\"225\" height=\"579\" \/><\/a><\/p>\n<p><strong>Obje\u00e7\u00f5es<\/strong><\/p>\n<p><strong>S\u00e3o Jo\u00e3o se prostrou ao anjo e foi repreendido:<\/strong><\/p>\n<p>E eu, Jo\u00e3o, sou aquele que vi e ouvi estas coisas. E, havendo-as ouvido e visto, <span style=\"text-decoration: underline;\">prostrei-me aos p\u00e9s do anjo que mas mostrava para o adorar<\/span>. (Apo 22:8)<\/p>\n<p>S\u00e3o Jo\u00e3o se prostrou para <span style=\"text-decoration: underline;\">adorar<\/span> o anjo e por isso foi repreendido pelo pr\u00f3prio anjo:<\/p>\n<p>E disse-me: Olha, <span style=\"text-decoration: underline;\">n\u00e3o fa\u00e7as tal<\/span>; porque eu sou conservo teu e de teus irm\u00e3os, os profetas, e dos que guardam as palavras deste livro. <span style=\"text-decoration: underline;\">Adora a Deus<\/span>. (Apo 22:9)<\/p>\n<p>Nesse caso, a repreens\u00e3o a S\u00e3o Jo\u00e3o n\u00e3o foi pelo fato dele se prostrar perante o anjo, mas em fazer isso para adorar o anjo. Nos casos anteriores prostraram-se perante o anjo, mas n\u00e3o para ador\u00e1-lo. E ent\u00e3o n\u00e3o sofreram repreens\u00e3o nenhuma.<\/p>\n<p><strong>Corn\u00e9lio se prostrou a Pedro e foi repreendido:<\/strong><\/p>\n<p>E aconteceu que, entrando Pedro, saiu Corn\u00e9lio a receb\u00ea-lo, e, <span style=\"text-decoration: underline;\">prostrando-se a seus p\u00e9s o adorou<\/span>. Mas Pedro o levantou, dizendo: <span style=\"text-decoration: underline;\">Levanta-te, que eu tamb\u00e9m sou homem<\/span>. (At 10:25-26)<\/p>\n<p>Corn\u00e9lio se prostra para adorar S\u00e3o Pedro e n\u00e3o simplesmente reverenci\u00e1-lo; por isso foi repreendido.<\/p>\n<p><strong>Conclus\u00e3o<\/strong><\/p>\n<p><span style=\"background-color: #ffff00;\">Quando prestamos devida rever\u00eancia \u00e0s imagens sagradas, estamos apenas mostrando um respeito pelo que eles representam e n\u00e3o adorando as mesmas como \u00eddolos.<\/span><\/p>\n<p>Nem toda vez que nos prostramos \u00e9 um ato de adora\u00e7\u00e3o. Por isso a Igreja n\u00e3o repreende quando se ajoelha diante de um altar, de uma rel\u00edquia, de uma imagem ou diante at\u00e9 mesmo de uma pessoa.<\/p>\n<p><strong>Mas, a genuflex\u00e3o, como ato de adora\u00e7\u00e3o, s\u00f3 se deve fazer a Nosso Senhor Jesus Cristo, Deus, Nosso Senhor.<\/strong><\/p>\n<p><em>Fonte: Adapta\u00e7\u00e3o feita de http:\/\/www.apologistascatolicos.com.br\/<\/em><\/p>\n","protected":false},"excerpt":{"rendered":"<p>O fato de se curvar, seja para o que for, n\u00e3o implica autom\u00e1tica e necessariamente, em um ato id\u00f3latra, ou num culto de adora\u00e7\u00e3o (latria), que \u00e9 devido unicamente a Deus. Temos que entender que h\u00e1 v\u00e1rios modos de se prostar perante outrem: quando se presta honras, quando algu\u00e9m \u00e9 digno de respeito. Para exemplificar [&hellip;]<\/p>\n","protected":false},"author":31,"featured_media":0,"comment_status":"open","ping_status":"open","sticky":false,"template":"","format":"standard","meta":[],"categories":[20],"tags":[],"yoast_head":"<!-- This site is optimized with the Yoast SEO plugin v17.4 - https:\/\/yoast.com\/wordpress\/plugins\/seo\/ -->\n<title>Prostrar-se: indica sempre adora\u00e7\u00e3o? - Associa\u00e7\u00e3o Devotos de F\u00e1tima<\/title>\n<meta name=\"robots\" content=\"index, follow, max-snippet:-1, max-image-preview:large, max-video-preview:-1\" \/>\n<link rel=\"canonical\" href=\"https:\/\/www.adf.org.br\/home\/prostrar-se-indica-sempre-adoracao\/\" \/>\n<meta property=\"og:locale\" content=\"pt_BR\" \/>\n<meta property=\"og:type\" content=\"article\" \/>\n<meta property=\"og:title\" content=\"Prostrar-se: indica sempre adora\u00e7\u00e3o? - Associa\u00e7\u00e3o Devotos de F\u00e1tima\" \/>\n<meta property=\"og:description\" content=\"O fato de se curvar, seja para o que for, n\u00e3o implica autom\u00e1tica e necessariamente, em um ato id\u00f3latra, ou num culto de adora\u00e7\u00e3o (latria), que \u00e9 devido unicamente a Deus. Temos que entender que h\u00e1 v\u00e1rios modos de se prostar perante outrem: quando se presta honras, quando algu\u00e9m \u00e9 digno de respeito. Para exemplificar [&hellip;]\" \/>\n<meta property=\"og:url\" content=\"https:\/\/www.adf.org.br\/home\/prostrar-se-indica-sempre-adoracao\/\" \/>\n<meta property=\"og:site_name\" content=\"Associa\u00e7\u00e3o Devotos de F\u00e1tima\" \/>\n<meta property=\"article:published_time\" content=\"2012-01-26T02:00:54+00:00\" \/>\n<meta property=\"og:image\" content=\"http:\/\/www.adf.org.br\/home\/wp-content\/uploads\/2012\/01\/prostar.jpg\" \/>\n<meta name=\"twitter:card\" content=\"summary_large_image\" \/>\n<meta name=\"twitter:label1\" content=\"Escrito por\" \/>\n\t<meta name=\"twitter:data1\" content=\"Gabriel Barbosa\" \/>\n\t<meta name=\"twitter:label2\" content=\"Est. tempo de leitura\" \/>\n\t<meta name=\"twitter:data2\" content=\"4 minutos\" \/>\n<script type=\"application\/ld+json\" class=\"yoast-schema-graph\">{\"@context\":\"https:\/\/schema.org\",\"@graph\":[{\"@type\":\"WebSite\",\"@id\":\"https:\/\/www.adf.org.br\/home\/#website\",\"url\":\"https:\/\/www.adf.org.br\/home\/\",\"name\":\"Associa\\u00e7\\u00e3o Devotos de F\\u00e1tima\",\"description\":\"Associa\\u00e7\\u00e3o Devotos de F\\u00e1tima\",\"potentialAction\":[{\"@type\":\"SearchAction\",\"target\":{\"@type\":\"EntryPoint\",\"urlTemplate\":\"https:\/\/www.adf.org.br\/home\/?s={search_term_string}\"},\"query-input\":\"required name=search_term_string\"}],\"inLanguage\":\"pt-BR\"},{\"@type\":\"ImageObject\",\"@id\":\"https:\/\/www.adf.org.br\/home\/prostrar-se-indica-sempre-adoracao\/#primaryimage\",\"inLanguage\":\"pt-BR\",\"url\":\"http:\/\/www.adf.org.br\/home\/wp-content\/uploads\/2012\/01\/prostar.jpg\",\"contentUrl\":\"http:\/\/www.adf.org.br\/home\/wp-content\/uploads\/2012\/01\/prostar.jpg\"},{\"@type\":\"WebPage\",\"@id\":\"https:\/\/www.adf.org.br\/home\/prostrar-se-indica-sempre-adoracao\/#webpage\",\"url\":\"https:\/\/www.adf.org.br\/home\/prostrar-se-indica-sempre-adoracao\/\",\"name\":\"Prostrar-se: indica sempre adora\\u00e7\\u00e3o? - Associa\\u00e7\\u00e3o Devotos de F\\u00e1tima\",\"isPartOf\":{\"@id\":\"https:\/\/www.adf.org.br\/home\/#website\"},\"primaryImageOfPage\":{\"@id\":\"https:\/\/www.adf.org.br\/home\/prostrar-se-indica-sempre-adoracao\/#primaryimage\"},\"datePublished\":\"2012-01-26T02:00:54+00:00\",\"dateModified\":\"2012-01-26T02:00:54+00:00\",\"author\":{\"@id\":\"https:\/\/www.adf.org.br\/home\/#\/schema\/person\/f35a5c5aa7728a3dedf4ea9aa1fc2753\"},\"breadcrumb\":{\"@id\":\"https:\/\/www.adf.org.br\/home\/prostrar-se-indica-sempre-adoracao\/#breadcrumb\"},\"inLanguage\":\"pt-BR\",\"potentialAction\":[{\"@type\":\"ReadAction\",\"target\":[\"https:\/\/www.adf.org.br\/home\/prostrar-se-indica-sempre-adoracao\/\"]}]},{\"@type\":\"BreadcrumbList\",\"@id\":\"https:\/\/www.adf.org.br\/home\/prostrar-se-indica-sempre-adoracao\/#breadcrumb\",\"itemListElement\":[{\"@type\":\"ListItem\",\"position\":1,\"name\":\"Home\",\"item\":\"https:\/\/www.adf.org.br\/home\/\"},{\"@type\":\"ListItem\",\"position\":2,\"name\":\"Prostrar-se: indica sempre adora\\u00e7\\u00e3o?\"}]},{\"@type\":\"Person\",\"@id\":\"https:\/\/www.adf.org.br\/home\/#\/schema\/person\/f35a5c5aa7728a3dedf4ea9aa1fc2753\",\"name\":\"Gabriel Barbosa\",\"image\":{\"@type\":\"ImageObject\",\"@id\":\"https:\/\/www.adf.org.br\/home\/#personlogo\",\"inLanguage\":\"pt-BR\",\"url\":\"https:\/\/secure.gravatar.com\/avatar\/2b2cb2f4637682c5605e8d36818f51ef?s=96&d=mm&r=g\",\"contentUrl\":\"https:\/\/secure.gravatar.com\/avatar\/2b2cb2f4637682c5605e8d36818f51ef?s=96&d=mm&r=g\",\"caption\":\"Gabriel Barbosa\"},\"url\":\"https:\/\/www.adf.org.br\/home\/author\/gabrielpmk-com-br\/\"}]}<\/script>\n<!-- \/ Yoast SEO plugin. -->","yoast_head_json":{"title":"Prostrar-se: indica sempre adora\u00e7\u00e3o? - Associa\u00e7\u00e3o Devotos de F\u00e1tima","robots":{"index":"index","follow":"follow","max-snippet":"max-snippet:-1","max-image-preview":"max-image-preview:large","max-video-preview":"max-video-preview:-1"},"canonical":"https:\/\/www.adf.org.br\/home\/prostrar-se-indica-sempre-adoracao\/","og_locale":"pt_BR","og_type":"article","og_title":"Prostrar-se: indica sempre adora\u00e7\u00e3o? - Associa\u00e7\u00e3o Devotos de F\u00e1tima","og_description":"O fato de se curvar, seja para o que for, n\u00e3o implica autom\u00e1tica e necessariamente, em um ato id\u00f3latra, ou num culto de adora\u00e7\u00e3o (latria), que \u00e9 devido unicamente a Deus. Temos que entender que h\u00e1 v\u00e1rios modos de se prostar perante outrem: quando se presta honras, quando algu\u00e9m \u00e9 digno de respeito. Para exemplificar [&hellip;]","og_url":"https:\/\/www.adf.org.br\/home\/prostrar-se-indica-sempre-adoracao\/","og_site_name":"Associa\u00e7\u00e3o Devotos de F\u00e1tima","article_published_time":"2012-01-26T02:00:54+00:00","og_image":[{"url":"http:\/\/www.adf.org.br\/home\/wp-content\/uploads\/2012\/01\/prostar.jpg"}],"twitter_card":"summary_large_image","twitter_misc":{"Escrito por":"Gabriel Barbosa","Est. tempo de leitura":"4 minutos"},"schema":{"@context":"https:\/\/schema.org","@graph":[{"@type":"WebSite","@id":"https:\/\/www.adf.org.br\/home\/#website","url":"https:\/\/www.adf.org.br\/home\/","name":"Associa\u00e7\u00e3o Devotos de F\u00e1tima","description":"Associa\u00e7\u00e3o Devotos de F\u00e1tima","potentialAction":[{"@type":"SearchAction","target":{"@type":"EntryPoint","urlTemplate":"https:\/\/www.adf.org.br\/home\/?s={search_term_string}"},"query-input":"required name=search_term_string"}],"inLanguage":"pt-BR"},{"@type":"ImageObject","@id":"https:\/\/www.adf.org.br\/home\/prostrar-se-indica-sempre-adoracao\/#primaryimage","inLanguage":"pt-BR","url":"http:\/\/www.adf.org.br\/home\/wp-content\/uploads\/2012\/01\/prostar.jpg","contentUrl":"http:\/\/www.adf.org.br\/home\/wp-content\/uploads\/2012\/01\/prostar.jpg"},{"@type":"WebPage","@id":"https:\/\/www.adf.org.br\/home\/prostrar-se-indica-sempre-adoracao\/#webpage","url":"https:\/\/www.adf.org.br\/home\/prostrar-se-indica-sempre-adoracao\/","name":"Prostrar-se: indica sempre adora\u00e7\u00e3o? - Associa\u00e7\u00e3o Devotos de F\u00e1tima","isPartOf":{"@id":"https:\/\/www.adf.org.br\/home\/#website"},"primaryImageOfPage":{"@id":"https:\/\/www.adf.org.br\/home\/prostrar-se-indica-sempre-adoracao\/#primaryimage"},"datePublished":"2012-01-26T02:00:54+00:00","dateModified":"2012-01-26T02:00:54+00:00","author":{"@id":"https:\/\/www.adf.org.br\/home\/#\/schema\/person\/f35a5c5aa7728a3dedf4ea9aa1fc2753"},"breadcrumb":{"@id":"https:\/\/www.adf.org.br\/home\/prostrar-se-indica-sempre-adoracao\/#breadcrumb"},"inLanguage":"pt-BR","potentialAction":[{"@type":"ReadAction","target":["https:\/\/www.adf.org.br\/home\/prostrar-se-indica-sempre-adoracao\/"]}]},{"@type":"BreadcrumbList","@id":"https:\/\/www.adf.org.br\/home\/prostrar-se-indica-sempre-adoracao\/#breadcrumb","itemListElement":[{"@type":"ListItem","position":1,"name":"Home","item":"https:\/\/www.adf.org.br\/home\/"},{"@type":"ListItem","position":2,"name":"Prostrar-se: indica sempre adora\u00e7\u00e3o?"}]},{"@type":"Person","@id":"https:\/\/www.adf.org.br\/home\/#\/schema\/person\/f35a5c5aa7728a3dedf4ea9aa1fc2753","name":"Gabriel Barbosa","image":{"@type":"ImageObject","@id":"https:\/\/www.adf.org.br\/home\/#personlogo","inLanguage":"pt-BR","url":"https:\/\/secure.gravatar.com\/avatar\/2b2cb2f4637682c5605e8d36818f51ef?s=96&d=mm&r=g","contentUrl":"https:\/\/secure.gravatar.com\/avatar\/2b2cb2f4637682c5605e8d36818f51ef?s=96&d=mm&r=g","caption":"Gabriel Barbosa"},"url":"https:\/\/www.adf.org.br\/home\/author\/gabrielpmk-com-br\/"}]}},"_links":{"self":[{"href":"https:\/\/www.adf.org.br\/home\/wp-json\/wp\/v2\/posts\/12556"}],"collection":[{"href":"https:\/\/www.adf.org.br\/home\/wp-json\/wp\/v2\/posts"}],"about":[{"href":"https:\/\/www.adf.org.br\/home\/wp-json\/wp\/v2\/types\/post"}],"author":[{"embeddable":true,"href":"https:\/\/www.adf.org.br\/home\/wp-json\/wp\/v2\/users\/31"}],"replies":[{"embeddable":true,"href":"https:\/\/www.adf.org.br\/home\/wp-json\/wp\/v2\/comments?post=12556"}],"version-history":[{"count":0,"href":"https:\/\/www.adf.org.br\/home\/wp-json\/wp\/v2\/posts\/12556\/revisions"}],"wp:attachment":[{"href":"https:\/\/www.adf.org.br\/home\/wp-json\/wp\/v2\/media?parent=12556"}],"wp:term":[{"taxonomy":"category","embeddable":true,"href":"https:\/\/www.adf.org.br\/home\/wp-json\/wp\/v2\/categories?post=12556"},{"taxonomy":"post_tag","embeddable":true,"href":"https:\/\/www.adf.org.br\/home\/wp-json\/wp\/v2\/tags?post=12556"}],"curies":[{"name":"wp","href":"https:\/\/api.w.org\/{rel}","templated":true}]}}