{"id":12520,"date":"2012-01-24T00:00:19","date_gmt":"2012-01-24T02:00:19","guid":{"rendered":"http:\/\/www.adf.org.br\/home\/?p=12520"},"modified":"2012-01-24T00:00:19","modified_gmt":"2012-01-24T02:00:19","slug":"a-gravidade-da-situacao-do-mundo-conforme-a-mensagem-de-fatima","status":"publish","type":"post","link":"https:\/\/www.adf.org.br\/home\/a-gravidade-da-situacao-do-mundo-conforme-a-mensagem-de-fatima\/","title":{"rendered":"A gravidade da situa\u00e7\u00e3o do mundo conforme a Mensagem de F\u00e1tima"},"content":{"rendered":"<p style=\"padding-left: 30px;\"><strong><em> <\/em><\/strong><em><span style=\"font-family: 'Times New Roman'; font-size: small;\">(extrato do artigo &#8220;<\/span>A Devo\u00e7\u00e3o ao Cora\u00e7\u00e3o de Maria salvar\u00e1 o Mundo do Comunismo&#8221;, na Revista Catolicismo, n\u00famero 30, junho de 1953)<\/em><\/p>\n<p><strong><span style=\"font-size: x-large;\">N<\/span>ossa Senhora falou pois ao mundo.<\/strong><\/p>\n<p><a href=\"https:\/\/adf.org.br\/milagredosol\/?origem=1\" target=\"_blank\" rel=\"noopener noreferrer\"><img loading=\"lazy\" class=\"alignleft size-full wp-image-12523\" title=\"Dr. Plinio\" src=\"http:\/\/www.adf.org.br\/home\/wp-content\/uploads\/2012\/01\/Dr.-Plinio.jpg\" alt=\"\" width=\"315\" height=\"284\" \/><\/a>Ela descreveu a situa\u00e7\u00e3o como grav\u00edssima, apontou como causa desta  situa\u00e7\u00e3o a espantosa decad\u00eancia moral da humanidade, amea\u00e7ou-nos com  terr\u00edveis puni\u00e7\u00f5es terrenas &#8211; nova guerra, alastramento mundial dos  erros do comunismo, persegui\u00e7\u00f5es \u00e0 Igreja \u2014 e com uma puni\u00e7\u00e3o eterna mil  vezes pior \u2014 o inferno \u2014 se n\u00e3o nos emendarmos, e por fim prescreveu os  meios necess\u00e1rios para que cheguemos \u00e0 emenda e evitemos tantos  castigos.<\/p>\n<p>Em  que pese a alguns doidivanas que fecham os olhos \u00e0 realidade mais  evidente e se comprazem em afirmar que est\u00e1 em ordem com Deus este mundo  em que vivemos, de d\u00favida, de naturalismo, de indisciplina moral e de  adora\u00e7\u00e3o da felicidade terrena, \u00e9 preciso crer o contr\u00e1rio, pois \u00e9 o  contr\u00e1rio que Nossa Senhora nos diz.<\/p>\n<p>\u00c9  bem certo que alguns soci\u00f3logos evolucionistas, muito mais  evolucionistas do que soci\u00f3logos, se deleitam em dizer que o dia de hoje  \u00e9 melhor que o de ontem, e que o de amanh\u00e3 ser\u00e1 necessariamente melhor  do que o de hoje.<\/p>\n<p class=\"mceTemp\">\u00a0<\/p>\n<dl id=\"attachment_12526\" class=\"wp-caption alignright\" style=\"width: 177px;\">\n<dt class=\"wp-caption-dt\"><a href=\"https:\/\/adf.org.br\/milagredosol\/?origem=1\" target=\"_blank\" rel=\"noopener noreferrer\"><img loading=\"lazy\" class=\"size-full wp-image-12526 \" title=\"Clique aqui e saiba como receber o Livro O Milagre do Sol\" src=\"http:\/\/www.adf.org.br\/home\/wp-content\/uploads\/2012\/01\/livro_Milagre-do-sol1.jpg\" alt=\"\" width=\"167\" height=\"258\" \/><\/a><\/dt>\n<dd class=\"wp-caption-dd\" style=\"text-align: center;\"><span style=\"color: #0000ff;\"><strong>Saiba todos os detalhes do maior milagre do S\u00e9culo XX<\/strong><\/span><\/dd>\n<\/dl>\n<p>De  outro modo, por mais que o progresso material, a medicina, as finan\u00e7as,  as divers\u00f5es, o conforto da vida enfim se desenvolvam, caminhamos para  um grande e universal colapso.<\/p>\n<p>Tamb\u00e9m  n\u00e3o faltam, infelizmente, te\u00f3logos otimistas, que criam em torno de si  uma agrad\u00e1vel atmosfera de simpatia afirmando que quase ningu\u00e9m se  condena ao inferno.<\/p>\n<p>Nossa  Senhora contudo ensina o contr\u00e1rio, e o faz n\u00e3o s\u00f3 por palavras como  ainda com o argumento invenc\u00edvel do fato concreto: abre o inferno aos  olhos dos pastorinhos aterrorizados, para que contem ao mundo inteiro o  que viram. E \u00e9 em Nossa Senhora e n\u00e3o em certa teologia morna, de \u00e1gua  de flor de laranjeira, que cumpre crer.<\/p>\n","protected":false},"excerpt":{"rendered":"<p>(extrato do artigo &#8220;A Devo\u00e7\u00e3o ao Cora\u00e7\u00e3o de Maria salvar\u00e1 o Mundo do Comunismo&#8221;, na Revista Catolicismo, n\u00famero 30, junho de 1953) Nossa Senhora falou pois ao mundo. Ela descreveu a situa\u00e7\u00e3o como grav\u00edssima, apontou como causa desta situa\u00e7\u00e3o a espantosa decad\u00eancia moral da humanidade, amea\u00e7ou-nos com terr\u00edveis puni\u00e7\u00f5es terrenas &#8211; nova guerra, alastramento mundial [&hellip;]<\/p>\n","protected":false},"author":31,"featured_media":0,"comment_status":"open","ping_status":"open","sticky":false,"template":"","format":"standard","meta":[],"categories":[20],"tags":[397,184,151],"yoast_head":"<!-- This site is optimized with the Yoast SEO plugin v17.4 - https:\/\/yoast.com\/wordpress\/plugins\/seo\/ -->\n<title>A gravidade da situa\u00e7\u00e3o do mundo conforme a Mensagem de F\u00e1tima - Associa\u00e7\u00e3o Devotos de F\u00e1tima<\/title>\n<meta name=\"robots\" content=\"index, follow, max-snippet:-1, max-image-preview:large, max-video-preview:-1\" \/>\n<link rel=\"canonical\" href=\"https:\/\/www.adf.org.br\/home\/a-gravidade-da-situacao-do-mundo-conforme-a-mensagem-de-fatima\/\" \/>\n<meta property=\"og:locale\" content=\"pt_BR\" \/>\n<meta property=\"og:type\" content=\"article\" \/>\n<meta property=\"og:title\" content=\"A gravidade da situa\u00e7\u00e3o do mundo conforme a Mensagem de F\u00e1tima - Associa\u00e7\u00e3o Devotos de F\u00e1tima\" \/>\n<meta property=\"og:description\" content=\"(extrato do artigo &#8220;A Devo\u00e7\u00e3o ao Cora\u00e7\u00e3o de Maria salvar\u00e1 o Mundo do Comunismo&#8221;, na Revista Catolicismo, n\u00famero 30, junho de 1953) Nossa Senhora falou pois ao mundo. Ela descreveu a situa\u00e7\u00e3o como grav\u00edssima, apontou como causa desta situa\u00e7\u00e3o a espantosa decad\u00eancia moral da humanidade, amea\u00e7ou-nos com terr\u00edveis puni\u00e7\u00f5es terrenas &#8211; nova guerra, alastramento mundial [&hellip;]\" \/>\n<meta property=\"og:url\" content=\"https:\/\/www.adf.org.br\/home\/a-gravidade-da-situacao-do-mundo-conforme-a-mensagem-de-fatima\/\" \/>\n<meta property=\"og:site_name\" content=\"Associa\u00e7\u00e3o Devotos de F\u00e1tima\" \/>\n<meta property=\"article:published_time\" content=\"2012-01-24T02:00:19+00:00\" \/>\n<meta property=\"og:image\" content=\"http:\/\/www.adf.org.br\/home\/wp-content\/uploads\/2012\/01\/Dr.-Plinio.jpg\" \/>\n<meta name=\"twitter:card\" content=\"summary_large_image\" \/>\n<meta name=\"twitter:label1\" content=\"Escrito por\" \/>\n\t<meta name=\"twitter:data1\" content=\"Gabriel Barbosa\" \/>\n\t<meta name=\"twitter:label2\" content=\"Est. tempo de leitura\" \/>\n\t<meta name=\"twitter:data2\" content=\"2 minutos\" \/>\n<script type=\"application\/ld+json\" class=\"yoast-schema-graph\">{\"@context\":\"https:\/\/schema.org\",\"@graph\":[{\"@type\":\"WebSite\",\"@id\":\"https:\/\/www.adf.org.br\/home\/#website\",\"url\":\"https:\/\/www.adf.org.br\/home\/\",\"name\":\"Associa\\u00e7\\u00e3o Devotos de F\\u00e1tima\",\"description\":\"Associa\\u00e7\\u00e3o Devotos de F\\u00e1tima\",\"potentialAction\":[{\"@type\":\"SearchAction\",\"target\":{\"@type\":\"EntryPoint\",\"urlTemplate\":\"https:\/\/www.adf.org.br\/home\/?s={search_term_string}\"},\"query-input\":\"required name=search_term_string\"}],\"inLanguage\":\"pt-BR\"},{\"@type\":\"ImageObject\",\"@id\":\"https:\/\/www.adf.org.br\/home\/a-gravidade-da-situacao-do-mundo-conforme-a-mensagem-de-fatima\/#primaryimage\",\"inLanguage\":\"pt-BR\",\"url\":\"http:\/\/www.adf.org.br\/home\/wp-content\/uploads\/2012\/01\/Dr.-Plinio.jpg\",\"contentUrl\":\"http:\/\/www.adf.org.br\/home\/wp-content\/uploads\/2012\/01\/Dr.-Plinio.jpg\"},{\"@type\":\"WebPage\",\"@id\":\"https:\/\/www.adf.org.br\/home\/a-gravidade-da-situacao-do-mundo-conforme-a-mensagem-de-fatima\/#webpage\",\"url\":\"https:\/\/www.adf.org.br\/home\/a-gravidade-da-situacao-do-mundo-conforme-a-mensagem-de-fatima\/\",\"name\":\"A gravidade da situa\\u00e7\\u00e3o do mundo conforme a Mensagem de F\\u00e1tima - Associa\\u00e7\\u00e3o Devotos de F\\u00e1tima\",\"isPartOf\":{\"@id\":\"https:\/\/www.adf.org.br\/home\/#website\"},\"primaryImageOfPage\":{\"@id\":\"https:\/\/www.adf.org.br\/home\/a-gravidade-da-situacao-do-mundo-conforme-a-mensagem-de-fatima\/#primaryimage\"},\"datePublished\":\"2012-01-24T02:00:19+00:00\",\"dateModified\":\"2012-01-24T02:00:19+00:00\",\"author\":{\"@id\":\"https:\/\/www.adf.org.br\/home\/#\/schema\/person\/f35a5c5aa7728a3dedf4ea9aa1fc2753\"},\"breadcrumb\":{\"@id\":\"https:\/\/www.adf.org.br\/home\/a-gravidade-da-situacao-do-mundo-conforme-a-mensagem-de-fatima\/#breadcrumb\"},\"inLanguage\":\"pt-BR\",\"potentialAction\":[{\"@type\":\"ReadAction\",\"target\":[\"https:\/\/www.adf.org.br\/home\/a-gravidade-da-situacao-do-mundo-conforme-a-mensagem-de-fatima\/\"]}]},{\"@type\":\"BreadcrumbList\",\"@id\":\"https:\/\/www.adf.org.br\/home\/a-gravidade-da-situacao-do-mundo-conforme-a-mensagem-de-fatima\/#breadcrumb\",\"itemListElement\":[{\"@type\":\"ListItem\",\"position\":1,\"name\":\"Home\",\"item\":\"https:\/\/www.adf.org.br\/home\/\"},{\"@type\":\"ListItem\",\"position\":2,\"name\":\"A gravidade da situa\\u00e7\\u00e3o do mundo conforme a Mensagem de F\\u00e1tima\"}]},{\"@type\":\"Person\",\"@id\":\"https:\/\/www.adf.org.br\/home\/#\/schema\/person\/f35a5c5aa7728a3dedf4ea9aa1fc2753\",\"name\":\"Gabriel Barbosa\",\"image\":{\"@type\":\"ImageObject\",\"@id\":\"https:\/\/www.adf.org.br\/home\/#personlogo\",\"inLanguage\":\"pt-BR\",\"url\":\"https:\/\/secure.gravatar.com\/avatar\/2b2cb2f4637682c5605e8d36818f51ef?s=96&d=mm&r=g\",\"contentUrl\":\"https:\/\/secure.gravatar.com\/avatar\/2b2cb2f4637682c5605e8d36818f51ef?s=96&d=mm&r=g\",\"caption\":\"Gabriel Barbosa\"},\"url\":\"https:\/\/www.adf.org.br\/home\/author\/gabrielpmk-com-br\/\"}]}<\/script>\n<!-- \/ Yoast SEO plugin. -->","yoast_head_json":{"title":"A gravidade da situa\u00e7\u00e3o do mundo conforme a Mensagem de F\u00e1tima - Associa\u00e7\u00e3o Devotos de F\u00e1tima","robots":{"index":"index","follow":"follow","max-snippet":"max-snippet:-1","max-image-preview":"max-image-preview:large","max-video-preview":"max-video-preview:-1"},"canonical":"https:\/\/www.adf.org.br\/home\/a-gravidade-da-situacao-do-mundo-conforme-a-mensagem-de-fatima\/","og_locale":"pt_BR","og_type":"article","og_title":"A gravidade da situa\u00e7\u00e3o do mundo conforme a Mensagem de F\u00e1tima - Associa\u00e7\u00e3o Devotos de F\u00e1tima","og_description":"(extrato do artigo &#8220;A Devo\u00e7\u00e3o ao Cora\u00e7\u00e3o de Maria salvar\u00e1 o Mundo do Comunismo&#8221;, na Revista Catolicismo, n\u00famero 30, junho de 1953) Nossa Senhora falou pois ao mundo. Ela descreveu a situa\u00e7\u00e3o como grav\u00edssima, apontou como causa desta situa\u00e7\u00e3o a espantosa decad\u00eancia moral da humanidade, amea\u00e7ou-nos com terr\u00edveis puni\u00e7\u00f5es terrenas &#8211; nova guerra, alastramento mundial [&hellip;]","og_url":"https:\/\/www.adf.org.br\/home\/a-gravidade-da-situacao-do-mundo-conforme-a-mensagem-de-fatima\/","og_site_name":"Associa\u00e7\u00e3o Devotos de F\u00e1tima","article_published_time":"2012-01-24T02:00:19+00:00","og_image":[{"url":"http:\/\/www.adf.org.br\/home\/wp-content\/uploads\/2012\/01\/Dr.-Plinio.jpg"}],"twitter_card":"summary_large_image","twitter_misc":{"Escrito por":"Gabriel Barbosa","Est. tempo de leitura":"2 minutos"},"schema":{"@context":"https:\/\/schema.org","@graph":[{"@type":"WebSite","@id":"https:\/\/www.adf.org.br\/home\/#website","url":"https:\/\/www.adf.org.br\/home\/","name":"Associa\u00e7\u00e3o Devotos de F\u00e1tima","description":"Associa\u00e7\u00e3o Devotos de F\u00e1tima","potentialAction":[{"@type":"SearchAction","target":{"@type":"EntryPoint","urlTemplate":"https:\/\/www.adf.org.br\/home\/?s={search_term_string}"},"query-input":"required name=search_term_string"}],"inLanguage":"pt-BR"},{"@type":"ImageObject","@id":"https:\/\/www.adf.org.br\/home\/a-gravidade-da-situacao-do-mundo-conforme-a-mensagem-de-fatima\/#primaryimage","inLanguage":"pt-BR","url":"http:\/\/www.adf.org.br\/home\/wp-content\/uploads\/2012\/01\/Dr.-Plinio.jpg","contentUrl":"http:\/\/www.adf.org.br\/home\/wp-content\/uploads\/2012\/01\/Dr.-Plinio.jpg"},{"@type":"WebPage","@id":"https:\/\/www.adf.org.br\/home\/a-gravidade-da-situacao-do-mundo-conforme-a-mensagem-de-fatima\/#webpage","url":"https:\/\/www.adf.org.br\/home\/a-gravidade-da-situacao-do-mundo-conforme-a-mensagem-de-fatima\/","name":"A gravidade da situa\u00e7\u00e3o do mundo conforme a Mensagem de F\u00e1tima - Associa\u00e7\u00e3o Devotos de F\u00e1tima","isPartOf":{"@id":"https:\/\/www.adf.org.br\/home\/#website"},"primaryImageOfPage":{"@id":"https:\/\/www.adf.org.br\/home\/a-gravidade-da-situacao-do-mundo-conforme-a-mensagem-de-fatima\/#primaryimage"},"datePublished":"2012-01-24T02:00:19+00:00","dateModified":"2012-01-24T02:00:19+00:00","author":{"@id":"https:\/\/www.adf.org.br\/home\/#\/schema\/person\/f35a5c5aa7728a3dedf4ea9aa1fc2753"},"breadcrumb":{"@id":"https:\/\/www.adf.org.br\/home\/a-gravidade-da-situacao-do-mundo-conforme-a-mensagem-de-fatima\/#breadcrumb"},"inLanguage":"pt-BR","potentialAction":[{"@type":"ReadAction","target":["https:\/\/www.adf.org.br\/home\/a-gravidade-da-situacao-do-mundo-conforme-a-mensagem-de-fatima\/"]}]},{"@type":"BreadcrumbList","@id":"https:\/\/www.adf.org.br\/home\/a-gravidade-da-situacao-do-mundo-conforme-a-mensagem-de-fatima\/#breadcrumb","itemListElement":[{"@type":"ListItem","position":1,"name":"Home","item":"https:\/\/www.adf.org.br\/home\/"},{"@type":"ListItem","position":2,"name":"A gravidade da situa\u00e7\u00e3o do mundo conforme a Mensagem de F\u00e1tima"}]},{"@type":"Person","@id":"https:\/\/www.adf.org.br\/home\/#\/schema\/person\/f35a5c5aa7728a3dedf4ea9aa1fc2753","name":"Gabriel Barbosa","image":{"@type":"ImageObject","@id":"https:\/\/www.adf.org.br\/home\/#personlogo","inLanguage":"pt-BR","url":"https:\/\/secure.gravatar.com\/avatar\/2b2cb2f4637682c5605e8d36818f51ef?s=96&d=mm&r=g","contentUrl":"https:\/\/secure.gravatar.com\/avatar\/2b2cb2f4637682c5605e8d36818f51ef?s=96&d=mm&r=g","caption":"Gabriel Barbosa"},"url":"https:\/\/www.adf.org.br\/home\/author\/gabrielpmk-com-br\/"}]}},"_links":{"self":[{"href":"https:\/\/www.adf.org.br\/home\/wp-json\/wp\/v2\/posts\/12520"}],"collection":[{"href":"https:\/\/www.adf.org.br\/home\/wp-json\/wp\/v2\/posts"}],"about":[{"href":"https:\/\/www.adf.org.br\/home\/wp-json\/wp\/v2\/types\/post"}],"author":[{"embeddable":true,"href":"https:\/\/www.adf.org.br\/home\/wp-json\/wp\/v2\/users\/31"}],"replies":[{"embeddable":true,"href":"https:\/\/www.adf.org.br\/home\/wp-json\/wp\/v2\/comments?post=12520"}],"version-history":[{"count":0,"href":"https:\/\/www.adf.org.br\/home\/wp-json\/wp\/v2\/posts\/12520\/revisions"}],"wp:attachment":[{"href":"https:\/\/www.adf.org.br\/home\/wp-json\/wp\/v2\/media?parent=12520"}],"wp:term":[{"taxonomy":"category","embeddable":true,"href":"https:\/\/www.adf.org.br\/home\/wp-json\/wp\/v2\/categories?post=12520"},{"taxonomy":"post_tag","embeddable":true,"href":"https:\/\/www.adf.org.br\/home\/wp-json\/wp\/v2\/tags?post=12520"}],"curies":[{"name":"wp","href":"https:\/\/api.w.org\/{rel}","templated":true}]}}