{"id":12482,"date":"2012-01-20T00:00:51","date_gmt":"2012-01-20T02:00:51","guid":{"rendered":"http:\/\/www.adf.org.br\/home\/?p=12482"},"modified":"2012-01-20T00:00:51","modified_gmt":"2012-01-20T02:00:51","slug":"o-termo-homofobico-e-burrice","status":"publish","type":"post","link":"https:\/\/www.adf.org.br\/home\/o-termo-homofobico-e-burrice\/","title":{"rendered":"O termo \u201chomof\u00f3bico\u201d \u00e9 burrice"},"content":{"rendered":"<p><span style=\"font-size: medium;\"><strong>Quando algu\u00e9m est\u00e1 errado, pouco ir\u00e1 se importar com a  exist\u00eancia da verdade.<\/strong><\/span><\/p>\n<p><a rel=\"attachment wp-att-12488\" href=\"http:\/\/www.adf.org.br\/home\/2012\/01\/o-termo-%e2%80%9chomofobico%e2%80%9d-e-burrice\/abaixo-o-pl-122-lei-da-homofobia\/\"><img loading=\"lazy\" class=\"alignleft size-full wp-image-12488\" title=\"Abaixo o  PL 122 - Lei da Homofobia\" src=\"http:\/\/www.adf.org.br\/home\/wp-content\/uploads\/2012\/01\/Abaixo-o-PL-122-Lei-da-Homofobia.jpg\" alt=\"\" width=\"185\" height=\"200\" \/><\/a>Para simplificar, o erro \u00e9 a verdade. Um erro sustentado com veem\u00eancia  acaba se institucionalizando. E assim nascem os fan\u00e1ticos.  Fan\u00e1tico vem do latim <em>\u201cfanum\u201d<\/em> \u2014 templo \u2013 e designava aqueles que  entravam no templo, ao contr\u00e1rio dos profanos (<em>&#8220;pre fanum&#8221;<\/em>), que eram os  que ficavam \u00e0 entrada do templo.<\/p>\n<p>Assim foram chamados, em certa \u00e9poca, os sacerdotes da deusa grega  Belona (origem dos termos \u201cb\u00e9lico\u201d, \u201cbelicoso\u201d, \u201cbeligerante\u201d,  guerreiro), a vers\u00e3o feminina do deus da guerra Marte. Esses sacerdotes  percorriam a cidade vestidos de preto e armados de machados de dupla  l\u00e2mina, tocando trombetas, dan\u00e7ando nus e se lacerando com punhais.<\/p>\n<p><span style=\"background-color: #ccffff;\">Com o passar do tempo, o termo fan\u00e1tico passou a ser aplicado aos que  demonstram exagerado ardor religioso ou que se mostre entusiasmado  demais por uma id\u00e9ia.<\/span><\/p>\n<p>Dessa forma, em nossa civiliza\u00e7\u00e3o, nasceram e foram se desenvolvendo  comportamentos que, por seu ineditismo e oportunidade, passaram a  requerer qualifica\u00e7\u00e3o pr\u00f3pria e, gerados por um sistema pol\u00edtico-social  dominante, foram sendo batizados a bel prazer, segundo as regras da  orwelliana novil\u00edngua.<\/p>\n<p>Por traz de tudo isso reside, imp\u00e1vido colosso, a tirania. A tirania do  fanatismo. Express\u00e3o que me parece uma tautologia, um <em>\u201cbis in idem\u201d<\/em>;  enfim, uma redund\u00e2ncia. Indo direto ao ponto, a tirania imp\u00f4s a id\u00e9ia de  que o homossexualismo, ou seja, a pr\u00e1tica de sexo entre indiv\u00edduos de  sexo \u2014 ou g\u00eanero \u2014 semelhante, isto \u00e9, um homem com um homem e uma  mulher com uma mulher, dever\u00e1 ser considerado como uma atividade  corriqueira e t\u00e3o integrante da natureza humana quanto um sujeito sair  de casa de manh\u00e3 para ir trabalhar.<\/p>\n<p>A despeito da consuetudin\u00e1ria e legal verdade no sentido de que um casal  \u00e9 composto de indiv\u00edduos de sexos diversos. Do contr\u00e1rio n\u00e3o teremos um  casal, mas sim um par. Um \u201cpar de dois\u201d, voltando \u00e0 tautologia.<\/p>\n<p>Determinou-se, ent\u00e3o, de modo artificial, como de costume, que aquele  que se indispuser contra tal conven\u00e7\u00e3o social fosse chamado de  \u201chomof\u00f3bico\u201d e, mais que chamado, criminalizado, penalizado, tipificado,  punido e sentenciado.<\/p>\n<p><strong>Mas, se existe algo que me incomoda em particular, \u00e9 a burrice,  especialmente quando \u00e9 cr\u00f4nica. Homof\u00f3bico, ao que me consta, \u00e9 algo que  n\u00e3o existe. Mas foi criado e teve que passar a existir, pelos poderes  de outra tirania, a sem\u00e2ntica.<\/strong><\/p>\n<p>Se n\u00e3o, vejamos: Etimologicamente falando, o termo <strong>homofobia<\/strong> (que n\u00e3o  existe, foi constru\u00eddo) \u00e9 constitu\u00eddo de um <strong>radical e um sufixo gregos:  \u201chomos\u201d, que significa \u201csemelhante\u201d e \u201cph\u00f3bos\u201d que significa terror,  medo, horror,<\/strong> ou medo m\u00f3rbido de algo, sejam atos ou situa\u00e7\u00f5es.<\/p>\n<p><span style=\"background-color: #ccffff;\">Em suma, homof\u00f3bico seria aquele que tem terror, medo, horror, do que  lhe \u00e9 semelhante. At\u00e9 aqui, portanto, n\u00e3o se v\u00ea conota\u00e7\u00e3o sexual na  coisa toda. Pode ser que signifique algu\u00e9m ter medo do pr\u00f3prio vizinho,  ou do g\u00eanero humano de um modo geral. <\/span><\/p>\n<p><strong>Existe, no entanto, uma palavra  consagrada pelo uso (uso antigo, \u00e9 claro, porque hoje \u00e9 ignorada pela  pr\u00f3pria exist\u00eancia da \u201cignorantzia\u201d)<\/strong>, que \u00e9 \u201chomogamia\u201d.<\/p>\n<p>Homogamia sim,  posso entender, que tem origem no grego \u201chom\u00f3gamos\u201d que define aquele  que est\u00e1 casado com algu\u00e9m da mesma condi\u00e7\u00e3o sexual, seria um termo que  eu aceitaria que entrasse em discuss\u00e3o. Mas, homofobia? Como e com quem  eu posso discutir algo que n\u00e3o existe? E, embora inexistente, c\u00e9us,  quanto inc\u00f4modo!<\/p>\n<p>O correto seria a m\u00eddia (incluindo professores de gram\u00e1tica) difundir  que a forma correta de expressar o sentimento contr\u00e1rio \u00e0 uni\u00e3o entre  pessoas do mesmo sexo seria &#8220;anti homog\u00e2mico&#8221; e n\u00e3o &#8220;homof\u00f3bico&#8221;, cuja  etimologia n\u00e3o leva a nada&#8230; mas, como a burrice impera&#8230;<\/p>\n<p><span style=\"text-decoration: underline;\"><em>Fonte: <strong>Nereu Augusto Tadeu de Ganter Peplow<\/strong> \/Blog da Fam\u00edlia<\/em><\/span><\/p>\n","protected":false},"excerpt":{"rendered":"<p>Quando algu\u00e9m est\u00e1 errado, pouco ir\u00e1 se importar com a exist\u00eancia da verdade. Para simplificar, o erro \u00e9 a verdade. Um erro sustentado com veem\u00eancia acaba se institucionalizando. E assim nascem os fan\u00e1ticos. Fan\u00e1tico vem do latim \u201cfanum\u201d \u2014 templo \u2013 e designava aqueles que entravam no templo, ao contr\u00e1rio dos profanos (&#8220;pre fanum&#8221;), que [&hellip;]<\/p>\n","protected":false},"author":31,"featured_media":0,"comment_status":"open","ping_status":"open","sticky":false,"template":"","format":"standard","meta":[],"categories":[20],"tags":[232],"yoast_head":"<!-- This site is optimized with the Yoast SEO plugin v17.4 - https:\/\/yoast.com\/wordpress\/plugins\/seo\/ -->\n<title>O termo \u201chomof\u00f3bico\u201d \u00e9 burrice - Associa\u00e7\u00e3o Devotos de F\u00e1tima<\/title>\n<meta name=\"robots\" content=\"index, follow, max-snippet:-1, max-image-preview:large, max-video-preview:-1\" \/>\n<link rel=\"canonical\" href=\"https:\/\/www.adf.org.br\/home\/o-termo-homofobico-e-burrice\/\" \/>\n<meta property=\"og:locale\" content=\"pt_BR\" \/>\n<meta property=\"og:type\" content=\"article\" \/>\n<meta property=\"og:title\" content=\"O termo \u201chomof\u00f3bico\u201d \u00e9 burrice - Associa\u00e7\u00e3o Devotos de F\u00e1tima\" \/>\n<meta property=\"og:description\" content=\"Quando algu\u00e9m est\u00e1 errado, pouco ir\u00e1 se importar com a exist\u00eancia da verdade. Para simplificar, o erro \u00e9 a verdade. Um erro sustentado com veem\u00eancia acaba se institucionalizando. E assim nascem os fan\u00e1ticos. Fan\u00e1tico vem do latim \u201cfanum\u201d \u2014 templo \u2013 e designava aqueles que entravam no templo, ao contr\u00e1rio dos profanos (&#8220;pre fanum&#8221;), que [&hellip;]\" \/>\n<meta property=\"og:url\" content=\"https:\/\/www.adf.org.br\/home\/o-termo-homofobico-e-burrice\/\" \/>\n<meta property=\"og:site_name\" content=\"Associa\u00e7\u00e3o Devotos de F\u00e1tima\" \/>\n<meta property=\"article:published_time\" content=\"2012-01-20T02:00:51+00:00\" \/>\n<meta property=\"og:image\" content=\"http:\/\/www.adf.org.br\/home\/wp-content\/uploads\/2012\/01\/Abaixo-o-PL-122-Lei-da-Homofobia.jpg\" \/>\n<meta name=\"twitter:card\" content=\"summary_large_image\" \/>\n<meta name=\"twitter:label1\" content=\"Escrito por\" \/>\n\t<meta name=\"twitter:data1\" content=\"Gabriel Barbosa\" \/>\n\t<meta name=\"twitter:label2\" content=\"Est. tempo de leitura\" \/>\n\t<meta name=\"twitter:data2\" content=\"3 minutos\" \/>\n<script type=\"application\/ld+json\" class=\"yoast-schema-graph\">{\"@context\":\"https:\/\/schema.org\",\"@graph\":[{\"@type\":\"WebSite\",\"@id\":\"https:\/\/www.adf.org.br\/home\/#website\",\"url\":\"https:\/\/www.adf.org.br\/home\/\",\"name\":\"Associa\\u00e7\\u00e3o Devotos de F\\u00e1tima\",\"description\":\"Associa\\u00e7\\u00e3o Devotos de F\\u00e1tima\",\"potentialAction\":[{\"@type\":\"SearchAction\",\"target\":{\"@type\":\"EntryPoint\",\"urlTemplate\":\"https:\/\/www.adf.org.br\/home\/?s={search_term_string}\"},\"query-input\":\"required name=search_term_string\"}],\"inLanguage\":\"pt-BR\"},{\"@type\":\"ImageObject\",\"@id\":\"https:\/\/www.adf.org.br\/home\/o-termo-homofobico-e-burrice\/#primaryimage\",\"inLanguage\":\"pt-BR\",\"url\":\"http:\/\/www.adf.org.br\/home\/wp-content\/uploads\/2012\/01\/Abaixo-o-PL-122-Lei-da-Homofobia.jpg\",\"contentUrl\":\"http:\/\/www.adf.org.br\/home\/wp-content\/uploads\/2012\/01\/Abaixo-o-PL-122-Lei-da-Homofobia.jpg\"},{\"@type\":\"WebPage\",\"@id\":\"https:\/\/www.adf.org.br\/home\/o-termo-homofobico-e-burrice\/#webpage\",\"url\":\"https:\/\/www.adf.org.br\/home\/o-termo-homofobico-e-burrice\/\",\"name\":\"O termo \\u201chomof\\u00f3bico\\u201d \\u00e9 burrice - Associa\\u00e7\\u00e3o Devotos de F\\u00e1tima\",\"isPartOf\":{\"@id\":\"https:\/\/www.adf.org.br\/home\/#website\"},\"primaryImageOfPage\":{\"@id\":\"https:\/\/www.adf.org.br\/home\/o-termo-homofobico-e-burrice\/#primaryimage\"},\"datePublished\":\"2012-01-20T02:00:51+00:00\",\"dateModified\":\"2012-01-20T02:00:51+00:00\",\"author\":{\"@id\":\"https:\/\/www.adf.org.br\/home\/#\/schema\/person\/f35a5c5aa7728a3dedf4ea9aa1fc2753\"},\"breadcrumb\":{\"@id\":\"https:\/\/www.adf.org.br\/home\/o-termo-homofobico-e-burrice\/#breadcrumb\"},\"inLanguage\":\"pt-BR\",\"potentialAction\":[{\"@type\":\"ReadAction\",\"target\":[\"https:\/\/www.adf.org.br\/home\/o-termo-homofobico-e-burrice\/\"]}]},{\"@type\":\"BreadcrumbList\",\"@id\":\"https:\/\/www.adf.org.br\/home\/o-termo-homofobico-e-burrice\/#breadcrumb\",\"itemListElement\":[{\"@type\":\"ListItem\",\"position\":1,\"name\":\"Home\",\"item\":\"https:\/\/www.adf.org.br\/home\/\"},{\"@type\":\"ListItem\",\"position\":2,\"name\":\"O termo \\u201chomof\\u00f3bico\\u201d \\u00e9 burrice\"}]},{\"@type\":\"Person\",\"@id\":\"https:\/\/www.adf.org.br\/home\/#\/schema\/person\/f35a5c5aa7728a3dedf4ea9aa1fc2753\",\"name\":\"Gabriel Barbosa\",\"image\":{\"@type\":\"ImageObject\",\"@id\":\"https:\/\/www.adf.org.br\/home\/#personlogo\",\"inLanguage\":\"pt-BR\",\"url\":\"https:\/\/secure.gravatar.com\/avatar\/2b2cb2f4637682c5605e8d36818f51ef?s=96&d=mm&r=g\",\"contentUrl\":\"https:\/\/secure.gravatar.com\/avatar\/2b2cb2f4637682c5605e8d36818f51ef?s=96&d=mm&r=g\",\"caption\":\"Gabriel Barbosa\"},\"url\":\"https:\/\/www.adf.org.br\/home\/author\/gabrielpmk-com-br\/\"}]}<\/script>\n<!-- \/ Yoast SEO plugin. -->","yoast_head_json":{"title":"O termo \u201chomof\u00f3bico\u201d \u00e9 burrice - Associa\u00e7\u00e3o Devotos de F\u00e1tima","robots":{"index":"index","follow":"follow","max-snippet":"max-snippet:-1","max-image-preview":"max-image-preview:large","max-video-preview":"max-video-preview:-1"},"canonical":"https:\/\/www.adf.org.br\/home\/o-termo-homofobico-e-burrice\/","og_locale":"pt_BR","og_type":"article","og_title":"O termo \u201chomof\u00f3bico\u201d \u00e9 burrice - Associa\u00e7\u00e3o Devotos de F\u00e1tima","og_description":"Quando algu\u00e9m est\u00e1 errado, pouco ir\u00e1 se importar com a exist\u00eancia da verdade. Para simplificar, o erro \u00e9 a verdade. Um erro sustentado com veem\u00eancia acaba se institucionalizando. E assim nascem os fan\u00e1ticos. Fan\u00e1tico vem do latim \u201cfanum\u201d \u2014 templo \u2013 e designava aqueles que entravam no templo, ao contr\u00e1rio dos profanos (&#8220;pre fanum&#8221;), que [&hellip;]","og_url":"https:\/\/www.adf.org.br\/home\/o-termo-homofobico-e-burrice\/","og_site_name":"Associa\u00e7\u00e3o Devotos de F\u00e1tima","article_published_time":"2012-01-20T02:00:51+00:00","og_image":[{"url":"http:\/\/www.adf.org.br\/home\/wp-content\/uploads\/2012\/01\/Abaixo-o-PL-122-Lei-da-Homofobia.jpg"}],"twitter_card":"summary_large_image","twitter_misc":{"Escrito por":"Gabriel Barbosa","Est. tempo de leitura":"3 minutos"},"schema":{"@context":"https:\/\/schema.org","@graph":[{"@type":"WebSite","@id":"https:\/\/www.adf.org.br\/home\/#website","url":"https:\/\/www.adf.org.br\/home\/","name":"Associa\u00e7\u00e3o Devotos de F\u00e1tima","description":"Associa\u00e7\u00e3o Devotos de F\u00e1tima","potentialAction":[{"@type":"SearchAction","target":{"@type":"EntryPoint","urlTemplate":"https:\/\/www.adf.org.br\/home\/?s={search_term_string}"},"query-input":"required name=search_term_string"}],"inLanguage":"pt-BR"},{"@type":"ImageObject","@id":"https:\/\/www.adf.org.br\/home\/o-termo-homofobico-e-burrice\/#primaryimage","inLanguage":"pt-BR","url":"http:\/\/www.adf.org.br\/home\/wp-content\/uploads\/2012\/01\/Abaixo-o-PL-122-Lei-da-Homofobia.jpg","contentUrl":"http:\/\/www.adf.org.br\/home\/wp-content\/uploads\/2012\/01\/Abaixo-o-PL-122-Lei-da-Homofobia.jpg"},{"@type":"WebPage","@id":"https:\/\/www.adf.org.br\/home\/o-termo-homofobico-e-burrice\/#webpage","url":"https:\/\/www.adf.org.br\/home\/o-termo-homofobico-e-burrice\/","name":"O termo \u201chomof\u00f3bico\u201d \u00e9 burrice - Associa\u00e7\u00e3o Devotos de F\u00e1tima","isPartOf":{"@id":"https:\/\/www.adf.org.br\/home\/#website"},"primaryImageOfPage":{"@id":"https:\/\/www.adf.org.br\/home\/o-termo-homofobico-e-burrice\/#primaryimage"},"datePublished":"2012-01-20T02:00:51+00:00","dateModified":"2012-01-20T02:00:51+00:00","author":{"@id":"https:\/\/www.adf.org.br\/home\/#\/schema\/person\/f35a5c5aa7728a3dedf4ea9aa1fc2753"},"breadcrumb":{"@id":"https:\/\/www.adf.org.br\/home\/o-termo-homofobico-e-burrice\/#breadcrumb"},"inLanguage":"pt-BR","potentialAction":[{"@type":"ReadAction","target":["https:\/\/www.adf.org.br\/home\/o-termo-homofobico-e-burrice\/"]}]},{"@type":"BreadcrumbList","@id":"https:\/\/www.adf.org.br\/home\/o-termo-homofobico-e-burrice\/#breadcrumb","itemListElement":[{"@type":"ListItem","position":1,"name":"Home","item":"https:\/\/www.adf.org.br\/home\/"},{"@type":"ListItem","position":2,"name":"O termo \u201chomof\u00f3bico\u201d \u00e9 burrice"}]},{"@type":"Person","@id":"https:\/\/www.adf.org.br\/home\/#\/schema\/person\/f35a5c5aa7728a3dedf4ea9aa1fc2753","name":"Gabriel Barbosa","image":{"@type":"ImageObject","@id":"https:\/\/www.adf.org.br\/home\/#personlogo","inLanguage":"pt-BR","url":"https:\/\/secure.gravatar.com\/avatar\/2b2cb2f4637682c5605e8d36818f51ef?s=96&d=mm&r=g","contentUrl":"https:\/\/secure.gravatar.com\/avatar\/2b2cb2f4637682c5605e8d36818f51ef?s=96&d=mm&r=g","caption":"Gabriel Barbosa"},"url":"https:\/\/www.adf.org.br\/home\/author\/gabrielpmk-com-br\/"}]}},"_links":{"self":[{"href":"https:\/\/www.adf.org.br\/home\/wp-json\/wp\/v2\/posts\/12482"}],"collection":[{"href":"https:\/\/www.adf.org.br\/home\/wp-json\/wp\/v2\/posts"}],"about":[{"href":"https:\/\/www.adf.org.br\/home\/wp-json\/wp\/v2\/types\/post"}],"author":[{"embeddable":true,"href":"https:\/\/www.adf.org.br\/home\/wp-json\/wp\/v2\/users\/31"}],"replies":[{"embeddable":true,"href":"https:\/\/www.adf.org.br\/home\/wp-json\/wp\/v2\/comments?post=12482"}],"version-history":[{"count":0,"href":"https:\/\/www.adf.org.br\/home\/wp-json\/wp\/v2\/posts\/12482\/revisions"}],"wp:attachment":[{"href":"https:\/\/www.adf.org.br\/home\/wp-json\/wp\/v2\/media?parent=12482"}],"wp:term":[{"taxonomy":"category","embeddable":true,"href":"https:\/\/www.adf.org.br\/home\/wp-json\/wp\/v2\/categories?post=12482"},{"taxonomy":"post_tag","embeddable":true,"href":"https:\/\/www.adf.org.br\/home\/wp-json\/wp\/v2\/tags?post=12482"}],"curies":[{"name":"wp","href":"https:\/\/api.w.org\/{rel}","templated":true}]}}