{"id":12415,"date":"2012-01-14T00:00:08","date_gmt":"2012-01-14T02:00:08","guid":{"rendered":"http:\/\/www.adf.org.br\/home\/?p=12415"},"modified":"2012-01-14T00:00:08","modified_gmt":"2012-01-14T02:00:08","slug":"reze-pelos-50-mil-cristaos-presos-em-campos-de-concentracao-na-coreia-comunista","status":"publish","type":"post","link":"https:\/\/www.adf.org.br\/home\/reze-pelos-50-mil-cristaos-presos-em-campos-de-concentracao-na-coreia-comunista\/","title":{"rendered":"Reze pelos 50 mil crist\u00e3os presos em campos de concentra\u00e7\u00e3o na Coreia comunista"},"content":{"rendered":"<p>Nova York (Ag\u00eancia Fides) &#8211; Deter os crimes contra a humanidade, pleno  respeito pelos direitos humanos, prote\u00e7\u00e3o da liberdade religiosa: \u00e9 o  apelo lan\u00e7ado pelas Organiza\u00e7\u00f5es n\u00e3o-governamentais de inspira\u00e7\u00e3o crist\u00e3  como &#8220;Christian Solidarity Worldwide&#8221; (CSW) e &#8220;Open Doors&#8221;, ao novo  l\u00edder da Cor\u00e9ia do Norte, Kim Jong-un. As duas ONGs trabalham para a  defesa da liberdade religiosa no mundo e promovem projetos de  assist\u00eancia \u00e0s comunidades crist\u00e3s que sofrem.<\/p>\n<div>Atualmente,  observa a &#8220;Korean Church Coalition for North Korea Freedom&#8221; na Coreia do  Norte existem v\u00e1rias &#8220;comunidades crist\u00e3s subterr\u00e2neas&#8221; e &#8220;mission\u00e1rios  clandestinos&#8221; que, se pegos, s\u00e3o executados publicamente.<\/div>\n<div><span style=\"color: #800080;\"><br \/>\n <\/span><\/div>\n<blockquote>\n<div><span style=\"font-size: medium;\"><span style=\"font-family: arial,helvetica,sans-serif;\"><span style=\"color: #800080;\"><a href=\"http:\/\/oratoriodamedalhamilagrosa.org.br\/home\/acenda-sua-vela-30\/?origem=1\" target=\"_blank\" rel=\"noopener noreferrer\">Acenda aqui<\/a> uma vela pedindo a Nossa Senhora que proteja os crist\u00e3os que vivem na Coreia e s\u00e3o obrigados a se esconderem porque n\u00e3o podem professar sua f\u00e9.<\/span><\/span><\/span><\/div>\n<\/blockquote>\n<div>Num relat\u00f3rio enviado \u00e0 Fides, CSW insta o regime norte-coreano<span style=\"background-color: #ffff00;\"> &#8220;a  fechar os campos de prisioneiros, deter as execu\u00e7\u00f5es, respeitar a  liberdade religiosa e libertar todos os presos de consci\u00eancia&#8221;,<\/span> convida a  comunidade internacional &#8220;a pressionar a fim de promover essas  mudan\u00e7as&#8221;. CSW lembra que &#8220;mais de 200 mil pessoas est\u00e3o nos campos,  sujeitas \u00e0s piores formas de tortura, onde os crist\u00e3os s\u00e3o presos apenas  por causa de suas cren\u00e7as&#8221;. CSW ajudou a instituir a &#8220;Coaliz\u00e3o  Internacional para deter os crimes contra a humanidade na Coreia do  Norte&#8221; (ICNK) que conta 40 ONGs internacionais. (PA) (Ag\u00eancia Fides  20\/12\/2011).<\/div>\n<div>\n<p class=\"mceTemp mceIEcenter\">\n<dl id=\"attachment_12419\" class=\"wp-caption aligncenter\" style=\"width: 301px;\">\n<dt class=\"wp-caption-dt\"><a href=\"http:\/\/oratoriodamedalhamilagrosa.org.br\/home\/acenda-sua-vela-30\/?origem=1\" target=\"_blank\" rel=\"noopener noreferrer\"><img loading=\"lazy\" class=\"size-full wp-image-12419\" title=\"Coreia do Norte\" src=\"http:\/\/www.adf.org.br\/home\/wp-content\/uploads\/2012\/01\/coreia-do-norte.jpg\" alt=\"\" width=\"291\" height=\"291\" \/><\/a><\/dt>\n<dd class=\"wp-caption-dd\" style=\"text-align: center;\"><span style=\"color: #0000ff;\"><strong>Reze pelos crist\u00e3os coreanos.<\/strong><\/span><\/dd>\n<\/dl>\n<\/div>\n<div><strong>Nota:<\/strong> A Coreia do Norte \u00e9 um pa\u00eds totalmente fechado, regido por uma ditadura comunista cruel e desumana, onde os cidad\u00e3os n\u00e3o tem liberdade alguma de pensamento, os crist\u00e3os que l\u00e1 vivem n\u00e3o podem professar sua f\u00e9, pois s\u00e3o perseguidos pelas autoridades do governo.<\/div>\n","protected":false},"excerpt":{"rendered":"<p>Nova York (Ag\u00eancia Fides) &#8211; Deter os crimes contra a humanidade, pleno respeito pelos direitos humanos, prote\u00e7\u00e3o da liberdade religiosa: \u00e9 o apelo lan\u00e7ado pelas Organiza\u00e7\u00f5es n\u00e3o-governamentais de inspira\u00e7\u00e3o crist\u00e3 como &#8220;Christian Solidarity Worldwide&#8221; (CSW) e &#8220;Open Doors&#8221;, ao novo l\u00edder da Cor\u00e9ia do Norte, Kim Jong-un. As duas ONGs trabalham para a defesa da [&hellip;]<\/p>\n","protected":false},"author":31,"featured_media":0,"comment_status":"open","ping_status":"open","sticky":false,"template":"","format":"standard","meta":[],"categories":[20],"tags":[394,51,32],"yoast_head":"<!-- This site is optimized with the Yoast SEO plugin v17.4 - https:\/\/yoast.com\/wordpress\/plugins\/seo\/ -->\n<title>Reze pelos 50 mil crist\u00e3os presos em campos de concentra\u00e7\u00e3o na Coreia comunista - Associa\u00e7\u00e3o Devotos de F\u00e1tima<\/title>\n<meta name=\"robots\" content=\"index, follow, max-snippet:-1, max-image-preview:large, max-video-preview:-1\" \/>\n<link rel=\"canonical\" href=\"https:\/\/www.adf.org.br\/home\/reze-pelos-50-mil-cristaos-presos-em-campos-de-concentracao-na-coreia-comunista\/\" \/>\n<meta property=\"og:locale\" content=\"pt_BR\" \/>\n<meta property=\"og:type\" content=\"article\" \/>\n<meta property=\"og:title\" content=\"Reze pelos 50 mil crist\u00e3os presos em campos de concentra\u00e7\u00e3o na Coreia comunista - Associa\u00e7\u00e3o Devotos de F\u00e1tima\" \/>\n<meta property=\"og:description\" content=\"Nova York (Ag\u00eancia Fides) &#8211; Deter os crimes contra a humanidade, pleno respeito pelos direitos humanos, prote\u00e7\u00e3o da liberdade religiosa: \u00e9 o apelo lan\u00e7ado pelas Organiza\u00e7\u00f5es n\u00e3o-governamentais de inspira\u00e7\u00e3o crist\u00e3 como &#8220;Christian Solidarity Worldwide&#8221; (CSW) e &#8220;Open Doors&#8221;, ao novo l\u00edder da Cor\u00e9ia do Norte, Kim Jong-un. As duas ONGs trabalham para a defesa da [&hellip;]\" \/>\n<meta property=\"og:url\" content=\"https:\/\/www.adf.org.br\/home\/reze-pelos-50-mil-cristaos-presos-em-campos-de-concentracao-na-coreia-comunista\/\" \/>\n<meta property=\"og:site_name\" content=\"Associa\u00e7\u00e3o Devotos de F\u00e1tima\" \/>\n<meta property=\"article:published_time\" content=\"2012-01-14T02:00:08+00:00\" \/>\n<meta property=\"og:image\" content=\"http:\/\/www.adf.org.br\/home\/wp-content\/uploads\/2012\/01\/coreia-do-norte.jpg\" \/>\n<meta name=\"twitter:card\" content=\"summary_large_image\" \/>\n<meta name=\"twitter:label1\" content=\"Escrito por\" \/>\n\t<meta name=\"twitter:data1\" content=\"Gabriel Barbosa\" \/>\n\t<meta name=\"twitter:label2\" content=\"Est. tempo de leitura\" \/>\n\t<meta name=\"twitter:data2\" content=\"2 minutos\" \/>\n<script type=\"application\/ld+json\" class=\"yoast-schema-graph\">{\"@context\":\"https:\/\/schema.org\",\"@graph\":[{\"@type\":\"WebSite\",\"@id\":\"https:\/\/www.adf.org.br\/home\/#website\",\"url\":\"https:\/\/www.adf.org.br\/home\/\",\"name\":\"Associa\\u00e7\\u00e3o Devotos de F\\u00e1tima\",\"description\":\"Associa\\u00e7\\u00e3o Devotos de F\\u00e1tima\",\"potentialAction\":[{\"@type\":\"SearchAction\",\"target\":{\"@type\":\"EntryPoint\",\"urlTemplate\":\"https:\/\/www.adf.org.br\/home\/?s={search_term_string}\"},\"query-input\":\"required name=search_term_string\"}],\"inLanguage\":\"pt-BR\"},{\"@type\":\"ImageObject\",\"@id\":\"https:\/\/www.adf.org.br\/home\/reze-pelos-50-mil-cristaos-presos-em-campos-de-concentracao-na-coreia-comunista\/#primaryimage\",\"inLanguage\":\"pt-BR\",\"url\":\"http:\/\/www.adf.org.br\/home\/wp-content\/uploads\/2012\/01\/coreia-do-norte.jpg\",\"contentUrl\":\"http:\/\/www.adf.org.br\/home\/wp-content\/uploads\/2012\/01\/coreia-do-norte.jpg\"},{\"@type\":\"WebPage\",\"@id\":\"https:\/\/www.adf.org.br\/home\/reze-pelos-50-mil-cristaos-presos-em-campos-de-concentracao-na-coreia-comunista\/#webpage\",\"url\":\"https:\/\/www.adf.org.br\/home\/reze-pelos-50-mil-cristaos-presos-em-campos-de-concentracao-na-coreia-comunista\/\",\"name\":\"Reze pelos 50 mil crist\\u00e3os presos em campos de concentra\\u00e7\\u00e3o na Coreia comunista - Associa\\u00e7\\u00e3o Devotos de F\\u00e1tima\",\"isPartOf\":{\"@id\":\"https:\/\/www.adf.org.br\/home\/#website\"},\"primaryImageOfPage\":{\"@id\":\"https:\/\/www.adf.org.br\/home\/reze-pelos-50-mil-cristaos-presos-em-campos-de-concentracao-na-coreia-comunista\/#primaryimage\"},\"datePublished\":\"2012-01-14T02:00:08+00:00\",\"dateModified\":\"2012-01-14T02:00:08+00:00\",\"author\":{\"@id\":\"https:\/\/www.adf.org.br\/home\/#\/schema\/person\/f35a5c5aa7728a3dedf4ea9aa1fc2753\"},\"breadcrumb\":{\"@id\":\"https:\/\/www.adf.org.br\/home\/reze-pelos-50-mil-cristaos-presos-em-campos-de-concentracao-na-coreia-comunista\/#breadcrumb\"},\"inLanguage\":\"pt-BR\",\"potentialAction\":[{\"@type\":\"ReadAction\",\"target\":[\"https:\/\/www.adf.org.br\/home\/reze-pelos-50-mil-cristaos-presos-em-campos-de-concentracao-na-coreia-comunista\/\"]}]},{\"@type\":\"BreadcrumbList\",\"@id\":\"https:\/\/www.adf.org.br\/home\/reze-pelos-50-mil-cristaos-presos-em-campos-de-concentracao-na-coreia-comunista\/#breadcrumb\",\"itemListElement\":[{\"@type\":\"ListItem\",\"position\":1,\"name\":\"Home\",\"item\":\"https:\/\/www.adf.org.br\/home\/\"},{\"@type\":\"ListItem\",\"position\":2,\"name\":\"Reze pelos 50 mil crist\\u00e3os presos em campos de concentra\\u00e7\\u00e3o na Coreia comunista\"}]},{\"@type\":\"Person\",\"@id\":\"https:\/\/www.adf.org.br\/home\/#\/schema\/person\/f35a5c5aa7728a3dedf4ea9aa1fc2753\",\"name\":\"Gabriel Barbosa\",\"image\":{\"@type\":\"ImageObject\",\"@id\":\"https:\/\/www.adf.org.br\/home\/#personlogo\",\"inLanguage\":\"pt-BR\",\"url\":\"https:\/\/secure.gravatar.com\/avatar\/2b2cb2f4637682c5605e8d36818f51ef?s=96&d=mm&r=g\",\"contentUrl\":\"https:\/\/secure.gravatar.com\/avatar\/2b2cb2f4637682c5605e8d36818f51ef?s=96&d=mm&r=g\",\"caption\":\"Gabriel Barbosa\"},\"url\":\"https:\/\/www.adf.org.br\/home\/author\/gabrielpmk-com-br\/\"}]}<\/script>\n<!-- \/ Yoast SEO plugin. -->","yoast_head_json":{"title":"Reze pelos 50 mil crist\u00e3os presos em campos de concentra\u00e7\u00e3o na Coreia comunista - Associa\u00e7\u00e3o Devotos de F\u00e1tima","robots":{"index":"index","follow":"follow","max-snippet":"max-snippet:-1","max-image-preview":"max-image-preview:large","max-video-preview":"max-video-preview:-1"},"canonical":"https:\/\/www.adf.org.br\/home\/reze-pelos-50-mil-cristaos-presos-em-campos-de-concentracao-na-coreia-comunista\/","og_locale":"pt_BR","og_type":"article","og_title":"Reze pelos 50 mil crist\u00e3os presos em campos de concentra\u00e7\u00e3o na Coreia comunista - Associa\u00e7\u00e3o Devotos de F\u00e1tima","og_description":"Nova York (Ag\u00eancia Fides) &#8211; Deter os crimes contra a humanidade, pleno respeito pelos direitos humanos, prote\u00e7\u00e3o da liberdade religiosa: \u00e9 o apelo lan\u00e7ado pelas Organiza\u00e7\u00f5es n\u00e3o-governamentais de inspira\u00e7\u00e3o crist\u00e3 como &#8220;Christian Solidarity Worldwide&#8221; (CSW) e &#8220;Open Doors&#8221;, ao novo l\u00edder da Cor\u00e9ia do Norte, Kim Jong-un. As duas ONGs trabalham para a defesa da [&hellip;]","og_url":"https:\/\/www.adf.org.br\/home\/reze-pelos-50-mil-cristaos-presos-em-campos-de-concentracao-na-coreia-comunista\/","og_site_name":"Associa\u00e7\u00e3o Devotos de F\u00e1tima","article_published_time":"2012-01-14T02:00:08+00:00","og_image":[{"url":"http:\/\/www.adf.org.br\/home\/wp-content\/uploads\/2012\/01\/coreia-do-norte.jpg"}],"twitter_card":"summary_large_image","twitter_misc":{"Escrito por":"Gabriel Barbosa","Est. tempo de leitura":"2 minutos"},"schema":{"@context":"https:\/\/schema.org","@graph":[{"@type":"WebSite","@id":"https:\/\/www.adf.org.br\/home\/#website","url":"https:\/\/www.adf.org.br\/home\/","name":"Associa\u00e7\u00e3o Devotos de F\u00e1tima","description":"Associa\u00e7\u00e3o Devotos de F\u00e1tima","potentialAction":[{"@type":"SearchAction","target":{"@type":"EntryPoint","urlTemplate":"https:\/\/www.adf.org.br\/home\/?s={search_term_string}"},"query-input":"required name=search_term_string"}],"inLanguage":"pt-BR"},{"@type":"ImageObject","@id":"https:\/\/www.adf.org.br\/home\/reze-pelos-50-mil-cristaos-presos-em-campos-de-concentracao-na-coreia-comunista\/#primaryimage","inLanguage":"pt-BR","url":"http:\/\/www.adf.org.br\/home\/wp-content\/uploads\/2012\/01\/coreia-do-norte.jpg","contentUrl":"http:\/\/www.adf.org.br\/home\/wp-content\/uploads\/2012\/01\/coreia-do-norte.jpg"},{"@type":"WebPage","@id":"https:\/\/www.adf.org.br\/home\/reze-pelos-50-mil-cristaos-presos-em-campos-de-concentracao-na-coreia-comunista\/#webpage","url":"https:\/\/www.adf.org.br\/home\/reze-pelos-50-mil-cristaos-presos-em-campos-de-concentracao-na-coreia-comunista\/","name":"Reze pelos 50 mil crist\u00e3os presos em campos de concentra\u00e7\u00e3o na Coreia comunista - Associa\u00e7\u00e3o Devotos de F\u00e1tima","isPartOf":{"@id":"https:\/\/www.adf.org.br\/home\/#website"},"primaryImageOfPage":{"@id":"https:\/\/www.adf.org.br\/home\/reze-pelos-50-mil-cristaos-presos-em-campos-de-concentracao-na-coreia-comunista\/#primaryimage"},"datePublished":"2012-01-14T02:00:08+00:00","dateModified":"2012-01-14T02:00:08+00:00","author":{"@id":"https:\/\/www.adf.org.br\/home\/#\/schema\/person\/f35a5c5aa7728a3dedf4ea9aa1fc2753"},"breadcrumb":{"@id":"https:\/\/www.adf.org.br\/home\/reze-pelos-50-mil-cristaos-presos-em-campos-de-concentracao-na-coreia-comunista\/#breadcrumb"},"inLanguage":"pt-BR","potentialAction":[{"@type":"ReadAction","target":["https:\/\/www.adf.org.br\/home\/reze-pelos-50-mil-cristaos-presos-em-campos-de-concentracao-na-coreia-comunista\/"]}]},{"@type":"BreadcrumbList","@id":"https:\/\/www.adf.org.br\/home\/reze-pelos-50-mil-cristaos-presos-em-campos-de-concentracao-na-coreia-comunista\/#breadcrumb","itemListElement":[{"@type":"ListItem","position":1,"name":"Home","item":"https:\/\/www.adf.org.br\/home\/"},{"@type":"ListItem","position":2,"name":"Reze pelos 50 mil crist\u00e3os presos em campos de concentra\u00e7\u00e3o na Coreia comunista"}]},{"@type":"Person","@id":"https:\/\/www.adf.org.br\/home\/#\/schema\/person\/f35a5c5aa7728a3dedf4ea9aa1fc2753","name":"Gabriel Barbosa","image":{"@type":"ImageObject","@id":"https:\/\/www.adf.org.br\/home\/#personlogo","inLanguage":"pt-BR","url":"https:\/\/secure.gravatar.com\/avatar\/2b2cb2f4637682c5605e8d36818f51ef?s=96&d=mm&r=g","contentUrl":"https:\/\/secure.gravatar.com\/avatar\/2b2cb2f4637682c5605e8d36818f51ef?s=96&d=mm&r=g","caption":"Gabriel Barbosa"},"url":"https:\/\/www.adf.org.br\/home\/author\/gabrielpmk-com-br\/"}]}},"_links":{"self":[{"href":"https:\/\/www.adf.org.br\/home\/wp-json\/wp\/v2\/posts\/12415"}],"collection":[{"href":"https:\/\/www.adf.org.br\/home\/wp-json\/wp\/v2\/posts"}],"about":[{"href":"https:\/\/www.adf.org.br\/home\/wp-json\/wp\/v2\/types\/post"}],"author":[{"embeddable":true,"href":"https:\/\/www.adf.org.br\/home\/wp-json\/wp\/v2\/users\/31"}],"replies":[{"embeddable":true,"href":"https:\/\/www.adf.org.br\/home\/wp-json\/wp\/v2\/comments?post=12415"}],"version-history":[{"count":0,"href":"https:\/\/www.adf.org.br\/home\/wp-json\/wp\/v2\/posts\/12415\/revisions"}],"wp:attachment":[{"href":"https:\/\/www.adf.org.br\/home\/wp-json\/wp\/v2\/media?parent=12415"}],"wp:term":[{"taxonomy":"category","embeddable":true,"href":"https:\/\/www.adf.org.br\/home\/wp-json\/wp\/v2\/categories?post=12415"},{"taxonomy":"post_tag","embeddable":true,"href":"https:\/\/www.adf.org.br\/home\/wp-json\/wp\/v2\/tags?post=12415"}],"curies":[{"name":"wp","href":"https:\/\/api.w.org\/{rel}","templated":true}]}}