{"id":12386,"date":"2012-01-13T00:00:20","date_gmt":"2012-01-13T02:00:20","guid":{"rendered":"http:\/\/www.adf.org.br\/home\/?p=12386"},"modified":"2012-01-13T00:00:20","modified_gmt":"2012-01-13T02:00:20","slug":"julia-a-anencefala-que-deixou-saudades","status":"publish","type":"post","link":"https:\/\/www.adf.org.br\/home\/julia-a-anencefala-que-deixou-saudades\/","title":{"rendered":"J\u00falia, a anenc\u00e9fala que deixou saudades"},"content":{"rendered":"<p><span style=\"font-size: medium;\"><strong>Os pais resistiram \u00e0 press\u00e3o para praticarem um aborto<\/strong><\/span><\/p>\n<p>Segue abaixo o comovente depoimento dos pais de J\u00falia, uma crian\u00e7a anenc\u00e9fala nascida em An\u00e1polis (GO) em 04\/03\/2010 \u00e0s 7h30min.<\/p>\n<p>O Padre\u00a0 Luiz Carlos Lodi da Cruz,\u00a0  Presidente do Pr\u00f3-Vida de An\u00e1polis, batizou o beb\u00ea logo ap\u00f3s o parto. A m\u00e3e foi trazida em uma maca para se despedir de sua filha, conforme desejava. A crian\u00e7a morreu cerca de uma hora ap\u00f3s o nascimento. Sabiamente, os pais de J\u00falia tomaram a decis\u00e3o de am\u00e1-la at\u00e9 o \u00faltimo momento, rejeitando a \u201csolu\u00e7\u00e3o\u201d do aborto que lhes fora proposta. Na transcri\u00e7\u00e3o a seguir, procurou-se conservar a linguagem falada, entrecortada por emo\u00e7\u00f5es.<\/p>\n<blockquote>\n<p><span style=\"color: #008000;\"><span style=\"font-size: medium;\"><span style=\"font-family: arial black,avant garde;\"><strong>ABORTO NUNCA!<\/strong><\/span><\/span><\/span> <span style=\"color: #333399;\"><span style=\"font-family: arial,helvetica,sans-serif;\">Entre voc\u00ea tamb\u00e9m nesta campanha. <a href=\"http:\/\/www.adf.org.br\/home\/video\/?origem=1\" target=\"_blank\" rel=\"noopener noreferrer\">Veja aqui o v\u00eddeo<\/a> e COMPARTILHE com todos que puder<strong>. Vamos fazer da Internet um local de propaga\u00e7\u00e3o dos Santos e Perfeitos Ensinamentos de Nosso Senhor Jesus Cristo.<\/strong> Vamos pedir que Nossa Senhora nos ajude intercedendo para que este v\u00eddeo toque milhares de vidas, principalmente as que concordam com este ter\u00edvel ato de crueldade que \u00e9 o aborto.<\/span><\/span><\/p>\n<\/blockquote>\n<p><span style=\"color: #800080;\"><span style=\"font-family: arial black,avant garde;\"><strong> Carla, m\u00e3e de J\u00falia:<\/strong><\/span><\/span><\/p>\n<p>Descobri no quinto m\u00eas de gravidez o problema da J\u00falia. Quando eu descobri o problema dela, a m\u00e9dica me explicou que poderia ser feito um aborto. Perguntei \u00e0 m\u00e9dica se poderia continuar com a gravidez. Ela disse que poderia, mas que n\u00e3o tinha necessidade, que eu iria sofrer muito se prosseguisse com a gravidez. E se eu fizesse um aborto, [\u2026] iria evitar mais sofrimento para mim. Eu j\u00e1 estava decidida a continuar com a gravidez. Procurei o Pr\u00f3-Vida de An\u00e1polis para me orientar de alguma coisa. Foi no Pr\u00f3-Vida que eu descobri o problema de minha filha, que eu entendi o problema dela. Eu sabia que ela n\u00e3o tinha formado o cr\u00e2nio. At\u00e9 ent\u00e3o era s\u00f3 isso. E que n\u00e3o tinha chance nenhuma de vida. Foi atrav\u00e9s do Pr\u00f3-Vida que eu vi o relato de outras m\u00e3es, que eu vi fotos de beb\u00eas anenc\u00e9falos, e entendi o problema da minha filha. E eu tive uma orienta\u00e7\u00e3o e uma for\u00e7a muito grande para poder continuar coma minha gravidez. Eu tive um apoio muito grande.<\/p>\n<p>Eu tinha um beb\u00ea de quatro meses [de nascido] quando descobri que estava gr\u00e1vida. E no in\u00edcio foi um susto muito grande. Eu estava t\u00e3o feliz com a gravidez anterior que eu desejava muito essa crian\u00e7a. E ao mesmo tempo eu tinha que me preparar para o desfecho que teria esta outra filha que eu estava esperando. Tentei aproveitar ao m\u00e1ximo a minha gravidez. Pedi muito a Deus que eu queria v\u00ea-la antes de ela morrer. Era o meu maior desejo. Poder dar o Batismo para ela, ficar com ela pelo menos um momento que fosse&#8230;<\/p>\n<p><strong>C<a rel=\"attachment wp-att-12393\" href=\"http:\/\/www.adf.org.br\/home\/2012\/01\/julia-a-anencefala-que-deixou-saudades\/julia-anencefalica\/\"><img loading=\"lazy\" class=\"alignleft size-full wp-image-12393\" title=\"Carla conseguiu despedir-se de sua filha, Julia.\" src=\"http:\/\/www.adf.org.br\/home\/wp-content\/uploads\/2012\/01\/Julia-anencefalica.jpg\" alt=\"\" width=\"350\" height=\"263\" \/><\/a>onsegui levar minha gravidez at\u00e9 o final. Minha filha morreu uma hora depois do parto. Conheci minha filha. Vi ela viva ainda.<\/strong> \u00c9 um sentimento que n\u00e3o tenho como explicar. Hoje eu penso nela&#8230; Eu queria ter mais tempo ainda com ela. Cada minutinho que eu passei com ela compensou todo o sofrimento que eu tive. Quando eu vi o rosto dela, foi a melhor sensa\u00e7\u00e3o que eu j\u00e1 tinha sentido na minha vida.<\/p>\n<p>Tenho outros dois filhos. N\u00e3o tem como explicar. Quando eu olho as fotos da minha filha, quando eu me lembro dela, do meu parto\u2026 Como que as pessoas querem tirar&#8230; abortar uma crian\u00e7a que&#8230; tem tudo? Ela s\u00f3 n\u00e3o ia viver. Eu s\u00f3 n\u00e3o ia ver a minha filha. Mas durante a minha gravidez ela mexia muito, como a minha outra filha, \u00e0s vezes at\u00e9 mais&#8230; [&#8230;] Ela morreu uma hora depois do parto. Eu fui para a Santa Casa ganhar nen\u00e9m. Olhar as fotos dela, lembrar dela\u2026<strong> Nunca, nunca na minha vida, \u00e9 uma coisa que n\u00e3o tem como nem pensar a quest\u00e3o de aborto. N\u00e3o tem como pensar nisso. Como \u00e9 que uma pessoa consegue?<\/strong><\/p>\n<p><span style=\"background-color: #99cc00;\">Quando me cogitaram a ideia de fazer aborto \u2014 e foram v\u00e1rias vezes que minha m\u00e9dica tentou \u2014 eu n\u00e3o consigo imaginar palavras&#8230; Como eu poderia estar hoje se eu tivesse feito aborto da minha filha? \u00c9 um sentimento, uma coisa que eu n\u00e3o consigo passar pela minha cabe\u00e7a. Para mim n\u00e3o existe. \u00c9 uma coisa que n\u00e3o existe.<\/span><\/p>\n<p><strong>Mas se tivesse [feito aborto], n\u00e3o me ajudaria em nada. S\u00f3 iria piorar o sentimento que eu estava. O que ajudou muito foi o tempo que eu passei com minha filha&#8230; [&#8230;]<\/strong><\/p>\n<p>Mas tudo que eu pudesse imaginar se eu tivesse tirado&#8230; n\u00e3o iria me ajudar em nada e sim [teria] piorado muito mais a minha situa\u00e7\u00e3o.<\/p>\n<p>Como m\u00e3e, a maior satisfa\u00e7\u00e3o que eu tenho foi o dia em que minha filha nasceu, que eu olhei para ela, que todo o amor que eu tinha por ela, quando eu olhei nela, aquilo me valeu a pena. Valeu e eu viveria tudo de novo se eu pudesse estar mais tempo com ela.<\/p>\n<p>Eu n\u00e3o me arrependo, em momento nenhum de n\u00e3o ter feito aborto. [&#8230;] M\u00e3e, ela est\u00e1 aqui para dar a vida e n\u00e3o para estipular uma hora e nem que esse filho tem que viver at\u00e9 aqui e pronto. Ela est\u00e1 dando a vida pelo filho&#8230; Se ele tem sa\u00fade, se ele vai viver ou n\u00e3o, independente do tempo que ele vai viver, ela vai dar a vida para ele; agora, tirar n\u00e3o.<\/p>\n<p style=\"text-align: center;\"><a href=\"http:\/\/www.adf.org.br\/home\/video\/?origem=1\" target=\"_blank\" rel=\"noopener noreferrer\"><img loading=\"lazy\" class=\"aligncenter size-full wp-image-12404\" title=\"ABORTO NUNCA. Compartilhe este v\u00eddeo com todos!\" src=\"http:\/\/www.adf.org.br\/home\/wp-content\/uploads\/2012\/01\/ABORTO-NUNCA.jpg\" alt=\"\" width=\"429\" height=\"120\" \/><\/a><\/p>\n<p>Eu n\u00e3o me arrependo novamente de n\u00e3o ter feito o aborto. [&#8230;]. Eu acho que n\u00e3o tem como uma m\u00e3e estipular uma hora at\u00e9 que o filho tenha que viver. Uma m\u00e3e nunca vai se arrepender de carregar o filho, passar por uma gravidez, por qualquer dificuldade que seja. A dificuldade maior \u00e9 saber que eu estipulei at\u00e9 uma hora de meu filho viver: \u201cele vai viver at\u00e9 aqui porque n\u00e3o vai ser bom para mim\u201d.<\/p>\n<p>Eu acho que a satisfa\u00e7\u00e3o de uma gravidez, da hora de um parto, independente da hora que o filho vai viver, isso apaga qualquer sofrimento que uma m\u00e3e passa.<\/p>\n<p><span style=\"color: #800080;\"><span style=\"font-family: arial black,avant garde;\">Kleber, pai de J\u00falia:<\/span><\/span><\/p>\n<p>Gra\u00e7as a Deus, a gente conduziu at\u00e9 o final essa gravidez [&#8230;].<\/p>\n<p>O aborto \u00e9 um crime na verdade. As pessoas falam como se fosse uma coisa banal, e n\u00e3o \u00e9.<\/p>\n<p>A gente conduziu at\u00e9 o final, gra\u00e7as a Deus, com a ajuda de Deus.<\/p>\n<p>No dia que ela nasceu, a Carla ficou internada, eu acompanhei o enterro da minha filha. E depois que teve o desfecho do enterro, a sensa\u00e7\u00e3o era de um dever cumprido, consci\u00eancia limpa, gra\u00e7as a Deus. Acho que a principal li\u00e7\u00e3o foi essa: de consci\u00eancia limpa perante a sociedade e perante Deus principalmente, de n\u00e3o ter feito alguma coisa de errado.<\/p>\n<p><span style=\"color: #800080;\"><span style=\"font-family: arial black,avant garde;\">Carla (chorando):<\/span><\/span><\/p>\n<p>Eu sinto saudade da minha filha&#8230; [&#8230;] N\u00e3o tem nada que preencha o espa\u00e7o dela. Eu tenho dois filhos, mas o lugar dela para mim est\u00e1 l\u00e1. Ela \u00e9 minha terceira filha. Para mim n\u00e3o tem nada que preencha o lugar dela. \u00c9 a minha filha. \u00c9 algu\u00e9m que&#8230; Hoje ela estaria com quatro meses. Ent\u00e3o a gente lembra: \u201cHoje ela estaria com um m\u00eas, dois meses&#8230; E se ela estivesse aqui, como seria?&#8230;\u201d A gente se lembra dela como algu\u00e9m l\u00e1 em casa. Ela tem um lugar dela para mim e nenhum dos meus filhos substitui ela. A gente pensa como ela estaria hoje&#8230; o tamanho com que ela estaria crescendo&#8230;<\/p>\n<p>Pe. Luiz Carlos Lodi da Cruz  Presidente do Pr\u00f3-Vida de An\u00e1polis<\/p>\n<p><em>Fonte: Site Dom Luiz Bergonzini<\/em><\/p>\n","protected":false},"excerpt":{"rendered":"<p>Os pais resistiram \u00e0 press\u00e3o para praticarem um aborto Segue abaixo o comovente depoimento dos pais de J\u00falia, uma crian\u00e7a anenc\u00e9fala nascida em An\u00e1polis (GO) em 04\/03\/2010 \u00e0s 7h30min. O Padre\u00a0 Luiz Carlos Lodi da Cruz,\u00a0 Presidente do Pr\u00f3-Vida de An\u00e1polis, batizou o beb\u00ea logo ap\u00f3s o parto. A m\u00e3e foi trazida em uma maca [&hellip;]<\/p>\n","protected":false},"author":31,"featured_media":0,"comment_status":"open","ping_status":"open","sticky":false,"template":"","format":"standard","meta":[],"categories":[20],"tags":[393,25],"yoast_head":"<!-- This site is optimized with the Yoast SEO plugin v17.4 - https:\/\/yoast.com\/wordpress\/plugins\/seo\/ -->\n<title>J\u00falia, a anenc\u00e9fala que deixou saudades - Associa\u00e7\u00e3o Devotos de F\u00e1tima<\/title>\n<meta name=\"robots\" content=\"index, follow, max-snippet:-1, max-image-preview:large, max-video-preview:-1\" \/>\n<link rel=\"canonical\" href=\"https:\/\/www.adf.org.br\/home\/julia-a-anencefala-que-deixou-saudades\/\" \/>\n<meta property=\"og:locale\" content=\"pt_BR\" \/>\n<meta property=\"og:type\" content=\"article\" \/>\n<meta property=\"og:title\" content=\"J\u00falia, a anenc\u00e9fala que deixou saudades - Associa\u00e7\u00e3o Devotos de F\u00e1tima\" \/>\n<meta property=\"og:description\" content=\"Os pais resistiram \u00e0 press\u00e3o para praticarem um aborto Segue abaixo o comovente depoimento dos pais de J\u00falia, uma crian\u00e7a anenc\u00e9fala nascida em An\u00e1polis (GO) em 04\/03\/2010 \u00e0s 7h30min. O Padre\u00a0 Luiz Carlos Lodi da Cruz,\u00a0 Presidente do Pr\u00f3-Vida de An\u00e1polis, batizou o beb\u00ea logo ap\u00f3s o parto. A m\u00e3e foi trazida em uma maca [&hellip;]\" \/>\n<meta property=\"og:url\" content=\"https:\/\/www.adf.org.br\/home\/julia-a-anencefala-que-deixou-saudades\/\" \/>\n<meta property=\"og:site_name\" content=\"Associa\u00e7\u00e3o Devotos de F\u00e1tima\" \/>\n<meta property=\"article:published_time\" content=\"2012-01-13T02:00:20+00:00\" \/>\n<meta property=\"og:image\" content=\"http:\/\/www.adf.org.br\/home\/wp-content\/uploads\/2012\/01\/Julia-anencefalica.jpg\" \/>\n<meta name=\"twitter:card\" content=\"summary_large_image\" \/>\n<meta name=\"twitter:label1\" content=\"Escrito por\" \/>\n\t<meta name=\"twitter:data1\" content=\"Gabriel Barbosa\" \/>\n\t<meta name=\"twitter:label2\" content=\"Est. tempo de leitura\" \/>\n\t<meta name=\"twitter:data2\" content=\"7 minutos\" \/>\n<script type=\"application\/ld+json\" class=\"yoast-schema-graph\">{\"@context\":\"https:\/\/schema.org\",\"@graph\":[{\"@type\":\"WebSite\",\"@id\":\"https:\/\/www.adf.org.br\/home\/#website\",\"url\":\"https:\/\/www.adf.org.br\/home\/\",\"name\":\"Associa\\u00e7\\u00e3o Devotos de F\\u00e1tima\",\"description\":\"Associa\\u00e7\\u00e3o Devotos de F\\u00e1tima\",\"potentialAction\":[{\"@type\":\"SearchAction\",\"target\":{\"@type\":\"EntryPoint\",\"urlTemplate\":\"https:\/\/www.adf.org.br\/home\/?s={search_term_string}\"},\"query-input\":\"required name=search_term_string\"}],\"inLanguage\":\"pt-BR\"},{\"@type\":\"ImageObject\",\"@id\":\"https:\/\/www.adf.org.br\/home\/julia-a-anencefala-que-deixou-saudades\/#primaryimage\",\"inLanguage\":\"pt-BR\",\"url\":\"http:\/\/www.adf.org.br\/home\/wp-content\/uploads\/2012\/01\/Julia-anencefalica.jpg\",\"contentUrl\":\"http:\/\/www.adf.org.br\/home\/wp-content\/uploads\/2012\/01\/Julia-anencefalica.jpg\"},{\"@type\":\"WebPage\",\"@id\":\"https:\/\/www.adf.org.br\/home\/julia-a-anencefala-que-deixou-saudades\/#webpage\",\"url\":\"https:\/\/www.adf.org.br\/home\/julia-a-anencefala-que-deixou-saudades\/\",\"name\":\"J\\u00falia, a anenc\\u00e9fala que deixou saudades - Associa\\u00e7\\u00e3o Devotos de F\\u00e1tima\",\"isPartOf\":{\"@id\":\"https:\/\/www.adf.org.br\/home\/#website\"},\"primaryImageOfPage\":{\"@id\":\"https:\/\/www.adf.org.br\/home\/julia-a-anencefala-que-deixou-saudades\/#primaryimage\"},\"datePublished\":\"2012-01-13T02:00:20+00:00\",\"dateModified\":\"2012-01-13T02:00:20+00:00\",\"author\":{\"@id\":\"https:\/\/www.adf.org.br\/home\/#\/schema\/person\/f35a5c5aa7728a3dedf4ea9aa1fc2753\"},\"breadcrumb\":{\"@id\":\"https:\/\/www.adf.org.br\/home\/julia-a-anencefala-que-deixou-saudades\/#breadcrumb\"},\"inLanguage\":\"pt-BR\",\"potentialAction\":[{\"@type\":\"ReadAction\",\"target\":[\"https:\/\/www.adf.org.br\/home\/julia-a-anencefala-que-deixou-saudades\/\"]}]},{\"@type\":\"BreadcrumbList\",\"@id\":\"https:\/\/www.adf.org.br\/home\/julia-a-anencefala-que-deixou-saudades\/#breadcrumb\",\"itemListElement\":[{\"@type\":\"ListItem\",\"position\":1,\"name\":\"Home\",\"item\":\"https:\/\/www.adf.org.br\/home\/\"},{\"@type\":\"ListItem\",\"position\":2,\"name\":\"J\\u00falia, a anenc\\u00e9fala que deixou saudades\"}]},{\"@type\":\"Person\",\"@id\":\"https:\/\/www.adf.org.br\/home\/#\/schema\/person\/f35a5c5aa7728a3dedf4ea9aa1fc2753\",\"name\":\"Gabriel Barbosa\",\"image\":{\"@type\":\"ImageObject\",\"@id\":\"https:\/\/www.adf.org.br\/home\/#personlogo\",\"inLanguage\":\"pt-BR\",\"url\":\"https:\/\/secure.gravatar.com\/avatar\/2b2cb2f4637682c5605e8d36818f51ef?s=96&d=mm&r=g\",\"contentUrl\":\"https:\/\/secure.gravatar.com\/avatar\/2b2cb2f4637682c5605e8d36818f51ef?s=96&d=mm&r=g\",\"caption\":\"Gabriel Barbosa\"},\"url\":\"https:\/\/www.adf.org.br\/home\/author\/gabrielpmk-com-br\/\"}]}<\/script>\n<!-- \/ Yoast SEO plugin. -->","yoast_head_json":{"title":"J\u00falia, a anenc\u00e9fala que deixou saudades - Associa\u00e7\u00e3o Devotos de F\u00e1tima","robots":{"index":"index","follow":"follow","max-snippet":"max-snippet:-1","max-image-preview":"max-image-preview:large","max-video-preview":"max-video-preview:-1"},"canonical":"https:\/\/www.adf.org.br\/home\/julia-a-anencefala-que-deixou-saudades\/","og_locale":"pt_BR","og_type":"article","og_title":"J\u00falia, a anenc\u00e9fala que deixou saudades - Associa\u00e7\u00e3o Devotos de F\u00e1tima","og_description":"Os pais resistiram \u00e0 press\u00e3o para praticarem um aborto Segue abaixo o comovente depoimento dos pais de J\u00falia, uma crian\u00e7a anenc\u00e9fala nascida em An\u00e1polis (GO) em 04\/03\/2010 \u00e0s 7h30min. O Padre\u00a0 Luiz Carlos Lodi da Cruz,\u00a0 Presidente do Pr\u00f3-Vida de An\u00e1polis, batizou o beb\u00ea logo ap\u00f3s o parto. A m\u00e3e foi trazida em uma maca [&hellip;]","og_url":"https:\/\/www.adf.org.br\/home\/julia-a-anencefala-que-deixou-saudades\/","og_site_name":"Associa\u00e7\u00e3o Devotos de F\u00e1tima","article_published_time":"2012-01-13T02:00:20+00:00","og_image":[{"url":"http:\/\/www.adf.org.br\/home\/wp-content\/uploads\/2012\/01\/Julia-anencefalica.jpg"}],"twitter_card":"summary_large_image","twitter_misc":{"Escrito por":"Gabriel Barbosa","Est. tempo de leitura":"7 minutos"},"schema":{"@context":"https:\/\/schema.org","@graph":[{"@type":"WebSite","@id":"https:\/\/www.adf.org.br\/home\/#website","url":"https:\/\/www.adf.org.br\/home\/","name":"Associa\u00e7\u00e3o Devotos de F\u00e1tima","description":"Associa\u00e7\u00e3o Devotos de F\u00e1tima","potentialAction":[{"@type":"SearchAction","target":{"@type":"EntryPoint","urlTemplate":"https:\/\/www.adf.org.br\/home\/?s={search_term_string}"},"query-input":"required name=search_term_string"}],"inLanguage":"pt-BR"},{"@type":"ImageObject","@id":"https:\/\/www.adf.org.br\/home\/julia-a-anencefala-que-deixou-saudades\/#primaryimage","inLanguage":"pt-BR","url":"http:\/\/www.adf.org.br\/home\/wp-content\/uploads\/2012\/01\/Julia-anencefalica.jpg","contentUrl":"http:\/\/www.adf.org.br\/home\/wp-content\/uploads\/2012\/01\/Julia-anencefalica.jpg"},{"@type":"WebPage","@id":"https:\/\/www.adf.org.br\/home\/julia-a-anencefala-que-deixou-saudades\/#webpage","url":"https:\/\/www.adf.org.br\/home\/julia-a-anencefala-que-deixou-saudades\/","name":"J\u00falia, a anenc\u00e9fala que deixou saudades - Associa\u00e7\u00e3o Devotos de F\u00e1tima","isPartOf":{"@id":"https:\/\/www.adf.org.br\/home\/#website"},"primaryImageOfPage":{"@id":"https:\/\/www.adf.org.br\/home\/julia-a-anencefala-que-deixou-saudades\/#primaryimage"},"datePublished":"2012-01-13T02:00:20+00:00","dateModified":"2012-01-13T02:00:20+00:00","author":{"@id":"https:\/\/www.adf.org.br\/home\/#\/schema\/person\/f35a5c5aa7728a3dedf4ea9aa1fc2753"},"breadcrumb":{"@id":"https:\/\/www.adf.org.br\/home\/julia-a-anencefala-que-deixou-saudades\/#breadcrumb"},"inLanguage":"pt-BR","potentialAction":[{"@type":"ReadAction","target":["https:\/\/www.adf.org.br\/home\/julia-a-anencefala-que-deixou-saudades\/"]}]},{"@type":"BreadcrumbList","@id":"https:\/\/www.adf.org.br\/home\/julia-a-anencefala-que-deixou-saudades\/#breadcrumb","itemListElement":[{"@type":"ListItem","position":1,"name":"Home","item":"https:\/\/www.adf.org.br\/home\/"},{"@type":"ListItem","position":2,"name":"J\u00falia, a anenc\u00e9fala que deixou saudades"}]},{"@type":"Person","@id":"https:\/\/www.adf.org.br\/home\/#\/schema\/person\/f35a5c5aa7728a3dedf4ea9aa1fc2753","name":"Gabriel Barbosa","image":{"@type":"ImageObject","@id":"https:\/\/www.adf.org.br\/home\/#personlogo","inLanguage":"pt-BR","url":"https:\/\/secure.gravatar.com\/avatar\/2b2cb2f4637682c5605e8d36818f51ef?s=96&d=mm&r=g","contentUrl":"https:\/\/secure.gravatar.com\/avatar\/2b2cb2f4637682c5605e8d36818f51ef?s=96&d=mm&r=g","caption":"Gabriel Barbosa"},"url":"https:\/\/www.adf.org.br\/home\/author\/gabrielpmk-com-br\/"}]}},"_links":{"self":[{"href":"https:\/\/www.adf.org.br\/home\/wp-json\/wp\/v2\/posts\/12386"}],"collection":[{"href":"https:\/\/www.adf.org.br\/home\/wp-json\/wp\/v2\/posts"}],"about":[{"href":"https:\/\/www.adf.org.br\/home\/wp-json\/wp\/v2\/types\/post"}],"author":[{"embeddable":true,"href":"https:\/\/www.adf.org.br\/home\/wp-json\/wp\/v2\/users\/31"}],"replies":[{"embeddable":true,"href":"https:\/\/www.adf.org.br\/home\/wp-json\/wp\/v2\/comments?post=12386"}],"version-history":[{"count":0,"href":"https:\/\/www.adf.org.br\/home\/wp-json\/wp\/v2\/posts\/12386\/revisions"}],"wp:attachment":[{"href":"https:\/\/www.adf.org.br\/home\/wp-json\/wp\/v2\/media?parent=12386"}],"wp:term":[{"taxonomy":"category","embeddable":true,"href":"https:\/\/www.adf.org.br\/home\/wp-json\/wp\/v2\/categories?post=12386"},{"taxonomy":"post_tag","embeddable":true,"href":"https:\/\/www.adf.org.br\/home\/wp-json\/wp\/v2\/tags?post=12386"}],"curies":[{"name":"wp","href":"https:\/\/api.w.org\/{rel}","templated":true}]}}