{"id":12377,"date":"2012-01-11T00:00:24","date_gmt":"2012-01-11T02:00:24","guid":{"rendered":"http:\/\/www.adf.org.br\/home\/?p=12377"},"modified":"2012-01-11T00:00:24","modified_gmt":"2012-01-11T02:00:24","slug":"aborto-aumenta-o-risco-de-cancer-de-mama-em-quase-200-por-cento","status":"publish","type":"post","link":"https:\/\/www.adf.org.br\/home\/aborto-aumenta-o-risco-de-cancer-de-mama-em-quase-200-por-cento\/","title":{"rendered":"Aborto aumenta o risco de c\u00e2ncer de mama em quase 200 por cento"},"content":{"rendered":"<p style=\"padding-left: 90px;\">MADRI, 05 Jan. 12 \/ 10:41 am (<a href=\"http:\/\/www.acidigital.com\/noticia.php?id=22970\" target=\"_self\" rel=\"noopener noreferrer\">ACI\/EWTN Noticias<\/a>)<\/p>\n<p><span style=\"font-size: medium;\"><strong>Um recente estudo demonstrou que o aborto aumenta nas mulheres o risco de c\u00e2ncer de mama em 193 por cento e, pelo  contr\u00e1rio, as que levaram a t\u00e9rmino sua gravidez t\u00eam muito menor risco  que aquelas que nunca estiveram gr\u00e1vidas.<\/strong><\/span><\/p>\n<p><a href=\"http:\/\/www.oratoriodamedalhamilagrosa.org.br\/vela-da-vida\/?origem=1\" target=\"_blank\" rel=\"noopener noreferrer\"><img loading=\"lazy\" class=\"aligncenter size-full wp-image-12382\" title=\"A cada MINUTO 5 ABORTOS s\u00e3o cometidos NO PA\u00cdS. N\u00e3o perca mais tempo e acenda agora a sua VELA PELA VIDA\" src=\"http:\/\/www.adf.org.br\/home\/wp-content\/uploads\/2012\/01\/vela-da-vida_1.jpg\" alt=\"\" width=\"600\" height=\"164\" \/><\/a>Segundo uma nota  publicada no jornal espanhol La Gazeta, este estudo feito no Ir\u00e3 se une a  outros realizados nos Estados Unidos, China e Turquia; somando um total  de cinco investiga\u00e7\u00f5es que nos \u00faltimos 18 meses demonstraram que o  <span style=\"color: #800080;\"><span style=\"font-size: medium;\"><strong>aborto \u00e9 uma das principais causa do c\u00e2ncer de mama.<\/strong><\/span><\/span><\/p>\n<p>De acordo com a investiga\u00e7\u00e3o uma primeira gravidez em idade tardia aumenta o risco de  c\u00e2ncer de mama, enquanto que mulheres que tiveram v\u00e1rias gravidezes t\u00eam  91 por cento menos risco de ter c\u00e2ncer que aquelas que nunca estiveram  gr\u00e1vidas.<\/p>\n<p>O estudo revela ademais que cada novo nascimento reduz o risco de c\u00e2ncer de mama em 50 por cento.<\/p>\n<p>Os  investigadores Hajian-Tilaki K.O. e Kaveh-Ahangar T. da Universidade de  Ci\u00eancias M\u00e9dicas de Babol realizaram este estudo comparativo com 200  mulheres, 100 delas com c\u00e2ncer de mama diagnosticado recentemente.<\/p>\n<p>O  estudo iraniano chegou pouco antes de que outra pesquisa de cientistas  do Sri Lanka revelasse que as mulheres que tiveram um aborto no passado  eram 242 por cento mais propensas a contrair c\u00e2ncer de mama.<\/p>\n<p>Um  estudo do ano 2007 realizado por Patrick Carroll do PAPRI(Pension and  Population Research Institute) em Londres intitulado &#8220;A Epidemia do  C\u00e2ncer de Mama&#8221; tamb\u00e9m demonstrou que o aborto \u00e9 a principal causa desta  enfermidade.<\/p>\n<p>O Journal of American Physicians and Surgeons  (Revista de M\u00e9dicos e Cirurgi\u00f5es dos Estados Unidos) publicou nessa  ocasi\u00e3o o estudo que explicava que em pa\u00edses com altos \u00edndices de  aborto, como a Inglaterra e Gales, pode-se esperar uma alta incid\u00eancia  de c\u00e2ncer de mama.<\/p>\n","protected":false},"excerpt":{"rendered":"<p>MADRI, 05 Jan. 12 \/ 10:41 am (ACI\/EWTN Noticias) Um recente estudo demonstrou que o aborto aumenta nas mulheres o risco de c\u00e2ncer de mama em 193 por cento e, pelo contr\u00e1rio, as que levaram a t\u00e9rmino sua gravidez t\u00eam muito menor risco que aquelas que nunca estiveram gr\u00e1vidas. Segundo uma nota publicada no jornal [&hellip;]<\/p>\n","protected":false},"author":31,"featured_media":0,"comment_status":"open","ping_status":"open","sticky":false,"template":"","format":"standard","meta":[],"categories":[20],"tags":[47,392],"yoast_head":"<!-- This site is optimized with the Yoast SEO plugin v17.4 - https:\/\/yoast.com\/wordpress\/plugins\/seo\/ -->\n<title>Aborto aumenta o risco de c\u00e2ncer de mama em quase 200 por cento - Associa\u00e7\u00e3o Devotos de F\u00e1tima<\/title>\n<meta name=\"robots\" content=\"index, follow, max-snippet:-1, max-image-preview:large, max-video-preview:-1\" \/>\n<link rel=\"canonical\" href=\"https:\/\/www.adf.org.br\/home\/aborto-aumenta-o-risco-de-cancer-de-mama-em-quase-200-por-cento\/\" \/>\n<meta property=\"og:locale\" content=\"pt_BR\" \/>\n<meta property=\"og:type\" content=\"article\" \/>\n<meta property=\"og:title\" content=\"Aborto aumenta o risco de c\u00e2ncer de mama em quase 200 por cento - Associa\u00e7\u00e3o Devotos de F\u00e1tima\" \/>\n<meta property=\"og:description\" content=\"MADRI, 05 Jan. 12 \/ 10:41 am (ACI\/EWTN Noticias) Um recente estudo demonstrou que o aborto aumenta nas mulheres o risco de c\u00e2ncer de mama em 193 por cento e, pelo contr\u00e1rio, as que levaram a t\u00e9rmino sua gravidez t\u00eam muito menor risco que aquelas que nunca estiveram gr\u00e1vidas. Segundo uma nota publicada no jornal [&hellip;]\" \/>\n<meta property=\"og:url\" content=\"https:\/\/www.adf.org.br\/home\/aborto-aumenta-o-risco-de-cancer-de-mama-em-quase-200-por-cento\/\" \/>\n<meta property=\"og:site_name\" content=\"Associa\u00e7\u00e3o Devotos de F\u00e1tima\" \/>\n<meta property=\"article:published_time\" content=\"2012-01-11T02:00:24+00:00\" \/>\n<meta property=\"og:image\" content=\"http:\/\/www.adf.org.br\/home\/wp-content\/uploads\/2012\/01\/vela-da-vida_1.jpg\" \/>\n<meta name=\"twitter:card\" content=\"summary_large_image\" \/>\n<meta name=\"twitter:label1\" content=\"Escrito por\" \/>\n\t<meta name=\"twitter:data1\" content=\"Gabriel Barbosa\" \/>\n\t<meta name=\"twitter:label2\" content=\"Est. tempo de leitura\" \/>\n\t<meta name=\"twitter:data2\" content=\"2 minutos\" \/>\n<script type=\"application\/ld+json\" class=\"yoast-schema-graph\">{\"@context\":\"https:\/\/schema.org\",\"@graph\":[{\"@type\":\"WebSite\",\"@id\":\"https:\/\/www.adf.org.br\/home\/#website\",\"url\":\"https:\/\/www.adf.org.br\/home\/\",\"name\":\"Associa\\u00e7\\u00e3o Devotos de F\\u00e1tima\",\"description\":\"Associa\\u00e7\\u00e3o Devotos de F\\u00e1tima\",\"potentialAction\":[{\"@type\":\"SearchAction\",\"target\":{\"@type\":\"EntryPoint\",\"urlTemplate\":\"https:\/\/www.adf.org.br\/home\/?s={search_term_string}\"},\"query-input\":\"required name=search_term_string\"}],\"inLanguage\":\"pt-BR\"},{\"@type\":\"ImageObject\",\"@id\":\"https:\/\/www.adf.org.br\/home\/aborto-aumenta-o-risco-de-cancer-de-mama-em-quase-200-por-cento\/#primaryimage\",\"inLanguage\":\"pt-BR\",\"url\":\"http:\/\/www.adf.org.br\/home\/wp-content\/uploads\/2012\/01\/vela-da-vida_1.jpg\",\"contentUrl\":\"http:\/\/www.adf.org.br\/home\/wp-content\/uploads\/2012\/01\/vela-da-vida_1.jpg\"},{\"@type\":\"WebPage\",\"@id\":\"https:\/\/www.adf.org.br\/home\/aborto-aumenta-o-risco-de-cancer-de-mama-em-quase-200-por-cento\/#webpage\",\"url\":\"https:\/\/www.adf.org.br\/home\/aborto-aumenta-o-risco-de-cancer-de-mama-em-quase-200-por-cento\/\",\"name\":\"Aborto aumenta o risco de c\\u00e2ncer de mama em quase 200 por cento - Associa\\u00e7\\u00e3o Devotos de F\\u00e1tima\",\"isPartOf\":{\"@id\":\"https:\/\/www.adf.org.br\/home\/#website\"},\"primaryImageOfPage\":{\"@id\":\"https:\/\/www.adf.org.br\/home\/aborto-aumenta-o-risco-de-cancer-de-mama-em-quase-200-por-cento\/#primaryimage\"},\"datePublished\":\"2012-01-11T02:00:24+00:00\",\"dateModified\":\"2012-01-11T02:00:24+00:00\",\"author\":{\"@id\":\"https:\/\/www.adf.org.br\/home\/#\/schema\/person\/f35a5c5aa7728a3dedf4ea9aa1fc2753\"},\"breadcrumb\":{\"@id\":\"https:\/\/www.adf.org.br\/home\/aborto-aumenta-o-risco-de-cancer-de-mama-em-quase-200-por-cento\/#breadcrumb\"},\"inLanguage\":\"pt-BR\",\"potentialAction\":[{\"@type\":\"ReadAction\",\"target\":[\"https:\/\/www.adf.org.br\/home\/aborto-aumenta-o-risco-de-cancer-de-mama-em-quase-200-por-cento\/\"]}]},{\"@type\":\"BreadcrumbList\",\"@id\":\"https:\/\/www.adf.org.br\/home\/aborto-aumenta-o-risco-de-cancer-de-mama-em-quase-200-por-cento\/#breadcrumb\",\"itemListElement\":[{\"@type\":\"ListItem\",\"position\":1,\"name\":\"Home\",\"item\":\"https:\/\/www.adf.org.br\/home\/\"},{\"@type\":\"ListItem\",\"position\":2,\"name\":\"Aborto aumenta o risco de c\\u00e2ncer de mama em quase 200 por cento\"}]},{\"@type\":\"Person\",\"@id\":\"https:\/\/www.adf.org.br\/home\/#\/schema\/person\/f35a5c5aa7728a3dedf4ea9aa1fc2753\",\"name\":\"Gabriel Barbosa\",\"image\":{\"@type\":\"ImageObject\",\"@id\":\"https:\/\/www.adf.org.br\/home\/#personlogo\",\"inLanguage\":\"pt-BR\",\"url\":\"https:\/\/secure.gravatar.com\/avatar\/2b2cb2f4637682c5605e8d36818f51ef?s=96&d=mm&r=g\",\"contentUrl\":\"https:\/\/secure.gravatar.com\/avatar\/2b2cb2f4637682c5605e8d36818f51ef?s=96&d=mm&r=g\",\"caption\":\"Gabriel Barbosa\"},\"url\":\"https:\/\/www.adf.org.br\/home\/author\/gabrielpmk-com-br\/\"}]}<\/script>\n<!-- \/ Yoast SEO plugin. -->","yoast_head_json":{"title":"Aborto aumenta o risco de c\u00e2ncer de mama em quase 200 por cento - Associa\u00e7\u00e3o Devotos de F\u00e1tima","robots":{"index":"index","follow":"follow","max-snippet":"max-snippet:-1","max-image-preview":"max-image-preview:large","max-video-preview":"max-video-preview:-1"},"canonical":"https:\/\/www.adf.org.br\/home\/aborto-aumenta-o-risco-de-cancer-de-mama-em-quase-200-por-cento\/","og_locale":"pt_BR","og_type":"article","og_title":"Aborto aumenta o risco de c\u00e2ncer de mama em quase 200 por cento - Associa\u00e7\u00e3o Devotos de F\u00e1tima","og_description":"MADRI, 05 Jan. 12 \/ 10:41 am (ACI\/EWTN Noticias) Um recente estudo demonstrou que o aborto aumenta nas mulheres o risco de c\u00e2ncer de mama em 193 por cento e, pelo contr\u00e1rio, as que levaram a t\u00e9rmino sua gravidez t\u00eam muito menor risco que aquelas que nunca estiveram gr\u00e1vidas. Segundo uma nota publicada no jornal [&hellip;]","og_url":"https:\/\/www.adf.org.br\/home\/aborto-aumenta-o-risco-de-cancer-de-mama-em-quase-200-por-cento\/","og_site_name":"Associa\u00e7\u00e3o Devotos de F\u00e1tima","article_published_time":"2012-01-11T02:00:24+00:00","og_image":[{"url":"http:\/\/www.adf.org.br\/home\/wp-content\/uploads\/2012\/01\/vela-da-vida_1.jpg"}],"twitter_card":"summary_large_image","twitter_misc":{"Escrito por":"Gabriel Barbosa","Est. tempo de leitura":"2 minutos"},"schema":{"@context":"https:\/\/schema.org","@graph":[{"@type":"WebSite","@id":"https:\/\/www.adf.org.br\/home\/#website","url":"https:\/\/www.adf.org.br\/home\/","name":"Associa\u00e7\u00e3o Devotos de F\u00e1tima","description":"Associa\u00e7\u00e3o Devotos de F\u00e1tima","potentialAction":[{"@type":"SearchAction","target":{"@type":"EntryPoint","urlTemplate":"https:\/\/www.adf.org.br\/home\/?s={search_term_string}"},"query-input":"required name=search_term_string"}],"inLanguage":"pt-BR"},{"@type":"ImageObject","@id":"https:\/\/www.adf.org.br\/home\/aborto-aumenta-o-risco-de-cancer-de-mama-em-quase-200-por-cento\/#primaryimage","inLanguage":"pt-BR","url":"http:\/\/www.adf.org.br\/home\/wp-content\/uploads\/2012\/01\/vela-da-vida_1.jpg","contentUrl":"http:\/\/www.adf.org.br\/home\/wp-content\/uploads\/2012\/01\/vela-da-vida_1.jpg"},{"@type":"WebPage","@id":"https:\/\/www.adf.org.br\/home\/aborto-aumenta-o-risco-de-cancer-de-mama-em-quase-200-por-cento\/#webpage","url":"https:\/\/www.adf.org.br\/home\/aborto-aumenta-o-risco-de-cancer-de-mama-em-quase-200-por-cento\/","name":"Aborto aumenta o risco de c\u00e2ncer de mama em quase 200 por cento - Associa\u00e7\u00e3o Devotos de F\u00e1tima","isPartOf":{"@id":"https:\/\/www.adf.org.br\/home\/#website"},"primaryImageOfPage":{"@id":"https:\/\/www.adf.org.br\/home\/aborto-aumenta-o-risco-de-cancer-de-mama-em-quase-200-por-cento\/#primaryimage"},"datePublished":"2012-01-11T02:00:24+00:00","dateModified":"2012-01-11T02:00:24+00:00","author":{"@id":"https:\/\/www.adf.org.br\/home\/#\/schema\/person\/f35a5c5aa7728a3dedf4ea9aa1fc2753"},"breadcrumb":{"@id":"https:\/\/www.adf.org.br\/home\/aborto-aumenta-o-risco-de-cancer-de-mama-em-quase-200-por-cento\/#breadcrumb"},"inLanguage":"pt-BR","potentialAction":[{"@type":"ReadAction","target":["https:\/\/www.adf.org.br\/home\/aborto-aumenta-o-risco-de-cancer-de-mama-em-quase-200-por-cento\/"]}]},{"@type":"BreadcrumbList","@id":"https:\/\/www.adf.org.br\/home\/aborto-aumenta-o-risco-de-cancer-de-mama-em-quase-200-por-cento\/#breadcrumb","itemListElement":[{"@type":"ListItem","position":1,"name":"Home","item":"https:\/\/www.adf.org.br\/home\/"},{"@type":"ListItem","position":2,"name":"Aborto aumenta o risco de c\u00e2ncer de mama em quase 200 por cento"}]},{"@type":"Person","@id":"https:\/\/www.adf.org.br\/home\/#\/schema\/person\/f35a5c5aa7728a3dedf4ea9aa1fc2753","name":"Gabriel Barbosa","image":{"@type":"ImageObject","@id":"https:\/\/www.adf.org.br\/home\/#personlogo","inLanguage":"pt-BR","url":"https:\/\/secure.gravatar.com\/avatar\/2b2cb2f4637682c5605e8d36818f51ef?s=96&d=mm&r=g","contentUrl":"https:\/\/secure.gravatar.com\/avatar\/2b2cb2f4637682c5605e8d36818f51ef?s=96&d=mm&r=g","caption":"Gabriel Barbosa"},"url":"https:\/\/www.adf.org.br\/home\/author\/gabrielpmk-com-br\/"}]}},"_links":{"self":[{"href":"https:\/\/www.adf.org.br\/home\/wp-json\/wp\/v2\/posts\/12377"}],"collection":[{"href":"https:\/\/www.adf.org.br\/home\/wp-json\/wp\/v2\/posts"}],"about":[{"href":"https:\/\/www.adf.org.br\/home\/wp-json\/wp\/v2\/types\/post"}],"author":[{"embeddable":true,"href":"https:\/\/www.adf.org.br\/home\/wp-json\/wp\/v2\/users\/31"}],"replies":[{"embeddable":true,"href":"https:\/\/www.adf.org.br\/home\/wp-json\/wp\/v2\/comments?post=12377"}],"version-history":[{"count":0,"href":"https:\/\/www.adf.org.br\/home\/wp-json\/wp\/v2\/posts\/12377\/revisions"}],"wp:attachment":[{"href":"https:\/\/www.adf.org.br\/home\/wp-json\/wp\/v2\/media?parent=12377"}],"wp:term":[{"taxonomy":"category","embeddable":true,"href":"https:\/\/www.adf.org.br\/home\/wp-json\/wp\/v2\/categories?post=12377"},{"taxonomy":"post_tag","embeddable":true,"href":"https:\/\/www.adf.org.br\/home\/wp-json\/wp\/v2\/tags?post=12377"}],"curies":[{"name":"wp","href":"https:\/\/api.w.org\/{rel}","templated":true}]}}