{"id":12024,"date":"2018-12-21T00:00:42","date_gmt":"2018-12-21T02:00:42","guid":{"rendered":"http:\/\/www.adf.org.br\/home\/?p=12024"},"modified":"2018-12-21T00:00:42","modified_gmt":"2018-12-21T02:00:42","slug":"presepios-de-natal","status":"publish","type":"post","link":"https:\/\/www.adf.org.br\/home\/presepios-de-natal\/","title":{"rendered":"A surpreendente verdade que nunca contaram a voc\u00ea sobre os pres\u00e9pios de Natal. Descubra algo incr\u00edvel."},"content":{"rendered":"<figure id=\"attachment_42381\" aria-describedby=\"caption-attachment-42381\" style=\"width: 400px\" class=\"wp-caption aligncenter\"><img loading=\"lazy\" class=\"wp-image-42381 size-full\" src=\"http:\/\/www.adf.org.br\/home\/wp-content\/uploads\/2016\/12\/Santa-Maria-Maggiore-reliquias-do-presepio.jpg\" alt=\"Rel\u00edquias do pres\u00e9pio de Nosso Senhor.\" width=\"400\" height=\"340\" \/><figcaption id=\"caption-attachment-42381\" class=\"wp-caption-text\">Rel\u00edquias do pres\u00e9pio de Nosso Senhor.<\/figcaption><\/figure>\n<p style=\"padding-left: 90px;\"><strong><span style=\"font-family: verdana, geneva, sans-serif; font-size: 12pt;\"><br \/>\n<\/span><\/strong><span style=\"color: #800080;\"><strong><span style=\"font-family: verdana, geneva, sans-serif; font-size: 12pt;\"><span style=\"color: #ffffff;\">.<\/span><br \/>\nA celebra\u00e7\u00e3o da festa de Natal remonta aos primeiros s\u00e9culos da Igreja, sendo uma comemora\u00e7\u00e3o especificamente cat\u00f3lica.<\/span><\/strong><\/span><\/p>\n<p><span style=\"font-family: verdana, geneva, sans-serif; font-size: 12pt; color: #000000;\"><span style=\"font-size: 14pt;\"><strong><br \/>\nD<\/strong><\/span>esde o s\u00e9culo IV as rel\u00edquias da manjedoura da gruta de Bel\u00e9m s\u00e3o veneradas na bas\u00edlica de Santa Maria Maggiore em Roma. <\/span><\/p>\n<p><span style=\"font-family: verdana, geneva, sans-serif; font-size: 12pt; color: #000000;\">Elas se encontram num precioso relic\u00e1rio de ouro e cristal (foto acima), onde podem ser admiradas por todos.<\/span><\/p>\n<p style=\"padding-left: 90px;\"><span style=\"color: #800080;\"><strong><span style=\"font-family: verdana, geneva, sans-serif; font-size: 12pt;\"><span style=\"color: #ffffff;\">.<\/span><br \/>\nA liturgia pr\u00f3pria da festa era chamada <em>ad praecepe<\/em>, de onde vem a palavra pres\u00e9pio, e que significa literalmente em volta do ber\u00e7o.<\/span><\/strong><\/span><\/p>\n<p><span style=\"font-family: verdana, geneva, sans-serif; font-size: 12pt; color: #000000;\"><span style=\"color: #ffffff;\">.<\/span><br \/>\nEm 1223, S\u00e3o Francisco de Assis criou o primeiro pres\u00e9pio vivo, com personagens reais, na sua igreja de Grecchio, na It\u00e1lia.<\/span><\/p>\n<p style=\"padding-left: 90px;\"><span style=\"color: #800080;\"><strong><span style=\"font-family: verdana, geneva, sans-serif; font-size: 12pt;\"><span style=\"color: #ffffff;\">.<\/span><br \/>\nOs figurantes (o Menino Jesus numa manjedoura, Nossa Senhora, S\u00e3o Jos\u00e9, os Reis Magos, os pastores e os anjos) eram representados por habitantes da aldeia.<\/span><\/strong><\/span><\/p>\n<p><span style=\"font-family: verdana, geneva, sans-serif; font-size: 12pt; color: #000000;\"><span style=\"color: #ffffff;\">.<\/span><br \/>\nOs animais, o boi, o burrico, as ovelhas e outros, tamb\u00e9m eram reais.<\/span><\/p>\n<p><strong><span style=\"font-family: verdana, geneva, sans-serif; font-size: 12pt; color: #000000;\">Este piedoso costume medieval espalhou-se rapidamente.<\/span><\/strong><\/p>\n<p><span style=\"font-family: verdana, geneva, sans-serif; font-size: 12pt; color: #000000;\"><span style=\"color: #ffffff;\">..<\/span><\/span><\/p>\n<p style=\"padding-left: 90px;\"><span style=\"color: #800080;\"><strong><span style=\"font-family: verdana, geneva, sans-serif; font-size: 12pt;\">Os primeiros pres\u00e9pios em escala reduzida com imagenzinhas, entraram nas igrejas no s\u00e9culo XVI;<\/span><\/strong><\/span><\/p>\n<p><span style=\"font-family: verdana, geneva, sans-serif; font-size: 12pt; color: #000000;\"><span style=\"color: #ffffff;\">.<\/span><br \/>\nPor obra dos padres jesu\u00edtas, her\u00f3is na luta contra o protestantismo seco e hirsuto que desconhece o pres\u00e9pio e;<br \/>\n<span style=\"color: #ffffff;\">.<\/span><\/span><\/p>\n<p><span style=\"font-family: verdana, geneva, sans-serif; font-size: 12pt; color: #000000;\"><img loading=\"lazy\" class=\"aligncenter size-full wp-image-42383\" src=\"http:\/\/www.adf.org.br\/home\/wp-content\/uploads\/2016\/12\/presepio.jpg\" alt=\"presepio\" width=\"518\" height=\"389\" \/><span style=\"color: #ffffff;\">.<\/span><br \/>\nOs seus imponder\u00e1veis divinos que enchem as almas de g\u00e1udio.<\/span><\/p>\n<p><span style=\"font-family: verdana, geneva, sans-serif; font-size: 12pt; color: #000000;\">Por volta dos s\u00e9culos XV e XVI ficaram famosos os pres\u00e9pios de N\u00e1poles, It\u00e1lia, pela prolifera\u00e7\u00e3o de figurinhas.<\/span><\/p>\n<p><span style=\"font-family: verdana, geneva, sans-serif; font-size: 12pt; color: #000000;\">No in\u00edcio do s\u00e9culo XIX, ap\u00f3s a anticat\u00f3lica Revolu\u00e7\u00e3o Francesa, na Fran\u00e7a pareceu que o costume tinha morrido.<\/span><\/p>\n<p><span style=\"font-family: verdana, geneva, sans-serif; font-size: 12pt; color: #000000;\">Mas, os habitantes da regi\u00e3o de Provence (sul) deram novo impulso a esta piedosa devo\u00e7\u00e3o a partir de 1803;<\/span><\/p>\n<p><span style=\"font-family: verdana, geneva, sans-serif; font-size: 12pt; color: #000000;\">Em casas particulares e igrejas criando famosos santons (figurinhas de massa) que representam os personagens da creche.<\/span><\/p>\n<p><span style=\"font-family: verdana, geneva, sans-serif; font-size: 12pt; color: #000000;\"><strong>Na hora de montar o pres\u00e9pio, em geral, deixa-se a manjedoura vazia. Nela, o Menino Jesus ser\u00e1 instalado na noite do dia 24 para o 25.<\/strong><\/span><\/p>\n<p style=\"padding-left: 90px;\"><span style=\"color: #800080;\"><strong><span style=\"font-family: verdana, geneva, sans-serif; font-size: 12pt;\"><span style=\"color: #ffffff;\">.<\/span><br \/>\nForma parte de o costume colocar uma estrela no topo do pres\u00e9pio. <\/span><\/strong><\/span><\/p>\n<p style=\"padding-left: 90px;\"><span style=\"color: #800080;\"><strong><span style=\"font-family: verdana, geneva, sans-serif; font-size: 12pt;\">Ela nos lembra a estrela que no c\u00e9u guiou os tr\u00eas santos reis de Oriente vindos venerar o Salvador do mundo.<\/span><\/strong><\/span><\/p>\n<p><span style=\"font-family: verdana, geneva, sans-serif; font-size: 12pt; color: #000000;\"><span style=\"color: #ffffff;\">.<\/span><br \/>\nOs tr\u00eas Reis Magos (Gaspar, Melchior e Balthazar), simbolizam o conjunto dos povos da terra. <\/span><\/p>\n<p><span style=\"font-family: verdana, geneva, sans-serif; font-size: 12pt; color: #000000;\">Em geral, s\u00e3o representados com camelos, ou at\u00e9 elefantes e dromed\u00e1rios que lhes teriam servido de montaria.<\/span><\/p>\n<p style=\"padding-left: 90px;\"><span style=\"color: #800080;\"><strong><span style=\"font-family: verdana, geneva, sans-serif; font-size: 12pt;\"><span style=\"color: #ffffff;\">.<\/span><br \/>\n\u00c9 um costume muito praticado, coloc\u00e1-los longe da creche e, dia ap\u00f3s dia, aproxim\u00e1-los dela, at\u00e9 introduzi-los na gruta na festa da Epifania (6 de janeiro).<\/span><\/strong><\/span><\/p>\n<p><strong><span style=\"font-family: verdana, geneva, sans-serif; font-size: 12pt; color: #000000;\"><span style=\"color: #ffffff;\">.<\/span><br \/>\nEpifania significa a irradia\u00e7\u00e3o da gl\u00f3ria externa de Deus, precisamente posta em relevo pela adora\u00e7\u00e3o dos potentados de Oriente.<\/span><\/strong><\/p>\n<p><span style=\"font-family: verdana, geneva, sans-serif; font-size: 12pt; color: #000000;\">A presen\u00e7a dos anjos \u00e9 de rigor, relembrando o c\u00e2ntico ang\u00e9lico <em>\u201cGl\u00f3ria a Deus nos C\u00e9us e paz na terra aos homens de boa vontade\u201d<\/em> de que nos falam as Escrituras.<\/span><\/p>\n<p><span style=\"font-family: verdana, geneva, sans-serif; font-size: 12pt; color: #000000;\"><em><span style=\"color: #ffffff;\">.<\/span><br \/>\n<span style=\"color: #ffffff;\">.<\/span><br \/>\n<span style=\"font-size: 10pt;\">Fonte: aascj.org.br<\/span><br \/>\n<\/em><\/span><\/p>\n<p style=\"text-align: center;\"><span style=\"font-family: verdana, geneva, sans-serif; font-size: 12pt; color: #ffffff;\">.<\/span><br \/>\n<span style=\"font-family: verdana, geneva, sans-serif; font-size: 12pt; color: #000000;\"><strong>* \u00a0* \u00a0*<\/strong><\/span><\/p>\n<p style=\"text-align: center;\"><span style=\"color: #ffffff;\">.<\/span><br \/>\n<a href=\"https:\/\/adf.org.br\/velario\/natal?origem=4547\" target=\"_blank\" rel=\"noopener noreferrer\"><img loading=\"lazy\" class=\"aligncenter wp-image-49022 size-full\" src=\"https:\/\/www.adf.org.br\/home\/wp-content\/uploads\/2017\/12\/testeira-vela-natal-5.jpg\" alt=\"testeira-vela-natal\" width=\"600\" height=\"350\" \/><\/a><\/p>\n","protected":false},"excerpt":{"rendered":"<p>A celebra\u00e7\u00e3o da festa de Natal remonta aos primeiros s\u00e9culos da Igreja, sendo uma comemora\u00e7\u00e3o especificamente cat\u00f3lica.<\/p>\n","protected":false},"author":31,"featured_media":49023,"comment_status":"open","ping_status":"open","sticky":false,"template":"","format":"standard","meta":[],"categories":[20],"tags":[39,1017],"yoast_head":"<!-- This site is optimized with the Yoast SEO plugin v17.4 - https:\/\/yoast.com\/wordpress\/plugins\/seo\/ -->\n<title>Descubra algo surpreendente sobre os pres\u00e9pios de Natal. Veja.<\/title>\n<meta name=\"description\" content=\"A surpreendente verdade que nunca contaram a voc\u00ea sobre os pres\u00e9pios de Natal. Descubra algo realmente incr\u00edvel.\" \/>\n<meta name=\"robots\" content=\"index, follow, max-snippet:-1, max-image-preview:large, max-video-preview:-1\" \/>\n<link rel=\"canonical\" href=\"https:\/\/www.adf.org.br\/home\/presepios-de-natal\/\" \/>\n<meta property=\"og:locale\" content=\"pt_BR\" \/>\n<meta property=\"og:type\" content=\"article\" \/>\n<meta property=\"og:title\" content=\"Descubra algo surpreendente sobre os pres\u00e9pios de Natal. Veja.\" \/>\n<meta property=\"og:description\" content=\"A surpreendente verdade que nunca contaram a voc\u00ea sobre os pres\u00e9pios de Natal. Descubra algo realmente incr\u00edvel.\" \/>\n<meta property=\"og:url\" content=\"https:\/\/www.adf.org.br\/home\/presepios-de-natal\/\" \/>\n<meta property=\"og:site_name\" content=\"Associa\u00e7\u00e3o Devotos de F\u00e1tima\" \/>\n<meta property=\"article:published_time\" content=\"2018-12-21T02:00:42+00:00\" \/>\n<meta name=\"twitter:card\" content=\"summary_large_image\" \/>\n<meta name=\"twitter:label1\" content=\"Escrito por\" \/>\n\t<meta name=\"twitter:data1\" content=\"Gabriel Barbosa\" \/>\n\t<meta name=\"twitter:label2\" content=\"Est. tempo de leitura\" \/>\n\t<meta name=\"twitter:data2\" content=\"2 minutos\" \/>\n<script type=\"application\/ld+json\" class=\"yoast-schema-graph\">{\"@context\":\"https:\/\/schema.org\",\"@graph\":[{\"@type\":\"WebSite\",\"@id\":\"https:\/\/www.adf.org.br\/home\/#website\",\"url\":\"https:\/\/www.adf.org.br\/home\/\",\"name\":\"Associa\\u00e7\\u00e3o Devotos de F\\u00e1tima\",\"description\":\"Associa\\u00e7\\u00e3o Devotos de F\\u00e1tima\",\"potentialAction\":[{\"@type\":\"SearchAction\",\"target\":{\"@type\":\"EntryPoint\",\"urlTemplate\":\"https:\/\/www.adf.org.br\/home\/?s={search_term_string}\"},\"query-input\":\"required name=search_term_string\"}],\"inLanguage\":\"pt-BR\"},{\"@type\":\"ImageObject\",\"@id\":\"https:\/\/www.adf.org.br\/home\/presepios-de-natal\/#primaryimage\",\"inLanguage\":\"pt-BR\",\"url\":\"\",\"contentUrl\":\"\"},{\"@type\":\"WebPage\",\"@id\":\"https:\/\/www.adf.org.br\/home\/presepios-de-natal\/#webpage\",\"url\":\"https:\/\/www.adf.org.br\/home\/presepios-de-natal\/\",\"name\":\"Descubra algo surpreendente sobre os pres\\u00e9pios de Natal. Veja.\",\"isPartOf\":{\"@id\":\"https:\/\/www.adf.org.br\/home\/#website\"},\"primaryImageOfPage\":{\"@id\":\"https:\/\/www.adf.org.br\/home\/presepios-de-natal\/#primaryimage\"},\"datePublished\":\"2018-12-21T02:00:42+00:00\",\"dateModified\":\"2018-12-21T02:00:42+00:00\",\"author\":{\"@id\":\"https:\/\/www.adf.org.br\/home\/#\/schema\/person\/f35a5c5aa7728a3dedf4ea9aa1fc2753\"},\"description\":\"A surpreendente verdade que nunca contaram a voc\\u00ea sobre os pres\\u00e9pios de Natal. Descubra algo realmente incr\\u00edvel.\",\"breadcrumb\":{\"@id\":\"https:\/\/www.adf.org.br\/home\/presepios-de-natal\/#breadcrumb\"},\"inLanguage\":\"pt-BR\",\"potentialAction\":[{\"@type\":\"ReadAction\",\"target\":[\"https:\/\/www.adf.org.br\/home\/presepios-de-natal\/\"]}]},{\"@type\":\"BreadcrumbList\",\"@id\":\"https:\/\/www.adf.org.br\/home\/presepios-de-natal\/#breadcrumb\",\"itemListElement\":[{\"@type\":\"ListItem\",\"position\":1,\"name\":\"Home\",\"item\":\"https:\/\/www.adf.org.br\/home\/\"},{\"@type\":\"ListItem\",\"position\":2,\"name\":\"A surpreendente verdade que nunca contaram a voc\\u00ea sobre os pres\\u00e9pios de Natal. Descubra algo incr\\u00edvel.\"}]},{\"@type\":\"Person\",\"@id\":\"https:\/\/www.adf.org.br\/home\/#\/schema\/person\/f35a5c5aa7728a3dedf4ea9aa1fc2753\",\"name\":\"Gabriel Barbosa\",\"image\":{\"@type\":\"ImageObject\",\"@id\":\"https:\/\/www.adf.org.br\/home\/#personlogo\",\"inLanguage\":\"pt-BR\",\"url\":\"https:\/\/secure.gravatar.com\/avatar\/2b2cb2f4637682c5605e8d36818f51ef?s=96&d=mm&r=g\",\"contentUrl\":\"https:\/\/secure.gravatar.com\/avatar\/2b2cb2f4637682c5605e8d36818f51ef?s=96&d=mm&r=g\",\"caption\":\"Gabriel Barbosa\"},\"url\":\"https:\/\/www.adf.org.br\/home\/author\/gabrielpmk-com-br\/\"}]}<\/script>\n<!-- \/ Yoast SEO plugin. -->","yoast_head_json":{"title":"Descubra algo surpreendente sobre os pres\u00e9pios de Natal. Veja.","description":"A surpreendente verdade que nunca contaram a voc\u00ea sobre os pres\u00e9pios de Natal. Descubra algo realmente incr\u00edvel.","robots":{"index":"index","follow":"follow","max-snippet":"max-snippet:-1","max-image-preview":"max-image-preview:large","max-video-preview":"max-video-preview:-1"},"canonical":"https:\/\/www.adf.org.br\/home\/presepios-de-natal\/","og_locale":"pt_BR","og_type":"article","og_title":"Descubra algo surpreendente sobre os pres\u00e9pios de Natal. Veja.","og_description":"A surpreendente verdade que nunca contaram a voc\u00ea sobre os pres\u00e9pios de Natal. Descubra algo realmente incr\u00edvel.","og_url":"https:\/\/www.adf.org.br\/home\/presepios-de-natal\/","og_site_name":"Associa\u00e7\u00e3o Devotos de F\u00e1tima","article_published_time":"2018-12-21T02:00:42+00:00","twitter_card":"summary_large_image","twitter_misc":{"Escrito por":"Gabriel Barbosa","Est. tempo de leitura":"2 minutos"},"schema":{"@context":"https:\/\/schema.org","@graph":[{"@type":"WebSite","@id":"https:\/\/www.adf.org.br\/home\/#website","url":"https:\/\/www.adf.org.br\/home\/","name":"Associa\u00e7\u00e3o Devotos de F\u00e1tima","description":"Associa\u00e7\u00e3o Devotos de F\u00e1tima","potentialAction":[{"@type":"SearchAction","target":{"@type":"EntryPoint","urlTemplate":"https:\/\/www.adf.org.br\/home\/?s={search_term_string}"},"query-input":"required name=search_term_string"}],"inLanguage":"pt-BR"},{"@type":"ImageObject","@id":"https:\/\/www.adf.org.br\/home\/presepios-de-natal\/#primaryimage","inLanguage":"pt-BR","url":"","contentUrl":""},{"@type":"WebPage","@id":"https:\/\/www.adf.org.br\/home\/presepios-de-natal\/#webpage","url":"https:\/\/www.adf.org.br\/home\/presepios-de-natal\/","name":"Descubra algo surpreendente sobre os pres\u00e9pios de Natal. Veja.","isPartOf":{"@id":"https:\/\/www.adf.org.br\/home\/#website"},"primaryImageOfPage":{"@id":"https:\/\/www.adf.org.br\/home\/presepios-de-natal\/#primaryimage"},"datePublished":"2018-12-21T02:00:42+00:00","dateModified":"2018-12-21T02:00:42+00:00","author":{"@id":"https:\/\/www.adf.org.br\/home\/#\/schema\/person\/f35a5c5aa7728a3dedf4ea9aa1fc2753"},"description":"A surpreendente verdade que nunca contaram a voc\u00ea sobre os pres\u00e9pios de Natal. Descubra algo realmente incr\u00edvel.","breadcrumb":{"@id":"https:\/\/www.adf.org.br\/home\/presepios-de-natal\/#breadcrumb"},"inLanguage":"pt-BR","potentialAction":[{"@type":"ReadAction","target":["https:\/\/www.adf.org.br\/home\/presepios-de-natal\/"]}]},{"@type":"BreadcrumbList","@id":"https:\/\/www.adf.org.br\/home\/presepios-de-natal\/#breadcrumb","itemListElement":[{"@type":"ListItem","position":1,"name":"Home","item":"https:\/\/www.adf.org.br\/home\/"},{"@type":"ListItem","position":2,"name":"A surpreendente verdade que nunca contaram a voc\u00ea sobre os pres\u00e9pios de Natal. Descubra algo incr\u00edvel."}]},{"@type":"Person","@id":"https:\/\/www.adf.org.br\/home\/#\/schema\/person\/f35a5c5aa7728a3dedf4ea9aa1fc2753","name":"Gabriel Barbosa","image":{"@type":"ImageObject","@id":"https:\/\/www.adf.org.br\/home\/#personlogo","inLanguage":"pt-BR","url":"https:\/\/secure.gravatar.com\/avatar\/2b2cb2f4637682c5605e8d36818f51ef?s=96&d=mm&r=g","contentUrl":"https:\/\/secure.gravatar.com\/avatar\/2b2cb2f4637682c5605e8d36818f51ef?s=96&d=mm&r=g","caption":"Gabriel Barbosa"},"url":"https:\/\/www.adf.org.br\/home\/author\/gabrielpmk-com-br\/"}]}},"_links":{"self":[{"href":"https:\/\/www.adf.org.br\/home\/wp-json\/wp\/v2\/posts\/12024"}],"collection":[{"href":"https:\/\/www.adf.org.br\/home\/wp-json\/wp\/v2\/posts"}],"about":[{"href":"https:\/\/www.adf.org.br\/home\/wp-json\/wp\/v2\/types\/post"}],"author":[{"embeddable":true,"href":"https:\/\/www.adf.org.br\/home\/wp-json\/wp\/v2\/users\/31"}],"replies":[{"embeddable":true,"href":"https:\/\/www.adf.org.br\/home\/wp-json\/wp\/v2\/comments?post=12024"}],"version-history":[{"count":0,"href":"https:\/\/www.adf.org.br\/home\/wp-json\/wp\/v2\/posts\/12024\/revisions"}],"wp:featuredmedia":[{"embeddable":true,"href":"https:\/\/www.adf.org.br\/home\/wp-json\/wp\/v2\/media\/49023"}],"wp:attachment":[{"href":"https:\/\/www.adf.org.br\/home\/wp-json\/wp\/v2\/media?parent=12024"}],"wp:term":[{"taxonomy":"category","embeddable":true,"href":"https:\/\/www.adf.org.br\/home\/wp-json\/wp\/v2\/categories?post=12024"},{"taxonomy":"post_tag","embeddable":true,"href":"https:\/\/www.adf.org.br\/home\/wp-json\/wp\/v2\/tags?post=12024"}],"curies":[{"name":"wp","href":"https:\/\/api.w.org\/{rel}","templated":true}]}}