{"id":11572,"date":"2011-11-16T00:02:51","date_gmt":"2011-11-16T02:02:51","guid":{"rendered":"http:\/\/www.adf.org.br\/home\/?p=11572"},"modified":"2011-11-16T00:02:51","modified_gmt":"2011-11-16T02:02:51","slug":"missadamedalhamilagrosa","status":"publish","type":"post","link":"https:\/\/www.adf.org.br\/home\/missadamedalhamilagrosa\/","title":{"rendered":"Missa da Medalha Milagrosa &#8211; 27\/11. Inscreva agora seus pedidos de gra\u00e7as e seus agradecimentos. Ligue Gr\u00e1tis: 0800 607 7899"},"content":{"rendered":"<p><img loading=\"lazy\" class=\"alignleft size-full wp-image-11573\" title=\"Ligue agora e inscreva seus pedidos de gra\u00e7as na Missa da Medalha Milagrosa do dia 27\/11 (dia em que a Santa Igreja comemora a Festa de Nossa Senhora das Gra\u00e7as)\" src=\"http:\/\/www.adf.org.br\/home\/wp-content\/uploads\/2011\/11\/160x600.jpg\" alt=\"\" width=\"160\" height=\"600\" \/><span style=\"font-size: small;\"><span style=\"font-family: arial, helvetica, sans-serif;\">No dia <span style=\"color: #0000ff;\">27 de novembro<\/span>, <span style=\"color: #0000ff;\">Festa de Nossa Senhora das Gra\u00e7as<\/span>, a Associa\u00e7\u00e3o Devotos de F\u00e1tima far\u00e1 celebrar uma Santa Missa muito especial em louvor \u00e0 Virgem da Medalha Milagrosa e dedicada aos seus pedidos de ora\u00e7\u00e3o.<\/span><\/span><\/p>\n<p><span style=\"font-size: small;\"><span style=\"font-family: arial, helvetica, sans-serif;\"><strong><span style=\"font-size: small;\"><span style=\"font-size: small;\"><span style=\"font-family: arial, helvetica, sans-serif;\">Ent\u00e3o, n\u00e3o perca 1 s\u00f3 minuto sem a prote\u00e7\u00e3o e as b\u00ean\u00e7\u00e3os de Nossa Senhora.<\/span><\/span><\/span><\/strong><\/span><\/span><\/p>\n<p><span style=\"font-size: small;\"><span style=\"font-size: small;\"><span style=\"font-size: small;\"><span style=\"font-family: arial, helvetica, sans-serif;\">Inscreva agora mesmo suas inten\u00e7\u00f5es e seus agradecimentos na MISSA DA MEDALHA MILAGROSA.<\/span><\/span><\/span><\/span><\/p>\n<p><span style=\"font-size: small;\"><span style=\"font-size: large;\"><span style=\"color: #0000ff;\"><span style=\"font-size: small;\"><span style=\"font-size: small;\"><span style=\"font-size: large;\"><span style=\"font-family: arial, helvetica, sans-serif;\"><span style=\"color: #1a66d0;\">Ligue (somente hoje) para <span style=\"background-color: #ffff99;\"><strong>0800 607 7899<\/strong><\/span><\/span>.<\/span><\/span><\/span><\/span><\/span><\/span><\/span><\/p>\n<p><span style=\"font-size: small;\"><span style=\"font-size: small;\"><span style=\"font-size: small;\"><span style=\"font-family: arial, helvetica, sans-serif;\">Aproveite e pe\u00e7a ora\u00e7\u00f5es para seus familiares, amigos e colegas.<\/span><\/span><\/span><\/span><\/p>\n<p><img loading=\"lazy\" class=\"alignright size-full wp-image-11575\" title=\"Ligue agora e fa\u00e7a seus agradecimentos e pedidos a Nossa Senhora das Gra\u00e7as\" src=\"http:\/\/www.adf.org.br\/home\/wp-content\/uploads\/2011\/11\/NossaSenhora.jpg\" alt=\"\" width=\"200\" height=\"264\" \/><\/p>\n<p><span style=\"font-size: small;\"><span style=\"font-size: small;\"><span style=\"font-size: small;\"><span style=\"font-family: arial, helvetica, sans-serif;\">Foi em 27 de novembro de 1830 que Nossa Senhora, em uma apari\u00e7\u00e3o a Santa Catarina Labour\u00e9, lhe revelou a Medalha Milagrosa e <strong>prometeu gra\u00e7as abundantes \u00e0queles que a usarem com confian\u00e7a<\/strong>.<\/span><\/span><\/span><\/span><\/p>\n<p><span style=\"font-size: xx-small;\"><span style=\"font-size: small;\"><span style=\"font-size: small;\"><span style=\"font-family: arial, helvetica, sans-serif;\">Se voc\u00ea ainda n\u00e3o tem a sua Medalha Milagrosa, ligue e descubra como \u00e9 f\u00e1cil, r\u00e1pido e seguro receber a sua j\u00e1 benta por um sacerdote.<\/span><\/span><\/span><\/span><\/p>\n<p><span style=\"font-size: x-small;\"><span style=\"font-size: small;\"><span style=\"font-size: small;\"><span style=\"font-family: arial, helvetica, sans-serif;\"><strong>O Imaculado Cora\u00e7\u00e3o de Maria \u00e9 o perfeito caminho para alcan\u00e7ar as gra\u00e7as concedidas por Nosso Senhor Jesus Cristo.<\/strong><\/span><\/span><\/span><\/span><\/p>\n<p><span style=\"font-size: x-small;\"><span style=\"font-size: small;\"><span style=\"font-size: small;\"><span style=\"font-family: arial, helvetica, sans-serif;\">Por isso, n\u00e3o feche esta p\u00e1gina sem antes ligar.<\/span><\/span><\/span><\/span><\/p>\n<p><span style=\"font-size: x-small;\"><span style=\"font-size: small;\"><span style=\"font-size: small;\"><span style=\"font-family: arial, helvetica, sans-serif;\"><strong><span style=\"font-size: medium;\"><span style=\"background-color: #ffff99;\"><span style=\"color: #1a66d0;\"><span style=\"background-color: #ffff99;\"><span style=\"font-family: arial, helvetica, sans-serif;\">A liga\u00e7\u00e3o \u00e9 gratuita: 0800 607 7899<\/span><\/span><\/span><\/span><\/span><\/strong><\/span><\/span><\/span><\/span><\/p>\n<p><span style=\"font-size: x-small;\"><span style=\"font-size: small;\"><span style=\"font-size: small;\"><span style=\"color: #0000ff;\"><span style=\"font-family: arial, helvetica, sans-serif;\">Coloque suas ang\u00fastias, inseguran\u00e7as, medos, frustra\u00e7\u00f5es e maiores necessidades nas m\u00e3os milagrosas de Nossa Senhora das Gra\u00e7as&#8230; <\/span><\/span><\/span><\/span><\/span><\/p>\n<p><span style=\"font-size: x-small;\"><span style=\"font-size: small;\"><span style=\"font-size: small;\"><span style=\"font-family: arial, helvetica, sans-serif;\">&#8230; Voc\u00ea vai sentir como sua vida poder\u00e1 mudar. Hoje mesmo.<\/span><\/span><\/span><\/span><\/p>\n<p><span style=\"font-size: x-small;\"><span style=\"font-size: small;\"><span style=\"font-size: small;\"><span style=\"font-family: arial, helvetica, sans-serif;\"><em>&#8220;\u00d3 Maria concebida sem pecado, rogai por n\u00f3s que recorremos a V\u00f3s&#8221;<\/em><\/span><\/span><\/span><\/span><\/p>\n<p><br class=\"spacer_\" \/><\/p>\n<p><span style=\"font-size: x-small;\"><span style=\"font-size: small;\"><span style=\"font-size: small;\"><span style=\"font-family: arial, helvetica, sans-serif;\"><em><span style=\"color: #ffffff;\">.<\/span><\/em><\/span><\/span><\/span><\/span><\/p>\n","protected":false},"excerpt":{"rendered":"<p>No dia 27 de novembro, Festa de Nossa Senhora das Gra\u00e7as, a Associa\u00e7\u00e3o Devotos de F\u00e1tima far\u00e1 celebrar uma Santa Missa muito especial em louvor \u00e0 Virgem da Medalha Milagrosa e dedicada aos seus pedidos de ora\u00e7\u00e3o. Ent\u00e3o, n\u00e3o perca 1 s\u00f3 minuto sem a prote\u00e7\u00e3o e as b\u00ean\u00e7\u00e3os de Nossa Senhora. Inscreva agora mesmo [&hellip;]<\/p>\n","protected":false},"author":9,"featured_media":0,"comment_status":"closed","ping_status":"open","sticky":false,"template":"","format":"standard","meta":[],"categories":[20,50],"tags":[2065,34,291,15,1397,522,26],"yoast_head":"<!-- This site is optimized with the Yoast SEO plugin v17.4 - https:\/\/yoast.com\/wordpress\/plugins\/seo\/ -->\n<title>Missa da Medalha Milagrosa - 27\/11. Inscreva agora seus pedidos de gra\u00e7as e seus agradecimentos. Ligue Gr\u00e1tis: 0800 607 7899 - Associa\u00e7\u00e3o Devotos de F\u00e1tima<\/title>\n<meta name=\"robots\" content=\"index, follow, max-snippet:-1, max-image-preview:large, max-video-preview:-1\" \/>\n<link rel=\"canonical\" href=\"https:\/\/www.adf.org.br\/home\/missadamedalhamilagrosa\/\" \/>\n<meta property=\"og:locale\" content=\"pt_BR\" \/>\n<meta property=\"og:type\" content=\"article\" \/>\n<meta property=\"og:title\" content=\"Missa da Medalha Milagrosa - 27\/11. Inscreva agora seus pedidos de gra\u00e7as e seus agradecimentos. Ligue Gr\u00e1tis: 0800 607 7899 - Associa\u00e7\u00e3o Devotos de F\u00e1tima\" \/>\n<meta property=\"og:description\" content=\"No dia 27 de novembro, Festa de Nossa Senhora das Gra\u00e7as, a Associa\u00e7\u00e3o Devotos de F\u00e1tima far\u00e1 celebrar uma Santa Missa muito especial em louvor \u00e0 Virgem da Medalha Milagrosa e dedicada aos seus pedidos de ora\u00e7\u00e3o. Ent\u00e3o, n\u00e3o perca 1 s\u00f3 minuto sem a prote\u00e7\u00e3o e as b\u00ean\u00e7\u00e3os de Nossa Senhora. Inscreva agora mesmo [&hellip;]\" \/>\n<meta property=\"og:url\" content=\"https:\/\/www.adf.org.br\/home\/missadamedalhamilagrosa\/\" \/>\n<meta property=\"og:site_name\" content=\"Associa\u00e7\u00e3o Devotos de F\u00e1tima\" \/>\n<meta property=\"article:published_time\" content=\"2011-11-16T02:02:51+00:00\" \/>\n<meta property=\"og:image\" content=\"http:\/\/www.adf.org.br\/home\/wp-content\/uploads\/2011\/11\/160x600.jpg\" \/>\n<meta name=\"twitter:card\" content=\"summary_large_image\" \/>\n<meta name=\"twitter:label1\" content=\"Escrito por\" \/>\n\t<meta name=\"twitter:data1\" content=\"administrador\" \/>\n\t<meta name=\"twitter:label2\" content=\"Est. tempo de leitura\" \/>\n\t<meta name=\"twitter:data2\" content=\"1 minuto\" \/>\n<script type=\"application\/ld+json\" class=\"yoast-schema-graph\">{\"@context\":\"https:\/\/schema.org\",\"@graph\":[{\"@type\":\"WebSite\",\"@id\":\"https:\/\/www.adf.org.br\/home\/#website\",\"url\":\"https:\/\/www.adf.org.br\/home\/\",\"name\":\"Associa\\u00e7\\u00e3o Devotos de F\\u00e1tima\",\"description\":\"Associa\\u00e7\\u00e3o Devotos de F\\u00e1tima\",\"potentialAction\":[{\"@type\":\"SearchAction\",\"target\":{\"@type\":\"EntryPoint\",\"urlTemplate\":\"https:\/\/www.adf.org.br\/home\/?s={search_term_string}\"},\"query-input\":\"required name=search_term_string\"}],\"inLanguage\":\"pt-BR\"},{\"@type\":\"ImageObject\",\"@id\":\"https:\/\/www.adf.org.br\/home\/missadamedalhamilagrosa\/#primaryimage\",\"inLanguage\":\"pt-BR\",\"url\":\"http:\/\/www.adf.org.br\/home\/wp-content\/uploads\/2011\/11\/160x600.jpg\",\"contentUrl\":\"http:\/\/www.adf.org.br\/home\/wp-content\/uploads\/2011\/11\/160x600.jpg\"},{\"@type\":\"WebPage\",\"@id\":\"https:\/\/www.adf.org.br\/home\/missadamedalhamilagrosa\/#webpage\",\"url\":\"https:\/\/www.adf.org.br\/home\/missadamedalhamilagrosa\/\",\"name\":\"Missa da Medalha Milagrosa - 27\/11. Inscreva agora seus pedidos de gra\\u00e7as e seus agradecimentos. Ligue Gr\\u00e1tis: 0800 607 7899 - Associa\\u00e7\\u00e3o Devotos de F\\u00e1tima\",\"isPartOf\":{\"@id\":\"https:\/\/www.adf.org.br\/home\/#website\"},\"primaryImageOfPage\":{\"@id\":\"https:\/\/www.adf.org.br\/home\/missadamedalhamilagrosa\/#primaryimage\"},\"datePublished\":\"2011-11-16T02:02:51+00:00\",\"dateModified\":\"2011-11-16T02:02:51+00:00\",\"author\":{\"@id\":\"https:\/\/www.adf.org.br\/home\/#\/schema\/person\/03b50b7f0711bc818ead306331657cb5\"},\"breadcrumb\":{\"@id\":\"https:\/\/www.adf.org.br\/home\/missadamedalhamilagrosa\/#breadcrumb\"},\"inLanguage\":\"pt-BR\",\"potentialAction\":[{\"@type\":\"ReadAction\",\"target\":[\"https:\/\/www.adf.org.br\/home\/missadamedalhamilagrosa\/\"]}]},{\"@type\":\"BreadcrumbList\",\"@id\":\"https:\/\/www.adf.org.br\/home\/missadamedalhamilagrosa\/#breadcrumb\",\"itemListElement\":[{\"@type\":\"ListItem\",\"position\":1,\"name\":\"Home\",\"item\":\"https:\/\/www.adf.org.br\/home\/\"},{\"@type\":\"ListItem\",\"position\":2,\"name\":\"Missa da Medalha Milagrosa &#8211; 27\/11. Inscreva agora seus pedidos de gra\\u00e7as e seus agradecimentos. Ligue Gr\\u00e1tis: 0800 607 7899\"}]},{\"@type\":\"Person\",\"@id\":\"https:\/\/www.adf.org.br\/home\/#\/schema\/person\/03b50b7f0711bc818ead306331657cb5\",\"name\":\"administrador\",\"image\":{\"@type\":\"ImageObject\",\"@id\":\"https:\/\/www.adf.org.br\/home\/#personlogo\",\"inLanguage\":\"pt-BR\",\"url\":\"https:\/\/secure.gravatar.com\/avatar\/2f4d3b4697b7c5df630d1489d9c80573?s=96&d=mm&r=g\",\"contentUrl\":\"https:\/\/secure.gravatar.com\/avatar\/2f4d3b4697b7c5df630d1489d9c80573?s=96&d=mm&r=g\",\"caption\":\"administrador\"},\"url\":\"https:\/\/www.adf.org.br\/home\/author\/administrador\/\"}]}<\/script>\n<!-- \/ Yoast SEO plugin. -->","yoast_head_json":{"title":"Missa da Medalha Milagrosa - 27\/11. Inscreva agora seus pedidos de gra\u00e7as e seus agradecimentos. Ligue Gr\u00e1tis: 0800 607 7899 - Associa\u00e7\u00e3o Devotos de F\u00e1tima","robots":{"index":"index","follow":"follow","max-snippet":"max-snippet:-1","max-image-preview":"max-image-preview:large","max-video-preview":"max-video-preview:-1"},"canonical":"https:\/\/www.adf.org.br\/home\/missadamedalhamilagrosa\/","og_locale":"pt_BR","og_type":"article","og_title":"Missa da Medalha Milagrosa - 27\/11. Inscreva agora seus pedidos de gra\u00e7as e seus agradecimentos. Ligue Gr\u00e1tis: 0800 607 7899 - Associa\u00e7\u00e3o Devotos de F\u00e1tima","og_description":"No dia 27 de novembro, Festa de Nossa Senhora das Gra\u00e7as, a Associa\u00e7\u00e3o Devotos de F\u00e1tima far\u00e1 celebrar uma Santa Missa muito especial em louvor \u00e0 Virgem da Medalha Milagrosa e dedicada aos seus pedidos de ora\u00e7\u00e3o. Ent\u00e3o, n\u00e3o perca 1 s\u00f3 minuto sem a prote\u00e7\u00e3o e as b\u00ean\u00e7\u00e3os de Nossa Senhora. Inscreva agora mesmo [&hellip;]","og_url":"https:\/\/www.adf.org.br\/home\/missadamedalhamilagrosa\/","og_site_name":"Associa\u00e7\u00e3o Devotos de F\u00e1tima","article_published_time":"2011-11-16T02:02:51+00:00","og_image":[{"url":"http:\/\/www.adf.org.br\/home\/wp-content\/uploads\/2011\/11\/160x600.jpg"}],"twitter_card":"summary_large_image","twitter_misc":{"Escrito por":"administrador","Est. tempo de leitura":"1 minuto"},"schema":{"@context":"https:\/\/schema.org","@graph":[{"@type":"WebSite","@id":"https:\/\/www.adf.org.br\/home\/#website","url":"https:\/\/www.adf.org.br\/home\/","name":"Associa\u00e7\u00e3o Devotos de F\u00e1tima","description":"Associa\u00e7\u00e3o Devotos de F\u00e1tima","potentialAction":[{"@type":"SearchAction","target":{"@type":"EntryPoint","urlTemplate":"https:\/\/www.adf.org.br\/home\/?s={search_term_string}"},"query-input":"required name=search_term_string"}],"inLanguage":"pt-BR"},{"@type":"ImageObject","@id":"https:\/\/www.adf.org.br\/home\/missadamedalhamilagrosa\/#primaryimage","inLanguage":"pt-BR","url":"http:\/\/www.adf.org.br\/home\/wp-content\/uploads\/2011\/11\/160x600.jpg","contentUrl":"http:\/\/www.adf.org.br\/home\/wp-content\/uploads\/2011\/11\/160x600.jpg"},{"@type":"WebPage","@id":"https:\/\/www.adf.org.br\/home\/missadamedalhamilagrosa\/#webpage","url":"https:\/\/www.adf.org.br\/home\/missadamedalhamilagrosa\/","name":"Missa da Medalha Milagrosa - 27\/11. Inscreva agora seus pedidos de gra\u00e7as e seus agradecimentos. Ligue Gr\u00e1tis: 0800 607 7899 - Associa\u00e7\u00e3o Devotos de F\u00e1tima","isPartOf":{"@id":"https:\/\/www.adf.org.br\/home\/#website"},"primaryImageOfPage":{"@id":"https:\/\/www.adf.org.br\/home\/missadamedalhamilagrosa\/#primaryimage"},"datePublished":"2011-11-16T02:02:51+00:00","dateModified":"2011-11-16T02:02:51+00:00","author":{"@id":"https:\/\/www.adf.org.br\/home\/#\/schema\/person\/03b50b7f0711bc818ead306331657cb5"},"breadcrumb":{"@id":"https:\/\/www.adf.org.br\/home\/missadamedalhamilagrosa\/#breadcrumb"},"inLanguage":"pt-BR","potentialAction":[{"@type":"ReadAction","target":["https:\/\/www.adf.org.br\/home\/missadamedalhamilagrosa\/"]}]},{"@type":"BreadcrumbList","@id":"https:\/\/www.adf.org.br\/home\/missadamedalhamilagrosa\/#breadcrumb","itemListElement":[{"@type":"ListItem","position":1,"name":"Home","item":"https:\/\/www.adf.org.br\/home\/"},{"@type":"ListItem","position":2,"name":"Missa da Medalha Milagrosa &#8211; 27\/11. Inscreva agora seus pedidos de gra\u00e7as e seus agradecimentos. Ligue Gr\u00e1tis: 0800 607 7899"}]},{"@type":"Person","@id":"https:\/\/www.adf.org.br\/home\/#\/schema\/person\/03b50b7f0711bc818ead306331657cb5","name":"administrador","image":{"@type":"ImageObject","@id":"https:\/\/www.adf.org.br\/home\/#personlogo","inLanguage":"pt-BR","url":"https:\/\/secure.gravatar.com\/avatar\/2f4d3b4697b7c5df630d1489d9c80573?s=96&d=mm&r=g","contentUrl":"https:\/\/secure.gravatar.com\/avatar\/2f4d3b4697b7c5df630d1489d9c80573?s=96&d=mm&r=g","caption":"administrador"},"url":"https:\/\/www.adf.org.br\/home\/author\/administrador\/"}]}},"_links":{"self":[{"href":"https:\/\/www.adf.org.br\/home\/wp-json\/wp\/v2\/posts\/11572"}],"collection":[{"href":"https:\/\/www.adf.org.br\/home\/wp-json\/wp\/v2\/posts"}],"about":[{"href":"https:\/\/www.adf.org.br\/home\/wp-json\/wp\/v2\/types\/post"}],"author":[{"embeddable":true,"href":"https:\/\/www.adf.org.br\/home\/wp-json\/wp\/v2\/users\/9"}],"replies":[{"embeddable":true,"href":"https:\/\/www.adf.org.br\/home\/wp-json\/wp\/v2\/comments?post=11572"}],"version-history":[{"count":0,"href":"https:\/\/www.adf.org.br\/home\/wp-json\/wp\/v2\/posts\/11572\/revisions"}],"wp:attachment":[{"href":"https:\/\/www.adf.org.br\/home\/wp-json\/wp\/v2\/media?parent=11572"}],"wp:term":[{"taxonomy":"category","embeddable":true,"href":"https:\/\/www.adf.org.br\/home\/wp-json\/wp\/v2\/categories?post=11572"},{"taxonomy":"post_tag","embeddable":true,"href":"https:\/\/www.adf.org.br\/home\/wp-json\/wp\/v2\/tags?post=11572"}],"curies":[{"name":"wp","href":"https:\/\/api.w.org\/{rel}","templated":true}]}}